{"id":37386,"date":"2019-12-02T16:50:11","date_gmt":"2019-12-02T16:50:11","guid":{"rendered":"http:\/\/www.altominho.tv\/site\/?p=37386"},"modified":"2019-12-02T16:50:28","modified_gmt":"2019-12-02T16:50:28","slug":"trabalhadores-da-kyaia-contestam-corte-ilegal-de-salarios","status":"publish","type":"post","link":"https:\/\/www.altominho.tv\/site\/2019\/12\/02\/trabalhadores-da-kyaia-contestam-corte-ilegal-de-salarios\/","title":{"rendered":"Trabalhadores da Kyaia contestam \u201ccorte ilegal\u201d de sal\u00e1rios"},"content":{"rendered":"<p>Trabalhadores da Kyaia v\u00e3o concentrar-se, no s\u00e1bado, em Paredes de Coura, contra a &#8220;redu\u00e7\u00e3o abusiva e ilegal&#8221; nos sal\u00e1rios de novembro.<\/p>\n<p>Em comunicado, o\u00a0Sindicato Cal\u00e7ado do Minho e Tr\u00e1s-os-Montes explicou que aquela redu\u00e7\u00e3o no vencimento, j\u00e1 verificada no m\u00eas de outubro, resulta de &#8220;uma decis\u00e3o da administra\u00e7\u00e3o do grupo, \u00e0 revelia das normas do Contrato Coletivo de Trabalho e do C\u00f3digo de Trabalho, de impor aos trabalhadores um aumento di\u00e1rio do hor\u00e1rio de trabalho em 20 minutos, \u201catrav\u00e9s da imposi\u00e7\u00e3o unilateral de duas pausas di\u00e1rias de 10 minutos, uma de manh\u00e3, outra \u00e0 tarde, exclu\u00eddas do per\u00edodo normal de trabalho&#8221;.<\/p>\n<p>&#8220;A maioria dos trabalhadores recusou cumprir a decis\u00e3o ilegal da administra\u00e7\u00e3o e continua a praticar o hor\u00e1rio de trabalho anterior. O caminho n\u00e3o \u00e9 aumentar o hor\u00e1rio de trabalho semanal, \u00e9 a redu\u00e7\u00e3o progressiva para as 35 horas&#8221;, sustenta a estrutura sindical.<\/p>\n<p>Na nota, o sindicato refere que, &#8220;em breve&#8221;, ir\u00e1 avan\u00e7ar outros pormenores da organiza\u00e7\u00e3o do protesto agendado para o pr\u00f3ximo s\u00e1bado.<\/p>\n<p>O sindicato adianta ter desenvolvido &#8220;tentativas de di\u00e1logo e negocia\u00e7\u00e3o, direta e indireta, mediadas pela Dire\u00e7\u00e3o Geral do Emprego e das Rela\u00e7\u00f5es de Trabalho (DGERT)&#8221;, mas a &#8220;administra\u00e7\u00e3o manteve-se irredut\u00edvel numa posi\u00e7\u00e3o de prepot\u00eancia de manuten\u00e7\u00e3o da sua decis\u00e3o ilegal&#8221;.<\/p>\n<p>O Sindicato do Cal\u00e7ado do Minho e Tr\u00e1s-os-Montes revelou &#8220;ter solicitado a interven\u00e7\u00e3o da Autoridade para as Condi\u00e7\u00f5es de Trabalho (ACT)&#8221; e, &#8220;ao mesmo, apresentado uma provid\u00eancia cautelar com o objetivo de suspender a decis\u00e3o do Grupo&#8221;.<\/p>\n<p>O grupo Kyaia foi fundado em 1984 por Fortunato Frederico e Am\u00edlcar Monteiro e emprega cerca de 600 trabalhadores entre Guimar\u00e3es, distrito de Braga, e a unidade de fabrico de Paredes de Coura.<\/p>\n<p>Segundo informa\u00e7\u00f5es do grupo, o volume de neg\u00f3cios \u00e9 de 55 milh\u00f5es de euros, sendo que o modelo de neg\u00f3cio se estende, al\u00e9m da produ\u00e7\u00e3o de cal\u00e7ado, \u00e0s \u00e1reas da distribui\u00e7\u00e3o e do retalho, mas tamb\u00e9m ao ramo imobili\u00e1rio e das tecnologias de informa\u00e7\u00e3o.<\/p>\n<p>Em meados de novembro, o PCP e o Bloco de Esquerda criticaram a decis\u00e3o &#8220;prepotente e ilegal&#8221; do grupo Kyaia de &#8220;aumentar o hor\u00e1rio de trabalho di\u00e1rio em 20 minutos&#8221; e perguntaram ao Governo que medidas ir\u00e1 tomar para repor a legalidade.<\/p>\n<p>Em requerimentos dirigidos ao Minist\u00e9rio do Trabalho, Solidariedade e Seguran\u00e7a Social, aqueles dois partidos querem saber, desde logo, se a ACT j\u00e1 interveio.<\/p>\n<p>Os partidos referem que o grupo decidiu, numa &#8220;clara viola\u00e7\u00e3o&#8221; do contrato coletivo de trabalho e da lei laboral, &#8220;aumentar o hor\u00e1rio de trabalho di\u00e1rio em 20 minutos\u201d. Acrescentam que, face \u00e0 recusa da maioria dos trabalhadores em aceitar este &#8220;aumento&#8221; de hor\u00e1rio de trabalho e \u00e0 &#8220;indisponibilidade&#8221; da administra\u00e7\u00e3o em dialogar com o sindicato que os representa, a empresa, em outubro, descontou aos trabalhadores &#8220;ilegalmente&#8221; 20 minutos di\u00e1rios.<\/p>\n<p>Anteriormente, os trabalhadores da Kyaia de Guimar\u00e3es manifestaram-se no centro daquela cidade, acusando o grupo de &#8220;violar o contrato coletivo de trabalho&#8221; ao &#8220;exigir&#8221; que cumpram mais 20 minutos por dia &#8220;devido a pausas for\u00e7adas&#8221; durante a jornada.<\/p>\n\n\n<p><\/p>\n","protected":false},"excerpt":{"rendered":"<p>Trabalhadores da Kyaia v\u00e3o concentrar-se, no s\u00e1bado, em Paredes de Coura, contra a &#8220;redu\u00e7\u00e3o abusiva e ilegal&#8221; nos sal\u00e1rios de novembro. Em comunicado, o\u00a0Sindicato Cal\u00e7ado do Minho e Tr\u00e1s-os-Montes explicou que aquela redu\u00e7\u00e3o no vencimento, j\u00e1 verificada no m\u00eas de outubro, resulta de &#8220;uma decis\u00e3o da administra\u00e7\u00e3o do grupo, \u00e0 revelia das normas do Contrato [&hellip;]<\/p>\n","protected":false},"author":13,"featured_media":37387,"comment_status":"closed","ping_status":"closed","sticky":false,"template":"","format":"standard","meta":{"_exactmetrics_skip_tracking":false,"_exactmetrics_sitenote_active":false,"_exactmetrics_sitenote_note":"","_exactmetrics_sitenote_category":0,"footnotes":""},"categories":[10],"tags":[27],"class_list":["post-37386","post","type-post","status-publish","format-standard","has-post-thumbnail","hentry","category-paredes-de-coura","tag-sociedade"],"yoast_head":"<!-- This site is optimized with the Yoast SEO Premium plugin v27.5 (Yoast SEO v27.5) - https:\/\/yoast.com\/product\/yoast-seo-premium-wordpress\/ -->\n<title>Trabalhadores da Kyaia contestam \u201ccorte ilegal\u201d de sal\u00e1rios<\/title>\n<meta name=\"robots\" content=\"index, follow, max-snippet:-1, max-image-preview:large, max-video-preview:-1\" \/>\n<link rel=\"canonical\" href=\"https:\/\/www.altominho.tv\/site\/2019\/12\/02\/trabalhadores-da-kyaia-contestam-corte-ilegal-de-salarios\/\" \/>\n<meta property=\"og:locale\" content=\"pt_PT\" \/>\n<meta property=\"og:type\" content=\"article\" \/>\n<meta property=\"og:title\" content=\"Trabalhadores da Kyaia contestam \u201ccorte ilegal\u201d de sal\u00e1rios\" \/>\n<meta property=\"og:description\" content=\"Trabalhadores da Kyaia v\u00e3o concentrar-se, no s\u00e1bado, em Paredes de Coura, contra a &#8220;redu\u00e7\u00e3o abusiva e ilegal&#8221; nos sal\u00e1rios de novembro. Em comunicado, o\u00a0Sindicato Cal\u00e7ado do Minho e Tr\u00e1s-os-Montes explicou que aquela redu\u00e7\u00e3o no vencimento, j\u00e1 verificada no m\u00eas de outubro, resulta de &#8220;uma decis\u00e3o da administra\u00e7\u00e3o do grupo, \u00e0 revelia das normas do Contrato [&hellip;]\" \/>\n<meta property=\"og:url\" content=\"https:\/\/www.altominho.tv\/site\/2019\/12\/02\/trabalhadores-da-kyaia-contestam-corte-ilegal-de-salarios\/\" \/>\n<meta property=\"og:site_name\" content=\"Altominho.tv\" \/>\n<meta property=\"article:publisher\" content=\"https:\/\/www.facebook.com\/altominhotv\" \/>\n<meta property=\"article:published_time\" content=\"2019-12-02T16:50:11+00:00\" \/>\n<meta property=\"article:modified_time\" content=\"2019-12-02T16:50:28+00:00\" \/>\n<meta property=\"og:image\" content=\"https:\/\/www.altominho.tv\/site\/wp-content\/uploads\/2019\/12\/Kyaia.png\" \/>\n\t<meta property=\"og:image:width\" content=\"940\" \/>\n\t<meta property=\"og:image:height\" content=\"470\" \/>\n\t<meta property=\"og:image:type\" content=\"image\/png\" \/>\n<meta name=\"author\" content=\"Lusa\" \/>\n<meta name=\"twitter:card\" content=\"summary_large_image\" \/>\n<meta name=\"twitter:creator\" content=\"@altominhoTV\" \/>\n<meta name=\"twitter:site\" content=\"@altominhoTV\" \/>\n<meta name=\"twitter:label1\" content=\"Escrito por\" \/>\n\t<meta name=\"twitter:data1\" content=\"Lusa\" \/>\n\t<meta name=\"twitter:label2\" content=\"Tempo estimado de leitura\" \/>\n\t<meta name=\"twitter:data2\" content=\"3 minutos\" \/>\n<script type=\"application\/ld+json\" class=\"yoast-schema-graph\">{\"@context\":\"https:\\\/\\\/schema.org\",\"@graph\":[{\"@type\":\"Article\",\"@id\":\"https:\\\/\\\/www.altominho.tv\\\/site\\\/2019\\\/12\\\/02\\\/trabalhadores-da-kyaia-contestam-corte-ilegal-de-salarios\\\/#article\",\"isPartOf\":{\"@id\":\"https:\\\/\\\/www.altominho.tv\\\/site\\\/2019\\\/12\\\/02\\\/trabalhadores-da-kyaia-contestam-corte-ilegal-de-salarios\\\/\"},\"author\":{\"name\":\"Lusa\",\"@id\":\"https:\\\/\\\/www.altominho.tv\\\/site\\\/#\\\/schema\\\/person\\\/63f693da3e1899361cbe955c46f3232e\"},\"headline\":\"Trabalhadores da Kyaia contestam \u201ccorte ilegal\u201d de sal\u00e1rios\",\"datePublished\":\"2019-12-02T16:50:11+00:00\",\"dateModified\":\"2019-12-02T16:50:28+00:00\",\"mainEntityOfPage\":{\"@id\":\"https:\\\/\\\/www.altominho.tv\\\/site\\\/2019\\\/12\\\/02\\\/trabalhadores-da-kyaia-contestam-corte-ilegal-de-salarios\\\/\"},\"wordCount\":552,\"image\":{\"@id\":\"https:\\\/\\\/www.altominho.tv\\\/site\\\/2019\\\/12\\\/02\\\/trabalhadores-da-kyaia-contestam-corte-ilegal-de-salarios\\\/#primaryimage\"},\"thumbnailUrl\":\"https:\\\/\\\/www.altominho.tv\\\/site\\\/wp-content\\\/uploads\\\/2019\\\/12\\\/Kyaia.png\",\"keywords\":[\"Sociedade\"],\"articleSection\":[\"Paredes de Coura\"],\"inLanguage\":\"pt-PT\",\"copyrightYear\":\"2019\",\"copyrightHolder\":{\"@id\":\"https:\\\/\\\/www.altominho.tv\\\/site\\\/#organization\"}},{\"@type\":\"WebPage\",\"@id\":\"https:\\\/\\\/www.altominho.tv\\\/site\\\/2019\\\/12\\\/02\\\/trabalhadores-da-kyaia-contestam-corte-ilegal-de-salarios\\\/\",\"url\":\"https:\\\/\\\/www.altominho.tv\\\/site\\\/2019\\\/12\\\/02\\\/trabalhadores-da-kyaia-contestam-corte-ilegal-de-salarios\\\/\",\"name\":\"Trabalhadores da Kyaia contestam \u201ccorte ilegal\u201d de sal\u00e1rios\",\"isPartOf\":{\"@id\":\"https:\\\/\\\/www.altominho.tv\\\/site\\\/#website\"},\"primaryImageOfPage\":{\"@id\":\"https:\\\/\\\/www.altominho.tv\\\/site\\\/2019\\\/12\\\/02\\\/trabalhadores-da-kyaia-contestam-corte-ilegal-de-salarios\\\/#primaryimage\"},\"image\":{\"@id\":\"https:\\\/\\\/www.altominho.tv\\\/site\\\/2019\\\/12\\\/02\\\/trabalhadores-da-kyaia-contestam-corte-ilegal-de-salarios\\\/#primaryimage\"},\"thumbnailUrl\":\"https:\\\/\\\/www.altominho.tv\\\/site\\\/wp-content\\\/uploads\\\/2019\\\/12\\\/Kyaia.png\",\"datePublished\":\"2019-12-02T16:50:11+00:00\",\"dateModified\":\"2019-12-02T16:50:28+00:00\",\"author\":{\"@id\":\"https:\\\/\\\/www.altominho.tv\\\/site\\\/#\\\/schema\\\/person\\\/63f693da3e1899361cbe955c46f3232e\"},\"breadcrumb\":{\"@id\":\"https:\\\/\\\/www.altominho.tv\\\/site\\\/2019\\\/12\\\/02\\\/trabalhadores-da-kyaia-contestam-corte-ilegal-de-salarios\\\/#breadcrumb\"},\"inLanguage\":\"pt-PT\",\"potentialAction\":[{\"@type\":\"ReadAction\",\"target\":[\"https:\\\/\\\/www.altominho.tv\\\/site\\\/2019\\\/12\\\/02\\\/trabalhadores-da-kyaia-contestam-corte-ilegal-de-salarios\\\/\"]}]},{\"@type\":\"ImageObject\",\"inLanguage\":\"pt-PT\",\"@id\":\"https:\\\/\\\/www.altominho.tv\\\/site\\\/2019\\\/12\\\/02\\\/trabalhadores-da-kyaia-contestam-corte-ilegal-de-salarios\\\/#primaryimage\",\"url\":\"https:\\\/\\\/www.altominho.tv\\\/site\\\/wp-content\\\/uploads\\\/2019\\\/12\\\/Kyaia.png\",\"contentUrl\":\"https:\\\/\\\/www.altominho.tv\\\/site\\\/wp-content\\\/uploads\\\/2019\\\/12\\\/Kyaia.png\",\"width\":940,\"height\":470},{\"@type\":\"BreadcrumbList\",\"@id\":\"https:\\\/\\\/www.altominho.tv\\\/site\\\/2019\\\/12\\\/02\\\/trabalhadores-da-kyaia-contestam-corte-ilegal-de-salarios\\\/#breadcrumb\",\"itemListElement\":[{\"@type\":\"ListItem\",\"position\":1,\"name\":\"In\u00edcio\",\"item\":\"https:\\\/\\\/www.altominho.tv\\\/site\\\/\"},{\"@type\":\"ListItem\",\"position\":2,\"name\":\"Trabalhadores da Kyaia contestam \u201ccorte ilegal\u201d de sal\u00e1rios\"}]},{\"@type\":\"WebSite\",\"@id\":\"https:\\\/\\\/www.altominho.tv\\\/site\\\/#website\",\"url\":\"https:\\\/\\\/www.altominho.tv\\\/site\\\/\",\"name\":\"Altominho.tv\",\"description\":\"A sua regi\u00e3o \u00e0 dist\u00e2ncia de um clique...\",\"potentialAction\":[{\"@type\":\"SearchAction\",\"target\":{\"@type\":\"EntryPoint\",\"urlTemplate\":\"https:\\\/\\\/www.altominho.tv\\\/site\\\/?s={search_term_string}\"},\"query-input\":{\"@type\":\"PropertyValueSpecification\",\"valueRequired\":true,\"valueName\":\"search_term_string\"}}],\"inLanguage\":\"pt-PT\"},{\"@type\":\"Person\",\"@id\":\"https:\\\/\\\/www.altominho.tv\\\/site\\\/#\\\/schema\\\/person\\\/63f693da3e1899361cbe955c46f3232e\",\"name\":\"Lusa\",\"image\":{\"@type\":\"ImageObject\",\"inLanguage\":\"pt-PT\",\"@id\":\"https:\\\/\\\/www.altominho.tv\\\/site\\\/wp-content\\\/uploads\\\/2019\\\/08\\\/LUSA_Logo.gif\",\"url\":\"https:\\\/\\\/www.altominho.tv\\\/site\\\/wp-content\\\/uploads\\\/2019\\\/08\\\/LUSA_Logo.gif\",\"contentUrl\":\"https:\\\/\\\/www.altominho.tv\\\/site\\\/wp-content\\\/uploads\\\/2019\\\/08\\\/LUSA_Logo.gif\",\"caption\":\"Lusa\"},\"sameAs\":[\"http:\\\/\\\/\\\/\\\/www.altominho.tv\\\/site\"],\"url\":\"https:\\\/\\\/www.altominho.tv\\\/site\\\/author\\\/lusa\\\/\"}]}<\/script>\n<!-- \/ Yoast SEO Premium plugin. -->","yoast_head_json":{"title":"Trabalhadores da Kyaia contestam \u201ccorte ilegal\u201d de sal\u00e1rios","robots":{"index":"index","follow":"follow","max-snippet":"max-snippet:-1","max-image-preview":"max-image-preview:large","max-video-preview":"max-video-preview:-1"},"canonical":"https:\/\/www.altominho.tv\/site\/2019\/12\/02\/trabalhadores-da-kyaia-contestam-corte-ilegal-de-salarios\/","og_locale":"pt_PT","og_type":"article","og_title":"Trabalhadores da Kyaia contestam \u201ccorte ilegal\u201d de sal\u00e1rios","og_description":"Trabalhadores da Kyaia v\u00e3o concentrar-se, no s\u00e1bado, em Paredes de Coura, contra a &#8220;redu\u00e7\u00e3o abusiva e ilegal&#8221; nos sal\u00e1rios de novembro. Em comunicado, o\u00a0Sindicato Cal\u00e7ado do Minho e Tr\u00e1s-os-Montes explicou que aquela redu\u00e7\u00e3o no vencimento, j\u00e1 verificada no m\u00eas de outubro, resulta de &#8220;uma decis\u00e3o da administra\u00e7\u00e3o do grupo, \u00e0 revelia das normas do Contrato [&hellip;]","og_url":"https:\/\/www.altominho.tv\/site\/2019\/12\/02\/trabalhadores-da-kyaia-contestam-corte-ilegal-de-salarios\/","og_site_name":"Altominho.tv","article_publisher":"https:\/\/www.facebook.com\/altominhotv","article_published_time":"2019-12-02T16:50:11+00:00","article_modified_time":"2019-12-02T16:50:28+00:00","og_image":[{"width":940,"height":470,"url":"https:\/\/www.altominho.tv\/site\/wp-content\/uploads\/2019\/12\/Kyaia.png","type":"image\/png"}],"author":"Lusa","twitter_card":"summary_large_image","twitter_creator":"@altominhoTV","twitter_site":"@altominhoTV","twitter_misc":{"Escrito por":"Lusa","Tempo estimado de leitura":"3 minutos"},"schema":{"@context":"https:\/\/schema.org","@graph":[{"@type":"Article","@id":"https:\/\/www.altominho.tv\/site\/2019\/12\/02\/trabalhadores-da-kyaia-contestam-corte-ilegal-de-salarios\/#article","isPartOf":{"@id":"https:\/\/www.altominho.tv\/site\/2019\/12\/02\/trabalhadores-da-kyaia-contestam-corte-ilegal-de-salarios\/"},"author":{"name":"Lusa","@id":"https:\/\/www.altominho.tv\/site\/#\/schema\/person\/63f693da3e1899361cbe955c46f3232e"},"headline":"Trabalhadores da Kyaia contestam \u201ccorte ilegal\u201d de sal\u00e1rios","datePublished":"2019-12-02T16:50:11+00:00","dateModified":"2019-12-02T16:50:28+00:00","mainEntityOfPage":{"@id":"https:\/\/www.altominho.tv\/site\/2019\/12\/02\/trabalhadores-da-kyaia-contestam-corte-ilegal-de-salarios\/"},"wordCount":552,"image":{"@id":"https:\/\/www.altominho.tv\/site\/2019\/12\/02\/trabalhadores-da-kyaia-contestam-corte-ilegal-de-salarios\/#primaryimage"},"thumbnailUrl":"https:\/\/www.altominho.tv\/site\/wp-content\/uploads\/2019\/12\/Kyaia.png","keywords":["Sociedade"],"articleSection":["Paredes de Coura"],"inLanguage":"pt-PT","copyrightYear":"2019","copyrightHolder":{"@id":"https:\/\/www.altominho.tv\/site\/#organization"}},{"@type":"WebPage","@id":"https:\/\/www.altominho.tv\/site\/2019\/12\/02\/trabalhadores-da-kyaia-contestam-corte-ilegal-de-salarios\/","url":"https:\/\/www.altominho.tv\/site\/2019\/12\/02\/trabalhadores-da-kyaia-contestam-corte-ilegal-de-salarios\/","name":"Trabalhadores da Kyaia contestam \u201ccorte ilegal\u201d de sal\u00e1rios","isPartOf":{"@id":"https:\/\/www.altominho.tv\/site\/#website"},"primaryImageOfPage":{"@id":"https:\/\/www.altominho.tv\/site\/2019\/12\/02\/trabalhadores-da-kyaia-contestam-corte-ilegal-de-salarios\/#primaryimage"},"image":{"@id":"https:\/\/www.altominho.tv\/site\/2019\/12\/02\/trabalhadores-da-kyaia-contestam-corte-ilegal-de-salarios\/#primaryimage"},"thumbnailUrl":"https:\/\/www.altominho.tv\/site\/wp-content\/uploads\/2019\/12\/Kyaia.png","datePublished":"2019-12-02T16:50:11+00:00","dateModified":"2019-12-02T16:50:28+00:00","author":{"@id":"https:\/\/www.altominho.tv\/site\/#\/schema\/person\/63f693da3e1899361cbe955c46f3232e"},"breadcrumb":{"@id":"https:\/\/www.altominho.tv\/site\/2019\/12\/02\/trabalhadores-da-kyaia-contestam-corte-ilegal-de-salarios\/#breadcrumb"},"inLanguage":"pt-PT","potentialAction":[{"@type":"ReadAction","target":["https:\/\/www.altominho.tv\/site\/2019\/12\/02\/trabalhadores-da-kyaia-contestam-corte-ilegal-de-salarios\/"]}]},{"@type":"ImageObject","inLanguage":"pt-PT","@id":"https:\/\/www.altominho.tv\/site\/2019\/12\/02\/trabalhadores-da-kyaia-contestam-corte-ilegal-de-salarios\/#primaryimage","url":"https:\/\/www.altominho.tv\/site\/wp-content\/uploads\/2019\/12\/Kyaia.png","contentUrl":"https:\/\/www.altominho.tv\/site\/wp-content\/uploads\/2019\/12\/Kyaia.png","width":940,"height":470},{"@type":"BreadcrumbList","@id":"https:\/\/www.altominho.tv\/site\/2019\/12\/02\/trabalhadores-da-kyaia-contestam-corte-ilegal-de-salarios\/#breadcrumb","itemListElement":[{"@type":"ListItem","position":1,"name":"In\u00edcio","item":"https:\/\/www.altominho.tv\/site\/"},{"@type":"ListItem","position":2,"name":"Trabalhadores da Kyaia contestam \u201ccorte ilegal\u201d de sal\u00e1rios"}]},{"@type":"WebSite","@id":"https:\/\/www.altominho.tv\/site\/#website","url":"https:\/\/www.altominho.tv\/site\/","name":"Altominho.tv","description":"A sua regi\u00e3o \u00e0 dist\u00e2ncia de um clique...","potentialAction":[{"@type":"SearchAction","target":{"@type":"EntryPoint","urlTemplate":"https:\/\/www.altominho.tv\/site\/?s={search_term_string}"},"query-input":{"@type":"PropertyValueSpecification","valueRequired":true,"valueName":"search_term_string"}}],"inLanguage":"pt-PT"},{"@type":"Person","@id":"https:\/\/www.altominho.tv\/site\/#\/schema\/person\/63f693da3e1899361cbe955c46f3232e","name":"Lusa","image":{"@type":"ImageObject","inLanguage":"pt-PT","@id":"https:\/\/www.altominho.tv\/site\/wp-content\/uploads\/2019\/08\/LUSA_Logo.gif","url":"https:\/\/www.altominho.tv\/site\/wp-content\/uploads\/2019\/08\/LUSA_Logo.gif","contentUrl":"https:\/\/www.altominho.tv\/site\/wp-content\/uploads\/2019\/08\/LUSA_Logo.gif","caption":"Lusa"},"sameAs":["http:\/\/\/\/www.altominho.tv\/site"],"url":"https:\/\/www.altominho.tv\/site\/author\/lusa\/"}]}},"_links":{"self":[{"href":"https:\/\/www.altominho.tv\/site\/wp-json\/wp\/v2\/posts\/37386","targetHints":{"allow":["GET"]}}],"collection":[{"href":"https:\/\/www.altominho.tv\/site\/wp-json\/wp\/v2\/posts"}],"about":[{"href":"https:\/\/www.altominho.tv\/site\/wp-json\/wp\/v2\/types\/post"}],"author":[{"embeddable":true,"href":"https:\/\/www.altominho.tv\/site\/wp-json\/wp\/v2\/users\/13"}],"replies":[{"embeddable":true,"href":"https:\/\/www.altominho.tv\/site\/wp-json\/wp\/v2\/comments?post=37386"}],"version-history":[{"count":0,"href":"https:\/\/www.altominho.tv\/site\/wp-json\/wp\/v2\/posts\/37386\/revisions"}],"wp:featuredmedia":[{"embeddable":true,"href":"https:\/\/www.altominho.tv\/site\/wp-json\/wp\/v2\/media\/37387"}],"wp:attachment":[{"href":"https:\/\/www.altominho.tv\/site\/wp-json\/wp\/v2\/media?parent=37386"}],"wp:term":[{"taxonomy":"category","embeddable":true,"href":"https:\/\/www.altominho.tv\/site\/wp-json\/wp\/v2\/categories?post=37386"},{"taxonomy":"post_tag","embeddable":true,"href":"https:\/\/www.altominho.tv\/site\/wp-json\/wp\/v2\/tags?post=37386"}],"curies":[{"name":"wp","href":"https:\/\/api.w.org\/{rel}","templated":true}]}}