{"id":37321,"date":"2019-11-29T15:32:07","date_gmt":"2019-11-29T15:32:07","guid":{"rendered":"http:\/\/www.altominho.tv\/site\/?p=37321"},"modified":"2019-11-29T15:32:30","modified_gmt":"2019-11-29T15:32:30","slug":"praca-natal-e-inaugurada-este-sabado-em-viana-do-castelo","status":"publish","type":"post","link":"https:\/\/www.altominho.tv\/site\/2019\/11\/29\/praca-natal-e-inaugurada-este-sabado-em-viana-do-castelo\/","title":{"rendered":"Pra\u00e7a Natal \u00e9 inaugurada este s\u00e1bado em Viana do Castelo"},"content":{"rendered":"<p>A Pra\u00e7a Natal instalada na Pra\u00e7a da Rep\u00fablica, em Viana do Castelo, vai ser inaugurada este s\u00e1bado, pelas 18h00.<\/p>\n<p>A Casa do Pai Natal, um carrossel franc\u00eas e um pres\u00e9pio tradicional com ornamenta\u00e7\u00e3o variada s\u00e3o algumas das atividades que v\u00e3o decorrer naquela pra\u00e7a no centro hist\u00f3rico da cidade.<\/p>\n<p>O objetivo da <a href=\"http:\/\/www.altominho.tv\/site\/2019\/11\/15\/ex-libris-da-cidade-transformado-em-praca-natal\/\">iniciativa<\/a>, promovida pela C\u00e2mara Municipal e pela Associa\u00e7\u00e3o Empresarial de Viana do Castelo, \u00e9 &#8220;animar e dinamizar a \u00e9poca festiva&#8221;, bem como &#8220;cativar as fam\u00edlias&#8221;, assumindo a Pra\u00e7a da Rep\u00fablica como espa\u00e7o principal de anima\u00e7\u00e3o natal\u00edcia.<\/p>\n<p>A <a href=\"http:\/\/www.altominho.tv\/site\/2019\/11\/14\/viana-investe-mais-de-122-mil-euros-em-iluminacao-de-natal\/\">ilumina\u00e7\u00e3o<\/a> e ornamenta\u00e7\u00e3o de Natal tamb\u00e9m ser\u00e3o inauguradas este s\u00e1bado e permanecem at\u00e9 6 de janeiro.<\/p>\n","protected":false},"excerpt":{"rendered":"<p>A Pra\u00e7a Natal instalada na Pra\u00e7a da Rep\u00fablica, em Viana do Castelo, vai ser inaugurada este s\u00e1bado, pelas 18h00. A Casa do Pai Natal, um carrossel franc\u00eas e um pres\u00e9pio tradicional com ornamenta\u00e7\u00e3o variada s\u00e3o algumas das atividades que v\u00e3o decorrer naquela pra\u00e7a no centro hist\u00f3rico da cidade. O objetivo da iniciativa, promovida pela C\u00e2mara [&hellip;]<\/p>\n","protected":false},"author":12,"featured_media":37324,"comment_status":"closed","ping_status":"closed","sticky":false,"template":"","format":"standard","meta":{"_exactmetrics_skip_tracking":false,"_exactmetrics_sitenote_active":false,"_exactmetrics_sitenote_note":"","_exactmetrics_sitenote_category":0,"footnotes":""},"categories":[14],"tags":[24],"class_list":["post-37321","post","type-post","status-publish","format-standard","has-post-thumbnail","hentry","category-viana-do-castelo","tag-lazer"],"yoast_head":"<!-- This site is optimized with the Yoast SEO Premium plugin v27.5 (Yoast SEO v27.5) - https:\/\/yoast.com\/product\/yoast-seo-premium-wordpress\/ -->\n<title>Pra\u00e7a Natal \u00e9 inaugurada este s\u00e1bado em Viana do Castelo<\/title>\n<meta name=\"robots\" content=\"index, follow, max-snippet:-1, max-image-preview:large, max-video-preview:-1\" \/>\n<link rel=\"canonical\" href=\"https:\/\/www.altominho.tv\/site\/2019\/11\/29\/praca-natal-e-inaugurada-este-sabado-em-viana-do-castelo\/\" \/>\n<meta property=\"og:locale\" content=\"pt_PT\" \/>\n<meta property=\"og:type\" content=\"article\" \/>\n<meta property=\"og:title\" content=\"Pra\u00e7a Natal \u00e9 inaugurada este s\u00e1bado em Viana do Castelo\" \/>\n<meta property=\"og:description\" content=\"A Pra\u00e7a Natal instalada na Pra\u00e7a da Rep\u00fablica, em Viana do Castelo, vai ser inaugurada este s\u00e1bado, pelas 18h00. A Casa do Pai Natal, um carrossel franc\u00eas e um pres\u00e9pio tradicional com ornamenta\u00e7\u00e3o variada s\u00e3o algumas das atividades que v\u00e3o decorrer naquela pra\u00e7a no centro hist\u00f3rico da cidade. O objetivo da iniciativa, promovida pela C\u00e2mara [&hellip;]\" \/>\n<meta property=\"og:url\" content=\"https:\/\/www.altominho.tv\/site\/2019\/11\/29\/praca-natal-e-inaugurada-este-sabado-em-viana-do-castelo\/\" \/>\n<meta property=\"og:site_name\" content=\"Altominho.tv\" \/>\n<meta property=\"article:publisher\" content=\"https:\/\/www.facebook.com\/altominhotv\" \/>\n<meta property=\"article:published_time\" content=\"2019-11-29T15:32:07+00:00\" \/>\n<meta property=\"article:modified_time\" content=\"2019-11-29T15:32:30+00:00\" \/>\n<meta property=\"og:image\" content=\"https:\/\/www.altominho.tv\/site\/wp-content\/uploads\/2019\/11\/Pra\u00e7a-Natal.jpg\" \/>\n\t<meta property=\"og:image:width\" content=\"1024\" \/>\n\t<meta property=\"og:image:height\" content=\"768\" \/>\n\t<meta property=\"og:image:type\" content=\"image\/jpeg\" \/>\n<meta name=\"author\" content=\"Andreia Ferreira\" \/>\n<meta name=\"twitter:card\" content=\"summary_large_image\" \/>\n<meta name=\"twitter:creator\" content=\"@altominhoTV\" \/>\n<meta name=\"twitter:site\" content=\"@altominhoTV\" \/>\n<meta name=\"twitter:label1\" content=\"Escrito por\" \/>\n\t<meta name=\"twitter:data1\" content=\"Andreia Ferreira\" \/>\n\t<meta name=\"twitter:label2\" content=\"Tempo estimado de leitura\" \/>\n\t<meta name=\"twitter:data2\" content=\"1 minuto\" \/>\n<script type=\"application\/ld+json\" class=\"yoast-schema-graph\">{\"@context\":\"https:\\\/\\\/schema.org\",\"@graph\":[{\"@type\":\"Article\",\"@id\":\"https:\\\/\\\/www.altominho.tv\\\/site\\\/2019\\\/11\\\/29\\\/praca-natal-e-inaugurada-este-sabado-em-viana-do-castelo\\\/#article\",\"isPartOf\":{\"@id\":\"https:\\\/\\\/www.altominho.tv\\\/site\\\/2019\\\/11\\\/29\\\/praca-natal-e-inaugurada-este-sabado-em-viana-do-castelo\\\/\"},\"author\":{\"name\":\"Andreia Ferreira\",\"@id\":\"https:\\\/\\\/www.altominho.tv\\\/site\\\/#\\\/schema\\\/person\\\/d9be4265364723f14ea8e0d56a1d38cd\"},\"headline\":\"Pra\u00e7a Natal \u00e9 inaugurada este s\u00e1bado em Viana do Castelo\",\"datePublished\":\"2019-11-29T15:32:07+00:00\",\"dateModified\":\"2019-11-29T15:32:30+00:00\",\"mainEntityOfPage\":{\"@id\":\"https:\\\/\\\/www.altominho.tv\\\/site\\\/2019\\\/11\\\/29\\\/praca-natal-e-inaugurada-este-sabado-em-viana-do-castelo\\\/\"},\"wordCount\":137,\"image\":{\"@id\":\"https:\\\/\\\/www.altominho.tv\\\/site\\\/2019\\\/11\\\/29\\\/praca-natal-e-inaugurada-este-sabado-em-viana-do-castelo\\\/#primaryimage\"},\"thumbnailUrl\":\"https:\\\/\\\/www.altominho.tv\\\/site\\\/wp-content\\\/uploads\\\/2019\\\/11\\\/Pra\u00e7a-Natal.jpg\",\"keywords\":[\"Lazer\"],\"articleSection\":[\"Viana do Castelo\"],\"inLanguage\":\"pt-PT\",\"copyrightYear\":\"2019\",\"copyrightHolder\":{\"@id\":\"https:\\\/\\\/www.altominho.tv\\\/site\\\/#organization\"}},{\"@type\":\"WebPage\",\"@id\":\"https:\\\/\\\/www.altominho.tv\\\/site\\\/2019\\\/11\\\/29\\\/praca-natal-e-inaugurada-este-sabado-em-viana-do-castelo\\\/\",\"url\":\"https:\\\/\\\/www.altominho.tv\\\/site\\\/2019\\\/11\\\/29\\\/praca-natal-e-inaugurada-este-sabado-em-viana-do-castelo\\\/\",\"name\":\"Pra\u00e7a Natal \u00e9 inaugurada este s\u00e1bado em Viana do Castelo\",\"isPartOf\":{\"@id\":\"https:\\\/\\\/www.altominho.tv\\\/site\\\/#website\"},\"primaryImageOfPage\":{\"@id\":\"https:\\\/\\\/www.altominho.tv\\\/site\\\/2019\\\/11\\\/29\\\/praca-natal-e-inaugurada-este-sabado-em-viana-do-castelo\\\/#primaryimage\"},\"image\":{\"@id\":\"https:\\\/\\\/www.altominho.tv\\\/site\\\/2019\\\/11\\\/29\\\/praca-natal-e-inaugurada-este-sabado-em-viana-do-castelo\\\/#primaryimage\"},\"thumbnailUrl\":\"https:\\\/\\\/www.altominho.tv\\\/site\\\/wp-content\\\/uploads\\\/2019\\\/11\\\/Pra\u00e7a-Natal.jpg\",\"datePublished\":\"2019-11-29T15:32:07+00:00\",\"dateModified\":\"2019-11-29T15:32:30+00:00\",\"author\":{\"@id\":\"https:\\\/\\\/www.altominho.tv\\\/site\\\/#\\\/schema\\\/person\\\/d9be4265364723f14ea8e0d56a1d38cd\"},\"breadcrumb\":{\"@id\":\"https:\\\/\\\/www.altominho.tv\\\/site\\\/2019\\\/11\\\/29\\\/praca-natal-e-inaugurada-este-sabado-em-viana-do-castelo\\\/#breadcrumb\"},\"inLanguage\":\"pt-PT\",\"potentialAction\":[{\"@type\":\"ReadAction\",\"target\":[\"https:\\\/\\\/www.altominho.tv\\\/site\\\/2019\\\/11\\\/29\\\/praca-natal-e-inaugurada-este-sabado-em-viana-do-castelo\\\/\"]}]},{\"@type\":\"ImageObject\",\"inLanguage\":\"pt-PT\",\"@id\":\"https:\\\/\\\/www.altominho.tv\\\/site\\\/2019\\\/11\\\/29\\\/praca-natal-e-inaugurada-este-sabado-em-viana-do-castelo\\\/#primaryimage\",\"url\":\"https:\\\/\\\/www.altominho.tv\\\/site\\\/wp-content\\\/uploads\\\/2019\\\/11\\\/Pra\u00e7a-Natal.jpg\",\"contentUrl\":\"https:\\\/\\\/www.altominho.tv\\\/site\\\/wp-content\\\/uploads\\\/2019\\\/11\\\/Pra\u00e7a-Natal.jpg\",\"width\":1024,\"height\":768},{\"@type\":\"BreadcrumbList\",\"@id\":\"https:\\\/\\\/www.altominho.tv\\\/site\\\/2019\\\/11\\\/29\\\/praca-natal-e-inaugurada-este-sabado-em-viana-do-castelo\\\/#breadcrumb\",\"itemListElement\":[{\"@type\":\"ListItem\",\"position\":1,\"name\":\"In\u00edcio\",\"item\":\"https:\\\/\\\/www.altominho.tv\\\/site\\\/\"},{\"@type\":\"ListItem\",\"position\":2,\"name\":\"Pra\u00e7a Natal \u00e9 inaugurada este s\u00e1bado em Viana do Castelo\"}]},{\"@type\":\"WebSite\",\"@id\":\"https:\\\/\\\/www.altominho.tv\\\/site\\\/#website\",\"url\":\"https:\\\/\\\/www.altominho.tv\\\/site\\\/\",\"name\":\"Altominho.tv\",\"description\":\"A sua regi\u00e3o \u00e0 dist\u00e2ncia de um clique...\",\"potentialAction\":[{\"@type\":\"SearchAction\",\"target\":{\"@type\":\"EntryPoint\",\"urlTemplate\":\"https:\\\/\\\/www.altominho.tv\\\/site\\\/?s={search_term_string}\"},\"query-input\":{\"@type\":\"PropertyValueSpecification\",\"valueRequired\":true,\"valueName\":\"search_term_string\"}}],\"inLanguage\":\"pt-PT\"},{\"@type\":\"Person\",\"@id\":\"https:\\\/\\\/www.altominho.tv\\\/site\\\/#\\\/schema\\\/person\\\/d9be4265364723f14ea8e0d56a1d38cd\",\"name\":\"Andreia Ferreira\",\"image\":{\"@type\":\"ImageObject\",\"inLanguage\":\"pt-PT\",\"@id\":\"https:\\\/\\\/www.altominho.tv\\\/site\\\/wp-content\\\/uploads\\\/2021\\\/01\\\/AndreiaFerreira-150x150.jpg\",\"url\":\"https:\\\/\\\/www.altominho.tv\\\/site\\\/wp-content\\\/uploads\\\/2021\\\/01\\\/AndreiaFerreira-150x150.jpg\",\"contentUrl\":\"https:\\\/\\\/www.altominho.tv\\\/site\\\/wp-content\\\/uploads\\\/2021\\\/01\\\/AndreiaFerreira-150x150.jpg\",\"caption\":\"Andreia Ferreira\"},\"url\":\"https:\\\/\\\/www.altominho.tv\\\/site\\\/author\\\/andreiaferreira\\\/\"}]}<\/script>\n<!-- \/ Yoast SEO Premium plugin. -->","yoast_head_json":{"title":"Pra\u00e7a Natal \u00e9 inaugurada este s\u00e1bado em Viana do Castelo","robots":{"index":"index","follow":"follow","max-snippet":"max-snippet:-1","max-image-preview":"max-image-preview:large","max-video-preview":"max-video-preview:-1"},"canonical":"https:\/\/www.altominho.tv\/site\/2019\/11\/29\/praca-natal-e-inaugurada-este-sabado-em-viana-do-castelo\/","og_locale":"pt_PT","og_type":"article","og_title":"Pra\u00e7a Natal \u00e9 inaugurada este s\u00e1bado em Viana do Castelo","og_description":"A Pra\u00e7a Natal instalada na Pra\u00e7a da Rep\u00fablica, em Viana do Castelo, vai ser inaugurada este s\u00e1bado, pelas 18h00. A Casa do Pai Natal, um carrossel franc\u00eas e um pres\u00e9pio tradicional com ornamenta\u00e7\u00e3o variada s\u00e3o algumas das atividades que v\u00e3o decorrer naquela pra\u00e7a no centro hist\u00f3rico da cidade. O objetivo da iniciativa, promovida pela C\u00e2mara [&hellip;]","og_url":"https:\/\/www.altominho.tv\/site\/2019\/11\/29\/praca-natal-e-inaugurada-este-sabado-em-viana-do-castelo\/","og_site_name":"Altominho.tv","article_publisher":"https:\/\/www.facebook.com\/altominhotv","article_published_time":"2019-11-29T15:32:07+00:00","article_modified_time":"2019-11-29T15:32:30+00:00","og_image":[{"width":1024,"height":768,"url":"https:\/\/www.altominho.tv\/site\/wp-content\/uploads\/2019\/11\/Pra\u00e7a-Natal.jpg","type":"image\/jpeg"}],"author":"Andreia Ferreira","twitter_card":"summary_large_image","twitter_creator":"@altominhoTV","twitter_site":"@altominhoTV","twitter_misc":{"Escrito por":"Andreia Ferreira","Tempo estimado de leitura":"1 minuto"},"schema":{"@context":"https:\/\/schema.org","@graph":[{"@type":"Article","@id":"https:\/\/www.altominho.tv\/site\/2019\/11\/29\/praca-natal-e-inaugurada-este-sabado-em-viana-do-castelo\/#article","isPartOf":{"@id":"https:\/\/www.altominho.tv\/site\/2019\/11\/29\/praca-natal-e-inaugurada-este-sabado-em-viana-do-castelo\/"},"author":{"name":"Andreia Ferreira","@id":"https:\/\/www.altominho.tv\/site\/#\/schema\/person\/d9be4265364723f14ea8e0d56a1d38cd"},"headline":"Pra\u00e7a Natal \u00e9 inaugurada este s\u00e1bado em Viana do Castelo","datePublished":"2019-11-29T15:32:07+00:00","dateModified":"2019-11-29T15:32:30+00:00","mainEntityOfPage":{"@id":"https:\/\/www.altominho.tv\/site\/2019\/11\/29\/praca-natal-e-inaugurada-este-sabado-em-viana-do-castelo\/"},"wordCount":137,"image":{"@id":"https:\/\/www.altominho.tv\/site\/2019\/11\/29\/praca-natal-e-inaugurada-este-sabado-em-viana-do-castelo\/#primaryimage"},"thumbnailUrl":"https:\/\/www.altominho.tv\/site\/wp-content\/uploads\/2019\/11\/Pra\u00e7a-Natal.jpg","keywords":["Lazer"],"articleSection":["Viana do Castelo"],"inLanguage":"pt-PT","copyrightYear":"2019","copyrightHolder":{"@id":"https:\/\/www.altominho.tv\/site\/#organization"}},{"@type":"WebPage","@id":"https:\/\/www.altominho.tv\/site\/2019\/11\/29\/praca-natal-e-inaugurada-este-sabado-em-viana-do-castelo\/","url":"https:\/\/www.altominho.tv\/site\/2019\/11\/29\/praca-natal-e-inaugurada-este-sabado-em-viana-do-castelo\/","name":"Pra\u00e7a Natal \u00e9 inaugurada este s\u00e1bado em Viana do Castelo","isPartOf":{"@id":"https:\/\/www.altominho.tv\/site\/#website"},"primaryImageOfPage":{"@id":"https:\/\/www.altominho.tv\/site\/2019\/11\/29\/praca-natal-e-inaugurada-este-sabado-em-viana-do-castelo\/#primaryimage"},"image":{"@id":"https:\/\/www.altominho.tv\/site\/2019\/11\/29\/praca-natal-e-inaugurada-este-sabado-em-viana-do-castelo\/#primaryimage"},"thumbnailUrl":"https:\/\/www.altominho.tv\/site\/wp-content\/uploads\/2019\/11\/Pra\u00e7a-Natal.jpg","datePublished":"2019-11-29T15:32:07+00:00","dateModified":"2019-11-29T15:32:30+00:00","author":{"@id":"https:\/\/www.altominho.tv\/site\/#\/schema\/person\/d9be4265364723f14ea8e0d56a1d38cd"},"breadcrumb":{"@id":"https:\/\/www.altominho.tv\/site\/2019\/11\/29\/praca-natal-e-inaugurada-este-sabado-em-viana-do-castelo\/#breadcrumb"},"inLanguage":"pt-PT","potentialAction":[{"@type":"ReadAction","target":["https:\/\/www.altominho.tv\/site\/2019\/11\/29\/praca-natal-e-inaugurada-este-sabado-em-viana-do-castelo\/"]}]},{"@type":"ImageObject","inLanguage":"pt-PT","@id":"https:\/\/www.altominho.tv\/site\/2019\/11\/29\/praca-natal-e-inaugurada-este-sabado-em-viana-do-castelo\/#primaryimage","url":"https:\/\/www.altominho.tv\/site\/wp-content\/uploads\/2019\/11\/Pra\u00e7a-Natal.jpg","contentUrl":"https:\/\/www.altominho.tv\/site\/wp-content\/uploads\/2019\/11\/Pra\u00e7a-Natal.jpg","width":1024,"height":768},{"@type":"BreadcrumbList","@id":"https:\/\/www.altominho.tv\/site\/2019\/11\/29\/praca-natal-e-inaugurada-este-sabado-em-viana-do-castelo\/#breadcrumb","itemListElement":[{"@type":"ListItem","position":1,"name":"In\u00edcio","item":"https:\/\/www.altominho.tv\/site\/"},{"@type":"ListItem","position":2,"name":"Pra\u00e7a Natal \u00e9 inaugurada este s\u00e1bado em Viana do Castelo"}]},{"@type":"WebSite","@id":"https:\/\/www.altominho.tv\/site\/#website","url":"https:\/\/www.altominho.tv\/site\/","name":"Altominho.tv","description":"A sua regi\u00e3o \u00e0 dist\u00e2ncia de um clique...","potentialAction":[{"@type":"SearchAction","target":{"@type":"EntryPoint","urlTemplate":"https:\/\/www.altominho.tv\/site\/?s={search_term_string}"},"query-input":{"@type":"PropertyValueSpecification","valueRequired":true,"valueName":"search_term_string"}}],"inLanguage":"pt-PT"},{"@type":"Person","@id":"https:\/\/www.altominho.tv\/site\/#\/schema\/person\/d9be4265364723f14ea8e0d56a1d38cd","name":"Andreia Ferreira","image":{"@type":"ImageObject","inLanguage":"pt-PT","@id":"https:\/\/www.altominho.tv\/site\/wp-content\/uploads\/2021\/01\/AndreiaFerreira-150x150.jpg","url":"https:\/\/www.altominho.tv\/site\/wp-content\/uploads\/2021\/01\/AndreiaFerreira-150x150.jpg","contentUrl":"https:\/\/www.altominho.tv\/site\/wp-content\/uploads\/2021\/01\/AndreiaFerreira-150x150.jpg","caption":"Andreia Ferreira"},"url":"https:\/\/www.altominho.tv\/site\/author\/andreiaferreira\/"}]}},"_links":{"self":[{"href":"https:\/\/www.altominho.tv\/site\/wp-json\/wp\/v2\/posts\/37321","targetHints":{"allow":["GET"]}}],"collection":[{"href":"https:\/\/www.altominho.tv\/site\/wp-json\/wp\/v2\/posts"}],"about":[{"href":"https:\/\/www.altominho.tv\/site\/wp-json\/wp\/v2\/types\/post"}],"author":[{"embeddable":true,"href":"https:\/\/www.altominho.tv\/site\/wp-json\/wp\/v2\/users\/12"}],"replies":[{"embeddable":true,"href":"https:\/\/www.altominho.tv\/site\/wp-json\/wp\/v2\/comments?post=37321"}],"version-history":[{"count":0,"href":"https:\/\/www.altominho.tv\/site\/wp-json\/wp\/v2\/posts\/37321\/revisions"}],"wp:featuredmedia":[{"embeddable":true,"href":"https:\/\/www.altominho.tv\/site\/wp-json\/wp\/v2\/media\/37324"}],"wp:attachment":[{"href":"https:\/\/www.altominho.tv\/site\/wp-json\/wp\/v2\/media?parent=37321"}],"wp:term":[{"taxonomy":"category","embeddable":true,"href":"https:\/\/www.altominho.tv\/site\/wp-json\/wp\/v2\/categories?post=37321"},{"taxonomy":"post_tag","embeddable":true,"href":"https:\/\/www.altominho.tv\/site\/wp-json\/wp\/v2\/tags?post=37321"}],"curies":[{"name":"wp","href":"https:\/\/api.w.org\/{rel}","templated":true}]}}