{"id":37315,"date":"2019-11-29T16:34:35","date_gmt":"2019-11-29T16:34:35","guid":{"rendered":"http:\/\/www.altominho.tv\/site\/?p=37315"},"modified":"2019-11-29T16:34:58","modified_gmt":"2019-11-29T16:34:58","slug":"rotary-club-de-moncao-lanca-concurso-para-jovens","status":"publish","type":"post","link":"https:\/\/www.altominho.tv\/site\/2019\/11\/29\/rotary-club-de-moncao-lanca-concurso-para-jovens\/","title":{"rendered":"Rotary Club de Mon\u00e7\u00e3o lan\u00e7a concurso para jovens"},"content":{"rendered":"<p>O Rotary Club de Mon\u00e7\u00e3o anunciou que est\u00e1 a promover, pelo segundo ano consecutivo, o concurso \u201cA Inspira\u00e7\u00e3o Conta\u201d. A iniciativa destina-se aos alunos que, no ano letivo 2019\/2020, frequentam o ensino secund\u00e1rio.<\/p>\n<p>Em comunicado, o Rotary explica que &#8220;todos os jovens que estiverem a frequentar os cursos cient\u00edfico-human\u00edsticos e profissionais, nos estabelecimentos de ensino de Mon\u00e7\u00e3o \u2013 Agrupamento de Escolas de Mon\u00e7\u00e3o (AEM) e Escola Profissional do Alto Minho Interior (EPRAMI), podem participar neste concurso&#8221; que pretende &#8220;colocar a imagina\u00e7\u00e3o dos jovens mon\u00e7anenses a fervilhar&#8221;.<\/p>\n<p>Este concurso tem como finalidade &#8220;incentivar os jovens a utilizar a sua criatividade em benef\u00edcio pr\u00f3prio e da comunidade em que est\u00e3o inseridos&#8221;. Os interessados &#8220;podem concorrer com uma ideia de responsabilidade social para a comunidade onde se inserem&#8221;.<\/p>\n<p>Os trabalhos a concurso s\u00e3o subordinados aos temas &#8220;Ambiente como Patrim\u00f3nio Imaterial&#8221; e &#8220;Promo\u00e7\u00e3o da Sa\u00fade&#8221; e cada participante s\u00f3 pode submeter um \u00fanico trabalho sobre uma das tem\u00e1ticas.<\/p>\n<p>Os candidatos podem concorrer at\u00e9 31 de janeiro e h\u00e1 um pr\u00e9mio de 500 euros para o trabalho vencedor em cada um dos temas.<\/p>\n<p>Os dois vencedores ser\u00e3o anunciados durante o m\u00eas de fevereiro.<\/p>\n","protected":false},"excerpt":{"rendered":"<p>O Rotary Club de Mon\u00e7\u00e3o anunciou que est\u00e1 a promover, pelo segundo ano consecutivo, o concurso \u201cA Inspira\u00e7\u00e3o Conta\u201d. A iniciativa destina-se aos alunos que, no ano letivo 2019\/2020, frequentam o ensino secund\u00e1rio. Em comunicado, o Rotary explica que &#8220;todos os jovens que estiverem a frequentar os cursos cient\u00edfico-human\u00edsticos e profissionais, nos estabelecimentos de ensino [&hellip;]<\/p>\n","protected":false},"author":12,"featured_media":37316,"comment_status":"closed","ping_status":"closed","sticky":false,"template":"","format":"standard","meta":{"_exactmetrics_skip_tracking":false,"_exactmetrics_sitenote_active":false,"_exactmetrics_sitenote_note":"","_exactmetrics_sitenote_category":0,"footnotes":""},"categories":[9],"tags":[22],"class_list":["post-37315","post","type-post","status-publish","format-standard","has-post-thumbnail","hentry","category-moncao","tag-educacao"],"yoast_head":"<!-- This site is optimized with the Yoast SEO Premium plugin v27.4 (Yoast SEO v27.4) - https:\/\/yoast.com\/product\/yoast-seo-premium-wordpress\/ -->\n<title>Rotary Club de Mon\u00e7\u00e3o lan\u00e7a concurso para jovens<\/title>\n<meta name=\"robots\" content=\"index, follow, max-snippet:-1, max-image-preview:large, max-video-preview:-1\" \/>\n<link rel=\"canonical\" href=\"https:\/\/www.altominho.tv\/site\/2019\/11\/29\/rotary-club-de-moncao-lanca-concurso-para-jovens\/\" \/>\n<meta property=\"og:locale\" content=\"pt_PT\" \/>\n<meta property=\"og:type\" content=\"article\" \/>\n<meta property=\"og:title\" content=\"Rotary Club de Mon\u00e7\u00e3o lan\u00e7a concurso para jovens\" \/>\n<meta property=\"og:description\" content=\"O Rotary Club de Mon\u00e7\u00e3o anunciou que est\u00e1 a promover, pelo segundo ano consecutivo, o concurso \u201cA Inspira\u00e7\u00e3o Conta\u201d. A iniciativa destina-se aos alunos que, no ano letivo 2019\/2020, frequentam o ensino secund\u00e1rio. Em comunicado, o Rotary explica que &#8220;todos os jovens que estiverem a frequentar os cursos cient\u00edfico-human\u00edsticos e profissionais, nos estabelecimentos de ensino [&hellip;]\" \/>\n<meta property=\"og:url\" content=\"https:\/\/www.altominho.tv\/site\/2019\/11\/29\/rotary-club-de-moncao-lanca-concurso-para-jovens\/\" \/>\n<meta property=\"og:site_name\" content=\"Altominho.tv\" \/>\n<meta property=\"article:publisher\" content=\"https:\/\/www.facebook.com\/altominhotv\" \/>\n<meta property=\"article:published_time\" content=\"2019-11-29T16:34:35+00:00\" \/>\n<meta property=\"article:modified_time\" content=\"2019-11-29T16:34:58+00:00\" \/>\n<meta property=\"og:image\" content=\"https:\/\/www.altominho.tv\/site\/wp-content\/uploads\/2019\/11\/thought-2123970_1920.jpg\" \/>\n\t<meta property=\"og:image:width\" content=\"1920\" \/>\n\t<meta property=\"og:image:height\" content=\"1334\" \/>\n\t<meta property=\"og:image:type\" content=\"image\/jpeg\" \/>\n<meta name=\"author\" content=\"Andreia Ferreira\" \/>\n<meta name=\"twitter:card\" content=\"summary_large_image\" \/>\n<meta name=\"twitter:creator\" content=\"@altominhoTV\" \/>\n<meta name=\"twitter:site\" content=\"@altominhoTV\" \/>\n<meta name=\"twitter:label1\" content=\"Escrito por\" \/>\n\t<meta name=\"twitter:data1\" content=\"Andreia Ferreira\" \/>\n\t<meta name=\"twitter:label2\" content=\"Tempo estimado de leitura\" \/>\n\t<meta name=\"twitter:data2\" content=\"1 minuto\" \/>\n<script type=\"application\/ld+json\" class=\"yoast-schema-graph\">{\"@context\":\"https:\\\/\\\/schema.org\",\"@graph\":[{\"@type\":\"Article\",\"@id\":\"https:\\\/\\\/www.altominho.tv\\\/site\\\/2019\\\/11\\\/29\\\/rotary-club-de-moncao-lanca-concurso-para-jovens\\\/#article\",\"isPartOf\":{\"@id\":\"https:\\\/\\\/www.altominho.tv\\\/site\\\/2019\\\/11\\\/29\\\/rotary-club-de-moncao-lanca-concurso-para-jovens\\\/\"},\"author\":{\"name\":\"Andreia Ferreira\",\"@id\":\"https:\\\/\\\/www.altominho.tv\\\/site\\\/#\\\/schema\\\/person\\\/d9be4265364723f14ea8e0d56a1d38cd\"},\"headline\":\"Rotary Club de Mon\u00e7\u00e3o lan\u00e7a concurso para jovens\",\"datePublished\":\"2019-11-29T16:34:35+00:00\",\"dateModified\":\"2019-11-29T16:34:58+00:00\",\"mainEntityOfPage\":{\"@id\":\"https:\\\/\\\/www.altominho.tv\\\/site\\\/2019\\\/11\\\/29\\\/rotary-club-de-moncao-lanca-concurso-para-jovens\\\/\"},\"wordCount\":214,\"image\":{\"@id\":\"https:\\\/\\\/www.altominho.tv\\\/site\\\/2019\\\/11\\\/29\\\/rotary-club-de-moncao-lanca-concurso-para-jovens\\\/#primaryimage\"},\"thumbnailUrl\":\"https:\\\/\\\/www.altominho.tv\\\/site\\\/wp-content\\\/uploads\\\/2019\\\/11\\\/thought-2123970_1920.jpg\",\"keywords\":[\"Educa\u00e7\u00e3o\"],\"articleSection\":[\"Mon\u00e7\u00e3o\"],\"inLanguage\":\"pt-PT\",\"copyrightYear\":\"2019\",\"copyrightHolder\":{\"@id\":\"https:\\\/\\\/www.altominho.tv\\\/site\\\/#organization\"}},{\"@type\":\"WebPage\",\"@id\":\"https:\\\/\\\/www.altominho.tv\\\/site\\\/2019\\\/11\\\/29\\\/rotary-club-de-moncao-lanca-concurso-para-jovens\\\/\",\"url\":\"https:\\\/\\\/www.altominho.tv\\\/site\\\/2019\\\/11\\\/29\\\/rotary-club-de-moncao-lanca-concurso-para-jovens\\\/\",\"name\":\"Rotary Club de Mon\u00e7\u00e3o lan\u00e7a concurso para jovens\",\"isPartOf\":{\"@id\":\"https:\\\/\\\/www.altominho.tv\\\/site\\\/#website\"},\"primaryImageOfPage\":{\"@id\":\"https:\\\/\\\/www.altominho.tv\\\/site\\\/2019\\\/11\\\/29\\\/rotary-club-de-moncao-lanca-concurso-para-jovens\\\/#primaryimage\"},\"image\":{\"@id\":\"https:\\\/\\\/www.altominho.tv\\\/site\\\/2019\\\/11\\\/29\\\/rotary-club-de-moncao-lanca-concurso-para-jovens\\\/#primaryimage\"},\"thumbnailUrl\":\"https:\\\/\\\/www.altominho.tv\\\/site\\\/wp-content\\\/uploads\\\/2019\\\/11\\\/thought-2123970_1920.jpg\",\"datePublished\":\"2019-11-29T16:34:35+00:00\",\"dateModified\":\"2019-11-29T16:34:58+00:00\",\"author\":{\"@id\":\"https:\\\/\\\/www.altominho.tv\\\/site\\\/#\\\/schema\\\/person\\\/d9be4265364723f14ea8e0d56a1d38cd\"},\"breadcrumb\":{\"@id\":\"https:\\\/\\\/www.altominho.tv\\\/site\\\/2019\\\/11\\\/29\\\/rotary-club-de-moncao-lanca-concurso-para-jovens\\\/#breadcrumb\"},\"inLanguage\":\"pt-PT\",\"potentialAction\":[{\"@type\":\"ReadAction\",\"target\":[\"https:\\\/\\\/www.altominho.tv\\\/site\\\/2019\\\/11\\\/29\\\/rotary-club-de-moncao-lanca-concurso-para-jovens\\\/\"]}]},{\"@type\":\"ImageObject\",\"inLanguage\":\"pt-PT\",\"@id\":\"https:\\\/\\\/www.altominho.tv\\\/site\\\/2019\\\/11\\\/29\\\/rotary-club-de-moncao-lanca-concurso-para-jovens\\\/#primaryimage\",\"url\":\"https:\\\/\\\/www.altominho.tv\\\/site\\\/wp-content\\\/uploads\\\/2019\\\/11\\\/thought-2123970_1920.jpg\",\"contentUrl\":\"https:\\\/\\\/www.altominho.tv\\\/site\\\/wp-content\\\/uploads\\\/2019\\\/11\\\/thought-2123970_1920.jpg\",\"width\":1920,\"height\":1334,\"caption\":\"PIXABAY\"},{\"@type\":\"BreadcrumbList\",\"@id\":\"https:\\\/\\\/www.altominho.tv\\\/site\\\/2019\\\/11\\\/29\\\/rotary-club-de-moncao-lanca-concurso-para-jovens\\\/#breadcrumb\",\"itemListElement\":[{\"@type\":\"ListItem\",\"position\":1,\"name\":\"In\u00edcio\",\"item\":\"https:\\\/\\\/www.altominho.tv\\\/site\\\/\"},{\"@type\":\"ListItem\",\"position\":2,\"name\":\"Rotary Club de Mon\u00e7\u00e3o lan\u00e7a concurso para jovens\"}]},{\"@type\":\"WebSite\",\"@id\":\"https:\\\/\\\/www.altominho.tv\\\/site\\\/#website\",\"url\":\"https:\\\/\\\/www.altominho.tv\\\/site\\\/\",\"name\":\"Altominho.tv\",\"description\":\"A sua regi\u00e3o \u00e0 dist\u00e2ncia de um clique...\",\"potentialAction\":[{\"@type\":\"SearchAction\",\"target\":{\"@type\":\"EntryPoint\",\"urlTemplate\":\"https:\\\/\\\/www.altominho.tv\\\/site\\\/?s={search_term_string}\"},\"query-input\":{\"@type\":\"PropertyValueSpecification\",\"valueRequired\":true,\"valueName\":\"search_term_string\"}}],\"inLanguage\":\"pt-PT\"},{\"@type\":\"Person\",\"@id\":\"https:\\\/\\\/www.altominho.tv\\\/site\\\/#\\\/schema\\\/person\\\/d9be4265364723f14ea8e0d56a1d38cd\",\"name\":\"Andreia Ferreira\",\"image\":{\"@type\":\"ImageObject\",\"inLanguage\":\"pt-PT\",\"@id\":\"https:\\\/\\\/www.altominho.tv\\\/site\\\/wp-content\\\/uploads\\\/2021\\\/01\\\/AndreiaFerreira-150x150.jpg\",\"url\":\"https:\\\/\\\/www.altominho.tv\\\/site\\\/wp-content\\\/uploads\\\/2021\\\/01\\\/AndreiaFerreira-150x150.jpg\",\"contentUrl\":\"https:\\\/\\\/www.altominho.tv\\\/site\\\/wp-content\\\/uploads\\\/2021\\\/01\\\/AndreiaFerreira-150x150.jpg\",\"caption\":\"Andreia Ferreira\"},\"url\":\"https:\\\/\\\/www.altominho.tv\\\/site\\\/author\\\/andreiaferreira\\\/\"}]}<\/script>\n<!-- \/ Yoast SEO Premium plugin. -->","yoast_head_json":{"title":"Rotary Club de Mon\u00e7\u00e3o lan\u00e7a concurso para jovens","robots":{"index":"index","follow":"follow","max-snippet":"max-snippet:-1","max-image-preview":"max-image-preview:large","max-video-preview":"max-video-preview:-1"},"canonical":"https:\/\/www.altominho.tv\/site\/2019\/11\/29\/rotary-club-de-moncao-lanca-concurso-para-jovens\/","og_locale":"pt_PT","og_type":"article","og_title":"Rotary Club de Mon\u00e7\u00e3o lan\u00e7a concurso para jovens","og_description":"O Rotary Club de Mon\u00e7\u00e3o anunciou que est\u00e1 a promover, pelo segundo ano consecutivo, o concurso \u201cA Inspira\u00e7\u00e3o Conta\u201d. A iniciativa destina-se aos alunos que, no ano letivo 2019\/2020, frequentam o ensino secund\u00e1rio. Em comunicado, o Rotary explica que &#8220;todos os jovens que estiverem a frequentar os cursos cient\u00edfico-human\u00edsticos e profissionais, nos estabelecimentos de ensino [&hellip;]","og_url":"https:\/\/www.altominho.tv\/site\/2019\/11\/29\/rotary-club-de-moncao-lanca-concurso-para-jovens\/","og_site_name":"Altominho.tv","article_publisher":"https:\/\/www.facebook.com\/altominhotv","article_published_time":"2019-11-29T16:34:35+00:00","article_modified_time":"2019-11-29T16:34:58+00:00","og_image":[{"width":1920,"height":1334,"url":"https:\/\/www.altominho.tv\/site\/wp-content\/uploads\/2019\/11\/thought-2123970_1920.jpg","type":"image\/jpeg"}],"author":"Andreia Ferreira","twitter_card":"summary_large_image","twitter_creator":"@altominhoTV","twitter_site":"@altominhoTV","twitter_misc":{"Escrito por":"Andreia Ferreira","Tempo estimado de leitura":"1 minuto"},"schema":{"@context":"https:\/\/schema.org","@graph":[{"@type":"Article","@id":"https:\/\/www.altominho.tv\/site\/2019\/11\/29\/rotary-club-de-moncao-lanca-concurso-para-jovens\/#article","isPartOf":{"@id":"https:\/\/www.altominho.tv\/site\/2019\/11\/29\/rotary-club-de-moncao-lanca-concurso-para-jovens\/"},"author":{"name":"Andreia Ferreira","@id":"https:\/\/www.altominho.tv\/site\/#\/schema\/person\/d9be4265364723f14ea8e0d56a1d38cd"},"headline":"Rotary Club de Mon\u00e7\u00e3o lan\u00e7a concurso para jovens","datePublished":"2019-11-29T16:34:35+00:00","dateModified":"2019-11-29T16:34:58+00:00","mainEntityOfPage":{"@id":"https:\/\/www.altominho.tv\/site\/2019\/11\/29\/rotary-club-de-moncao-lanca-concurso-para-jovens\/"},"wordCount":214,"image":{"@id":"https:\/\/www.altominho.tv\/site\/2019\/11\/29\/rotary-club-de-moncao-lanca-concurso-para-jovens\/#primaryimage"},"thumbnailUrl":"https:\/\/www.altominho.tv\/site\/wp-content\/uploads\/2019\/11\/thought-2123970_1920.jpg","keywords":["Educa\u00e7\u00e3o"],"articleSection":["Mon\u00e7\u00e3o"],"inLanguage":"pt-PT","copyrightYear":"2019","copyrightHolder":{"@id":"https:\/\/www.altominho.tv\/site\/#organization"}},{"@type":"WebPage","@id":"https:\/\/www.altominho.tv\/site\/2019\/11\/29\/rotary-club-de-moncao-lanca-concurso-para-jovens\/","url":"https:\/\/www.altominho.tv\/site\/2019\/11\/29\/rotary-club-de-moncao-lanca-concurso-para-jovens\/","name":"Rotary Club de Mon\u00e7\u00e3o lan\u00e7a concurso para jovens","isPartOf":{"@id":"https:\/\/www.altominho.tv\/site\/#website"},"primaryImageOfPage":{"@id":"https:\/\/www.altominho.tv\/site\/2019\/11\/29\/rotary-club-de-moncao-lanca-concurso-para-jovens\/#primaryimage"},"image":{"@id":"https:\/\/www.altominho.tv\/site\/2019\/11\/29\/rotary-club-de-moncao-lanca-concurso-para-jovens\/#primaryimage"},"thumbnailUrl":"https:\/\/www.altominho.tv\/site\/wp-content\/uploads\/2019\/11\/thought-2123970_1920.jpg","datePublished":"2019-11-29T16:34:35+00:00","dateModified":"2019-11-29T16:34:58+00:00","author":{"@id":"https:\/\/www.altominho.tv\/site\/#\/schema\/person\/d9be4265364723f14ea8e0d56a1d38cd"},"breadcrumb":{"@id":"https:\/\/www.altominho.tv\/site\/2019\/11\/29\/rotary-club-de-moncao-lanca-concurso-para-jovens\/#breadcrumb"},"inLanguage":"pt-PT","potentialAction":[{"@type":"ReadAction","target":["https:\/\/www.altominho.tv\/site\/2019\/11\/29\/rotary-club-de-moncao-lanca-concurso-para-jovens\/"]}]},{"@type":"ImageObject","inLanguage":"pt-PT","@id":"https:\/\/www.altominho.tv\/site\/2019\/11\/29\/rotary-club-de-moncao-lanca-concurso-para-jovens\/#primaryimage","url":"https:\/\/www.altominho.tv\/site\/wp-content\/uploads\/2019\/11\/thought-2123970_1920.jpg","contentUrl":"https:\/\/www.altominho.tv\/site\/wp-content\/uploads\/2019\/11\/thought-2123970_1920.jpg","width":1920,"height":1334,"caption":"PIXABAY"},{"@type":"BreadcrumbList","@id":"https:\/\/www.altominho.tv\/site\/2019\/11\/29\/rotary-club-de-moncao-lanca-concurso-para-jovens\/#breadcrumb","itemListElement":[{"@type":"ListItem","position":1,"name":"In\u00edcio","item":"https:\/\/www.altominho.tv\/site\/"},{"@type":"ListItem","position":2,"name":"Rotary Club de Mon\u00e7\u00e3o lan\u00e7a concurso para jovens"}]},{"@type":"WebSite","@id":"https:\/\/www.altominho.tv\/site\/#website","url":"https:\/\/www.altominho.tv\/site\/","name":"Altominho.tv","description":"A sua regi\u00e3o \u00e0 dist\u00e2ncia de um clique...","potentialAction":[{"@type":"SearchAction","target":{"@type":"EntryPoint","urlTemplate":"https:\/\/www.altominho.tv\/site\/?s={search_term_string}"},"query-input":{"@type":"PropertyValueSpecification","valueRequired":true,"valueName":"search_term_string"}}],"inLanguage":"pt-PT"},{"@type":"Person","@id":"https:\/\/www.altominho.tv\/site\/#\/schema\/person\/d9be4265364723f14ea8e0d56a1d38cd","name":"Andreia Ferreira","image":{"@type":"ImageObject","inLanguage":"pt-PT","@id":"https:\/\/www.altominho.tv\/site\/wp-content\/uploads\/2021\/01\/AndreiaFerreira-150x150.jpg","url":"https:\/\/www.altominho.tv\/site\/wp-content\/uploads\/2021\/01\/AndreiaFerreira-150x150.jpg","contentUrl":"https:\/\/www.altominho.tv\/site\/wp-content\/uploads\/2021\/01\/AndreiaFerreira-150x150.jpg","caption":"Andreia Ferreira"},"url":"https:\/\/www.altominho.tv\/site\/author\/andreiaferreira\/"}]}},"_links":{"self":[{"href":"https:\/\/www.altominho.tv\/site\/wp-json\/wp\/v2\/posts\/37315","targetHints":{"allow":["GET"]}}],"collection":[{"href":"https:\/\/www.altominho.tv\/site\/wp-json\/wp\/v2\/posts"}],"about":[{"href":"https:\/\/www.altominho.tv\/site\/wp-json\/wp\/v2\/types\/post"}],"author":[{"embeddable":true,"href":"https:\/\/www.altominho.tv\/site\/wp-json\/wp\/v2\/users\/12"}],"replies":[{"embeddable":true,"href":"https:\/\/www.altominho.tv\/site\/wp-json\/wp\/v2\/comments?post=37315"}],"version-history":[{"count":0,"href":"https:\/\/www.altominho.tv\/site\/wp-json\/wp\/v2\/posts\/37315\/revisions"}],"wp:featuredmedia":[{"embeddable":true,"href":"https:\/\/www.altominho.tv\/site\/wp-json\/wp\/v2\/media\/37316"}],"wp:attachment":[{"href":"https:\/\/www.altominho.tv\/site\/wp-json\/wp\/v2\/media?parent=37315"}],"wp:term":[{"taxonomy":"category","embeddable":true,"href":"https:\/\/www.altominho.tv\/site\/wp-json\/wp\/v2\/categories?post=37315"},{"taxonomy":"post_tag","embeddable":true,"href":"https:\/\/www.altominho.tv\/site\/wp-json\/wp\/v2\/tags?post=37315"}],"curies":[{"name":"wp","href":"https:\/\/api.w.org\/{rel}","templated":true}]}}