{"id":37245,"date":"2019-11-27T16:20:24","date_gmt":"2019-11-27T16:20:24","guid":{"rendered":"http:\/\/www.altominho.tv\/site\/?p=37245"},"modified":"2019-11-27T16:20:46","modified_gmt":"2019-11-27T16:20:46","slug":"nome-de-ze-natario-atribuido-a-pavilhao-de-monserrate-no-domingo","status":"publish","type":"post","link":"https:\/\/www.altominho.tv\/site\/2019\/11\/27\/nome-de-ze-natario-atribuido-a-pavilhao-de-monserrate-no-domingo\/","title":{"rendered":"Nome de Z\u00e9 Nat\u00e1rio atribu\u00eddo a pavilh\u00e3o de Monserrate no domingo"},"content":{"rendered":"<p>O nome de Jos\u00e9 Enes Gon\u00e7alves Nat\u00e1rio vai ser atribu\u00eddo oficialmente ao pavilh\u00e3o municipal de Monserrate, no domingo, numa homenagem promovida pela C\u00e2mara de Viana do Castelo.<\/p>\n<p>Em outubro, por proposta do presidente da C\u00e2mara de Viana do Castelo, Jos\u00e9 Maria Costa, foi decidido por unanimidade, em reuni\u00e3o camar\u00e1ria, <a href=\"http:\/\/www.altominho.tv\/site\/2019\/10\/17\/camara-de-viana-vai-dar-nome-de-jose-natario-a-pavilhao\/\">atribuir o nome do fundador<\/a> da equipa de h\u00f3quei em patins, Juventude de Viana, ao pavilh\u00e3o municipal de Monserrate.<\/p>\n<p>A cerim\u00f3nia, que inclui o descerramento de uma placa com o nome de Z\u00e9 Nat\u00e1rio, que foi s\u00f3cio fundador da Juventude Viana e considerado um dos mais reconhecidos empres\u00e1rios do ramo da pastelaria de Viana do Castelo, que morreu em outubro, aos 86 anos, est\u00e1 marcada para as 16h30.<\/p>\n<p>\u201cAquele pavilh\u00e3o est\u00e1 muito ligado \u00e0 sua vida, ao h\u00f3quei em patins e \u00e0 Juventude de Viana que era uma das suas grandes paix\u00f5es\u201d, disse, na altura Jos\u00e9 Maria Costa.<\/p>\n","protected":false},"excerpt":{"rendered":"<p>O nome de Jos\u00e9 Enes Gon\u00e7alves Nat\u00e1rio vai ser atribu\u00eddo oficialmente ao pavilh\u00e3o municipal de Monserrate, no domingo, numa homenagem promovida pela C\u00e2mara de Viana do Castelo. Em outubro, por proposta do presidente da C\u00e2mara de Viana do Castelo, Jos\u00e9 Maria Costa, foi decidido por unanimidade, em reuni\u00e3o camar\u00e1ria, atribuir o nome do fundador da [&hellip;]<\/p>\n","protected":false},"author":13,"featured_media":37246,"comment_status":"closed","ping_status":"closed","sticky":false,"template":"","format":"standard","meta":{"_exactmetrics_skip_tracking":false,"_exactmetrics_sitenote_active":false,"_exactmetrics_sitenote_note":"","_exactmetrics_sitenote_category":0,"footnotes":""},"categories":[14],"tags":[27],"class_list":["post-37245","post","type-post","status-publish","format-standard","has-post-thumbnail","hentry","category-viana-do-castelo","tag-sociedade"],"yoast_head":"<!-- This site is optimized with the Yoast SEO Premium plugin v27.5 (Yoast SEO v27.5) - https:\/\/yoast.com\/product\/yoast-seo-premium-wordpress\/ -->\n<title>Nome de Z\u00e9 Nat\u00e1rio atribu\u00eddo a pavilh\u00e3o de Monserrate no domingo<\/title>\n<meta name=\"robots\" content=\"index, follow, max-snippet:-1, max-image-preview:large, max-video-preview:-1\" \/>\n<link rel=\"canonical\" href=\"https:\/\/www.altominho.tv\/site\/2019\/11\/27\/nome-de-ze-natario-atribuido-a-pavilhao-de-monserrate-no-domingo\/\" \/>\n<meta property=\"og:locale\" content=\"pt_PT\" \/>\n<meta property=\"og:type\" content=\"article\" \/>\n<meta property=\"og:title\" content=\"Nome de Z\u00e9 Nat\u00e1rio atribu\u00eddo a pavilh\u00e3o de Monserrate no domingo\" \/>\n<meta property=\"og:description\" content=\"O nome de Jos\u00e9 Enes Gon\u00e7alves Nat\u00e1rio vai ser atribu\u00eddo oficialmente ao pavilh\u00e3o municipal de Monserrate, no domingo, numa homenagem promovida pela C\u00e2mara de Viana do Castelo. Em outubro, por proposta do presidente da C\u00e2mara de Viana do Castelo, Jos\u00e9 Maria Costa, foi decidido por unanimidade, em reuni\u00e3o camar\u00e1ria, atribuir o nome do fundador da [&hellip;]\" \/>\n<meta property=\"og:url\" content=\"https:\/\/www.altominho.tv\/site\/2019\/11\/27\/nome-de-ze-natario-atribuido-a-pavilhao-de-monserrate-no-domingo\/\" \/>\n<meta property=\"og:site_name\" content=\"Altominho.tv\" \/>\n<meta property=\"article:publisher\" content=\"https:\/\/www.facebook.com\/altominhotv\" \/>\n<meta property=\"article:published_time\" content=\"2019-11-27T16:20:24+00:00\" \/>\n<meta property=\"article:modified_time\" content=\"2019-11-27T16:20:46+00:00\" \/>\n<meta property=\"og:image\" content=\"https:\/\/www.altominho.tv\/site\/wp-content\/uploads\/2019\/11\/jose-natario-740x389.jpg\" \/>\n\t<meta property=\"og:image:width\" content=\"740\" \/>\n\t<meta property=\"og:image:height\" content=\"389\" \/>\n\t<meta property=\"og:image:type\" content=\"image\/jpeg\" \/>\n<meta name=\"author\" content=\"Lusa\" \/>\n<meta name=\"twitter:card\" content=\"summary_large_image\" \/>\n<meta name=\"twitter:creator\" content=\"@altominhoTV\" \/>\n<meta name=\"twitter:site\" content=\"@altominhoTV\" \/>\n<meta name=\"twitter:label1\" content=\"Escrito por\" \/>\n\t<meta name=\"twitter:data1\" content=\"Lusa\" \/>\n\t<meta name=\"twitter:label2\" content=\"Tempo estimado de leitura\" \/>\n\t<meta name=\"twitter:data2\" content=\"1 minuto\" \/>\n<script type=\"application\/ld+json\" class=\"yoast-schema-graph\">{\"@context\":\"https:\\\/\\\/schema.org\",\"@graph\":[{\"@type\":\"Article\",\"@id\":\"https:\\\/\\\/www.altominho.tv\\\/site\\\/2019\\\/11\\\/27\\\/nome-de-ze-natario-atribuido-a-pavilhao-de-monserrate-no-domingo\\\/#article\",\"isPartOf\":{\"@id\":\"https:\\\/\\\/www.altominho.tv\\\/site\\\/2019\\\/11\\\/27\\\/nome-de-ze-natario-atribuido-a-pavilhao-de-monserrate-no-domingo\\\/\"},\"author\":{\"name\":\"Lusa\",\"@id\":\"https:\\\/\\\/www.altominho.tv\\\/site\\\/#\\\/schema\\\/person\\\/63f693da3e1899361cbe955c46f3232e\"},\"headline\":\"Nome de Z\u00e9 Nat\u00e1rio atribu\u00eddo a pavilh\u00e3o de Monserrate no domingo\",\"datePublished\":\"2019-11-27T16:20:24+00:00\",\"dateModified\":\"2019-11-27T16:20:46+00:00\",\"mainEntityOfPage\":{\"@id\":\"https:\\\/\\\/www.altominho.tv\\\/site\\\/2019\\\/11\\\/27\\\/nome-de-ze-natario-atribuido-a-pavilhao-de-monserrate-no-domingo\\\/\"},\"wordCount\":175,\"image\":{\"@id\":\"https:\\\/\\\/www.altominho.tv\\\/site\\\/2019\\\/11\\\/27\\\/nome-de-ze-natario-atribuido-a-pavilhao-de-monserrate-no-domingo\\\/#primaryimage\"},\"thumbnailUrl\":\"https:\\\/\\\/www.altominho.tv\\\/site\\\/wp-content\\\/uploads\\\/2019\\\/11\\\/jose-natario-740x389.jpg\",\"keywords\":[\"Sociedade\"],\"articleSection\":[\"Viana do Castelo\"],\"inLanguage\":\"pt-PT\",\"copyrightYear\":\"2019\",\"copyrightHolder\":{\"@id\":\"https:\\\/\\\/www.altominho.tv\\\/site\\\/#organization\"}},{\"@type\":\"WebPage\",\"@id\":\"https:\\\/\\\/www.altominho.tv\\\/site\\\/2019\\\/11\\\/27\\\/nome-de-ze-natario-atribuido-a-pavilhao-de-monserrate-no-domingo\\\/\",\"url\":\"https:\\\/\\\/www.altominho.tv\\\/site\\\/2019\\\/11\\\/27\\\/nome-de-ze-natario-atribuido-a-pavilhao-de-monserrate-no-domingo\\\/\",\"name\":\"Nome de Z\u00e9 Nat\u00e1rio atribu\u00eddo a pavilh\u00e3o de Monserrate no domingo\",\"isPartOf\":{\"@id\":\"https:\\\/\\\/www.altominho.tv\\\/site\\\/#website\"},\"primaryImageOfPage\":{\"@id\":\"https:\\\/\\\/www.altominho.tv\\\/site\\\/2019\\\/11\\\/27\\\/nome-de-ze-natario-atribuido-a-pavilhao-de-monserrate-no-domingo\\\/#primaryimage\"},\"image\":{\"@id\":\"https:\\\/\\\/www.altominho.tv\\\/site\\\/2019\\\/11\\\/27\\\/nome-de-ze-natario-atribuido-a-pavilhao-de-monserrate-no-domingo\\\/#primaryimage\"},\"thumbnailUrl\":\"https:\\\/\\\/www.altominho.tv\\\/site\\\/wp-content\\\/uploads\\\/2019\\\/11\\\/jose-natario-740x389.jpg\",\"datePublished\":\"2019-11-27T16:20:24+00:00\",\"dateModified\":\"2019-11-27T16:20:46+00:00\",\"author\":{\"@id\":\"https:\\\/\\\/www.altominho.tv\\\/site\\\/#\\\/schema\\\/person\\\/63f693da3e1899361cbe955c46f3232e\"},\"breadcrumb\":{\"@id\":\"https:\\\/\\\/www.altominho.tv\\\/site\\\/2019\\\/11\\\/27\\\/nome-de-ze-natario-atribuido-a-pavilhao-de-monserrate-no-domingo\\\/#breadcrumb\"},\"inLanguage\":\"pt-PT\",\"potentialAction\":[{\"@type\":\"ReadAction\",\"target\":[\"https:\\\/\\\/www.altominho.tv\\\/site\\\/2019\\\/11\\\/27\\\/nome-de-ze-natario-atribuido-a-pavilhao-de-monserrate-no-domingo\\\/\"]}]},{\"@type\":\"ImageObject\",\"inLanguage\":\"pt-PT\",\"@id\":\"https:\\\/\\\/www.altominho.tv\\\/site\\\/2019\\\/11\\\/27\\\/nome-de-ze-natario-atribuido-a-pavilhao-de-monserrate-no-domingo\\\/#primaryimage\",\"url\":\"https:\\\/\\\/www.altominho.tv\\\/site\\\/wp-content\\\/uploads\\\/2019\\\/11\\\/jose-natario-740x389.jpg\",\"contentUrl\":\"https:\\\/\\\/www.altominho.tv\\\/site\\\/wp-content\\\/uploads\\\/2019\\\/11\\\/jose-natario-740x389.jpg\",\"width\":740,\"height\":389,\"caption\":\"R\u00c1DIO GEICE FM\"},{\"@type\":\"BreadcrumbList\",\"@id\":\"https:\\\/\\\/www.altominho.tv\\\/site\\\/2019\\\/11\\\/27\\\/nome-de-ze-natario-atribuido-a-pavilhao-de-monserrate-no-domingo\\\/#breadcrumb\",\"itemListElement\":[{\"@type\":\"ListItem\",\"position\":1,\"name\":\"In\u00edcio\",\"item\":\"https:\\\/\\\/www.altominho.tv\\\/site\\\/\"},{\"@type\":\"ListItem\",\"position\":2,\"name\":\"Nome de Z\u00e9 Nat\u00e1rio atribu\u00eddo a pavilh\u00e3o de Monserrate no domingo\"}]},{\"@type\":\"WebSite\",\"@id\":\"https:\\\/\\\/www.altominho.tv\\\/site\\\/#website\",\"url\":\"https:\\\/\\\/www.altominho.tv\\\/site\\\/\",\"name\":\"Altominho.tv\",\"description\":\"A sua regi\u00e3o \u00e0 dist\u00e2ncia de um clique...\",\"potentialAction\":[{\"@type\":\"SearchAction\",\"target\":{\"@type\":\"EntryPoint\",\"urlTemplate\":\"https:\\\/\\\/www.altominho.tv\\\/site\\\/?s={search_term_string}\"},\"query-input\":{\"@type\":\"PropertyValueSpecification\",\"valueRequired\":true,\"valueName\":\"search_term_string\"}}],\"inLanguage\":\"pt-PT\"},{\"@type\":\"Person\",\"@id\":\"https:\\\/\\\/www.altominho.tv\\\/site\\\/#\\\/schema\\\/person\\\/63f693da3e1899361cbe955c46f3232e\",\"name\":\"Lusa\",\"image\":{\"@type\":\"ImageObject\",\"inLanguage\":\"pt-PT\",\"@id\":\"https:\\\/\\\/www.altominho.tv\\\/site\\\/wp-content\\\/uploads\\\/2019\\\/08\\\/LUSA_Logo.gif\",\"url\":\"https:\\\/\\\/www.altominho.tv\\\/site\\\/wp-content\\\/uploads\\\/2019\\\/08\\\/LUSA_Logo.gif\",\"contentUrl\":\"https:\\\/\\\/www.altominho.tv\\\/site\\\/wp-content\\\/uploads\\\/2019\\\/08\\\/LUSA_Logo.gif\",\"caption\":\"Lusa\"},\"sameAs\":[\"http:\\\/\\\/\\\/\\\/www.altominho.tv\\\/site\"],\"url\":\"https:\\\/\\\/www.altominho.tv\\\/site\\\/author\\\/lusa\\\/\"}]}<\/script>\n<!-- \/ Yoast SEO Premium plugin. -->","yoast_head_json":{"title":"Nome de Z\u00e9 Nat\u00e1rio atribu\u00eddo a pavilh\u00e3o de Monserrate no domingo","robots":{"index":"index","follow":"follow","max-snippet":"max-snippet:-1","max-image-preview":"max-image-preview:large","max-video-preview":"max-video-preview:-1"},"canonical":"https:\/\/www.altominho.tv\/site\/2019\/11\/27\/nome-de-ze-natario-atribuido-a-pavilhao-de-monserrate-no-domingo\/","og_locale":"pt_PT","og_type":"article","og_title":"Nome de Z\u00e9 Nat\u00e1rio atribu\u00eddo a pavilh\u00e3o de Monserrate no domingo","og_description":"O nome de Jos\u00e9 Enes Gon\u00e7alves Nat\u00e1rio vai ser atribu\u00eddo oficialmente ao pavilh\u00e3o municipal de Monserrate, no domingo, numa homenagem promovida pela C\u00e2mara de Viana do Castelo. Em outubro, por proposta do presidente da C\u00e2mara de Viana do Castelo, Jos\u00e9 Maria Costa, foi decidido por unanimidade, em reuni\u00e3o camar\u00e1ria, atribuir o nome do fundador da [&hellip;]","og_url":"https:\/\/www.altominho.tv\/site\/2019\/11\/27\/nome-de-ze-natario-atribuido-a-pavilhao-de-monserrate-no-domingo\/","og_site_name":"Altominho.tv","article_publisher":"https:\/\/www.facebook.com\/altominhotv","article_published_time":"2019-11-27T16:20:24+00:00","article_modified_time":"2019-11-27T16:20:46+00:00","og_image":[{"width":740,"height":389,"url":"https:\/\/www.altominho.tv\/site\/wp-content\/uploads\/2019\/11\/jose-natario-740x389.jpg","type":"image\/jpeg"}],"author":"Lusa","twitter_card":"summary_large_image","twitter_creator":"@altominhoTV","twitter_site":"@altominhoTV","twitter_misc":{"Escrito por":"Lusa","Tempo estimado de leitura":"1 minuto"},"schema":{"@context":"https:\/\/schema.org","@graph":[{"@type":"Article","@id":"https:\/\/www.altominho.tv\/site\/2019\/11\/27\/nome-de-ze-natario-atribuido-a-pavilhao-de-monserrate-no-domingo\/#article","isPartOf":{"@id":"https:\/\/www.altominho.tv\/site\/2019\/11\/27\/nome-de-ze-natario-atribuido-a-pavilhao-de-monserrate-no-domingo\/"},"author":{"name":"Lusa","@id":"https:\/\/www.altominho.tv\/site\/#\/schema\/person\/63f693da3e1899361cbe955c46f3232e"},"headline":"Nome de Z\u00e9 Nat\u00e1rio atribu\u00eddo a pavilh\u00e3o de Monserrate no domingo","datePublished":"2019-11-27T16:20:24+00:00","dateModified":"2019-11-27T16:20:46+00:00","mainEntityOfPage":{"@id":"https:\/\/www.altominho.tv\/site\/2019\/11\/27\/nome-de-ze-natario-atribuido-a-pavilhao-de-monserrate-no-domingo\/"},"wordCount":175,"image":{"@id":"https:\/\/www.altominho.tv\/site\/2019\/11\/27\/nome-de-ze-natario-atribuido-a-pavilhao-de-monserrate-no-domingo\/#primaryimage"},"thumbnailUrl":"https:\/\/www.altominho.tv\/site\/wp-content\/uploads\/2019\/11\/jose-natario-740x389.jpg","keywords":["Sociedade"],"articleSection":["Viana do Castelo"],"inLanguage":"pt-PT","copyrightYear":"2019","copyrightHolder":{"@id":"https:\/\/www.altominho.tv\/site\/#organization"}},{"@type":"WebPage","@id":"https:\/\/www.altominho.tv\/site\/2019\/11\/27\/nome-de-ze-natario-atribuido-a-pavilhao-de-monserrate-no-domingo\/","url":"https:\/\/www.altominho.tv\/site\/2019\/11\/27\/nome-de-ze-natario-atribuido-a-pavilhao-de-monserrate-no-domingo\/","name":"Nome de Z\u00e9 Nat\u00e1rio atribu\u00eddo a pavilh\u00e3o de Monserrate no domingo","isPartOf":{"@id":"https:\/\/www.altominho.tv\/site\/#website"},"primaryImageOfPage":{"@id":"https:\/\/www.altominho.tv\/site\/2019\/11\/27\/nome-de-ze-natario-atribuido-a-pavilhao-de-monserrate-no-domingo\/#primaryimage"},"image":{"@id":"https:\/\/www.altominho.tv\/site\/2019\/11\/27\/nome-de-ze-natario-atribuido-a-pavilhao-de-monserrate-no-domingo\/#primaryimage"},"thumbnailUrl":"https:\/\/www.altominho.tv\/site\/wp-content\/uploads\/2019\/11\/jose-natario-740x389.jpg","datePublished":"2019-11-27T16:20:24+00:00","dateModified":"2019-11-27T16:20:46+00:00","author":{"@id":"https:\/\/www.altominho.tv\/site\/#\/schema\/person\/63f693da3e1899361cbe955c46f3232e"},"breadcrumb":{"@id":"https:\/\/www.altominho.tv\/site\/2019\/11\/27\/nome-de-ze-natario-atribuido-a-pavilhao-de-monserrate-no-domingo\/#breadcrumb"},"inLanguage":"pt-PT","potentialAction":[{"@type":"ReadAction","target":["https:\/\/www.altominho.tv\/site\/2019\/11\/27\/nome-de-ze-natario-atribuido-a-pavilhao-de-monserrate-no-domingo\/"]}]},{"@type":"ImageObject","inLanguage":"pt-PT","@id":"https:\/\/www.altominho.tv\/site\/2019\/11\/27\/nome-de-ze-natario-atribuido-a-pavilhao-de-monserrate-no-domingo\/#primaryimage","url":"https:\/\/www.altominho.tv\/site\/wp-content\/uploads\/2019\/11\/jose-natario-740x389.jpg","contentUrl":"https:\/\/www.altominho.tv\/site\/wp-content\/uploads\/2019\/11\/jose-natario-740x389.jpg","width":740,"height":389,"caption":"R\u00c1DIO GEICE FM"},{"@type":"BreadcrumbList","@id":"https:\/\/www.altominho.tv\/site\/2019\/11\/27\/nome-de-ze-natario-atribuido-a-pavilhao-de-monserrate-no-domingo\/#breadcrumb","itemListElement":[{"@type":"ListItem","position":1,"name":"In\u00edcio","item":"https:\/\/www.altominho.tv\/site\/"},{"@type":"ListItem","position":2,"name":"Nome de Z\u00e9 Nat\u00e1rio atribu\u00eddo a pavilh\u00e3o de Monserrate no domingo"}]},{"@type":"WebSite","@id":"https:\/\/www.altominho.tv\/site\/#website","url":"https:\/\/www.altominho.tv\/site\/","name":"Altominho.tv","description":"A sua regi\u00e3o \u00e0 dist\u00e2ncia de um clique...","potentialAction":[{"@type":"SearchAction","target":{"@type":"EntryPoint","urlTemplate":"https:\/\/www.altominho.tv\/site\/?s={search_term_string}"},"query-input":{"@type":"PropertyValueSpecification","valueRequired":true,"valueName":"search_term_string"}}],"inLanguage":"pt-PT"},{"@type":"Person","@id":"https:\/\/www.altominho.tv\/site\/#\/schema\/person\/63f693da3e1899361cbe955c46f3232e","name":"Lusa","image":{"@type":"ImageObject","inLanguage":"pt-PT","@id":"https:\/\/www.altominho.tv\/site\/wp-content\/uploads\/2019\/08\/LUSA_Logo.gif","url":"https:\/\/www.altominho.tv\/site\/wp-content\/uploads\/2019\/08\/LUSA_Logo.gif","contentUrl":"https:\/\/www.altominho.tv\/site\/wp-content\/uploads\/2019\/08\/LUSA_Logo.gif","caption":"Lusa"},"sameAs":["http:\/\/\/\/www.altominho.tv\/site"],"url":"https:\/\/www.altominho.tv\/site\/author\/lusa\/"}]}},"_links":{"self":[{"href":"https:\/\/www.altominho.tv\/site\/wp-json\/wp\/v2\/posts\/37245","targetHints":{"allow":["GET"]}}],"collection":[{"href":"https:\/\/www.altominho.tv\/site\/wp-json\/wp\/v2\/posts"}],"about":[{"href":"https:\/\/www.altominho.tv\/site\/wp-json\/wp\/v2\/types\/post"}],"author":[{"embeddable":true,"href":"https:\/\/www.altominho.tv\/site\/wp-json\/wp\/v2\/users\/13"}],"replies":[{"embeddable":true,"href":"https:\/\/www.altominho.tv\/site\/wp-json\/wp\/v2\/comments?post=37245"}],"version-history":[{"count":0,"href":"https:\/\/www.altominho.tv\/site\/wp-json\/wp\/v2\/posts\/37245\/revisions"}],"wp:featuredmedia":[{"embeddable":true,"href":"https:\/\/www.altominho.tv\/site\/wp-json\/wp\/v2\/media\/37246"}],"wp:attachment":[{"href":"https:\/\/www.altominho.tv\/site\/wp-json\/wp\/v2\/media?parent=37245"}],"wp:term":[{"taxonomy":"category","embeddable":true,"href":"https:\/\/www.altominho.tv\/site\/wp-json\/wp\/v2\/categories?post=37245"},{"taxonomy":"post_tag","embeddable":true,"href":"https:\/\/www.altominho.tv\/site\/wp-json\/wp\/v2\/tags?post=37245"}],"curies":[{"name":"wp","href":"https:\/\/api.w.org\/{rel}","templated":true}]}}