{"id":37202,"date":"2019-11-27T12:03:22","date_gmt":"2019-11-27T12:03:22","guid":{"rendered":"http:\/\/www.altominho.tv\/site\/?p=37202"},"modified":"2019-11-27T12:03:37","modified_gmt":"2019-11-27T12:03:37","slug":"politecnico-de-viana-do-castelo-lanca-concurso-para-criacao-da-marca-ipvc","status":"publish","type":"post","link":"https:\/\/www.altominho.tv\/site\/2019\/11\/27\/politecnico-de-viana-do-castelo-lanca-concurso-para-criacao-da-marca-ipvc\/","title":{"rendered":"Polit\u00e9cnico de Viana do Castelo lan\u00e7a concurso para cria\u00e7\u00e3o da Marca IPVC"},"content":{"rendered":"<p>O Instituto Polit\u00e9cnico de Viana do Castelo lan\u00e7ou um concurso de ideias para apresenta\u00e7\u00e3o de propostas de cria\u00e7\u00e3o de log\u00f3tipo ou marca do IPVC, das Unidades Org\u00e2nicas, dos Servi\u00e7os de A\u00e7\u00e3o Social e da Oficina de Transfer\u00eancia de Tecnologia, Inova\u00e7\u00e3o e Conhecimento.<\/p>\n<p>Segundo a institui\u00e7\u00e3o, o objetivo \u00e9 &#8220;selecionar um Log\u00f3tipo\/Marca, que ser\u00e1 utilizado em todos os suportes de comunica\u00e7\u00e3o&#8221;. J\u00e1 o &#8220;atual log\u00f3tipo do IPVC continuar\u00e1 a ser utilizado em contexto da alta representa\u00e7\u00e3o da institui\u00e7\u00e3o, relacionada com publica\u00e7\u00f5es especiais, chancela de documentos, diplomas de m\u00e9rito, marcas d\u2019\u00e1gua do papel institucional&#8221;.<\/p>\n<p>&#8220;Este concurso \u00e9 aberto a todos os que nele pretendam participar, podendo faz\u00ea-lo de forma individual ou equipas de concorrentes, podendo igualmente apresentar mais do que uma proposta, englobando todos os log\u00f3tipos, devendo nesse caso apresentar candidaturas aut\u00f3nomas&#8221;, l\u00ea-se na nota hoje enviada \u00e0 imprensa.<\/p>\n<p>Os trabalhos ser\u00e3o avaliados por um j\u00fari constitu\u00eddo por elementos do IPVC e\/ou especialistas da \u00e1rea. Ao primeiro classificado ser\u00e1 atribu\u00eddo um pr\u00e9mio de 2.500 euros e aos restantes selecionados ser\u00e1 entregue uma men\u00e7\u00e3o honrosa.<\/p>\n<p>As candidaturas podem ser realizadas at\u00e9 \u00e0s 17h00 do dia 31 de janeiro.<\/p>\n","protected":false},"excerpt":{"rendered":"<p>O Instituto Polit\u00e9cnico de Viana do Castelo lan\u00e7ou um concurso de ideias para apresenta\u00e7\u00e3o de propostas de cria\u00e7\u00e3o de log\u00f3tipo ou marca do IPVC, das Unidades Org\u00e2nicas, dos Servi\u00e7os de A\u00e7\u00e3o Social e da Oficina de Transfer\u00eancia de Tecnologia, Inova\u00e7\u00e3o e Conhecimento. Segundo a institui\u00e7\u00e3o, o objetivo \u00e9 &#8220;selecionar um Log\u00f3tipo\/Marca, que ser\u00e1 utilizado em [&hellip;]<\/p>\n","protected":false},"author":12,"featured_media":37203,"comment_status":"closed","ping_status":"closed","sticky":false,"template":"","format":"standard","meta":{"_exactmetrics_skip_tracking":false,"_exactmetrics_sitenote_active":false,"_exactmetrics_sitenote_note":"","_exactmetrics_sitenote_category":0,"footnotes":""},"categories":[14],"tags":[27],"class_list":["post-37202","post","type-post","status-publish","format-standard","has-post-thumbnail","hentry","category-viana-do-castelo","tag-sociedade"],"yoast_head":"<!-- This site is optimized with the Yoast SEO Premium plugin v27.5 (Yoast SEO v27.5) - https:\/\/yoast.com\/product\/yoast-seo-premium-wordpress\/ -->\n<title>Polit\u00e9cnico de Viana do Castelo lan\u00e7a concurso para cria\u00e7\u00e3o da Marca IPVC<\/title>\n<meta name=\"robots\" content=\"index, follow, max-snippet:-1, max-image-preview:large, max-video-preview:-1\" \/>\n<link rel=\"canonical\" href=\"https:\/\/www.altominho.tv\/site\/2019\/11\/27\/politecnico-de-viana-do-castelo-lanca-concurso-para-criacao-da-marca-ipvc\/\" \/>\n<meta property=\"og:locale\" content=\"pt_PT\" \/>\n<meta property=\"og:type\" content=\"article\" \/>\n<meta property=\"og:title\" content=\"Polit\u00e9cnico de Viana do Castelo lan\u00e7a concurso para cria\u00e7\u00e3o da Marca IPVC\" \/>\n<meta property=\"og:description\" content=\"O Instituto Polit\u00e9cnico de Viana do Castelo lan\u00e7ou um concurso de ideias para apresenta\u00e7\u00e3o de propostas de cria\u00e7\u00e3o de log\u00f3tipo ou marca do IPVC, das Unidades Org\u00e2nicas, dos Servi\u00e7os de A\u00e7\u00e3o Social e da Oficina de Transfer\u00eancia de Tecnologia, Inova\u00e7\u00e3o e Conhecimento. Segundo a institui\u00e7\u00e3o, o objetivo \u00e9 &#8220;selecionar um Log\u00f3tipo\/Marca, que ser\u00e1 utilizado em [&hellip;]\" \/>\n<meta property=\"og:url\" content=\"https:\/\/www.altominho.tv\/site\/2019\/11\/27\/politecnico-de-viana-do-castelo-lanca-concurso-para-criacao-da-marca-ipvc\/\" \/>\n<meta property=\"og:site_name\" content=\"Altominho.tv\" \/>\n<meta property=\"article:publisher\" content=\"https:\/\/www.facebook.com\/altominhotv\" \/>\n<meta property=\"article:published_time\" content=\"2019-11-27T12:03:22+00:00\" \/>\n<meta property=\"article:modified_time\" content=\"2019-11-27T12:03:37+00:00\" \/>\n<meta property=\"og:image\" content=\"https:\/\/www.altominho.tv\/site\/wp-content\/uploads\/2019\/11\/IPVC.jpg\" \/>\n\t<meta property=\"og:image:width\" content=\"700\" \/>\n\t<meta property=\"og:image:height\" content=\"467\" \/>\n\t<meta property=\"og:image:type\" content=\"image\/jpeg\" \/>\n<meta name=\"author\" content=\"Andreia Ferreira\" \/>\n<meta name=\"twitter:card\" content=\"summary_large_image\" \/>\n<meta name=\"twitter:creator\" content=\"@altominhoTV\" \/>\n<meta name=\"twitter:site\" content=\"@altominhoTV\" \/>\n<meta name=\"twitter:label1\" content=\"Escrito por\" \/>\n\t<meta name=\"twitter:data1\" content=\"Andreia Ferreira\" \/>\n\t<meta name=\"twitter:label2\" content=\"Tempo estimado de leitura\" \/>\n\t<meta name=\"twitter:data2\" content=\"1 minuto\" \/>\n<script type=\"application\/ld+json\" class=\"yoast-schema-graph\">{\"@context\":\"https:\\\/\\\/schema.org\",\"@graph\":[{\"@type\":\"Article\",\"@id\":\"https:\\\/\\\/www.altominho.tv\\\/site\\\/2019\\\/11\\\/27\\\/politecnico-de-viana-do-castelo-lanca-concurso-para-criacao-da-marca-ipvc\\\/#article\",\"isPartOf\":{\"@id\":\"https:\\\/\\\/www.altominho.tv\\\/site\\\/2019\\\/11\\\/27\\\/politecnico-de-viana-do-castelo-lanca-concurso-para-criacao-da-marca-ipvc\\\/\"},\"author\":{\"name\":\"Andreia Ferreira\",\"@id\":\"https:\\\/\\\/www.altominho.tv\\\/site\\\/#\\\/schema\\\/person\\\/d9be4265364723f14ea8e0d56a1d38cd\"},\"headline\":\"Polit\u00e9cnico de Viana do Castelo lan\u00e7a concurso para cria\u00e7\u00e3o da Marca IPVC\",\"datePublished\":\"2019-11-27T12:03:22+00:00\",\"dateModified\":\"2019-11-27T12:03:37+00:00\",\"mainEntityOfPage\":{\"@id\":\"https:\\\/\\\/www.altominho.tv\\\/site\\\/2019\\\/11\\\/27\\\/politecnico-de-viana-do-castelo-lanca-concurso-para-criacao-da-marca-ipvc\\\/\"},\"wordCount\":226,\"image\":{\"@id\":\"https:\\\/\\\/www.altominho.tv\\\/site\\\/2019\\\/11\\\/27\\\/politecnico-de-viana-do-castelo-lanca-concurso-para-criacao-da-marca-ipvc\\\/#primaryimage\"},\"thumbnailUrl\":\"https:\\\/\\\/www.altominho.tv\\\/site\\\/wp-content\\\/uploads\\\/2019\\\/11\\\/IPVC.jpg\",\"keywords\":[\"Sociedade\"],\"articleSection\":[\"Viana do Castelo\"],\"inLanguage\":\"pt-PT\",\"copyrightYear\":\"2019\",\"copyrightHolder\":{\"@id\":\"https:\\\/\\\/www.altominho.tv\\\/site\\\/#organization\"}},{\"@type\":\"WebPage\",\"@id\":\"https:\\\/\\\/www.altominho.tv\\\/site\\\/2019\\\/11\\\/27\\\/politecnico-de-viana-do-castelo-lanca-concurso-para-criacao-da-marca-ipvc\\\/\",\"url\":\"https:\\\/\\\/www.altominho.tv\\\/site\\\/2019\\\/11\\\/27\\\/politecnico-de-viana-do-castelo-lanca-concurso-para-criacao-da-marca-ipvc\\\/\",\"name\":\"Polit\u00e9cnico de Viana do Castelo lan\u00e7a concurso para cria\u00e7\u00e3o da Marca IPVC\",\"isPartOf\":{\"@id\":\"https:\\\/\\\/www.altominho.tv\\\/site\\\/#website\"},\"primaryImageOfPage\":{\"@id\":\"https:\\\/\\\/www.altominho.tv\\\/site\\\/2019\\\/11\\\/27\\\/politecnico-de-viana-do-castelo-lanca-concurso-para-criacao-da-marca-ipvc\\\/#primaryimage\"},\"image\":{\"@id\":\"https:\\\/\\\/www.altominho.tv\\\/site\\\/2019\\\/11\\\/27\\\/politecnico-de-viana-do-castelo-lanca-concurso-para-criacao-da-marca-ipvc\\\/#primaryimage\"},\"thumbnailUrl\":\"https:\\\/\\\/www.altominho.tv\\\/site\\\/wp-content\\\/uploads\\\/2019\\\/11\\\/IPVC.jpg\",\"datePublished\":\"2019-11-27T12:03:22+00:00\",\"dateModified\":\"2019-11-27T12:03:37+00:00\",\"author\":{\"@id\":\"https:\\\/\\\/www.altominho.tv\\\/site\\\/#\\\/schema\\\/person\\\/d9be4265364723f14ea8e0d56a1d38cd\"},\"breadcrumb\":{\"@id\":\"https:\\\/\\\/www.altominho.tv\\\/site\\\/2019\\\/11\\\/27\\\/politecnico-de-viana-do-castelo-lanca-concurso-para-criacao-da-marca-ipvc\\\/#breadcrumb\"},\"inLanguage\":\"pt-PT\",\"potentialAction\":[{\"@type\":\"ReadAction\",\"target\":[\"https:\\\/\\\/www.altominho.tv\\\/site\\\/2019\\\/11\\\/27\\\/politecnico-de-viana-do-castelo-lanca-concurso-para-criacao-da-marca-ipvc\\\/\"]}]},{\"@type\":\"ImageObject\",\"inLanguage\":\"pt-PT\",\"@id\":\"https:\\\/\\\/www.altominho.tv\\\/site\\\/2019\\\/11\\\/27\\\/politecnico-de-viana-do-castelo-lanca-concurso-para-criacao-da-marca-ipvc\\\/#primaryimage\",\"url\":\"https:\\\/\\\/www.altominho.tv\\\/site\\\/wp-content\\\/uploads\\\/2019\\\/11\\\/IPVC.jpg\",\"contentUrl\":\"https:\\\/\\\/www.altominho.tv\\\/site\\\/wp-content\\\/uploads\\\/2019\\\/11\\\/IPVC.jpg\",\"width\":700,\"height\":467},{\"@type\":\"BreadcrumbList\",\"@id\":\"https:\\\/\\\/www.altominho.tv\\\/site\\\/2019\\\/11\\\/27\\\/politecnico-de-viana-do-castelo-lanca-concurso-para-criacao-da-marca-ipvc\\\/#breadcrumb\",\"itemListElement\":[{\"@type\":\"ListItem\",\"position\":1,\"name\":\"In\u00edcio\",\"item\":\"https:\\\/\\\/www.altominho.tv\\\/site\\\/\"},{\"@type\":\"ListItem\",\"position\":2,\"name\":\"Polit\u00e9cnico de Viana do Castelo lan\u00e7a concurso para cria\u00e7\u00e3o da Marca IPVC\"}]},{\"@type\":\"WebSite\",\"@id\":\"https:\\\/\\\/www.altominho.tv\\\/site\\\/#website\",\"url\":\"https:\\\/\\\/www.altominho.tv\\\/site\\\/\",\"name\":\"Altominho.tv\",\"description\":\"A sua regi\u00e3o \u00e0 dist\u00e2ncia de um clique...\",\"potentialAction\":[{\"@type\":\"SearchAction\",\"target\":{\"@type\":\"EntryPoint\",\"urlTemplate\":\"https:\\\/\\\/www.altominho.tv\\\/site\\\/?s={search_term_string}\"},\"query-input\":{\"@type\":\"PropertyValueSpecification\",\"valueRequired\":true,\"valueName\":\"search_term_string\"}}],\"inLanguage\":\"pt-PT\"},{\"@type\":\"Person\",\"@id\":\"https:\\\/\\\/www.altominho.tv\\\/site\\\/#\\\/schema\\\/person\\\/d9be4265364723f14ea8e0d56a1d38cd\",\"name\":\"Andreia Ferreira\",\"image\":{\"@type\":\"ImageObject\",\"inLanguage\":\"pt-PT\",\"@id\":\"https:\\\/\\\/www.altominho.tv\\\/site\\\/wp-content\\\/uploads\\\/2021\\\/01\\\/AndreiaFerreira-150x150.jpg\",\"url\":\"https:\\\/\\\/www.altominho.tv\\\/site\\\/wp-content\\\/uploads\\\/2021\\\/01\\\/AndreiaFerreira-150x150.jpg\",\"contentUrl\":\"https:\\\/\\\/www.altominho.tv\\\/site\\\/wp-content\\\/uploads\\\/2021\\\/01\\\/AndreiaFerreira-150x150.jpg\",\"caption\":\"Andreia Ferreira\"},\"url\":\"https:\\\/\\\/www.altominho.tv\\\/site\\\/author\\\/andreiaferreira\\\/\"}]}<\/script>\n<!-- \/ Yoast SEO Premium plugin. -->","yoast_head_json":{"title":"Polit\u00e9cnico de Viana do Castelo lan\u00e7a concurso para cria\u00e7\u00e3o da Marca IPVC","robots":{"index":"index","follow":"follow","max-snippet":"max-snippet:-1","max-image-preview":"max-image-preview:large","max-video-preview":"max-video-preview:-1"},"canonical":"https:\/\/www.altominho.tv\/site\/2019\/11\/27\/politecnico-de-viana-do-castelo-lanca-concurso-para-criacao-da-marca-ipvc\/","og_locale":"pt_PT","og_type":"article","og_title":"Polit\u00e9cnico de Viana do Castelo lan\u00e7a concurso para cria\u00e7\u00e3o da Marca IPVC","og_description":"O Instituto Polit\u00e9cnico de Viana do Castelo lan\u00e7ou um concurso de ideias para apresenta\u00e7\u00e3o de propostas de cria\u00e7\u00e3o de log\u00f3tipo ou marca do IPVC, das Unidades Org\u00e2nicas, dos Servi\u00e7os de A\u00e7\u00e3o Social e da Oficina de Transfer\u00eancia de Tecnologia, Inova\u00e7\u00e3o e Conhecimento. Segundo a institui\u00e7\u00e3o, o objetivo \u00e9 &#8220;selecionar um Log\u00f3tipo\/Marca, que ser\u00e1 utilizado em [&hellip;]","og_url":"https:\/\/www.altominho.tv\/site\/2019\/11\/27\/politecnico-de-viana-do-castelo-lanca-concurso-para-criacao-da-marca-ipvc\/","og_site_name":"Altominho.tv","article_publisher":"https:\/\/www.facebook.com\/altominhotv","article_published_time":"2019-11-27T12:03:22+00:00","article_modified_time":"2019-11-27T12:03:37+00:00","og_image":[{"width":700,"height":467,"url":"https:\/\/www.altominho.tv\/site\/wp-content\/uploads\/2019\/11\/IPVC.jpg","type":"image\/jpeg"}],"author":"Andreia Ferreira","twitter_card":"summary_large_image","twitter_creator":"@altominhoTV","twitter_site":"@altominhoTV","twitter_misc":{"Escrito por":"Andreia Ferreira","Tempo estimado de leitura":"1 minuto"},"schema":{"@context":"https:\/\/schema.org","@graph":[{"@type":"Article","@id":"https:\/\/www.altominho.tv\/site\/2019\/11\/27\/politecnico-de-viana-do-castelo-lanca-concurso-para-criacao-da-marca-ipvc\/#article","isPartOf":{"@id":"https:\/\/www.altominho.tv\/site\/2019\/11\/27\/politecnico-de-viana-do-castelo-lanca-concurso-para-criacao-da-marca-ipvc\/"},"author":{"name":"Andreia Ferreira","@id":"https:\/\/www.altominho.tv\/site\/#\/schema\/person\/d9be4265364723f14ea8e0d56a1d38cd"},"headline":"Polit\u00e9cnico de Viana do Castelo lan\u00e7a concurso para cria\u00e7\u00e3o da Marca IPVC","datePublished":"2019-11-27T12:03:22+00:00","dateModified":"2019-11-27T12:03:37+00:00","mainEntityOfPage":{"@id":"https:\/\/www.altominho.tv\/site\/2019\/11\/27\/politecnico-de-viana-do-castelo-lanca-concurso-para-criacao-da-marca-ipvc\/"},"wordCount":226,"image":{"@id":"https:\/\/www.altominho.tv\/site\/2019\/11\/27\/politecnico-de-viana-do-castelo-lanca-concurso-para-criacao-da-marca-ipvc\/#primaryimage"},"thumbnailUrl":"https:\/\/www.altominho.tv\/site\/wp-content\/uploads\/2019\/11\/IPVC.jpg","keywords":["Sociedade"],"articleSection":["Viana do Castelo"],"inLanguage":"pt-PT","copyrightYear":"2019","copyrightHolder":{"@id":"https:\/\/www.altominho.tv\/site\/#organization"}},{"@type":"WebPage","@id":"https:\/\/www.altominho.tv\/site\/2019\/11\/27\/politecnico-de-viana-do-castelo-lanca-concurso-para-criacao-da-marca-ipvc\/","url":"https:\/\/www.altominho.tv\/site\/2019\/11\/27\/politecnico-de-viana-do-castelo-lanca-concurso-para-criacao-da-marca-ipvc\/","name":"Polit\u00e9cnico de Viana do Castelo lan\u00e7a concurso para cria\u00e7\u00e3o da Marca IPVC","isPartOf":{"@id":"https:\/\/www.altominho.tv\/site\/#website"},"primaryImageOfPage":{"@id":"https:\/\/www.altominho.tv\/site\/2019\/11\/27\/politecnico-de-viana-do-castelo-lanca-concurso-para-criacao-da-marca-ipvc\/#primaryimage"},"image":{"@id":"https:\/\/www.altominho.tv\/site\/2019\/11\/27\/politecnico-de-viana-do-castelo-lanca-concurso-para-criacao-da-marca-ipvc\/#primaryimage"},"thumbnailUrl":"https:\/\/www.altominho.tv\/site\/wp-content\/uploads\/2019\/11\/IPVC.jpg","datePublished":"2019-11-27T12:03:22+00:00","dateModified":"2019-11-27T12:03:37+00:00","author":{"@id":"https:\/\/www.altominho.tv\/site\/#\/schema\/person\/d9be4265364723f14ea8e0d56a1d38cd"},"breadcrumb":{"@id":"https:\/\/www.altominho.tv\/site\/2019\/11\/27\/politecnico-de-viana-do-castelo-lanca-concurso-para-criacao-da-marca-ipvc\/#breadcrumb"},"inLanguage":"pt-PT","potentialAction":[{"@type":"ReadAction","target":["https:\/\/www.altominho.tv\/site\/2019\/11\/27\/politecnico-de-viana-do-castelo-lanca-concurso-para-criacao-da-marca-ipvc\/"]}]},{"@type":"ImageObject","inLanguage":"pt-PT","@id":"https:\/\/www.altominho.tv\/site\/2019\/11\/27\/politecnico-de-viana-do-castelo-lanca-concurso-para-criacao-da-marca-ipvc\/#primaryimage","url":"https:\/\/www.altominho.tv\/site\/wp-content\/uploads\/2019\/11\/IPVC.jpg","contentUrl":"https:\/\/www.altominho.tv\/site\/wp-content\/uploads\/2019\/11\/IPVC.jpg","width":700,"height":467},{"@type":"BreadcrumbList","@id":"https:\/\/www.altominho.tv\/site\/2019\/11\/27\/politecnico-de-viana-do-castelo-lanca-concurso-para-criacao-da-marca-ipvc\/#breadcrumb","itemListElement":[{"@type":"ListItem","position":1,"name":"In\u00edcio","item":"https:\/\/www.altominho.tv\/site\/"},{"@type":"ListItem","position":2,"name":"Polit\u00e9cnico de Viana do Castelo lan\u00e7a concurso para cria\u00e7\u00e3o da Marca IPVC"}]},{"@type":"WebSite","@id":"https:\/\/www.altominho.tv\/site\/#website","url":"https:\/\/www.altominho.tv\/site\/","name":"Altominho.tv","description":"A sua regi\u00e3o \u00e0 dist\u00e2ncia de um clique...","potentialAction":[{"@type":"SearchAction","target":{"@type":"EntryPoint","urlTemplate":"https:\/\/www.altominho.tv\/site\/?s={search_term_string}"},"query-input":{"@type":"PropertyValueSpecification","valueRequired":true,"valueName":"search_term_string"}}],"inLanguage":"pt-PT"},{"@type":"Person","@id":"https:\/\/www.altominho.tv\/site\/#\/schema\/person\/d9be4265364723f14ea8e0d56a1d38cd","name":"Andreia Ferreira","image":{"@type":"ImageObject","inLanguage":"pt-PT","@id":"https:\/\/www.altominho.tv\/site\/wp-content\/uploads\/2021\/01\/AndreiaFerreira-150x150.jpg","url":"https:\/\/www.altominho.tv\/site\/wp-content\/uploads\/2021\/01\/AndreiaFerreira-150x150.jpg","contentUrl":"https:\/\/www.altominho.tv\/site\/wp-content\/uploads\/2021\/01\/AndreiaFerreira-150x150.jpg","caption":"Andreia Ferreira"},"url":"https:\/\/www.altominho.tv\/site\/author\/andreiaferreira\/"}]}},"_links":{"self":[{"href":"https:\/\/www.altominho.tv\/site\/wp-json\/wp\/v2\/posts\/37202","targetHints":{"allow":["GET"]}}],"collection":[{"href":"https:\/\/www.altominho.tv\/site\/wp-json\/wp\/v2\/posts"}],"about":[{"href":"https:\/\/www.altominho.tv\/site\/wp-json\/wp\/v2\/types\/post"}],"author":[{"embeddable":true,"href":"https:\/\/www.altominho.tv\/site\/wp-json\/wp\/v2\/users\/12"}],"replies":[{"embeddable":true,"href":"https:\/\/www.altominho.tv\/site\/wp-json\/wp\/v2\/comments?post=37202"}],"version-history":[{"count":0,"href":"https:\/\/www.altominho.tv\/site\/wp-json\/wp\/v2\/posts\/37202\/revisions"}],"wp:featuredmedia":[{"embeddable":true,"href":"https:\/\/www.altominho.tv\/site\/wp-json\/wp\/v2\/media\/37203"}],"wp:attachment":[{"href":"https:\/\/www.altominho.tv\/site\/wp-json\/wp\/v2\/media?parent=37202"}],"wp:term":[{"taxonomy":"category","embeddable":true,"href":"https:\/\/www.altominho.tv\/site\/wp-json\/wp\/v2\/categories?post=37202"},{"taxonomy":"post_tag","embeddable":true,"href":"https:\/\/www.altominho.tv\/site\/wp-json\/wp\/v2\/tags?post=37202"}],"curies":[{"name":"wp","href":"https:\/\/api.w.org\/{rel}","templated":true}]}}