{"id":37194,"date":"2019-11-27T15:54:39","date_gmt":"2019-11-27T15:54:39","guid":{"rendered":"http:\/\/www.altominho.tv\/site\/?p=37194"},"modified":"2019-11-27T15:56:56","modified_gmt":"2019-11-27T15:56:56","slug":"trabalhos-de-utentes-da-appacdm-de-moncao-em-exposicao-solidaria","status":"publish","type":"post","link":"https:\/\/www.altominho.tv\/site\/2019\/11\/27\/trabalhos-de-utentes-da-appacdm-de-moncao-em-exposicao-solidaria\/","title":{"rendered":"Trabalhos de utentes da APPACDM de Mon\u00e7\u00e3o em exposi\u00e7\u00e3o solid\u00e1ria"},"content":{"rendered":"<p>A Casa Museu de Mon\u00e7\u00e3o\/Universidade do Minho vai acolher, entre os dias 3 e 7 de dezembro, uma mostra de trabalhos solid\u00e1ria, dinamizada pela Associa\u00e7\u00e3o Portuguesa de Pais e Amigos do Cidad\u00e3o Deficiente Mental (APPACDM) de Mon\u00e7\u00e3o.<\/p>\n<p>Os objetos alusivos ao Natal foram elaborados pelos utentes da institui\u00e7\u00e3o e estar\u00e3o tamb\u00e9m dispon\u00edveis para venda.<\/p>\n<p>A mostra poder\u00e1 ser visitada de ter\u00e7a a sexta-feira, entre as 09h30 e as 17h30, e aos s\u00e1bados, das 14h00 \u00e0s 19h00. A entrada \u00e9 livre.<\/p>\n","protected":false},"excerpt":{"rendered":"<p>A Casa Museu de Mon\u00e7\u00e3o\/Universidade do Minho vai acolher, entre os dias 3 e 7 de dezembro, uma mostra de trabalhos solid\u00e1ria, dinamizada pela Associa\u00e7\u00e3o Portuguesa de Pais e Amigos do Cidad\u00e3o Deficiente Mental (APPACDM) de Mon\u00e7\u00e3o. Os objetos alusivos ao Natal foram elaborados pelos utentes da institui\u00e7\u00e3o e estar\u00e3o tamb\u00e9m dispon\u00edveis para venda. A [&hellip;]<\/p>\n","protected":false},"author":12,"featured_media":37195,"comment_status":"closed","ping_status":"closed","sticky":false,"template":"","format":"standard","meta":{"_exactmetrics_skip_tracking":false,"_exactmetrics_sitenote_active":false,"_exactmetrics_sitenote_note":"","_exactmetrics_sitenote_category":0,"footnotes":""},"categories":[9],"tags":[27],"class_list":["post-37194","post","type-post","status-publish","format-standard","has-post-thumbnail","hentry","category-moncao","tag-sociedade"],"yoast_head":"<!-- This site is optimized with the Yoast SEO Premium plugin v27.4 (Yoast SEO v27.4) - https:\/\/yoast.com\/product\/yoast-seo-premium-wordpress\/ -->\n<title>Trabalhos de utentes da APPACDM de Mon\u00e7\u00e3o em exposi\u00e7\u00e3o solid\u00e1ria<\/title>\n<meta name=\"robots\" content=\"index, follow, max-snippet:-1, max-image-preview:large, max-video-preview:-1\" \/>\n<link rel=\"canonical\" href=\"https:\/\/www.altominho.tv\/site\/2019\/11\/27\/trabalhos-de-utentes-da-appacdm-de-moncao-em-exposicao-solidaria\/\" \/>\n<meta property=\"og:locale\" content=\"pt_PT\" \/>\n<meta property=\"og:type\" content=\"article\" \/>\n<meta property=\"og:title\" content=\"Trabalhos de utentes da APPACDM de Mon\u00e7\u00e3o em exposi\u00e7\u00e3o solid\u00e1ria\" \/>\n<meta property=\"og:description\" content=\"A Casa Museu de Mon\u00e7\u00e3o\/Universidade do Minho vai acolher, entre os dias 3 e 7 de dezembro, uma mostra de trabalhos solid\u00e1ria, dinamizada pela Associa\u00e7\u00e3o Portuguesa de Pais e Amigos do Cidad\u00e3o Deficiente Mental (APPACDM) de Mon\u00e7\u00e3o. Os objetos alusivos ao Natal foram elaborados pelos utentes da institui\u00e7\u00e3o e estar\u00e3o tamb\u00e9m dispon\u00edveis para venda. A [&hellip;]\" \/>\n<meta property=\"og:url\" content=\"https:\/\/www.altominho.tv\/site\/2019\/11\/27\/trabalhos-de-utentes-da-appacdm-de-moncao-em-exposicao-solidaria\/\" \/>\n<meta property=\"og:site_name\" content=\"Altominho.tv\" \/>\n<meta property=\"article:publisher\" content=\"https:\/\/www.facebook.com\/altominhotv\" \/>\n<meta property=\"article:published_time\" content=\"2019-11-27T15:54:39+00:00\" \/>\n<meta property=\"article:modified_time\" content=\"2019-11-27T15:56:56+00:00\" \/>\n<meta property=\"og:image\" content=\"https:\/\/www.altominho.tv\/site\/wp-content\/uploads\/2019\/11\/Image-7-e1574870191404.jpg\" \/>\n\t<meta property=\"og:image:width\" content=\"3215\" \/>\n\t<meta property=\"og:image:height\" content=\"2040\" \/>\n\t<meta property=\"og:image:type\" content=\"image\/jpeg\" \/>\n<meta name=\"author\" content=\"Andreia Ferreira\" \/>\n<meta name=\"twitter:card\" content=\"summary_large_image\" \/>\n<meta name=\"twitter:creator\" content=\"@altominhoTV\" \/>\n<meta name=\"twitter:site\" content=\"@altominhoTV\" \/>\n<meta name=\"twitter:label1\" content=\"Escrito por\" \/>\n\t<meta name=\"twitter:data1\" content=\"Andreia Ferreira\" \/>\n<script type=\"application\/ld+json\" class=\"yoast-schema-graph\">{\"@context\":\"https:\\\/\\\/schema.org\",\"@graph\":[{\"@type\":\"Article\",\"@id\":\"https:\\\/\\\/www.altominho.tv\\\/site\\\/2019\\\/11\\\/27\\\/trabalhos-de-utentes-da-appacdm-de-moncao-em-exposicao-solidaria\\\/#article\",\"isPartOf\":{\"@id\":\"https:\\\/\\\/www.altominho.tv\\\/site\\\/2019\\\/11\\\/27\\\/trabalhos-de-utentes-da-appacdm-de-moncao-em-exposicao-solidaria\\\/\"},\"author\":{\"name\":\"Andreia Ferreira\",\"@id\":\"https:\\\/\\\/www.altominho.tv\\\/site\\\/#\\\/schema\\\/person\\\/d9be4265364723f14ea8e0d56a1d38cd\"},\"headline\":\"Trabalhos de utentes da APPACDM de Mon\u00e7\u00e3o em exposi\u00e7\u00e3o solid\u00e1ria\",\"datePublished\":\"2019-11-27T15:54:39+00:00\",\"dateModified\":\"2019-11-27T15:56:56+00:00\",\"mainEntityOfPage\":{\"@id\":\"https:\\\/\\\/www.altominho.tv\\\/site\\\/2019\\\/11\\\/27\\\/trabalhos-de-utentes-da-appacdm-de-moncao-em-exposicao-solidaria\\\/\"},\"wordCount\":102,\"image\":{\"@id\":\"https:\\\/\\\/www.altominho.tv\\\/site\\\/2019\\\/11\\\/27\\\/trabalhos-de-utentes-da-appacdm-de-moncao-em-exposicao-solidaria\\\/#primaryimage\"},\"thumbnailUrl\":\"https:\\\/\\\/www.altominho.tv\\\/site\\\/wp-content\\\/uploads\\\/2019\\\/11\\\/Image-7-e1574870191404.jpg\",\"keywords\":[\"Sociedade\"],\"articleSection\":[\"Mon\u00e7\u00e3o\"],\"inLanguage\":\"pt-PT\",\"copyrightYear\":\"2019\",\"copyrightHolder\":{\"@id\":\"https:\\\/\\\/www.altominho.tv\\\/site\\\/#organization\"}},{\"@type\":\"WebPage\",\"@id\":\"https:\\\/\\\/www.altominho.tv\\\/site\\\/2019\\\/11\\\/27\\\/trabalhos-de-utentes-da-appacdm-de-moncao-em-exposicao-solidaria\\\/\",\"url\":\"https:\\\/\\\/www.altominho.tv\\\/site\\\/2019\\\/11\\\/27\\\/trabalhos-de-utentes-da-appacdm-de-moncao-em-exposicao-solidaria\\\/\",\"name\":\"Trabalhos de utentes da APPACDM de Mon\u00e7\u00e3o em exposi\u00e7\u00e3o solid\u00e1ria\",\"isPartOf\":{\"@id\":\"https:\\\/\\\/www.altominho.tv\\\/site\\\/#website\"},\"primaryImageOfPage\":{\"@id\":\"https:\\\/\\\/www.altominho.tv\\\/site\\\/2019\\\/11\\\/27\\\/trabalhos-de-utentes-da-appacdm-de-moncao-em-exposicao-solidaria\\\/#primaryimage\"},\"image\":{\"@id\":\"https:\\\/\\\/www.altominho.tv\\\/site\\\/2019\\\/11\\\/27\\\/trabalhos-de-utentes-da-appacdm-de-moncao-em-exposicao-solidaria\\\/#primaryimage\"},\"thumbnailUrl\":\"https:\\\/\\\/www.altominho.tv\\\/site\\\/wp-content\\\/uploads\\\/2019\\\/11\\\/Image-7-e1574870191404.jpg\",\"datePublished\":\"2019-11-27T15:54:39+00:00\",\"dateModified\":\"2019-11-27T15:56:56+00:00\",\"author\":{\"@id\":\"https:\\\/\\\/www.altominho.tv\\\/site\\\/#\\\/schema\\\/person\\\/d9be4265364723f14ea8e0d56a1d38cd\"},\"breadcrumb\":{\"@id\":\"https:\\\/\\\/www.altominho.tv\\\/site\\\/2019\\\/11\\\/27\\\/trabalhos-de-utentes-da-appacdm-de-moncao-em-exposicao-solidaria\\\/#breadcrumb\"},\"inLanguage\":\"pt-PT\",\"potentialAction\":[{\"@type\":\"ReadAction\",\"target\":[\"https:\\\/\\\/www.altominho.tv\\\/site\\\/2019\\\/11\\\/27\\\/trabalhos-de-utentes-da-appacdm-de-moncao-em-exposicao-solidaria\\\/\"]}]},{\"@type\":\"ImageObject\",\"inLanguage\":\"pt-PT\",\"@id\":\"https:\\\/\\\/www.altominho.tv\\\/site\\\/2019\\\/11\\\/27\\\/trabalhos-de-utentes-da-appacdm-de-moncao-em-exposicao-solidaria\\\/#primaryimage\",\"url\":\"https:\\\/\\\/www.altominho.tv\\\/site\\\/wp-content\\\/uploads\\\/2019\\\/11\\\/Image-7-e1574870191404.jpg\",\"contentUrl\":\"https:\\\/\\\/www.altominho.tv\\\/site\\\/wp-content\\\/uploads\\\/2019\\\/11\\\/Image-7-e1574870191404.jpg\",\"width\":3215,\"height\":2040},{\"@type\":\"BreadcrumbList\",\"@id\":\"https:\\\/\\\/www.altominho.tv\\\/site\\\/2019\\\/11\\\/27\\\/trabalhos-de-utentes-da-appacdm-de-moncao-em-exposicao-solidaria\\\/#breadcrumb\",\"itemListElement\":[{\"@type\":\"ListItem\",\"position\":1,\"name\":\"In\u00edcio\",\"item\":\"https:\\\/\\\/www.altominho.tv\\\/site\\\/\"},{\"@type\":\"ListItem\",\"position\":2,\"name\":\"Trabalhos de utentes da APPACDM de Mon\u00e7\u00e3o em exposi\u00e7\u00e3o solid\u00e1ria\"}]},{\"@type\":\"WebSite\",\"@id\":\"https:\\\/\\\/www.altominho.tv\\\/site\\\/#website\",\"url\":\"https:\\\/\\\/www.altominho.tv\\\/site\\\/\",\"name\":\"Altominho.tv\",\"description\":\"A sua regi\u00e3o \u00e0 dist\u00e2ncia de um clique...\",\"potentialAction\":[{\"@type\":\"SearchAction\",\"target\":{\"@type\":\"EntryPoint\",\"urlTemplate\":\"https:\\\/\\\/www.altominho.tv\\\/site\\\/?s={search_term_string}\"},\"query-input\":{\"@type\":\"PropertyValueSpecification\",\"valueRequired\":true,\"valueName\":\"search_term_string\"}}],\"inLanguage\":\"pt-PT\"},{\"@type\":\"Person\",\"@id\":\"https:\\\/\\\/www.altominho.tv\\\/site\\\/#\\\/schema\\\/person\\\/d9be4265364723f14ea8e0d56a1d38cd\",\"name\":\"Andreia Ferreira\",\"image\":{\"@type\":\"ImageObject\",\"inLanguage\":\"pt-PT\",\"@id\":\"https:\\\/\\\/www.altominho.tv\\\/site\\\/wp-content\\\/uploads\\\/2021\\\/01\\\/AndreiaFerreira-150x150.jpg\",\"url\":\"https:\\\/\\\/www.altominho.tv\\\/site\\\/wp-content\\\/uploads\\\/2021\\\/01\\\/AndreiaFerreira-150x150.jpg\",\"contentUrl\":\"https:\\\/\\\/www.altominho.tv\\\/site\\\/wp-content\\\/uploads\\\/2021\\\/01\\\/AndreiaFerreira-150x150.jpg\",\"caption\":\"Andreia Ferreira\"},\"url\":\"https:\\\/\\\/www.altominho.tv\\\/site\\\/author\\\/andreiaferreira\\\/\"}]}<\/script>\n<!-- \/ Yoast SEO Premium plugin. -->","yoast_head_json":{"title":"Trabalhos de utentes da APPACDM de Mon\u00e7\u00e3o em exposi\u00e7\u00e3o solid\u00e1ria","robots":{"index":"index","follow":"follow","max-snippet":"max-snippet:-1","max-image-preview":"max-image-preview:large","max-video-preview":"max-video-preview:-1"},"canonical":"https:\/\/www.altominho.tv\/site\/2019\/11\/27\/trabalhos-de-utentes-da-appacdm-de-moncao-em-exposicao-solidaria\/","og_locale":"pt_PT","og_type":"article","og_title":"Trabalhos de utentes da APPACDM de Mon\u00e7\u00e3o em exposi\u00e7\u00e3o solid\u00e1ria","og_description":"A Casa Museu de Mon\u00e7\u00e3o\/Universidade do Minho vai acolher, entre os dias 3 e 7 de dezembro, uma mostra de trabalhos solid\u00e1ria, dinamizada pela Associa\u00e7\u00e3o Portuguesa de Pais e Amigos do Cidad\u00e3o Deficiente Mental (APPACDM) de Mon\u00e7\u00e3o. Os objetos alusivos ao Natal foram elaborados pelos utentes da institui\u00e7\u00e3o e estar\u00e3o tamb\u00e9m dispon\u00edveis para venda. A [&hellip;]","og_url":"https:\/\/www.altominho.tv\/site\/2019\/11\/27\/trabalhos-de-utentes-da-appacdm-de-moncao-em-exposicao-solidaria\/","og_site_name":"Altominho.tv","article_publisher":"https:\/\/www.facebook.com\/altominhotv","article_published_time":"2019-11-27T15:54:39+00:00","article_modified_time":"2019-11-27T15:56:56+00:00","og_image":[{"width":3215,"height":2040,"url":"https:\/\/www.altominho.tv\/site\/wp-content\/uploads\/2019\/11\/Image-7-e1574870191404.jpg","type":"image\/jpeg"}],"author":"Andreia Ferreira","twitter_card":"summary_large_image","twitter_creator":"@altominhoTV","twitter_site":"@altominhoTV","twitter_misc":{"Escrito por":"Andreia Ferreira"},"schema":{"@context":"https:\/\/schema.org","@graph":[{"@type":"Article","@id":"https:\/\/www.altominho.tv\/site\/2019\/11\/27\/trabalhos-de-utentes-da-appacdm-de-moncao-em-exposicao-solidaria\/#article","isPartOf":{"@id":"https:\/\/www.altominho.tv\/site\/2019\/11\/27\/trabalhos-de-utentes-da-appacdm-de-moncao-em-exposicao-solidaria\/"},"author":{"name":"Andreia Ferreira","@id":"https:\/\/www.altominho.tv\/site\/#\/schema\/person\/d9be4265364723f14ea8e0d56a1d38cd"},"headline":"Trabalhos de utentes da APPACDM de Mon\u00e7\u00e3o em exposi\u00e7\u00e3o solid\u00e1ria","datePublished":"2019-11-27T15:54:39+00:00","dateModified":"2019-11-27T15:56:56+00:00","mainEntityOfPage":{"@id":"https:\/\/www.altominho.tv\/site\/2019\/11\/27\/trabalhos-de-utentes-da-appacdm-de-moncao-em-exposicao-solidaria\/"},"wordCount":102,"image":{"@id":"https:\/\/www.altominho.tv\/site\/2019\/11\/27\/trabalhos-de-utentes-da-appacdm-de-moncao-em-exposicao-solidaria\/#primaryimage"},"thumbnailUrl":"https:\/\/www.altominho.tv\/site\/wp-content\/uploads\/2019\/11\/Image-7-e1574870191404.jpg","keywords":["Sociedade"],"articleSection":["Mon\u00e7\u00e3o"],"inLanguage":"pt-PT","copyrightYear":"2019","copyrightHolder":{"@id":"https:\/\/www.altominho.tv\/site\/#organization"}},{"@type":"WebPage","@id":"https:\/\/www.altominho.tv\/site\/2019\/11\/27\/trabalhos-de-utentes-da-appacdm-de-moncao-em-exposicao-solidaria\/","url":"https:\/\/www.altominho.tv\/site\/2019\/11\/27\/trabalhos-de-utentes-da-appacdm-de-moncao-em-exposicao-solidaria\/","name":"Trabalhos de utentes da APPACDM de Mon\u00e7\u00e3o em exposi\u00e7\u00e3o solid\u00e1ria","isPartOf":{"@id":"https:\/\/www.altominho.tv\/site\/#website"},"primaryImageOfPage":{"@id":"https:\/\/www.altominho.tv\/site\/2019\/11\/27\/trabalhos-de-utentes-da-appacdm-de-moncao-em-exposicao-solidaria\/#primaryimage"},"image":{"@id":"https:\/\/www.altominho.tv\/site\/2019\/11\/27\/trabalhos-de-utentes-da-appacdm-de-moncao-em-exposicao-solidaria\/#primaryimage"},"thumbnailUrl":"https:\/\/www.altominho.tv\/site\/wp-content\/uploads\/2019\/11\/Image-7-e1574870191404.jpg","datePublished":"2019-11-27T15:54:39+00:00","dateModified":"2019-11-27T15:56:56+00:00","author":{"@id":"https:\/\/www.altominho.tv\/site\/#\/schema\/person\/d9be4265364723f14ea8e0d56a1d38cd"},"breadcrumb":{"@id":"https:\/\/www.altominho.tv\/site\/2019\/11\/27\/trabalhos-de-utentes-da-appacdm-de-moncao-em-exposicao-solidaria\/#breadcrumb"},"inLanguage":"pt-PT","potentialAction":[{"@type":"ReadAction","target":["https:\/\/www.altominho.tv\/site\/2019\/11\/27\/trabalhos-de-utentes-da-appacdm-de-moncao-em-exposicao-solidaria\/"]}]},{"@type":"ImageObject","inLanguage":"pt-PT","@id":"https:\/\/www.altominho.tv\/site\/2019\/11\/27\/trabalhos-de-utentes-da-appacdm-de-moncao-em-exposicao-solidaria\/#primaryimage","url":"https:\/\/www.altominho.tv\/site\/wp-content\/uploads\/2019\/11\/Image-7-e1574870191404.jpg","contentUrl":"https:\/\/www.altominho.tv\/site\/wp-content\/uploads\/2019\/11\/Image-7-e1574870191404.jpg","width":3215,"height":2040},{"@type":"BreadcrumbList","@id":"https:\/\/www.altominho.tv\/site\/2019\/11\/27\/trabalhos-de-utentes-da-appacdm-de-moncao-em-exposicao-solidaria\/#breadcrumb","itemListElement":[{"@type":"ListItem","position":1,"name":"In\u00edcio","item":"https:\/\/www.altominho.tv\/site\/"},{"@type":"ListItem","position":2,"name":"Trabalhos de utentes da APPACDM de Mon\u00e7\u00e3o em exposi\u00e7\u00e3o solid\u00e1ria"}]},{"@type":"WebSite","@id":"https:\/\/www.altominho.tv\/site\/#website","url":"https:\/\/www.altominho.tv\/site\/","name":"Altominho.tv","description":"A sua regi\u00e3o \u00e0 dist\u00e2ncia de um clique...","potentialAction":[{"@type":"SearchAction","target":{"@type":"EntryPoint","urlTemplate":"https:\/\/www.altominho.tv\/site\/?s={search_term_string}"},"query-input":{"@type":"PropertyValueSpecification","valueRequired":true,"valueName":"search_term_string"}}],"inLanguage":"pt-PT"},{"@type":"Person","@id":"https:\/\/www.altominho.tv\/site\/#\/schema\/person\/d9be4265364723f14ea8e0d56a1d38cd","name":"Andreia Ferreira","image":{"@type":"ImageObject","inLanguage":"pt-PT","@id":"https:\/\/www.altominho.tv\/site\/wp-content\/uploads\/2021\/01\/AndreiaFerreira-150x150.jpg","url":"https:\/\/www.altominho.tv\/site\/wp-content\/uploads\/2021\/01\/AndreiaFerreira-150x150.jpg","contentUrl":"https:\/\/www.altominho.tv\/site\/wp-content\/uploads\/2021\/01\/AndreiaFerreira-150x150.jpg","caption":"Andreia Ferreira"},"url":"https:\/\/www.altominho.tv\/site\/author\/andreiaferreira\/"}]}},"_links":{"self":[{"href":"https:\/\/www.altominho.tv\/site\/wp-json\/wp\/v2\/posts\/37194","targetHints":{"allow":["GET"]}}],"collection":[{"href":"https:\/\/www.altominho.tv\/site\/wp-json\/wp\/v2\/posts"}],"about":[{"href":"https:\/\/www.altominho.tv\/site\/wp-json\/wp\/v2\/types\/post"}],"author":[{"embeddable":true,"href":"https:\/\/www.altominho.tv\/site\/wp-json\/wp\/v2\/users\/12"}],"replies":[{"embeddable":true,"href":"https:\/\/www.altominho.tv\/site\/wp-json\/wp\/v2\/comments?post=37194"}],"version-history":[{"count":0,"href":"https:\/\/www.altominho.tv\/site\/wp-json\/wp\/v2\/posts\/37194\/revisions"}],"wp:featuredmedia":[{"embeddable":true,"href":"https:\/\/www.altominho.tv\/site\/wp-json\/wp\/v2\/media\/37195"}],"wp:attachment":[{"href":"https:\/\/www.altominho.tv\/site\/wp-json\/wp\/v2\/media?parent=37194"}],"wp:term":[{"taxonomy":"category","embeddable":true,"href":"https:\/\/www.altominho.tv\/site\/wp-json\/wp\/v2\/categories?post=37194"},{"taxonomy":"post_tag","embeddable":true,"href":"https:\/\/www.altominho.tv\/site\/wp-json\/wp\/v2\/tags?post=37194"}],"curies":[{"name":"wp","href":"https:\/\/api.w.org\/{rel}","templated":true}]}}