{"id":37116,"date":"2019-11-26T12:21:53","date_gmt":"2019-11-26T12:21:53","guid":{"rendered":"http:\/\/www.altominho.tv\/site\/?p=37116"},"modified":"2019-11-26T12:22:13","modified_gmt":"2019-11-26T12:22:13","slug":"mac-demarco-tommy-cash-e-squid-atuam-em-agosto-no-festival-paredes-de-coura","status":"publish","type":"post","link":"https:\/\/www.altominho.tv\/site\/2019\/11\/26\/mac-demarco-tommy-cash-e-squid-atuam-em-agosto-no-festival-paredes-de-coura\/","title":{"rendered":"Mac DeMarco, Tommy Cash e Squid atuam em agosto no festival Paredes de Coura"},"content":{"rendered":"<p>O m\u00fasico canadiano Mac DeMarco, o rapper Tommy Cash e o quinteto londrino Squid s\u00e3o as mais recentes confirma\u00e7\u00f5es da pr\u00f3xima edi\u00e7\u00e3o do Vodafone Paredes de Coura, que regressa \u00e0 Praia Fluvial do Tabo\u00e3o de 19 a 22 de agosto, anunciou hoje a promotora Ritmos.<\/p>\n<p>Mac DeMarco est\u00e1 de regresso ao festival alto-minhoto para apresentar o mais recente disco, <em>Here Comes the Cowboy\u00a0<\/em>(2019), composto por treze temas que transportam para um lado mais \u00edntimo da inf\u00e2ncia do m\u00fasico canadiano. Indie, rock alternativo e rock psicad\u00e9lico s\u00e3o alguns dos g\u00e9neros musicais que identificam o estilo do cantor.<\/p>\n<p>O rapper e artista visual Tommy Cash vai tamb\u00e9m marcar presen\u00e7a na\u00a0 28.\u00aa edi\u00e7\u00e3o do Vodafone Paredes de Coura e apresentar a sua vis\u00e3o selvagem e descontrolada de um universo musical, onde se identificam refer\u00eancias art\u00edsticas de Lil Peep e Die Antwoord. Apaixonado pela cultura do hip-hop americano, 2014 foi o ano do lan\u00e7amento do \u00e1lbum de estreia <em>Euroz Dollaz Yeniz<\/em>, imediatamente seguido por novos singles e colabora\u00e7\u00f5es de sucesso como \u201cDelicious\u201d de Charli XCX e \u201cWho\u201d de Modeselektor.<\/p>\n<p>Aclamados pela ind\u00fastria e com largos elogios da Stereogum, The Guardian e NME, Squid s\u00e3o uma das mais recentes confirma\u00e7\u00f5es do festival. O quinteto formado por Ollie Judge, Louis Borlase, Arthur Leadbetter, Laurie Nankivell e Anton Pearson apresenta uma vers\u00e3o crua e genu\u00edna do cl\u00e1ssico post-punk. Estilo musical vincado no ano de 1970, ganha novo rosto com <em>Town Centre<\/em>, lan\u00e7ado em novembro de 2019.<\/p>\n<p>No cartaz da edi\u00e7\u00e3o de 2020 do Vodafone <span class=\"il\">Paredes<\/span>\u00a0de\u00a0<span class=\"il\">Coura<\/span> estavam j\u00e1 garantidos os Pixies,\u00a0Parquet Courts,\u00a0Woods,\u00a0Black Country, New Road,\u00a0IDLES,\u00a0The Comet Is Comet\u00a0e\u00a0(Sandy) Alex G.<\/p>\n<p>Os passes gerais j\u00e1 est\u00e3o \u00e0 venda, pelo pre\u00e7o de 95 euros.<\/p>\n","protected":false},"excerpt":{"rendered":"<p>O m\u00fasico canadiano Mac DeMarco, o rapper Tommy Cash e o quinteto londrino Squid s\u00e3o as mais recentes confirma\u00e7\u00f5es da pr\u00f3xima edi\u00e7\u00e3o do Vodafone Paredes de Coura, que regressa \u00e0 Praia Fluvial do Tabo\u00e3o de 19 a 22 de agosto, anunciou hoje a promotora Ritmos. Mac DeMarco est\u00e1 de regresso ao festival alto-minhoto para apresentar [&hellip;]<\/p>\n","protected":false},"author":12,"featured_media":37117,"comment_status":"closed","ping_status":"closed","sticky":false,"template":"","format":"standard","meta":{"_exactmetrics_skip_tracking":false,"_exactmetrics_sitenote_active":false,"_exactmetrics_sitenote_note":"","_exactmetrics_sitenote_category":0,"footnotes":""},"categories":[10],"tags":[19],"class_list":["post-37116","post","type-post","status-publish","format-standard","has-post-thumbnail","hentry","category-paredes-de-coura","tag-cultura"],"yoast_head":"<!-- This site is optimized with the Yoast SEO Premium plugin v27.5 (Yoast SEO v27.5) - https:\/\/yoast.com\/product\/yoast-seo-premium-wordpress\/ -->\n<title>Mac DeMarco, Tommy Cash e Squid atuam em agosto no festival Paredes de Coura<\/title>\n<meta name=\"robots\" content=\"index, follow, max-snippet:-1, max-image-preview:large, max-video-preview:-1\" \/>\n<link rel=\"canonical\" href=\"https:\/\/www.altominho.tv\/site\/2019\/11\/26\/mac-demarco-tommy-cash-e-squid-atuam-em-agosto-no-festival-paredes-de-coura\/\" \/>\n<meta property=\"og:locale\" content=\"pt_PT\" \/>\n<meta property=\"og:type\" content=\"article\" \/>\n<meta property=\"og:title\" content=\"Mac DeMarco, Tommy Cash e Squid atuam em agosto no festival Paredes de Coura\" \/>\n<meta property=\"og:description\" content=\"O m\u00fasico canadiano Mac DeMarco, o rapper Tommy Cash e o quinteto londrino Squid s\u00e3o as mais recentes confirma\u00e7\u00f5es da pr\u00f3xima edi\u00e7\u00e3o do Vodafone Paredes de Coura, que regressa \u00e0 Praia Fluvial do Tabo\u00e3o de 19 a 22 de agosto, anunciou hoje a promotora Ritmos. Mac DeMarco est\u00e1 de regresso ao festival alto-minhoto para apresentar [&hellip;]\" \/>\n<meta property=\"og:url\" content=\"https:\/\/www.altominho.tv\/site\/2019\/11\/26\/mac-demarco-tommy-cash-e-squid-atuam-em-agosto-no-festival-paredes-de-coura\/\" \/>\n<meta property=\"og:site_name\" content=\"Altominho.tv\" \/>\n<meta property=\"article:publisher\" content=\"https:\/\/www.facebook.com\/altominhotv\" \/>\n<meta property=\"article:published_time\" content=\"2019-11-26T12:21:53+00:00\" \/>\n<meta property=\"article:modified_time\" content=\"2019-11-26T12:22:13+00:00\" \/>\n<meta property=\"og:image\" content=\"https:\/\/www.altominho.tv\/site\/wp-content\/uploads\/2019\/11\/VPC.jpg\" \/>\n\t<meta property=\"og:image:width\" content=\"768\" \/>\n\t<meta property=\"og:image:height\" content=\"502\" \/>\n\t<meta property=\"og:image:type\" content=\"image\/jpeg\" \/>\n<meta name=\"author\" content=\"Andreia Ferreira\" \/>\n<meta name=\"twitter:card\" content=\"summary_large_image\" \/>\n<meta name=\"twitter:creator\" content=\"@altominhoTV\" \/>\n<meta name=\"twitter:site\" content=\"@altominhoTV\" \/>\n<meta name=\"twitter:label1\" content=\"Escrito por\" \/>\n\t<meta name=\"twitter:data1\" content=\"Andreia Ferreira\" \/>\n\t<meta name=\"twitter:label2\" content=\"Tempo estimado de leitura\" \/>\n\t<meta name=\"twitter:data2\" content=\"2 minutos\" \/>\n<script type=\"application\/ld+json\" class=\"yoast-schema-graph\">{\"@context\":\"https:\\\/\\\/schema.org\",\"@graph\":[{\"@type\":\"Article\",\"@id\":\"https:\\\/\\\/www.altominho.tv\\\/site\\\/2019\\\/11\\\/26\\\/mac-demarco-tommy-cash-e-squid-atuam-em-agosto-no-festival-paredes-de-coura\\\/#article\",\"isPartOf\":{\"@id\":\"https:\\\/\\\/www.altominho.tv\\\/site\\\/2019\\\/11\\\/26\\\/mac-demarco-tommy-cash-e-squid-atuam-em-agosto-no-festival-paredes-de-coura\\\/\"},\"author\":{\"name\":\"Andreia Ferreira\",\"@id\":\"https:\\\/\\\/www.altominho.tv\\\/site\\\/#\\\/schema\\\/person\\\/d9be4265364723f14ea8e0d56a1d38cd\"},\"headline\":\"Mac DeMarco, Tommy Cash e Squid atuam em agosto no festival Paredes de Coura\",\"datePublished\":\"2019-11-26T12:21:53+00:00\",\"dateModified\":\"2019-11-26T12:22:13+00:00\",\"mainEntityOfPage\":{\"@id\":\"https:\\\/\\\/www.altominho.tv\\\/site\\\/2019\\\/11\\\/26\\\/mac-demarco-tommy-cash-e-squid-atuam-em-agosto-no-festival-paredes-de-coura\\\/\"},\"wordCount\":316,\"image\":{\"@id\":\"https:\\\/\\\/www.altominho.tv\\\/site\\\/2019\\\/11\\\/26\\\/mac-demarco-tommy-cash-e-squid-atuam-em-agosto-no-festival-paredes-de-coura\\\/#primaryimage\"},\"thumbnailUrl\":\"https:\\\/\\\/www.altominho.tv\\\/site\\\/wp-content\\\/uploads\\\/2019\\\/11\\\/VPC.jpg\",\"keywords\":[\"Cultura\"],\"articleSection\":[\"Paredes de Coura\"],\"inLanguage\":\"pt-PT\",\"copyrightYear\":\"2019\",\"copyrightHolder\":{\"@id\":\"https:\\\/\\\/www.altominho.tv\\\/site\\\/#organization\"}},{\"@type\":\"WebPage\",\"@id\":\"https:\\\/\\\/www.altominho.tv\\\/site\\\/2019\\\/11\\\/26\\\/mac-demarco-tommy-cash-e-squid-atuam-em-agosto-no-festival-paredes-de-coura\\\/\",\"url\":\"https:\\\/\\\/www.altominho.tv\\\/site\\\/2019\\\/11\\\/26\\\/mac-demarco-tommy-cash-e-squid-atuam-em-agosto-no-festival-paredes-de-coura\\\/\",\"name\":\"Mac DeMarco, Tommy Cash e Squid atuam em agosto no festival Paredes de Coura\",\"isPartOf\":{\"@id\":\"https:\\\/\\\/www.altominho.tv\\\/site\\\/#website\"},\"primaryImageOfPage\":{\"@id\":\"https:\\\/\\\/www.altominho.tv\\\/site\\\/2019\\\/11\\\/26\\\/mac-demarco-tommy-cash-e-squid-atuam-em-agosto-no-festival-paredes-de-coura\\\/#primaryimage\"},\"image\":{\"@id\":\"https:\\\/\\\/www.altominho.tv\\\/site\\\/2019\\\/11\\\/26\\\/mac-demarco-tommy-cash-e-squid-atuam-em-agosto-no-festival-paredes-de-coura\\\/#primaryimage\"},\"thumbnailUrl\":\"https:\\\/\\\/www.altominho.tv\\\/site\\\/wp-content\\\/uploads\\\/2019\\\/11\\\/VPC.jpg\",\"datePublished\":\"2019-11-26T12:21:53+00:00\",\"dateModified\":\"2019-11-26T12:22:13+00:00\",\"author\":{\"@id\":\"https:\\\/\\\/www.altominho.tv\\\/site\\\/#\\\/schema\\\/person\\\/d9be4265364723f14ea8e0d56a1d38cd\"},\"breadcrumb\":{\"@id\":\"https:\\\/\\\/www.altominho.tv\\\/site\\\/2019\\\/11\\\/26\\\/mac-demarco-tommy-cash-e-squid-atuam-em-agosto-no-festival-paredes-de-coura\\\/#breadcrumb\"},\"inLanguage\":\"pt-PT\",\"potentialAction\":[{\"@type\":\"ReadAction\",\"target\":[\"https:\\\/\\\/www.altominho.tv\\\/site\\\/2019\\\/11\\\/26\\\/mac-demarco-tommy-cash-e-squid-atuam-em-agosto-no-festival-paredes-de-coura\\\/\"]}]},{\"@type\":\"ImageObject\",\"inLanguage\":\"pt-PT\",\"@id\":\"https:\\\/\\\/www.altominho.tv\\\/site\\\/2019\\\/11\\\/26\\\/mac-demarco-tommy-cash-e-squid-atuam-em-agosto-no-festival-paredes-de-coura\\\/#primaryimage\",\"url\":\"https:\\\/\\\/www.altominho.tv\\\/site\\\/wp-content\\\/uploads\\\/2019\\\/11\\\/VPC.jpg\",\"contentUrl\":\"https:\\\/\\\/www.altominho.tv\\\/site\\\/wp-content\\\/uploads\\\/2019\\\/11\\\/VPC.jpg\",\"width\":768,\"height\":502},{\"@type\":\"BreadcrumbList\",\"@id\":\"https:\\\/\\\/www.altominho.tv\\\/site\\\/2019\\\/11\\\/26\\\/mac-demarco-tommy-cash-e-squid-atuam-em-agosto-no-festival-paredes-de-coura\\\/#breadcrumb\",\"itemListElement\":[{\"@type\":\"ListItem\",\"position\":1,\"name\":\"In\u00edcio\",\"item\":\"https:\\\/\\\/www.altominho.tv\\\/site\\\/\"},{\"@type\":\"ListItem\",\"position\":2,\"name\":\"Mac DeMarco, Tommy Cash e Squid atuam em agosto no festival Paredes de Coura\"}]},{\"@type\":\"WebSite\",\"@id\":\"https:\\\/\\\/www.altominho.tv\\\/site\\\/#website\",\"url\":\"https:\\\/\\\/www.altominho.tv\\\/site\\\/\",\"name\":\"Altominho.tv\",\"description\":\"A sua regi\u00e3o \u00e0 dist\u00e2ncia de um clique...\",\"potentialAction\":[{\"@type\":\"SearchAction\",\"target\":{\"@type\":\"EntryPoint\",\"urlTemplate\":\"https:\\\/\\\/www.altominho.tv\\\/site\\\/?s={search_term_string}\"},\"query-input\":{\"@type\":\"PropertyValueSpecification\",\"valueRequired\":true,\"valueName\":\"search_term_string\"}}],\"inLanguage\":\"pt-PT\"},{\"@type\":\"Person\",\"@id\":\"https:\\\/\\\/www.altominho.tv\\\/site\\\/#\\\/schema\\\/person\\\/d9be4265364723f14ea8e0d56a1d38cd\",\"name\":\"Andreia Ferreira\",\"image\":{\"@type\":\"ImageObject\",\"inLanguage\":\"pt-PT\",\"@id\":\"https:\\\/\\\/www.altominho.tv\\\/site\\\/wp-content\\\/uploads\\\/2021\\\/01\\\/AndreiaFerreira-150x150.jpg\",\"url\":\"https:\\\/\\\/www.altominho.tv\\\/site\\\/wp-content\\\/uploads\\\/2021\\\/01\\\/AndreiaFerreira-150x150.jpg\",\"contentUrl\":\"https:\\\/\\\/www.altominho.tv\\\/site\\\/wp-content\\\/uploads\\\/2021\\\/01\\\/AndreiaFerreira-150x150.jpg\",\"caption\":\"Andreia Ferreira\"},\"url\":\"https:\\\/\\\/www.altominho.tv\\\/site\\\/author\\\/andreiaferreira\\\/\"}]}<\/script>\n<!-- \/ Yoast SEO Premium plugin. -->","yoast_head_json":{"title":"Mac DeMarco, Tommy Cash e Squid atuam em agosto no festival Paredes de Coura","robots":{"index":"index","follow":"follow","max-snippet":"max-snippet:-1","max-image-preview":"max-image-preview:large","max-video-preview":"max-video-preview:-1"},"canonical":"https:\/\/www.altominho.tv\/site\/2019\/11\/26\/mac-demarco-tommy-cash-e-squid-atuam-em-agosto-no-festival-paredes-de-coura\/","og_locale":"pt_PT","og_type":"article","og_title":"Mac DeMarco, Tommy Cash e Squid atuam em agosto no festival Paredes de Coura","og_description":"O m\u00fasico canadiano Mac DeMarco, o rapper Tommy Cash e o quinteto londrino Squid s\u00e3o as mais recentes confirma\u00e7\u00f5es da pr\u00f3xima edi\u00e7\u00e3o do Vodafone Paredes de Coura, que regressa \u00e0 Praia Fluvial do Tabo\u00e3o de 19 a 22 de agosto, anunciou hoje a promotora Ritmos. Mac DeMarco est\u00e1 de regresso ao festival alto-minhoto para apresentar [&hellip;]","og_url":"https:\/\/www.altominho.tv\/site\/2019\/11\/26\/mac-demarco-tommy-cash-e-squid-atuam-em-agosto-no-festival-paredes-de-coura\/","og_site_name":"Altominho.tv","article_publisher":"https:\/\/www.facebook.com\/altominhotv","article_published_time":"2019-11-26T12:21:53+00:00","article_modified_time":"2019-11-26T12:22:13+00:00","og_image":[{"width":768,"height":502,"url":"https:\/\/www.altominho.tv\/site\/wp-content\/uploads\/2019\/11\/VPC.jpg","type":"image\/jpeg"}],"author":"Andreia Ferreira","twitter_card":"summary_large_image","twitter_creator":"@altominhoTV","twitter_site":"@altominhoTV","twitter_misc":{"Escrito por":"Andreia Ferreira","Tempo estimado de leitura":"2 minutos"},"schema":{"@context":"https:\/\/schema.org","@graph":[{"@type":"Article","@id":"https:\/\/www.altominho.tv\/site\/2019\/11\/26\/mac-demarco-tommy-cash-e-squid-atuam-em-agosto-no-festival-paredes-de-coura\/#article","isPartOf":{"@id":"https:\/\/www.altominho.tv\/site\/2019\/11\/26\/mac-demarco-tommy-cash-e-squid-atuam-em-agosto-no-festival-paredes-de-coura\/"},"author":{"name":"Andreia Ferreira","@id":"https:\/\/www.altominho.tv\/site\/#\/schema\/person\/d9be4265364723f14ea8e0d56a1d38cd"},"headline":"Mac DeMarco, Tommy Cash e Squid atuam em agosto no festival Paredes de Coura","datePublished":"2019-11-26T12:21:53+00:00","dateModified":"2019-11-26T12:22:13+00:00","mainEntityOfPage":{"@id":"https:\/\/www.altominho.tv\/site\/2019\/11\/26\/mac-demarco-tommy-cash-e-squid-atuam-em-agosto-no-festival-paredes-de-coura\/"},"wordCount":316,"image":{"@id":"https:\/\/www.altominho.tv\/site\/2019\/11\/26\/mac-demarco-tommy-cash-e-squid-atuam-em-agosto-no-festival-paredes-de-coura\/#primaryimage"},"thumbnailUrl":"https:\/\/www.altominho.tv\/site\/wp-content\/uploads\/2019\/11\/VPC.jpg","keywords":["Cultura"],"articleSection":["Paredes de Coura"],"inLanguage":"pt-PT","copyrightYear":"2019","copyrightHolder":{"@id":"https:\/\/www.altominho.tv\/site\/#organization"}},{"@type":"WebPage","@id":"https:\/\/www.altominho.tv\/site\/2019\/11\/26\/mac-demarco-tommy-cash-e-squid-atuam-em-agosto-no-festival-paredes-de-coura\/","url":"https:\/\/www.altominho.tv\/site\/2019\/11\/26\/mac-demarco-tommy-cash-e-squid-atuam-em-agosto-no-festival-paredes-de-coura\/","name":"Mac DeMarco, Tommy Cash e Squid atuam em agosto no festival Paredes de Coura","isPartOf":{"@id":"https:\/\/www.altominho.tv\/site\/#website"},"primaryImageOfPage":{"@id":"https:\/\/www.altominho.tv\/site\/2019\/11\/26\/mac-demarco-tommy-cash-e-squid-atuam-em-agosto-no-festival-paredes-de-coura\/#primaryimage"},"image":{"@id":"https:\/\/www.altominho.tv\/site\/2019\/11\/26\/mac-demarco-tommy-cash-e-squid-atuam-em-agosto-no-festival-paredes-de-coura\/#primaryimage"},"thumbnailUrl":"https:\/\/www.altominho.tv\/site\/wp-content\/uploads\/2019\/11\/VPC.jpg","datePublished":"2019-11-26T12:21:53+00:00","dateModified":"2019-11-26T12:22:13+00:00","author":{"@id":"https:\/\/www.altominho.tv\/site\/#\/schema\/person\/d9be4265364723f14ea8e0d56a1d38cd"},"breadcrumb":{"@id":"https:\/\/www.altominho.tv\/site\/2019\/11\/26\/mac-demarco-tommy-cash-e-squid-atuam-em-agosto-no-festival-paredes-de-coura\/#breadcrumb"},"inLanguage":"pt-PT","potentialAction":[{"@type":"ReadAction","target":["https:\/\/www.altominho.tv\/site\/2019\/11\/26\/mac-demarco-tommy-cash-e-squid-atuam-em-agosto-no-festival-paredes-de-coura\/"]}]},{"@type":"ImageObject","inLanguage":"pt-PT","@id":"https:\/\/www.altominho.tv\/site\/2019\/11\/26\/mac-demarco-tommy-cash-e-squid-atuam-em-agosto-no-festival-paredes-de-coura\/#primaryimage","url":"https:\/\/www.altominho.tv\/site\/wp-content\/uploads\/2019\/11\/VPC.jpg","contentUrl":"https:\/\/www.altominho.tv\/site\/wp-content\/uploads\/2019\/11\/VPC.jpg","width":768,"height":502},{"@type":"BreadcrumbList","@id":"https:\/\/www.altominho.tv\/site\/2019\/11\/26\/mac-demarco-tommy-cash-e-squid-atuam-em-agosto-no-festival-paredes-de-coura\/#breadcrumb","itemListElement":[{"@type":"ListItem","position":1,"name":"In\u00edcio","item":"https:\/\/www.altominho.tv\/site\/"},{"@type":"ListItem","position":2,"name":"Mac DeMarco, Tommy Cash e Squid atuam em agosto no festival Paredes de Coura"}]},{"@type":"WebSite","@id":"https:\/\/www.altominho.tv\/site\/#website","url":"https:\/\/www.altominho.tv\/site\/","name":"Altominho.tv","description":"A sua regi\u00e3o \u00e0 dist\u00e2ncia de um clique...","potentialAction":[{"@type":"SearchAction","target":{"@type":"EntryPoint","urlTemplate":"https:\/\/www.altominho.tv\/site\/?s={search_term_string}"},"query-input":{"@type":"PropertyValueSpecification","valueRequired":true,"valueName":"search_term_string"}}],"inLanguage":"pt-PT"},{"@type":"Person","@id":"https:\/\/www.altominho.tv\/site\/#\/schema\/person\/d9be4265364723f14ea8e0d56a1d38cd","name":"Andreia Ferreira","image":{"@type":"ImageObject","inLanguage":"pt-PT","@id":"https:\/\/www.altominho.tv\/site\/wp-content\/uploads\/2021\/01\/AndreiaFerreira-150x150.jpg","url":"https:\/\/www.altominho.tv\/site\/wp-content\/uploads\/2021\/01\/AndreiaFerreira-150x150.jpg","contentUrl":"https:\/\/www.altominho.tv\/site\/wp-content\/uploads\/2021\/01\/AndreiaFerreira-150x150.jpg","caption":"Andreia Ferreira"},"url":"https:\/\/www.altominho.tv\/site\/author\/andreiaferreira\/"}]}},"_links":{"self":[{"href":"https:\/\/www.altominho.tv\/site\/wp-json\/wp\/v2\/posts\/37116","targetHints":{"allow":["GET"]}}],"collection":[{"href":"https:\/\/www.altominho.tv\/site\/wp-json\/wp\/v2\/posts"}],"about":[{"href":"https:\/\/www.altominho.tv\/site\/wp-json\/wp\/v2\/types\/post"}],"author":[{"embeddable":true,"href":"https:\/\/www.altominho.tv\/site\/wp-json\/wp\/v2\/users\/12"}],"replies":[{"embeddable":true,"href":"https:\/\/www.altominho.tv\/site\/wp-json\/wp\/v2\/comments?post=37116"}],"version-history":[{"count":0,"href":"https:\/\/www.altominho.tv\/site\/wp-json\/wp\/v2\/posts\/37116\/revisions"}],"wp:featuredmedia":[{"embeddable":true,"href":"https:\/\/www.altominho.tv\/site\/wp-json\/wp\/v2\/media\/37117"}],"wp:attachment":[{"href":"https:\/\/www.altominho.tv\/site\/wp-json\/wp\/v2\/media?parent=37116"}],"wp:term":[{"taxonomy":"category","embeddable":true,"href":"https:\/\/www.altominho.tv\/site\/wp-json\/wp\/v2\/categories?post=37116"},{"taxonomy":"post_tag","embeddable":true,"href":"https:\/\/www.altominho.tv\/site\/wp-json\/wp\/v2\/tags?post=37116"}],"curies":[{"name":"wp","href":"https:\/\/api.w.org\/{rel}","templated":true}]}}