{"id":37040,"date":"2019-11-25T09:50:01","date_gmt":"2019-11-25T09:50:01","guid":{"rendered":"http:\/\/www.altominho.tv\/site\/?p=37040"},"modified":"2019-11-25T09:50:08","modified_gmt":"2019-11-25T09:50:08","slug":"festival-de-teatro-de-viana-foi-um-sucesso","status":"publish","type":"post","link":"https:\/\/www.altominho.tv\/site\/2019\/11\/25\/festival-de-teatro-de-viana-foi-um-sucesso\/","title":{"rendered":"Festival de Teatro de Viana foi \u201cum sucesso\u201d"},"content":{"rendered":"\n<p>A edi\u00e7\u00e3o deste ano do Festival de Teatro de Viana do Castelo, foi considerada pela organiza\u00e7\u00e3o \u201cum sucesso\u201d.<\/p>\n\n\n\n<p>O Festival terminou no passado dia\u00a018 de novembro.<\/p>\n\n\n\n<p>A terceira edi\u00e7\u00e3o do\u00a0Festival de Teatro de Viana do Castelo\u00a0durou\u00a09 dias consecutivos, e apresentou\u00a017 representa\u00e7\u00f5es\u00a0de\u00a013\u00a0diferentes espet\u00e1culos\u00a0no\u00a0Teatro Municipal S\u00e1 de Miranda, na capital do\u00a0Alto Minho.<\/p>\n\n\n\n<p>&#8220;A edi\u00e7\u00e3o deste ano registou um\u00a0crescimento de 53%\u00a0em n\u00famero de espetadores\u00a0e uma\u00a0taxa de ocupa\u00e7\u00e3o m\u00e9dia de 84%, numa programa\u00e7\u00e3o pautada por espet\u00e1culos de diversas est\u00e9ticas, pensados para\u00a0p\u00fablicos tamb\u00e9m distintos&#8221;, informou em nota o Teatro do Noroeste &#8211; CDV.<\/p>\n\n\n\n<p>Nesta edi\u00e7\u00e3o, participaram criadores e int\u00e9rpretes de\u00a0Portugal\u00a0e\u00a0Espanha, como\u00a0Jo\u00e3o\u00a0Mota,\u00a0Carlos Paulo,\u00a0Rita Ribeiro,\u00a0Bruno Nogueira,\u00a0Quique Mendez,\u00a0Pedro Oss\u00f3rio,\u00a0Cristina D. Silveira\u00a0e coletivos e companhias como\u00a0A Comuna &#8211; Teatro de Pesquisa,\u00a0Teatro de La Fundici\u00f3n de Sevilla,\u00a0Jean-Philippe Kikolas,\u00a0Teatro Nacional 21,\u00a0Teatro\u00a0Art\u2019Imagem,\u00a0Teatro Regional da Serra do Montemuro, entre outros, incluindo a\u00a0companhia anfitri\u00e3.<\/p>\n\n\n\n<p>O\u00a0Festival de Teatro de Viana do Castelo de 2020\u00a0j\u00e1 est\u00e1 a ser preparado e vai realizar-se,\u00a0como sempre, de\u00a010\u00a0a\u00a018\u00a0de\u00a0novembro.<\/p>\n","protected":false},"excerpt":{"rendered":"<p>A edi\u00e7\u00e3o deste ano do Festival de Teatro de Viana do Castelo, foi considerada pela organiza\u00e7\u00e3o \u201cum sucesso\u201d. O Festival terminou no passado dia\u00a018 de novembro. A terceira edi\u00e7\u00e3o do\u00a0Festival de Teatro de Viana do Castelo\u00a0durou\u00a09 dias consecutivos, e apresentou\u00a017 representa\u00e7\u00f5es\u00a0de\u00a013\u00a0diferentes espet\u00e1culos\u00a0no\u00a0Teatro Municipal S\u00e1 de Miranda, na capital do\u00a0Alto Minho. &#8220;A edi\u00e7\u00e3o deste ano registou [&hellip;]<\/p>\n","protected":false},"author":7,"featured_media":37042,"comment_status":"closed","ping_status":"closed","sticky":false,"template":"","format":"standard","meta":{"_exactmetrics_skip_tracking":false,"_exactmetrics_sitenote_active":false,"_exactmetrics_sitenote_note":"","_exactmetrics_sitenote_category":0,"footnotes":""},"categories":[14],"tags":[19,24],"class_list":["post-37040","post","type-post","status-publish","format-standard","has-post-thumbnail","hentry","category-viana-do-castelo","tag-cultura","tag-lazer"],"yoast_head":"<!-- This site is optimized with the Yoast SEO Premium plugin v27.5 (Yoast SEO v27.5) - https:\/\/yoast.com\/product\/yoast-seo-premium-wordpress\/ -->\n<title>Festival de Teatro de Viana foi \u201cum sucesso\u201d<\/title>\n<meta name=\"robots\" content=\"index, follow, max-snippet:-1, max-image-preview:large, max-video-preview:-1\" \/>\n<link rel=\"canonical\" href=\"https:\/\/www.altominho.tv\/site\/2019\/11\/25\/festival-de-teatro-de-viana-foi-um-sucesso\/\" \/>\n<meta property=\"og:locale\" content=\"pt_PT\" \/>\n<meta property=\"og:type\" content=\"article\" \/>\n<meta property=\"og:title\" content=\"Festival de Teatro de Viana foi \u201cum sucesso\u201d\" \/>\n<meta property=\"og:description\" content=\"A edi\u00e7\u00e3o deste ano do Festival de Teatro de Viana do Castelo, foi considerada pela organiza\u00e7\u00e3o \u201cum sucesso\u201d. O Festival terminou no passado dia\u00a018 de novembro. A terceira edi\u00e7\u00e3o do\u00a0Festival de Teatro de Viana do Castelo\u00a0durou\u00a09 dias consecutivos, e apresentou\u00a017 representa\u00e7\u00f5es\u00a0de\u00a013\u00a0diferentes espet\u00e1culos\u00a0no\u00a0Teatro Municipal S\u00e1 de Miranda, na capital do\u00a0Alto Minho. &#8220;A edi\u00e7\u00e3o deste ano registou [&hellip;]\" \/>\n<meta property=\"og:url\" content=\"https:\/\/www.altominho.tv\/site\/2019\/11\/25\/festival-de-teatro-de-viana-foi-um-sucesso\/\" \/>\n<meta property=\"og:site_name\" content=\"Altominho.tv\" \/>\n<meta property=\"article:publisher\" content=\"https:\/\/www.facebook.com\/altominhotv\" \/>\n<meta property=\"article:published_time\" content=\"2019-11-25T09:50:01+00:00\" \/>\n<meta property=\"article:modified_time\" content=\"2019-11-25T09:50:08+00:00\" \/>\n<meta property=\"og:image\" content=\"https:\/\/www.altominho.tv\/site\/wp-content\/uploads\/2019\/11\/teatro-sa.jpg\" \/>\n\t<meta property=\"og:image:width\" content=\"1000\" \/>\n\t<meta property=\"og:image:height\" content=\"670\" \/>\n\t<meta property=\"og:image:type\" content=\"image\/jpeg\" \/>\n<meta name=\"author\" content=\"Andreia Cunha\" \/>\n<meta name=\"twitter:card\" content=\"summary_large_image\" \/>\n<meta name=\"twitter:creator\" content=\"@altominhoTV\" \/>\n<meta name=\"twitter:site\" content=\"@altominhoTV\" \/>\n<meta name=\"twitter:label1\" content=\"Escrito por\" \/>\n\t<meta name=\"twitter:data1\" content=\"Andreia Cunha\" \/>\n\t<meta name=\"twitter:label2\" content=\"Tempo estimado de leitura\" \/>\n\t<meta name=\"twitter:data2\" content=\"1 minuto\" \/>\n<script type=\"application\/ld+json\" class=\"yoast-schema-graph\">{\"@context\":\"https:\\\/\\\/schema.org\",\"@graph\":[{\"@type\":\"Article\",\"@id\":\"https:\\\/\\\/www.altominho.tv\\\/site\\\/2019\\\/11\\\/25\\\/festival-de-teatro-de-viana-foi-um-sucesso\\\/#article\",\"isPartOf\":{\"@id\":\"https:\\\/\\\/www.altominho.tv\\\/site\\\/2019\\\/11\\\/25\\\/festival-de-teatro-de-viana-foi-um-sucesso\\\/\"},\"author\":{\"name\":\"Andreia Cunha\",\"@id\":\"https:\\\/\\\/www.altominho.tv\\\/site\\\/#\\\/schema\\\/person\\\/a0e4ef6d041f98ca284393d8f1d97153\"},\"headline\":\"Festival de Teatro de Viana foi \u201cum sucesso\u201d\",\"datePublished\":\"2019-11-25T09:50:01+00:00\",\"dateModified\":\"2019-11-25T09:50:08+00:00\",\"mainEntityOfPage\":{\"@id\":\"https:\\\/\\\/www.altominho.tv\\\/site\\\/2019\\\/11\\\/25\\\/festival-de-teatro-de-viana-foi-um-sucesso\\\/\"},\"wordCount\":210,\"image\":{\"@id\":\"https:\\\/\\\/www.altominho.tv\\\/site\\\/2019\\\/11\\\/25\\\/festival-de-teatro-de-viana-foi-um-sucesso\\\/#primaryimage\"},\"thumbnailUrl\":\"https:\\\/\\\/www.altominho.tv\\\/site\\\/wp-content\\\/uploads\\\/2019\\\/11\\\/teatro-sa.jpg\",\"keywords\":[\"Cultura\",\"Lazer\"],\"articleSection\":[\"Viana do Castelo\"],\"inLanguage\":\"pt-PT\",\"copyrightYear\":\"2019\",\"copyrightHolder\":{\"@id\":\"https:\\\/\\\/www.altominho.tv\\\/site\\\/#organization\"}},{\"@type\":\"WebPage\",\"@id\":\"https:\\\/\\\/www.altominho.tv\\\/site\\\/2019\\\/11\\\/25\\\/festival-de-teatro-de-viana-foi-um-sucesso\\\/\",\"url\":\"https:\\\/\\\/www.altominho.tv\\\/site\\\/2019\\\/11\\\/25\\\/festival-de-teatro-de-viana-foi-um-sucesso\\\/\",\"name\":\"Festival de Teatro de Viana foi \u201cum sucesso\u201d\",\"isPartOf\":{\"@id\":\"https:\\\/\\\/www.altominho.tv\\\/site\\\/#website\"},\"primaryImageOfPage\":{\"@id\":\"https:\\\/\\\/www.altominho.tv\\\/site\\\/2019\\\/11\\\/25\\\/festival-de-teatro-de-viana-foi-um-sucesso\\\/#primaryimage\"},\"image\":{\"@id\":\"https:\\\/\\\/www.altominho.tv\\\/site\\\/2019\\\/11\\\/25\\\/festival-de-teatro-de-viana-foi-um-sucesso\\\/#primaryimage\"},\"thumbnailUrl\":\"https:\\\/\\\/www.altominho.tv\\\/site\\\/wp-content\\\/uploads\\\/2019\\\/11\\\/teatro-sa.jpg\",\"datePublished\":\"2019-11-25T09:50:01+00:00\",\"dateModified\":\"2019-11-25T09:50:08+00:00\",\"author\":{\"@id\":\"https:\\\/\\\/www.altominho.tv\\\/site\\\/#\\\/schema\\\/person\\\/a0e4ef6d041f98ca284393d8f1d97153\"},\"breadcrumb\":{\"@id\":\"https:\\\/\\\/www.altominho.tv\\\/site\\\/2019\\\/11\\\/25\\\/festival-de-teatro-de-viana-foi-um-sucesso\\\/#breadcrumb\"},\"inLanguage\":\"pt-PT\",\"potentialAction\":[{\"@type\":\"ReadAction\",\"target\":[\"https:\\\/\\\/www.altominho.tv\\\/site\\\/2019\\\/11\\\/25\\\/festival-de-teatro-de-viana-foi-um-sucesso\\\/\"]}]},{\"@type\":\"ImageObject\",\"inLanguage\":\"pt-PT\",\"@id\":\"https:\\\/\\\/www.altominho.tv\\\/site\\\/2019\\\/11\\\/25\\\/festival-de-teatro-de-viana-foi-um-sucesso\\\/#primaryimage\",\"url\":\"https:\\\/\\\/www.altominho.tv\\\/site\\\/wp-content\\\/uploads\\\/2019\\\/11\\\/teatro-sa.jpg\",\"contentUrl\":\"https:\\\/\\\/www.altominho.tv\\\/site\\\/wp-content\\\/uploads\\\/2019\\\/11\\\/teatro-sa.jpg\",\"width\":1000,\"height\":670},{\"@type\":\"BreadcrumbList\",\"@id\":\"https:\\\/\\\/www.altominho.tv\\\/site\\\/2019\\\/11\\\/25\\\/festival-de-teatro-de-viana-foi-um-sucesso\\\/#breadcrumb\",\"itemListElement\":[{\"@type\":\"ListItem\",\"position\":1,\"name\":\"In\u00edcio\",\"item\":\"https:\\\/\\\/www.altominho.tv\\\/site\\\/\"},{\"@type\":\"ListItem\",\"position\":2,\"name\":\"Festival de Teatro de Viana foi \u201cum sucesso\u201d\"}]},{\"@type\":\"WebSite\",\"@id\":\"https:\\\/\\\/www.altominho.tv\\\/site\\\/#website\",\"url\":\"https:\\\/\\\/www.altominho.tv\\\/site\\\/\",\"name\":\"Altominho.tv\",\"description\":\"A sua regi\u00e3o \u00e0 dist\u00e2ncia de um clique...\",\"potentialAction\":[{\"@type\":\"SearchAction\",\"target\":{\"@type\":\"EntryPoint\",\"urlTemplate\":\"https:\\\/\\\/www.altominho.tv\\\/site\\\/?s={search_term_string}\"},\"query-input\":{\"@type\":\"PropertyValueSpecification\",\"valueRequired\":true,\"valueName\":\"search_term_string\"}}],\"inLanguage\":\"pt-PT\"},{\"@type\":\"Person\",\"@id\":\"https:\\\/\\\/www.altominho.tv\\\/site\\\/#\\\/schema\\\/person\\\/a0e4ef6d041f98ca284393d8f1d97153\",\"name\":\"Andreia Cunha\",\"image\":{\"@type\":\"ImageObject\",\"inLanguage\":\"pt-PT\",\"@id\":\"https:\\\/\\\/www.altominho.tv\\\/site\\\/wp-content\\\/uploads\\\/2017\\\/11\\\/Andreia_Cunha-1-150x150.jpg\",\"url\":\"https:\\\/\\\/www.altominho.tv\\\/site\\\/wp-content\\\/uploads\\\/2017\\\/11\\\/Andreia_Cunha-1-150x150.jpg\",\"contentUrl\":\"https:\\\/\\\/www.altominho.tv\\\/site\\\/wp-content\\\/uploads\\\/2017\\\/11\\\/Andreia_Cunha-1-150x150.jpg\",\"caption\":\"Andreia Cunha\"},\"url\":\"https:\\\/\\\/www.altominho.tv\\\/site\\\/author\\\/andreiacunha\\\/\"}]}<\/script>\n<!-- \/ Yoast SEO Premium plugin. -->","yoast_head_json":{"title":"Festival de Teatro de Viana foi \u201cum sucesso\u201d","robots":{"index":"index","follow":"follow","max-snippet":"max-snippet:-1","max-image-preview":"max-image-preview:large","max-video-preview":"max-video-preview:-1"},"canonical":"https:\/\/www.altominho.tv\/site\/2019\/11\/25\/festival-de-teatro-de-viana-foi-um-sucesso\/","og_locale":"pt_PT","og_type":"article","og_title":"Festival de Teatro de Viana foi \u201cum sucesso\u201d","og_description":"A edi\u00e7\u00e3o deste ano do Festival de Teatro de Viana do Castelo, foi considerada pela organiza\u00e7\u00e3o \u201cum sucesso\u201d. O Festival terminou no passado dia\u00a018 de novembro. A terceira edi\u00e7\u00e3o do\u00a0Festival de Teatro de Viana do Castelo\u00a0durou\u00a09 dias consecutivos, e apresentou\u00a017 representa\u00e7\u00f5es\u00a0de\u00a013\u00a0diferentes espet\u00e1culos\u00a0no\u00a0Teatro Municipal S\u00e1 de Miranda, na capital do\u00a0Alto Minho. &#8220;A edi\u00e7\u00e3o deste ano registou [&hellip;]","og_url":"https:\/\/www.altominho.tv\/site\/2019\/11\/25\/festival-de-teatro-de-viana-foi-um-sucesso\/","og_site_name":"Altominho.tv","article_publisher":"https:\/\/www.facebook.com\/altominhotv","article_published_time":"2019-11-25T09:50:01+00:00","article_modified_time":"2019-11-25T09:50:08+00:00","og_image":[{"width":1000,"height":670,"url":"https:\/\/www.altominho.tv\/site\/wp-content\/uploads\/2019\/11\/teatro-sa.jpg","type":"image\/jpeg"}],"author":"Andreia Cunha","twitter_card":"summary_large_image","twitter_creator":"@altominhoTV","twitter_site":"@altominhoTV","twitter_misc":{"Escrito por":"Andreia Cunha","Tempo estimado de leitura":"1 minuto"},"schema":{"@context":"https:\/\/schema.org","@graph":[{"@type":"Article","@id":"https:\/\/www.altominho.tv\/site\/2019\/11\/25\/festival-de-teatro-de-viana-foi-um-sucesso\/#article","isPartOf":{"@id":"https:\/\/www.altominho.tv\/site\/2019\/11\/25\/festival-de-teatro-de-viana-foi-um-sucesso\/"},"author":{"name":"Andreia Cunha","@id":"https:\/\/www.altominho.tv\/site\/#\/schema\/person\/a0e4ef6d041f98ca284393d8f1d97153"},"headline":"Festival de Teatro de Viana foi \u201cum sucesso\u201d","datePublished":"2019-11-25T09:50:01+00:00","dateModified":"2019-11-25T09:50:08+00:00","mainEntityOfPage":{"@id":"https:\/\/www.altominho.tv\/site\/2019\/11\/25\/festival-de-teatro-de-viana-foi-um-sucesso\/"},"wordCount":210,"image":{"@id":"https:\/\/www.altominho.tv\/site\/2019\/11\/25\/festival-de-teatro-de-viana-foi-um-sucesso\/#primaryimage"},"thumbnailUrl":"https:\/\/www.altominho.tv\/site\/wp-content\/uploads\/2019\/11\/teatro-sa.jpg","keywords":["Cultura","Lazer"],"articleSection":["Viana do Castelo"],"inLanguage":"pt-PT","copyrightYear":"2019","copyrightHolder":{"@id":"https:\/\/www.altominho.tv\/site\/#organization"}},{"@type":"WebPage","@id":"https:\/\/www.altominho.tv\/site\/2019\/11\/25\/festival-de-teatro-de-viana-foi-um-sucesso\/","url":"https:\/\/www.altominho.tv\/site\/2019\/11\/25\/festival-de-teatro-de-viana-foi-um-sucesso\/","name":"Festival de Teatro de Viana foi \u201cum sucesso\u201d","isPartOf":{"@id":"https:\/\/www.altominho.tv\/site\/#website"},"primaryImageOfPage":{"@id":"https:\/\/www.altominho.tv\/site\/2019\/11\/25\/festival-de-teatro-de-viana-foi-um-sucesso\/#primaryimage"},"image":{"@id":"https:\/\/www.altominho.tv\/site\/2019\/11\/25\/festival-de-teatro-de-viana-foi-um-sucesso\/#primaryimage"},"thumbnailUrl":"https:\/\/www.altominho.tv\/site\/wp-content\/uploads\/2019\/11\/teatro-sa.jpg","datePublished":"2019-11-25T09:50:01+00:00","dateModified":"2019-11-25T09:50:08+00:00","author":{"@id":"https:\/\/www.altominho.tv\/site\/#\/schema\/person\/a0e4ef6d041f98ca284393d8f1d97153"},"breadcrumb":{"@id":"https:\/\/www.altominho.tv\/site\/2019\/11\/25\/festival-de-teatro-de-viana-foi-um-sucesso\/#breadcrumb"},"inLanguage":"pt-PT","potentialAction":[{"@type":"ReadAction","target":["https:\/\/www.altominho.tv\/site\/2019\/11\/25\/festival-de-teatro-de-viana-foi-um-sucesso\/"]}]},{"@type":"ImageObject","inLanguage":"pt-PT","@id":"https:\/\/www.altominho.tv\/site\/2019\/11\/25\/festival-de-teatro-de-viana-foi-um-sucesso\/#primaryimage","url":"https:\/\/www.altominho.tv\/site\/wp-content\/uploads\/2019\/11\/teatro-sa.jpg","contentUrl":"https:\/\/www.altominho.tv\/site\/wp-content\/uploads\/2019\/11\/teatro-sa.jpg","width":1000,"height":670},{"@type":"BreadcrumbList","@id":"https:\/\/www.altominho.tv\/site\/2019\/11\/25\/festival-de-teatro-de-viana-foi-um-sucesso\/#breadcrumb","itemListElement":[{"@type":"ListItem","position":1,"name":"In\u00edcio","item":"https:\/\/www.altominho.tv\/site\/"},{"@type":"ListItem","position":2,"name":"Festival de Teatro de Viana foi \u201cum sucesso\u201d"}]},{"@type":"WebSite","@id":"https:\/\/www.altominho.tv\/site\/#website","url":"https:\/\/www.altominho.tv\/site\/","name":"Altominho.tv","description":"A sua regi\u00e3o \u00e0 dist\u00e2ncia de um clique...","potentialAction":[{"@type":"SearchAction","target":{"@type":"EntryPoint","urlTemplate":"https:\/\/www.altominho.tv\/site\/?s={search_term_string}"},"query-input":{"@type":"PropertyValueSpecification","valueRequired":true,"valueName":"search_term_string"}}],"inLanguage":"pt-PT"},{"@type":"Person","@id":"https:\/\/www.altominho.tv\/site\/#\/schema\/person\/a0e4ef6d041f98ca284393d8f1d97153","name":"Andreia Cunha","image":{"@type":"ImageObject","inLanguage":"pt-PT","@id":"https:\/\/www.altominho.tv\/site\/wp-content\/uploads\/2017\/11\/Andreia_Cunha-1-150x150.jpg","url":"https:\/\/www.altominho.tv\/site\/wp-content\/uploads\/2017\/11\/Andreia_Cunha-1-150x150.jpg","contentUrl":"https:\/\/www.altominho.tv\/site\/wp-content\/uploads\/2017\/11\/Andreia_Cunha-1-150x150.jpg","caption":"Andreia Cunha"},"url":"https:\/\/www.altominho.tv\/site\/author\/andreiacunha\/"}]}},"_links":{"self":[{"href":"https:\/\/www.altominho.tv\/site\/wp-json\/wp\/v2\/posts\/37040","targetHints":{"allow":["GET"]}}],"collection":[{"href":"https:\/\/www.altominho.tv\/site\/wp-json\/wp\/v2\/posts"}],"about":[{"href":"https:\/\/www.altominho.tv\/site\/wp-json\/wp\/v2\/types\/post"}],"author":[{"embeddable":true,"href":"https:\/\/www.altominho.tv\/site\/wp-json\/wp\/v2\/users\/7"}],"replies":[{"embeddable":true,"href":"https:\/\/www.altominho.tv\/site\/wp-json\/wp\/v2\/comments?post=37040"}],"version-history":[{"count":0,"href":"https:\/\/www.altominho.tv\/site\/wp-json\/wp\/v2\/posts\/37040\/revisions"}],"wp:featuredmedia":[{"embeddable":true,"href":"https:\/\/www.altominho.tv\/site\/wp-json\/wp\/v2\/media\/37042"}],"wp:attachment":[{"href":"https:\/\/www.altominho.tv\/site\/wp-json\/wp\/v2\/media?parent=37040"}],"wp:term":[{"taxonomy":"category","embeddable":true,"href":"https:\/\/www.altominho.tv\/site\/wp-json\/wp\/v2\/categories?post=37040"},{"taxonomy":"post_tag","embeddable":true,"href":"https:\/\/www.altominho.tv\/site\/wp-json\/wp\/v2\/tags?post=37040"}],"curies":[{"name":"wp","href":"https:\/\/api.w.org\/{rel}","templated":true}]}}