{"id":37023,"date":"2019-11-25T09:29:49","date_gmt":"2019-11-25T09:29:49","guid":{"rendered":"http:\/\/www.altominho.tv\/site\/?p=37023"},"modified":"2019-11-25T09:32:06","modified_gmt":"2019-11-25T09:32:06","slug":"realizador-vianense-miguel-filgueiras-filma-trilogia-em-torno-dos-black-bombaim","status":"publish","type":"post","link":"https:\/\/www.altominho.tv\/site\/2019\/11\/25\/realizador-vianense-miguel-filgueiras-filma-trilogia-em-torno-dos-black-bombaim\/","title":{"rendered":"Realizador vianense Miguel Filgueiras filma trilogia em torno dos Black Bombaim"},"content":{"rendered":"<p class=\"news-subheadline\">O realizador Miguel Filgueiras registou num document\u00e1rio uma &#8220;trilogia&#8221; criativa da banda Black Bombaim, que trabalhou com tr\u00eas compositores diferentes, o que resultou igualmente numa tr\u00edade de cap\u00edtulos que se estreiam no pr\u00f3ximo dia 27 no Porto\/Post\/Doc, no Porto.<\/p>\n<p>O filme ser\u00e1 exibido no festival de document\u00e1rios no \u00e2<span class=\"nanospell-typo\">mbito<\/span> da sec\u00e7\u00e3o &#8216;Transmission&#8217;, dedicada \u00e0 m\u00fasica, acompanhando o processo de cria\u00e7\u00e3o da banda em conjunto com tr\u00eas compositores diferentes, dividindo o filme, assim, em tr\u00eas cap\u00edtulos distintos, numa viagem guiada pela m\u00fasica.<\/p>\n<p>Convidado pela editora Lovers &amp; <span class=\"nanospell-typo\">Lollypops<\/span> para trabalhar &#8220;no seguimento de uma est\u00e9tica e linha de interesse, a da rela\u00e7\u00e3o da m\u00fasica com o document\u00e1rio experimental&#8221;, o realizador Miguel <span class=\"nanospell-typo\">Filgueiras<\/span> acabou por voltar a operar neste campo, em que se sente &#8220;bastante confort\u00e1vel&#8221;.<\/p>\n<p>O filme dividiu-se, desde logo, a partir do trio de compositores com quem a banda de Barcelos trabalhou, Pedro Augusto, Lu\u00eds Fernandes e Jonathan <span class=\"nanospell-typo\">Uliel<\/span> Saldanha, &#8220;bastante distintos uns dos outros&#8221; pela pr\u00f3pria variedade em estilo e <span class=\"nanospell-typo\">proje\u00e7\u00e3o<\/span> musical de cada um.<\/p>\n<p>&#8220;Olhando para a primeira parte do filme e a \u00faltima, vemos que s\u00e3o est\u00e9ticas e metaf\u00edsicas completamente diferentes, at\u00e9 no campo da edi\u00e7\u00e3o e realiza\u00e7\u00e3o, mas ao mesmo tempo misturadas, porque a pr\u00f3pria banda tamb\u00e9m mistura, \u00e9 um pilar que uniformiza tudo&#8221;, explica o realizador.<\/p>\n<p><span class=\"nanospell-typo\">Filgueiras<\/span>, um &#8220;f\u00e3, amigo e apaixonado dos Black Bombaim&#8221;, v\u00ea na banda minhota &#8220;um som cinematogr\u00e1fico que ajuda&#8221; a trabalhar na dimens\u00e3o audiovisual, por levar &#8220;\u00e0 expans\u00e3o do pensamento e da liberdade da m\u00fasica&#8221;, e a colabora\u00e7\u00e3o deixou-o &#8220;muito contente&#8221;.<\/p>\n<p>&#8220;Relacionava-me com o som e sabia que o som me ia permitir certo tipo de rela\u00e7\u00f5es pr\u00f3ximas com a imagem, com os Black Bombaim seria mais f\u00e1cil&#8221;, aponta o cineasta.<\/p>\n<p>A sinopse do filme descreve-o como sendo &#8220;sobre a cria\u00e7\u00e3o musical e a sua rela\u00e7\u00e3o com a paisagem enquanto espa\u00e7o de cria\u00e7\u00e3o de mitologias e de <span class=\"nanospell-typo\">somatiza\u00e7\u00e3o<\/span> de fantasmas&#8221;.<\/p>\n<p>&#8220;A m\u00fasica em si \u00e9 um fantasma, \u00e9 uma coisa invis\u00edvel. H\u00e1 um emissor e um <span class=\"nanospell-typo\">recetor<\/span>, um espa\u00e7o, e esse fantasma, que se <span class=\"nanospell-typo\">somatiza<\/span> constantemente em vibra\u00e7\u00f5es&#8221;, completa Miguel <span class=\"nanospell-typo\">Filgueiras<\/span>.<\/p>\n<p>Recorde-se que este realizador vianense, realizou em 2012 <a href=\"http:\/\/www.altominho.tv\/site\/2017\/12\/13\/documentario-alto-do-minho-do-realizador-miguel-filgueiras-selecionado-no-volkskundemuseum-wien\/\">&#8220;Alto do Minho&#8221;, o filme documental que retrata tradi\u00e7\u00f5es alto-minhotas, que tem recebido diversos pr\u00e9mios<\/a> desenvolvendo um percurso internacional em festivais, assim como em simp\u00f3sios, confer\u00eancias e eventos culturais.<\/p>\n","protected":false},"excerpt":{"rendered":"<p>O realizador Miguel Filgueiras registou num document\u00e1rio uma &#8220;trilogia&#8221; criativa da banda Black Bombaim, que trabalhou com tr\u00eas compositores diferentes, o que resultou igualmente numa tr\u00edade de cap\u00edtulos que se estreiam no pr\u00f3ximo dia 27 no Porto\/Post\/Doc, no Porto. O filme ser\u00e1 exibido no festival de document\u00e1rios no \u00e2mbito da sec\u00e7\u00e3o &#8216;Transmission&#8217;, dedicada \u00e0 m\u00fasica, [&hellip;]<\/p>\n","protected":false},"author":13,"featured_media":37031,"comment_status":"closed","ping_status":"closed","sticky":false,"template":"","format":"standard","meta":{"_exactmetrics_skip_tracking":false,"_exactmetrics_sitenote_active":false,"_exactmetrics_sitenote_note":"","_exactmetrics_sitenote_category":0,"footnotes":""},"categories":[14],"tags":[19,24],"class_list":["post-37023","post","type-post","status-publish","format-standard","has-post-thumbnail","hentry","category-viana-do-castelo","tag-cultura","tag-lazer"],"yoast_head":"<!-- This site is optimized with the Yoast SEO Premium plugin v27.5 (Yoast SEO v27.5) - https:\/\/yoast.com\/product\/yoast-seo-premium-wordpress\/ -->\n<title>Realizador vianense Miguel Filgueiras filma trilogia em torno dos Black Bombaim<\/title>\n<meta name=\"robots\" content=\"index, follow, max-snippet:-1, max-image-preview:large, max-video-preview:-1\" \/>\n<link rel=\"canonical\" href=\"https:\/\/www.altominho.tv\/site\/2019\/11\/25\/realizador-vianense-miguel-filgueiras-filma-trilogia-em-torno-dos-black-bombaim\/\" \/>\n<meta property=\"og:locale\" content=\"pt_PT\" \/>\n<meta property=\"og:type\" content=\"article\" \/>\n<meta property=\"og:title\" content=\"Realizador vianense Miguel Filgueiras filma trilogia em torno dos Black Bombaim\" \/>\n<meta property=\"og:description\" content=\"O realizador Miguel Filgueiras registou num document\u00e1rio uma &#8220;trilogia&#8221; criativa da banda Black Bombaim, que trabalhou com tr\u00eas compositores diferentes, o que resultou igualmente numa tr\u00edade de cap\u00edtulos que se estreiam no pr\u00f3ximo dia 27 no Porto\/Post\/Doc, no Porto. O filme ser\u00e1 exibido no festival de document\u00e1rios no \u00e2mbito da sec\u00e7\u00e3o &#8216;Transmission&#8217;, dedicada \u00e0 m\u00fasica, [&hellip;]\" \/>\n<meta property=\"og:url\" content=\"https:\/\/www.altominho.tv\/site\/2019\/11\/25\/realizador-vianense-miguel-filgueiras-filma-trilogia-em-torno-dos-black-bombaim\/\" \/>\n<meta property=\"og:site_name\" content=\"Altominho.tv\" \/>\n<meta property=\"article:publisher\" content=\"https:\/\/www.facebook.com\/altominhotv\" \/>\n<meta property=\"article:published_time\" content=\"2019-11-25T09:29:49+00:00\" \/>\n<meta property=\"article:modified_time\" content=\"2019-11-25T09:32:06+00:00\" \/>\n<meta property=\"og:image\" content=\"https:\/\/www.altominho.tv\/site\/wp-content\/uploads\/2019\/11\/Miguel_Filgueiras_Porto_Post_Doc.jpg\" \/>\n\t<meta property=\"og:image:width\" content=\"1280\" \/>\n\t<meta property=\"og:image:height\" content=\"720\" \/>\n\t<meta property=\"og:image:type\" content=\"image\/jpeg\" \/>\n<meta name=\"author\" content=\"Lusa\" \/>\n<meta name=\"twitter:card\" content=\"summary_large_image\" \/>\n<meta name=\"twitter:creator\" content=\"@altominhoTV\" \/>\n<meta name=\"twitter:site\" content=\"@altominhoTV\" \/>\n<meta name=\"twitter:label1\" content=\"Escrito por\" \/>\n\t<meta name=\"twitter:data1\" content=\"Lusa\" \/>\n\t<meta name=\"twitter:label2\" content=\"Tempo estimado de leitura\" \/>\n\t<meta name=\"twitter:data2\" content=\"2 minutos\" \/>\n<script type=\"application\/ld+json\" class=\"yoast-schema-graph\">{\"@context\":\"https:\\\/\\\/schema.org\",\"@graph\":[{\"@type\":\"Article\",\"@id\":\"https:\\\/\\\/www.altominho.tv\\\/site\\\/2019\\\/11\\\/25\\\/realizador-vianense-miguel-filgueiras-filma-trilogia-em-torno-dos-black-bombaim\\\/#article\",\"isPartOf\":{\"@id\":\"https:\\\/\\\/www.altominho.tv\\\/site\\\/2019\\\/11\\\/25\\\/realizador-vianense-miguel-filgueiras-filma-trilogia-em-torno-dos-black-bombaim\\\/\"},\"author\":{\"name\":\"Lusa\",\"@id\":\"https:\\\/\\\/www.altominho.tv\\\/site\\\/#\\\/schema\\\/person\\\/63f693da3e1899361cbe955c46f3232e\"},\"headline\":\"Realizador vianense Miguel Filgueiras filma trilogia em torno dos Black Bombaim\",\"datePublished\":\"2019-11-25T09:29:49+00:00\",\"dateModified\":\"2019-11-25T09:32:06+00:00\",\"mainEntityOfPage\":{\"@id\":\"https:\\\/\\\/www.altominho.tv\\\/site\\\/2019\\\/11\\\/25\\\/realizador-vianense-miguel-filgueiras-filma-trilogia-em-torno-dos-black-bombaim\\\/\"},\"wordCount\":433,\"image\":{\"@id\":\"https:\\\/\\\/www.altominho.tv\\\/site\\\/2019\\\/11\\\/25\\\/realizador-vianense-miguel-filgueiras-filma-trilogia-em-torno-dos-black-bombaim\\\/#primaryimage\"},\"thumbnailUrl\":\"https:\\\/\\\/www.altominho.tv\\\/site\\\/wp-content\\\/uploads\\\/2019\\\/11\\\/Miguel_Filgueiras_Porto_Post_Doc.jpg\",\"keywords\":[\"Cultura\",\"Lazer\"],\"articleSection\":[\"Viana do Castelo\"],\"inLanguage\":\"pt-PT\",\"copyrightYear\":\"2019\",\"copyrightHolder\":{\"@id\":\"https:\\\/\\\/www.altominho.tv\\\/site\\\/#organization\"}},{\"@type\":\"WebPage\",\"@id\":\"https:\\\/\\\/www.altominho.tv\\\/site\\\/2019\\\/11\\\/25\\\/realizador-vianense-miguel-filgueiras-filma-trilogia-em-torno-dos-black-bombaim\\\/\",\"url\":\"https:\\\/\\\/www.altominho.tv\\\/site\\\/2019\\\/11\\\/25\\\/realizador-vianense-miguel-filgueiras-filma-trilogia-em-torno-dos-black-bombaim\\\/\",\"name\":\"Realizador vianense Miguel Filgueiras filma trilogia em torno dos Black Bombaim\",\"isPartOf\":{\"@id\":\"https:\\\/\\\/www.altominho.tv\\\/site\\\/#website\"},\"primaryImageOfPage\":{\"@id\":\"https:\\\/\\\/www.altominho.tv\\\/site\\\/2019\\\/11\\\/25\\\/realizador-vianense-miguel-filgueiras-filma-trilogia-em-torno-dos-black-bombaim\\\/#primaryimage\"},\"image\":{\"@id\":\"https:\\\/\\\/www.altominho.tv\\\/site\\\/2019\\\/11\\\/25\\\/realizador-vianense-miguel-filgueiras-filma-trilogia-em-torno-dos-black-bombaim\\\/#primaryimage\"},\"thumbnailUrl\":\"https:\\\/\\\/www.altominho.tv\\\/site\\\/wp-content\\\/uploads\\\/2019\\\/11\\\/Miguel_Filgueiras_Porto_Post_Doc.jpg\",\"datePublished\":\"2019-11-25T09:29:49+00:00\",\"dateModified\":\"2019-11-25T09:32:06+00:00\",\"author\":{\"@id\":\"https:\\\/\\\/www.altominho.tv\\\/site\\\/#\\\/schema\\\/person\\\/63f693da3e1899361cbe955c46f3232e\"},\"breadcrumb\":{\"@id\":\"https:\\\/\\\/www.altominho.tv\\\/site\\\/2019\\\/11\\\/25\\\/realizador-vianense-miguel-filgueiras-filma-trilogia-em-torno-dos-black-bombaim\\\/#breadcrumb\"},\"inLanguage\":\"pt-PT\",\"potentialAction\":[{\"@type\":\"ReadAction\",\"target\":[\"https:\\\/\\\/www.altominho.tv\\\/site\\\/2019\\\/11\\\/25\\\/realizador-vianense-miguel-filgueiras-filma-trilogia-em-torno-dos-black-bombaim\\\/\"]}]},{\"@type\":\"ImageObject\",\"inLanguage\":\"pt-PT\",\"@id\":\"https:\\\/\\\/www.altominho.tv\\\/site\\\/2019\\\/11\\\/25\\\/realizador-vianense-miguel-filgueiras-filma-trilogia-em-torno-dos-black-bombaim\\\/#primaryimage\",\"url\":\"https:\\\/\\\/www.altominho.tv\\\/site\\\/wp-content\\\/uploads\\\/2019\\\/11\\\/Miguel_Filgueiras_Porto_Post_Doc.jpg\",\"contentUrl\":\"https:\\\/\\\/www.altominho.tv\\\/site\\\/wp-content\\\/uploads\\\/2019\\\/11\\\/Miguel_Filgueiras_Porto_Post_Doc.jpg\",\"width\":1280,\"height\":720,\"caption\":\"Porto\\\/Post\\\/Doc\"},{\"@type\":\"BreadcrumbList\",\"@id\":\"https:\\\/\\\/www.altominho.tv\\\/site\\\/2019\\\/11\\\/25\\\/realizador-vianense-miguel-filgueiras-filma-trilogia-em-torno-dos-black-bombaim\\\/#breadcrumb\",\"itemListElement\":[{\"@type\":\"ListItem\",\"position\":1,\"name\":\"In\u00edcio\",\"item\":\"https:\\\/\\\/www.altominho.tv\\\/site\\\/\"},{\"@type\":\"ListItem\",\"position\":2,\"name\":\"Realizador vianense Miguel Filgueiras filma trilogia em torno dos Black Bombaim\"}]},{\"@type\":\"WebSite\",\"@id\":\"https:\\\/\\\/www.altominho.tv\\\/site\\\/#website\",\"url\":\"https:\\\/\\\/www.altominho.tv\\\/site\\\/\",\"name\":\"Altominho.tv\",\"description\":\"A sua regi\u00e3o \u00e0 dist\u00e2ncia de um clique...\",\"potentialAction\":[{\"@type\":\"SearchAction\",\"target\":{\"@type\":\"EntryPoint\",\"urlTemplate\":\"https:\\\/\\\/www.altominho.tv\\\/site\\\/?s={search_term_string}\"},\"query-input\":{\"@type\":\"PropertyValueSpecification\",\"valueRequired\":true,\"valueName\":\"search_term_string\"}}],\"inLanguage\":\"pt-PT\"},{\"@type\":\"Person\",\"@id\":\"https:\\\/\\\/www.altominho.tv\\\/site\\\/#\\\/schema\\\/person\\\/63f693da3e1899361cbe955c46f3232e\",\"name\":\"Lusa\",\"image\":{\"@type\":\"ImageObject\",\"inLanguage\":\"pt-PT\",\"@id\":\"https:\\\/\\\/www.altominho.tv\\\/site\\\/wp-content\\\/uploads\\\/2019\\\/08\\\/LUSA_Logo.gif\",\"url\":\"https:\\\/\\\/www.altominho.tv\\\/site\\\/wp-content\\\/uploads\\\/2019\\\/08\\\/LUSA_Logo.gif\",\"contentUrl\":\"https:\\\/\\\/www.altominho.tv\\\/site\\\/wp-content\\\/uploads\\\/2019\\\/08\\\/LUSA_Logo.gif\",\"caption\":\"Lusa\"},\"sameAs\":[\"http:\\\/\\\/\\\/\\\/www.altominho.tv\\\/site\"],\"url\":\"https:\\\/\\\/www.altominho.tv\\\/site\\\/author\\\/lusa\\\/\"}]}<\/script>\n<!-- \/ Yoast SEO Premium plugin. -->","yoast_head_json":{"title":"Realizador vianense Miguel Filgueiras filma trilogia em torno dos Black Bombaim","robots":{"index":"index","follow":"follow","max-snippet":"max-snippet:-1","max-image-preview":"max-image-preview:large","max-video-preview":"max-video-preview:-1"},"canonical":"https:\/\/www.altominho.tv\/site\/2019\/11\/25\/realizador-vianense-miguel-filgueiras-filma-trilogia-em-torno-dos-black-bombaim\/","og_locale":"pt_PT","og_type":"article","og_title":"Realizador vianense Miguel Filgueiras filma trilogia em torno dos Black Bombaim","og_description":"O realizador Miguel Filgueiras registou num document\u00e1rio uma &#8220;trilogia&#8221; criativa da banda Black Bombaim, que trabalhou com tr\u00eas compositores diferentes, o que resultou igualmente numa tr\u00edade de cap\u00edtulos que se estreiam no pr\u00f3ximo dia 27 no Porto\/Post\/Doc, no Porto. O filme ser\u00e1 exibido no festival de document\u00e1rios no \u00e2mbito da sec\u00e7\u00e3o &#8216;Transmission&#8217;, dedicada \u00e0 m\u00fasica, [&hellip;]","og_url":"https:\/\/www.altominho.tv\/site\/2019\/11\/25\/realizador-vianense-miguel-filgueiras-filma-trilogia-em-torno-dos-black-bombaim\/","og_site_name":"Altominho.tv","article_publisher":"https:\/\/www.facebook.com\/altominhotv","article_published_time":"2019-11-25T09:29:49+00:00","article_modified_time":"2019-11-25T09:32:06+00:00","og_image":[{"width":1280,"height":720,"url":"https:\/\/www.altominho.tv\/site\/wp-content\/uploads\/2019\/11\/Miguel_Filgueiras_Porto_Post_Doc.jpg","type":"image\/jpeg"}],"author":"Lusa","twitter_card":"summary_large_image","twitter_creator":"@altominhoTV","twitter_site":"@altominhoTV","twitter_misc":{"Escrito por":"Lusa","Tempo estimado de leitura":"2 minutos"},"schema":{"@context":"https:\/\/schema.org","@graph":[{"@type":"Article","@id":"https:\/\/www.altominho.tv\/site\/2019\/11\/25\/realizador-vianense-miguel-filgueiras-filma-trilogia-em-torno-dos-black-bombaim\/#article","isPartOf":{"@id":"https:\/\/www.altominho.tv\/site\/2019\/11\/25\/realizador-vianense-miguel-filgueiras-filma-trilogia-em-torno-dos-black-bombaim\/"},"author":{"name":"Lusa","@id":"https:\/\/www.altominho.tv\/site\/#\/schema\/person\/63f693da3e1899361cbe955c46f3232e"},"headline":"Realizador vianense Miguel Filgueiras filma trilogia em torno dos Black Bombaim","datePublished":"2019-11-25T09:29:49+00:00","dateModified":"2019-11-25T09:32:06+00:00","mainEntityOfPage":{"@id":"https:\/\/www.altominho.tv\/site\/2019\/11\/25\/realizador-vianense-miguel-filgueiras-filma-trilogia-em-torno-dos-black-bombaim\/"},"wordCount":433,"image":{"@id":"https:\/\/www.altominho.tv\/site\/2019\/11\/25\/realizador-vianense-miguel-filgueiras-filma-trilogia-em-torno-dos-black-bombaim\/#primaryimage"},"thumbnailUrl":"https:\/\/www.altominho.tv\/site\/wp-content\/uploads\/2019\/11\/Miguel_Filgueiras_Porto_Post_Doc.jpg","keywords":["Cultura","Lazer"],"articleSection":["Viana do Castelo"],"inLanguage":"pt-PT","copyrightYear":"2019","copyrightHolder":{"@id":"https:\/\/www.altominho.tv\/site\/#organization"}},{"@type":"WebPage","@id":"https:\/\/www.altominho.tv\/site\/2019\/11\/25\/realizador-vianense-miguel-filgueiras-filma-trilogia-em-torno-dos-black-bombaim\/","url":"https:\/\/www.altominho.tv\/site\/2019\/11\/25\/realizador-vianense-miguel-filgueiras-filma-trilogia-em-torno-dos-black-bombaim\/","name":"Realizador vianense Miguel Filgueiras filma trilogia em torno dos Black Bombaim","isPartOf":{"@id":"https:\/\/www.altominho.tv\/site\/#website"},"primaryImageOfPage":{"@id":"https:\/\/www.altominho.tv\/site\/2019\/11\/25\/realizador-vianense-miguel-filgueiras-filma-trilogia-em-torno-dos-black-bombaim\/#primaryimage"},"image":{"@id":"https:\/\/www.altominho.tv\/site\/2019\/11\/25\/realizador-vianense-miguel-filgueiras-filma-trilogia-em-torno-dos-black-bombaim\/#primaryimage"},"thumbnailUrl":"https:\/\/www.altominho.tv\/site\/wp-content\/uploads\/2019\/11\/Miguel_Filgueiras_Porto_Post_Doc.jpg","datePublished":"2019-11-25T09:29:49+00:00","dateModified":"2019-11-25T09:32:06+00:00","author":{"@id":"https:\/\/www.altominho.tv\/site\/#\/schema\/person\/63f693da3e1899361cbe955c46f3232e"},"breadcrumb":{"@id":"https:\/\/www.altominho.tv\/site\/2019\/11\/25\/realizador-vianense-miguel-filgueiras-filma-trilogia-em-torno-dos-black-bombaim\/#breadcrumb"},"inLanguage":"pt-PT","potentialAction":[{"@type":"ReadAction","target":["https:\/\/www.altominho.tv\/site\/2019\/11\/25\/realizador-vianense-miguel-filgueiras-filma-trilogia-em-torno-dos-black-bombaim\/"]}]},{"@type":"ImageObject","inLanguage":"pt-PT","@id":"https:\/\/www.altominho.tv\/site\/2019\/11\/25\/realizador-vianense-miguel-filgueiras-filma-trilogia-em-torno-dos-black-bombaim\/#primaryimage","url":"https:\/\/www.altominho.tv\/site\/wp-content\/uploads\/2019\/11\/Miguel_Filgueiras_Porto_Post_Doc.jpg","contentUrl":"https:\/\/www.altominho.tv\/site\/wp-content\/uploads\/2019\/11\/Miguel_Filgueiras_Porto_Post_Doc.jpg","width":1280,"height":720,"caption":"Porto\/Post\/Doc"},{"@type":"BreadcrumbList","@id":"https:\/\/www.altominho.tv\/site\/2019\/11\/25\/realizador-vianense-miguel-filgueiras-filma-trilogia-em-torno-dos-black-bombaim\/#breadcrumb","itemListElement":[{"@type":"ListItem","position":1,"name":"In\u00edcio","item":"https:\/\/www.altominho.tv\/site\/"},{"@type":"ListItem","position":2,"name":"Realizador vianense Miguel Filgueiras filma trilogia em torno dos Black Bombaim"}]},{"@type":"WebSite","@id":"https:\/\/www.altominho.tv\/site\/#website","url":"https:\/\/www.altominho.tv\/site\/","name":"Altominho.tv","description":"A sua regi\u00e3o \u00e0 dist\u00e2ncia de um clique...","potentialAction":[{"@type":"SearchAction","target":{"@type":"EntryPoint","urlTemplate":"https:\/\/www.altominho.tv\/site\/?s={search_term_string}"},"query-input":{"@type":"PropertyValueSpecification","valueRequired":true,"valueName":"search_term_string"}}],"inLanguage":"pt-PT"},{"@type":"Person","@id":"https:\/\/www.altominho.tv\/site\/#\/schema\/person\/63f693da3e1899361cbe955c46f3232e","name":"Lusa","image":{"@type":"ImageObject","inLanguage":"pt-PT","@id":"https:\/\/www.altominho.tv\/site\/wp-content\/uploads\/2019\/08\/LUSA_Logo.gif","url":"https:\/\/www.altominho.tv\/site\/wp-content\/uploads\/2019\/08\/LUSA_Logo.gif","contentUrl":"https:\/\/www.altominho.tv\/site\/wp-content\/uploads\/2019\/08\/LUSA_Logo.gif","caption":"Lusa"},"sameAs":["http:\/\/\/\/www.altominho.tv\/site"],"url":"https:\/\/www.altominho.tv\/site\/author\/lusa\/"}]}},"_links":{"self":[{"href":"https:\/\/www.altominho.tv\/site\/wp-json\/wp\/v2\/posts\/37023","targetHints":{"allow":["GET"]}}],"collection":[{"href":"https:\/\/www.altominho.tv\/site\/wp-json\/wp\/v2\/posts"}],"about":[{"href":"https:\/\/www.altominho.tv\/site\/wp-json\/wp\/v2\/types\/post"}],"author":[{"embeddable":true,"href":"https:\/\/www.altominho.tv\/site\/wp-json\/wp\/v2\/users\/13"}],"replies":[{"embeddable":true,"href":"https:\/\/www.altominho.tv\/site\/wp-json\/wp\/v2\/comments?post=37023"}],"version-history":[{"count":0,"href":"https:\/\/www.altominho.tv\/site\/wp-json\/wp\/v2\/posts\/37023\/revisions"}],"wp:featuredmedia":[{"embeddable":true,"href":"https:\/\/www.altominho.tv\/site\/wp-json\/wp\/v2\/media\/37031"}],"wp:attachment":[{"href":"https:\/\/www.altominho.tv\/site\/wp-json\/wp\/v2\/media?parent=37023"}],"wp:term":[{"taxonomy":"category","embeddable":true,"href":"https:\/\/www.altominho.tv\/site\/wp-json\/wp\/v2\/categories?post=37023"},{"taxonomy":"post_tag","embeddable":true,"href":"https:\/\/www.altominho.tv\/site\/wp-json\/wp\/v2\/tags?post=37023"}],"curies":[{"name":"wp","href":"https:\/\/api.w.org\/{rel}","templated":true}]}}