{"id":36925,"date":"2019-11-21T09:46:37","date_gmt":"2019-11-21T09:46:37","guid":{"rendered":"http:\/\/www.altominho.tv\/site\/?p=36925"},"modified":"2019-11-21T09:46:44","modified_gmt":"2019-11-21T09:46:44","slug":"associacoes-juvenis-querem-politicas-de-juventude-no-orcamento-do-estado-e-municipais","status":"publish","type":"post","link":"https:\/\/www.altominho.tv\/site\/2019\/11\/21\/associacoes-juvenis-querem-politicas-de-juventude-no-orcamento-do-estado-e-municipais\/","title":{"rendered":"Associa\u00e7\u00f5es Juvenis querem pol\u00edticas de juventude no or\u00e7amento do Estado e municipais"},"content":{"rendered":"\n<p>A Federa\u00e7\u00e3o Nacional das Associa\u00e7\u00f5es Juvenis (FNAJ) quer que os or\u00e7amentos municipais e o do Estado incluam medidas para a juventude, desafio presente no 17.\u00ba Encontro Nacional que se realizar\u00e1 s\u00e1bado e domingo em Vila Nova de Gaia.<br><\/p>\n\n\n\n<p>\u201cOs munic\u00edpios s\u00e3o as entidades mais pr\u00f3ximas dos jovens, s\u00e3o quem pode de imediato dar uma resposta mais eficaz. E tamb\u00e9m \u00e9 uma prioridade da FNAJ que a a\u00e7\u00e3o governativa do Estado central tenha como eixo a juventude, visto que os jovens s\u00e3o transversais a v\u00e1rias \u00e1reas. \u00c9 nosso objetivo desafi\u00e1-los e instig\u00e1-los a que fa\u00e7am parceiras das associa\u00e7\u00f5es de jovens\u201d, referiu o presidente da FNAJ, Tiago Manuel Rego.<br><\/p>\n\n\n\n<p>O dirigente, que falava \u00e0 ag\u00eancia Lusa, a prop\u00f3sito do 17.\u00ba Encontro Nacional das Associa\u00e7\u00f5es Juvenis que se realiza pela primeira vez em Vila Nova de Gaia, no distrito do Porto, no pr\u00f3ximo fim de semana, considerou que o momento atual \u00e9 \u201cfulcral\u201d para esta estrat\u00e9gia e abordagem, porque \u201c\u00e9 uma fase em que tanto munic\u00edpios como Estado est\u00e3o a definir planos e or\u00e7amentos\u201d.<br><\/p>\n\n\n\n<p>Com o lema \u201cinvestir na juventude \u00e9 investir no presente e no futuro\u201d, a FNAJ, que representa 1.200 associa\u00e7\u00f5es em Portugal, quer que \u201cas pol\u00edticas de juventude sejam concertadas com os jovens atrav\u00e9s de mecanismos de codecis\u00e3o\u201d, lembrando que \u201csem os jovens muitas regi\u00f5es do pa\u00eds passar\u00e3o grandes dificuldades no futuro\u201d.<br><\/p>\n\n\n\n<p>\u201cO pensamento pol\u00edtico para a juventude \u00e9 completamente desfasado daquilo que s\u00e3o os apoios dados \u00e0 juventude. \u00c9 preciso que, na rela\u00e7\u00e3o de confian\u00e7a que se cria entre o Estado e os jovens, haja uma m\u00e3o cheia de ideias, mas tamb\u00e9m uma m\u00e3o cheia de a\u00e7\u00f5es\u201d, acrescentou Tiago Manuel Rego que mostrou \u201cpreocupa\u00e7\u00e3o com o afastamento dos jovens da pol\u00edtica\u201d.<br><\/p>\n\n\n\n<p>No s\u00e1bado, no encontro nacional, ser\u00e1 lan\u00e7ada a Rede Nacional de Munic\u00edpios Amigos da Juventude, plataforma que arrancar\u00e1 com 45 autarquias.<br><\/p>\n\n\n\n<p>Nota da FNAJ indica que, entre os munic\u00edpios que manifestaram disponibilidade para integrar esta rede nacional, incluem-se o Porto, Vila Nova de Gaia, Coimbra, Cascais, Viana do Castelo, S. Pedro do Sul, Arouca e Funchal.<br><\/p>\n\n\n\n<p>\u201cO objetivo \u00e9 alargar a todos os outros concelhos que, no territ\u00f3rio nacional, pretendam desenvolver ou implementar estrat\u00e9gias efetivas de apoio aos cidad\u00e3os mais jovens. A base de trabalho \u00e9 o Plano Nacional que n\u00e3o \u00e9 nada revolucion\u00e1rio, mas \u00e9 um documento pioneiro e \u00fanico para as pol\u00edticas locais de juventude\u201d, descreveu o presidente da FNAJ.<br><\/p>\n\n\n\n<p>Este documento foi elaborado ao longo das nove Cimeiras do Associativismo e Juventude, sete regionais, uma nacional e uma internacional, realizadas por esta federa\u00e7\u00e3o desde 2017.<br><\/p>\n\n\n\n<p>\u201cO presente esfor\u00e7o no sentido da concerta\u00e7\u00e3o de estrat\u00e9gias municipais de juventude tamb\u00e9m ajudar\u00e1 a responder aos \u2018Youth Goals\u2019, que refletem a vis\u00e3o dos jovens europeus, e aos 17 objetivos de desenvolvimento sustent\u00e1vel identificados pela Organiza\u00e7\u00e3o das Na\u00e7\u00f5es Unidas (ONU) como eixos de a\u00e7\u00e3o primordial na execu\u00e7\u00e3o dessas pol\u00edticas\u201d, acrescentou Tiago Manuel Rego, falando da import\u00e2ncia de Portugal estar conciliado com as \u201cestrat\u00e9gias europeias e mundiais de pol\u00edticas de juventude\u201d.<br><\/p>\n\n\n\n<p>J\u00e1 nota da C\u00e2mara de Vila Nova de Gaia indica que o 17.\u00ba Encontro Nacional das Associa\u00e7\u00f5es Juvenis conta com a inscri\u00e7\u00e3o de mais de nove centenas de participantes provenientes de Portugal, S. Tom\u00e9 e Pr\u00edncipe, Guin\u00e9, Espanha, B\u00e9lgica, Fran\u00e7a, It\u00e1lia, Gr\u00e9cia e Irlanda.<br><\/p>\n\n\n\n<p>\u201cPara uma cidade que aspira a ser a Capital Europeia da Juventude em 2024, receber este encontro reveste-se de uma vital import\u00e2ncia. Temos trabalhado para valorizar os direitos e a voz dos jovens e criar condi\u00e7\u00f5es e oportunidades para que participem ativamente no desenvolvimento de Gaia\u201d, afirma, a prop\u00f3sito, o presidente da autarquia anfitri\u00e3, Eduardo V\u00edtor Rodrigues.<br><\/p>\n\n\n\n<p>O encontro vai decorrer no Pavilh\u00e3o Desportivo Municipal de Vila Nova de Gaia com confer\u00eancias, debates, momentos musicais, mostra de boas pr\u00e1ticas, entre outras a\u00e7\u00f5es, que ser\u00e3o acompanhadas por um tradutor de l\u00edngua gestual portuguesa. <\/p>\n","protected":false},"excerpt":{"rendered":"<p>A Federa\u00e7\u00e3o Nacional das Associa\u00e7\u00f5es Juvenis (FNAJ) quer que os or\u00e7amentos municipais e o do Estado incluam medidas para a juventude, desafio presente no 17.\u00ba Encontro Nacional que se realizar\u00e1 s\u00e1bado e domingo em Vila Nova de Gaia. \u201cOs munic\u00edpios s\u00e3o as entidades mais pr\u00f3ximas dos jovens, s\u00e3o quem pode de imediato dar uma resposta [&hellip;]<\/p>\n","protected":false},"author":16,"featured_media":36926,"comment_status":"closed","ping_status":"closed","sticky":false,"template":"","format":"standard","meta":{"_exactmetrics_skip_tracking":false,"_exactmetrics_sitenote_active":false,"_exactmetrics_sitenote_note":"","_exactmetrics_sitenote_category":0,"footnotes":""},"categories":[14],"tags":[24,27],"class_list":["post-36925","post","type-post","status-publish","format-standard","has-post-thumbnail","hentry","category-viana-do-castelo","tag-lazer","tag-sociedade"],"yoast_head":"<!-- This site is optimized with the Yoast SEO Premium plugin v27.5 (Yoast SEO v27.5) - https:\/\/yoast.com\/product\/yoast-seo-premium-wordpress\/ -->\n<title>Associa\u00e7\u00f5es Juvenis querem pol\u00edticas de juventude no or\u00e7amento do Estado e municipais<\/title>\n<meta name=\"robots\" content=\"index, follow, max-snippet:-1, max-image-preview:large, max-video-preview:-1\" \/>\n<link rel=\"canonical\" href=\"https:\/\/www.altominho.tv\/site\/2019\/11\/21\/associacoes-juvenis-querem-politicas-de-juventude-no-orcamento-do-estado-e-municipais\/\" \/>\n<meta property=\"og:locale\" content=\"pt_PT\" \/>\n<meta property=\"og:type\" content=\"article\" \/>\n<meta property=\"og:title\" content=\"Associa\u00e7\u00f5es Juvenis querem pol\u00edticas de juventude no or\u00e7amento do Estado e municipais\" \/>\n<meta property=\"og:description\" content=\"A Federa\u00e7\u00e3o Nacional das Associa\u00e7\u00f5es Juvenis (FNAJ) quer que os or\u00e7amentos municipais e o do Estado incluam medidas para a juventude, desafio presente no 17.\u00ba Encontro Nacional que se realizar\u00e1 s\u00e1bado e domingo em Vila Nova de Gaia. \u201cOs munic\u00edpios s\u00e3o as entidades mais pr\u00f3ximas dos jovens, s\u00e3o quem pode de imediato dar uma resposta [&hellip;]\" \/>\n<meta property=\"og:url\" content=\"https:\/\/www.altominho.tv\/site\/2019\/11\/21\/associacoes-juvenis-querem-politicas-de-juventude-no-orcamento-do-estado-e-municipais\/\" \/>\n<meta property=\"og:site_name\" content=\"Altominho.tv\" \/>\n<meta property=\"article:publisher\" content=\"https:\/\/www.facebook.com\/altominhotv\" \/>\n<meta property=\"article:published_time\" content=\"2019-11-21T09:46:37+00:00\" \/>\n<meta property=\"article:modified_time\" content=\"2019-11-21T09:46:44+00:00\" \/>\n<meta property=\"og:image\" content=\"https:\/\/www.altominho.tv\/site\/wp-content\/uploads\/2019\/11\/euro-1557431_640-640x330.jpg\" \/>\n\t<meta property=\"og:image:width\" content=\"640\" \/>\n\t<meta property=\"og:image:height\" content=\"330\" \/>\n\t<meta property=\"og:image:type\" content=\"image\/jpeg\" \/>\n<meta name=\"author\" content=\"Andreia Cunha | Lusa\" \/>\n<meta name=\"twitter:card\" content=\"summary_large_image\" \/>\n<meta name=\"twitter:creator\" content=\"@altominhoTV\" \/>\n<meta name=\"twitter:site\" content=\"@altominhoTV\" \/>\n<meta name=\"twitter:label1\" content=\"Escrito por\" \/>\n\t<meta name=\"twitter:data1\" content=\"Andreia Cunha | Lusa\" \/>\n\t<meta name=\"twitter:label2\" content=\"Tempo estimado de leitura\" \/>\n\t<meta name=\"twitter:data2\" content=\"3 minutos\" \/>\n<script type=\"application\/ld+json\" class=\"yoast-schema-graph\">{\"@context\":\"https:\\\/\\\/schema.org\",\"@graph\":[{\"@type\":\"Article\",\"@id\":\"https:\\\/\\\/www.altominho.tv\\\/site\\\/2019\\\/11\\\/21\\\/associacoes-juvenis-querem-politicas-de-juventude-no-orcamento-do-estado-e-municipais\\\/#article\",\"isPartOf\":{\"@id\":\"https:\\\/\\\/www.altominho.tv\\\/site\\\/2019\\\/11\\\/21\\\/associacoes-juvenis-querem-politicas-de-juventude-no-orcamento-do-estado-e-municipais\\\/\"},\"author\":{\"name\":\"Andreia Cunha | Lusa\",\"@id\":\"https:\\\/\\\/www.altominho.tv\\\/site\\\/#\\\/schema\\\/person\\\/dbaf181c01b51ff40c9f461a905d321e\"},\"headline\":\"Associa\u00e7\u00f5es Juvenis querem pol\u00edticas de juventude no or\u00e7amento do Estado e municipais\",\"datePublished\":\"2019-11-21T09:46:37+00:00\",\"dateModified\":\"2019-11-21T09:46:44+00:00\",\"mainEntityOfPage\":{\"@id\":\"https:\\\/\\\/www.altominho.tv\\\/site\\\/2019\\\/11\\\/21\\\/associacoes-juvenis-querem-politicas-de-juventude-no-orcamento-do-estado-e-municipais\\\/\"},\"wordCount\":704,\"image\":{\"@id\":\"https:\\\/\\\/www.altominho.tv\\\/site\\\/2019\\\/11\\\/21\\\/associacoes-juvenis-querem-politicas-de-juventude-no-orcamento-do-estado-e-municipais\\\/#primaryimage\"},\"thumbnailUrl\":\"https:\\\/\\\/www.altominho.tv\\\/site\\\/wp-content\\\/uploads\\\/2019\\\/11\\\/euro-1557431_640-640x330.jpg\",\"keywords\":[\"Lazer\",\"Sociedade\"],\"articleSection\":[\"Viana do Castelo\"],\"inLanguage\":\"pt-PT\",\"copyrightYear\":\"2019\",\"copyrightHolder\":{\"@id\":\"https:\\\/\\\/www.altominho.tv\\\/site\\\/#organization\"}},{\"@type\":\"WebPage\",\"@id\":\"https:\\\/\\\/www.altominho.tv\\\/site\\\/2019\\\/11\\\/21\\\/associacoes-juvenis-querem-politicas-de-juventude-no-orcamento-do-estado-e-municipais\\\/\",\"url\":\"https:\\\/\\\/www.altominho.tv\\\/site\\\/2019\\\/11\\\/21\\\/associacoes-juvenis-querem-politicas-de-juventude-no-orcamento-do-estado-e-municipais\\\/\",\"name\":\"Associa\u00e7\u00f5es Juvenis querem pol\u00edticas de juventude no or\u00e7amento do Estado e municipais\",\"isPartOf\":{\"@id\":\"https:\\\/\\\/www.altominho.tv\\\/site\\\/#website\"},\"primaryImageOfPage\":{\"@id\":\"https:\\\/\\\/www.altominho.tv\\\/site\\\/2019\\\/11\\\/21\\\/associacoes-juvenis-querem-politicas-de-juventude-no-orcamento-do-estado-e-municipais\\\/#primaryimage\"},\"image\":{\"@id\":\"https:\\\/\\\/www.altominho.tv\\\/site\\\/2019\\\/11\\\/21\\\/associacoes-juvenis-querem-politicas-de-juventude-no-orcamento-do-estado-e-municipais\\\/#primaryimage\"},\"thumbnailUrl\":\"https:\\\/\\\/www.altominho.tv\\\/site\\\/wp-content\\\/uploads\\\/2019\\\/11\\\/euro-1557431_640-640x330.jpg\",\"datePublished\":\"2019-11-21T09:46:37+00:00\",\"dateModified\":\"2019-11-21T09:46:44+00:00\",\"author\":{\"@id\":\"https:\\\/\\\/www.altominho.tv\\\/site\\\/#\\\/schema\\\/person\\\/dbaf181c01b51ff40c9f461a905d321e\"},\"breadcrumb\":{\"@id\":\"https:\\\/\\\/www.altominho.tv\\\/site\\\/2019\\\/11\\\/21\\\/associacoes-juvenis-querem-politicas-de-juventude-no-orcamento-do-estado-e-municipais\\\/#breadcrumb\"},\"inLanguage\":\"pt-PT\",\"potentialAction\":[{\"@type\":\"ReadAction\",\"target\":[\"https:\\\/\\\/www.altominho.tv\\\/site\\\/2019\\\/11\\\/21\\\/associacoes-juvenis-querem-politicas-de-juventude-no-orcamento-do-estado-e-municipais\\\/\"]}]},{\"@type\":\"ImageObject\",\"inLanguage\":\"pt-PT\",\"@id\":\"https:\\\/\\\/www.altominho.tv\\\/site\\\/2019\\\/11\\\/21\\\/associacoes-juvenis-querem-politicas-de-juventude-no-orcamento-do-estado-e-municipais\\\/#primaryimage\",\"url\":\"https:\\\/\\\/www.altominho.tv\\\/site\\\/wp-content\\\/uploads\\\/2019\\\/11\\\/euro-1557431_640-640x330.jpg\",\"contentUrl\":\"https:\\\/\\\/www.altominho.tv\\\/site\\\/wp-content\\\/uploads\\\/2019\\\/11\\\/euro-1557431_640-640x330.jpg\",\"width\":640,\"height\":330},{\"@type\":\"BreadcrumbList\",\"@id\":\"https:\\\/\\\/www.altominho.tv\\\/site\\\/2019\\\/11\\\/21\\\/associacoes-juvenis-querem-politicas-de-juventude-no-orcamento-do-estado-e-municipais\\\/#breadcrumb\",\"itemListElement\":[{\"@type\":\"ListItem\",\"position\":1,\"name\":\"In\u00edcio\",\"item\":\"https:\\\/\\\/www.altominho.tv\\\/site\\\/\"},{\"@type\":\"ListItem\",\"position\":2,\"name\":\"Associa\u00e7\u00f5es Juvenis querem pol\u00edticas de juventude no or\u00e7amento do Estado e municipais\"}]},{\"@type\":\"WebSite\",\"@id\":\"https:\\\/\\\/www.altominho.tv\\\/site\\\/#website\",\"url\":\"https:\\\/\\\/www.altominho.tv\\\/site\\\/\",\"name\":\"Altominho.tv\",\"description\":\"A sua regi\u00e3o \u00e0 dist\u00e2ncia de um clique...\",\"potentialAction\":[{\"@type\":\"SearchAction\",\"target\":{\"@type\":\"EntryPoint\",\"urlTemplate\":\"https:\\\/\\\/www.altominho.tv\\\/site\\\/?s={search_term_string}\"},\"query-input\":{\"@type\":\"PropertyValueSpecification\",\"valueRequired\":true,\"valueName\":\"search_term_string\"}}],\"inLanguage\":\"pt-PT\"},{\"@type\":\"Person\",\"@id\":\"https:\\\/\\\/www.altominho.tv\\\/site\\\/#\\\/schema\\\/person\\\/dbaf181c01b51ff40c9f461a905d321e\",\"name\":\"Andreia Cunha | Lusa\",\"image\":{\"@type\":\"ImageObject\",\"inLanguage\":\"pt-PT\",\"@id\":\"https:\\\/\\\/www.altominho.tv\\\/site\\\/wp-content\\\/uploads\\\/2017\\\/11\\\/Andreia_Cunha-1-150x150.jpg\",\"url\":\"https:\\\/\\\/www.altominho.tv\\\/site\\\/wp-content\\\/uploads\\\/2017\\\/11\\\/Andreia_Cunha-1-150x150.jpg\",\"contentUrl\":\"https:\\\/\\\/www.altominho.tv\\\/site\\\/wp-content\\\/uploads\\\/2017\\\/11\\\/Andreia_Cunha-1-150x150.jpg\",\"caption\":\"Andreia Cunha | Lusa\"},\"sameAs\":[\"https:\\\/\\\/www.altominho.tv\\\/site\"],\"url\":\"https:\\\/\\\/www.altominho.tv\\\/site\\\/author\\\/andreiacunhalusa\\\/\"}]}<\/script>\n<!-- \/ Yoast SEO Premium plugin. -->","yoast_head_json":{"title":"Associa\u00e7\u00f5es Juvenis querem pol\u00edticas de juventude no or\u00e7amento do Estado e municipais","robots":{"index":"index","follow":"follow","max-snippet":"max-snippet:-1","max-image-preview":"max-image-preview:large","max-video-preview":"max-video-preview:-1"},"canonical":"https:\/\/www.altominho.tv\/site\/2019\/11\/21\/associacoes-juvenis-querem-politicas-de-juventude-no-orcamento-do-estado-e-municipais\/","og_locale":"pt_PT","og_type":"article","og_title":"Associa\u00e7\u00f5es Juvenis querem pol\u00edticas de juventude no or\u00e7amento do Estado e municipais","og_description":"A Federa\u00e7\u00e3o Nacional das Associa\u00e7\u00f5es Juvenis (FNAJ) quer que os or\u00e7amentos municipais e o do Estado incluam medidas para a juventude, desafio presente no 17.\u00ba Encontro Nacional que se realizar\u00e1 s\u00e1bado e domingo em Vila Nova de Gaia. \u201cOs munic\u00edpios s\u00e3o as entidades mais pr\u00f3ximas dos jovens, s\u00e3o quem pode de imediato dar uma resposta [&hellip;]","og_url":"https:\/\/www.altominho.tv\/site\/2019\/11\/21\/associacoes-juvenis-querem-politicas-de-juventude-no-orcamento-do-estado-e-municipais\/","og_site_name":"Altominho.tv","article_publisher":"https:\/\/www.facebook.com\/altominhotv","article_published_time":"2019-11-21T09:46:37+00:00","article_modified_time":"2019-11-21T09:46:44+00:00","og_image":[{"width":640,"height":330,"url":"https:\/\/www.altominho.tv\/site\/wp-content\/uploads\/2019\/11\/euro-1557431_640-640x330.jpg","type":"image\/jpeg"}],"author":"Andreia Cunha | Lusa","twitter_card":"summary_large_image","twitter_creator":"@altominhoTV","twitter_site":"@altominhoTV","twitter_misc":{"Escrito por":"Andreia Cunha | Lusa","Tempo estimado de leitura":"3 minutos"},"schema":{"@context":"https:\/\/schema.org","@graph":[{"@type":"Article","@id":"https:\/\/www.altominho.tv\/site\/2019\/11\/21\/associacoes-juvenis-querem-politicas-de-juventude-no-orcamento-do-estado-e-municipais\/#article","isPartOf":{"@id":"https:\/\/www.altominho.tv\/site\/2019\/11\/21\/associacoes-juvenis-querem-politicas-de-juventude-no-orcamento-do-estado-e-municipais\/"},"author":{"name":"Andreia Cunha | Lusa","@id":"https:\/\/www.altominho.tv\/site\/#\/schema\/person\/dbaf181c01b51ff40c9f461a905d321e"},"headline":"Associa\u00e7\u00f5es Juvenis querem pol\u00edticas de juventude no or\u00e7amento do Estado e municipais","datePublished":"2019-11-21T09:46:37+00:00","dateModified":"2019-11-21T09:46:44+00:00","mainEntityOfPage":{"@id":"https:\/\/www.altominho.tv\/site\/2019\/11\/21\/associacoes-juvenis-querem-politicas-de-juventude-no-orcamento-do-estado-e-municipais\/"},"wordCount":704,"image":{"@id":"https:\/\/www.altominho.tv\/site\/2019\/11\/21\/associacoes-juvenis-querem-politicas-de-juventude-no-orcamento-do-estado-e-municipais\/#primaryimage"},"thumbnailUrl":"https:\/\/www.altominho.tv\/site\/wp-content\/uploads\/2019\/11\/euro-1557431_640-640x330.jpg","keywords":["Lazer","Sociedade"],"articleSection":["Viana do Castelo"],"inLanguage":"pt-PT","copyrightYear":"2019","copyrightHolder":{"@id":"https:\/\/www.altominho.tv\/site\/#organization"}},{"@type":"WebPage","@id":"https:\/\/www.altominho.tv\/site\/2019\/11\/21\/associacoes-juvenis-querem-politicas-de-juventude-no-orcamento-do-estado-e-municipais\/","url":"https:\/\/www.altominho.tv\/site\/2019\/11\/21\/associacoes-juvenis-querem-politicas-de-juventude-no-orcamento-do-estado-e-municipais\/","name":"Associa\u00e7\u00f5es Juvenis querem pol\u00edticas de juventude no or\u00e7amento do Estado e municipais","isPartOf":{"@id":"https:\/\/www.altominho.tv\/site\/#website"},"primaryImageOfPage":{"@id":"https:\/\/www.altominho.tv\/site\/2019\/11\/21\/associacoes-juvenis-querem-politicas-de-juventude-no-orcamento-do-estado-e-municipais\/#primaryimage"},"image":{"@id":"https:\/\/www.altominho.tv\/site\/2019\/11\/21\/associacoes-juvenis-querem-politicas-de-juventude-no-orcamento-do-estado-e-municipais\/#primaryimage"},"thumbnailUrl":"https:\/\/www.altominho.tv\/site\/wp-content\/uploads\/2019\/11\/euro-1557431_640-640x330.jpg","datePublished":"2019-11-21T09:46:37+00:00","dateModified":"2019-11-21T09:46:44+00:00","author":{"@id":"https:\/\/www.altominho.tv\/site\/#\/schema\/person\/dbaf181c01b51ff40c9f461a905d321e"},"breadcrumb":{"@id":"https:\/\/www.altominho.tv\/site\/2019\/11\/21\/associacoes-juvenis-querem-politicas-de-juventude-no-orcamento-do-estado-e-municipais\/#breadcrumb"},"inLanguage":"pt-PT","potentialAction":[{"@type":"ReadAction","target":["https:\/\/www.altominho.tv\/site\/2019\/11\/21\/associacoes-juvenis-querem-politicas-de-juventude-no-orcamento-do-estado-e-municipais\/"]}]},{"@type":"ImageObject","inLanguage":"pt-PT","@id":"https:\/\/www.altominho.tv\/site\/2019\/11\/21\/associacoes-juvenis-querem-politicas-de-juventude-no-orcamento-do-estado-e-municipais\/#primaryimage","url":"https:\/\/www.altominho.tv\/site\/wp-content\/uploads\/2019\/11\/euro-1557431_640-640x330.jpg","contentUrl":"https:\/\/www.altominho.tv\/site\/wp-content\/uploads\/2019\/11\/euro-1557431_640-640x330.jpg","width":640,"height":330},{"@type":"BreadcrumbList","@id":"https:\/\/www.altominho.tv\/site\/2019\/11\/21\/associacoes-juvenis-querem-politicas-de-juventude-no-orcamento-do-estado-e-municipais\/#breadcrumb","itemListElement":[{"@type":"ListItem","position":1,"name":"In\u00edcio","item":"https:\/\/www.altominho.tv\/site\/"},{"@type":"ListItem","position":2,"name":"Associa\u00e7\u00f5es Juvenis querem pol\u00edticas de juventude no or\u00e7amento do Estado e municipais"}]},{"@type":"WebSite","@id":"https:\/\/www.altominho.tv\/site\/#website","url":"https:\/\/www.altominho.tv\/site\/","name":"Altominho.tv","description":"A sua regi\u00e3o \u00e0 dist\u00e2ncia de um clique...","potentialAction":[{"@type":"SearchAction","target":{"@type":"EntryPoint","urlTemplate":"https:\/\/www.altominho.tv\/site\/?s={search_term_string}"},"query-input":{"@type":"PropertyValueSpecification","valueRequired":true,"valueName":"search_term_string"}}],"inLanguage":"pt-PT"},{"@type":"Person","@id":"https:\/\/www.altominho.tv\/site\/#\/schema\/person\/dbaf181c01b51ff40c9f461a905d321e","name":"Andreia Cunha | Lusa","image":{"@type":"ImageObject","inLanguage":"pt-PT","@id":"https:\/\/www.altominho.tv\/site\/wp-content\/uploads\/2017\/11\/Andreia_Cunha-1-150x150.jpg","url":"https:\/\/www.altominho.tv\/site\/wp-content\/uploads\/2017\/11\/Andreia_Cunha-1-150x150.jpg","contentUrl":"https:\/\/www.altominho.tv\/site\/wp-content\/uploads\/2017\/11\/Andreia_Cunha-1-150x150.jpg","caption":"Andreia Cunha | Lusa"},"sameAs":["https:\/\/www.altominho.tv\/site"],"url":"https:\/\/www.altominho.tv\/site\/author\/andreiacunhalusa\/"}]}},"_links":{"self":[{"href":"https:\/\/www.altominho.tv\/site\/wp-json\/wp\/v2\/posts\/36925","targetHints":{"allow":["GET"]}}],"collection":[{"href":"https:\/\/www.altominho.tv\/site\/wp-json\/wp\/v2\/posts"}],"about":[{"href":"https:\/\/www.altominho.tv\/site\/wp-json\/wp\/v2\/types\/post"}],"author":[{"embeddable":true,"href":"https:\/\/www.altominho.tv\/site\/wp-json\/wp\/v2\/users\/16"}],"replies":[{"embeddable":true,"href":"https:\/\/www.altominho.tv\/site\/wp-json\/wp\/v2\/comments?post=36925"}],"version-history":[{"count":0,"href":"https:\/\/www.altominho.tv\/site\/wp-json\/wp\/v2\/posts\/36925\/revisions"}],"wp:featuredmedia":[{"embeddable":true,"href":"https:\/\/www.altominho.tv\/site\/wp-json\/wp\/v2\/media\/36926"}],"wp:attachment":[{"href":"https:\/\/www.altominho.tv\/site\/wp-json\/wp\/v2\/media?parent=36925"}],"wp:term":[{"taxonomy":"category","embeddable":true,"href":"https:\/\/www.altominho.tv\/site\/wp-json\/wp\/v2\/categories?post=36925"},{"taxonomy":"post_tag","embeddable":true,"href":"https:\/\/www.altominho.tv\/site\/wp-json\/wp\/v2\/tags?post=36925"}],"curies":[{"name":"wp","href":"https:\/\/api.w.org\/{rel}","templated":true}]}}