{"id":36818,"date":"2019-11-18T17:46:38","date_gmt":"2019-11-18T17:46:38","guid":{"rendered":"http:\/\/www.altominho.tv\/site\/?p=36818"},"modified":"2019-11-19T00:13:38","modified_gmt":"2019-11-19T00:13:38","slug":"agua-de-paredes-de-coura-distinguida-com-selo-de-qualidade","status":"publish","type":"post","link":"https:\/\/www.altominho.tv\/site\/2019\/11\/18\/agua-de-paredes-de-coura-distinguida-com-selo-de-qualidade\/","title":{"rendered":"\u00c1gua de Paredes de Coura distinguida com selo de qualidade"},"content":{"rendered":"<p>A C\u00e2mara de Paredes de Coura informou hoje que o concelho voltou a ser distinguido pela qualidade da sua \u00e1gua, sendo &#8220;o munic\u00edpio do Alto Minho que melhor \u00e1gua faculta aos seus mun\u00edcipes&#8221;.<\/p>\n<p>Em comunicado, a autarquia adianta que, de acordo com o relat\u00f3rio anual sobre o Controlo da Qualidade da \u00c1gua para Consumo Humano referente ao ano de 2018, emitido pela ERSAR-Entidade Reguladora dos Servi\u00e7os de \u00c1guas e Res\u00edduos, &#8220;volta a merecer o \u201cSelo de Qualidade Exemplar da \u00c1gua para Consumo Humano\u201d, repetindo o que j\u00e1 havia acontecido aquando da 12\u00aa Expo Confer\u00eancia da \u00c1gua&#8221;.<\/p>\n<p>&#8220;Na altura, a passagem de Paredes de Coura para o primeiro lugar do \u2018ranking\u2019 do Alto Minho ficou a dever-se a um aumento da qualidade de 1,26 por cento entre 2012 e 2016, totalizando um \u00edndice de seguran\u00e7a de 99,64 por cento, ou seja, muito pr\u00f3ximo do \u00edndice de seguran\u00e7a m\u00e1xima, superando a qualidade da \u00e1gua fornecida por todos os outros concelhos do distrito de Viana do Castelo e quase sem paralelo a n\u00edvel nacional&#8221;, refere a nota enviada hoje \u00e0 imprensa.<\/p>\n<p>Paredes de Coura vai ser galardoada, no dia 10 de dezembro, na cerim\u00f3nia de entrega dos Pr\u00e9mios e Selos dos Servi\u00e7os de \u00c1guas e Res\u00edduos (Vertente \u00c1guas), no \u00e2mbito da 14\u00aa Expo Confer\u00eancia da \u00c1gua, que ter\u00e1 lugar em Lisboa.<\/p>\n<p>Recorde-se que para implementar um maior consumo da \u00e1gua de torneira, a autarquia ofereceu recentemente 500 garrafas \u2018Fill Forever\u2019 aos alunos do 2\u00ba e 3\u00ba ciclos e secund\u00e1rio do Agrupamento de Escolas de Paredes de Coura.<\/p>\n<p>Com esta <a href=\"http:\/\/www.altominho.tv\/site\/2019\/04\/03\/paredes-de-coura-distribui-500-garrafas-reutilizaveis-pela-comunidade-escolar\/\">iniciativa<\/a>, Paredes de Coura procura que se evite o uso de garrafas descart\u00e1veis e convida os alunos ao consumo da \u00e1gua da torneira. O passo seguinte \u00e9 &#8220;alargar esta iniciativa \u00e0 restante comunidade educativa, tendo tamb\u00e9m sido implementado o uso das garrafas reutiliz\u00e1veis nos mais variados atos do munic\u00edpio, como forma de evitar o uso reiterado de garrafas descart\u00e1veis e promover o consumo da sua \u00e1gua de torneira&#8221;.<\/p>\n","protected":false},"excerpt":{"rendered":"<p>A C\u00e2mara de Paredes de Coura informou hoje que o concelho voltou a ser distinguido pela qualidade da sua \u00e1gua, sendo &#8220;o munic\u00edpio do Alto Minho que melhor \u00e1gua faculta aos seus mun\u00edcipes&#8221;. Em comunicado, a autarquia adianta que, de acordo com o relat\u00f3rio anual sobre o Controlo da Qualidade da \u00c1gua para Consumo Humano [&hellip;]<\/p>\n","protected":false},"author":12,"featured_media":36819,"comment_status":"closed","ping_status":"closed","sticky":false,"template":"","format":"standard","meta":{"_exactmetrics_skip_tracking":false,"_exactmetrics_sitenote_active":false,"_exactmetrics_sitenote_note":"","_exactmetrics_sitenote_category":0,"footnotes":""},"categories":[10],"tags":[27],"class_list":["post-36818","post","type-post","status-publish","format-standard","has-post-thumbnail","hentry","category-paredes-de-coura","tag-sociedade"],"yoast_head":"<!-- This site is optimized with the Yoast SEO Premium plugin v27.5 (Yoast SEO v27.5) - https:\/\/yoast.com\/product\/yoast-seo-premium-wordpress\/ -->\n<title>\u00c1gua de Paredes de Coura distinguida com selo de qualidade<\/title>\n<meta name=\"robots\" content=\"index, follow, max-snippet:-1, max-image-preview:large, max-video-preview:-1\" \/>\n<link rel=\"canonical\" href=\"https:\/\/www.altominho.tv\/site\/2019\/11\/18\/agua-de-paredes-de-coura-distinguida-com-selo-de-qualidade\/\" \/>\n<meta property=\"og:locale\" content=\"pt_PT\" \/>\n<meta property=\"og:type\" content=\"article\" \/>\n<meta property=\"og:title\" content=\"\u00c1gua de Paredes de Coura distinguida com selo de qualidade\" \/>\n<meta property=\"og:description\" content=\"A C\u00e2mara de Paredes de Coura informou hoje que o concelho voltou a ser distinguido pela qualidade da sua \u00e1gua, sendo &#8220;o munic\u00edpio do Alto Minho que melhor \u00e1gua faculta aos seus mun\u00edcipes&#8221;. Em comunicado, a autarquia adianta que, de acordo com o relat\u00f3rio anual sobre o Controlo da Qualidade da \u00c1gua para Consumo Humano [&hellip;]\" \/>\n<meta property=\"og:url\" content=\"https:\/\/www.altominho.tv\/site\/2019\/11\/18\/agua-de-paredes-de-coura-distinguida-com-selo-de-qualidade\/\" \/>\n<meta property=\"og:site_name\" content=\"Altominho.tv\" \/>\n<meta property=\"article:publisher\" content=\"https:\/\/www.facebook.com\/altominhotv\" \/>\n<meta property=\"article:published_time\" content=\"2019-11-18T17:46:38+00:00\" \/>\n<meta property=\"article:modified_time\" content=\"2019-11-19T00:13:38+00:00\" \/>\n<meta property=\"og:image\" content=\"https:\/\/www.altominho.tv\/site\/wp-content\/uploads\/2019\/11\/agua.jpg\" \/>\n\t<meta property=\"og:image:width\" content=\"1949\" \/>\n\t<meta property=\"og:image:height\" content=\"962\" \/>\n\t<meta property=\"og:image:type\" content=\"image\/jpeg\" \/>\n<meta name=\"author\" content=\"Andreia Ferreira\" \/>\n<meta name=\"twitter:card\" content=\"summary_large_image\" \/>\n<meta name=\"twitter:creator\" content=\"@altominhoTV\" \/>\n<meta name=\"twitter:site\" content=\"@altominhoTV\" \/>\n<meta name=\"twitter:label1\" content=\"Escrito por\" \/>\n\t<meta name=\"twitter:data1\" content=\"Andreia Ferreira\" \/>\n\t<meta name=\"twitter:label2\" content=\"Tempo estimado de leitura\" \/>\n\t<meta name=\"twitter:data2\" content=\"2 minutos\" \/>\n<script type=\"application\/ld+json\" class=\"yoast-schema-graph\">{\"@context\":\"https:\\\/\\\/schema.org\",\"@graph\":[{\"@type\":\"Article\",\"@id\":\"https:\\\/\\\/www.altominho.tv\\\/site\\\/2019\\\/11\\\/18\\\/agua-de-paredes-de-coura-distinguida-com-selo-de-qualidade\\\/#article\",\"isPartOf\":{\"@id\":\"https:\\\/\\\/www.altominho.tv\\\/site\\\/2019\\\/11\\\/18\\\/agua-de-paredes-de-coura-distinguida-com-selo-de-qualidade\\\/\"},\"author\":{\"name\":\"Andreia Ferreira\",\"@id\":\"https:\\\/\\\/www.altominho.tv\\\/site\\\/#\\\/schema\\\/person\\\/d9be4265364723f14ea8e0d56a1d38cd\"},\"headline\":\"\u00c1gua de Paredes de Coura distinguida com selo de qualidade\",\"datePublished\":\"2019-11-18T17:46:38+00:00\",\"dateModified\":\"2019-11-19T00:13:38+00:00\",\"mainEntityOfPage\":{\"@id\":\"https:\\\/\\\/www.altominho.tv\\\/site\\\/2019\\\/11\\\/18\\\/agua-de-paredes-de-coura-distinguida-com-selo-de-qualidade\\\/\"},\"wordCount\":343,\"image\":{\"@id\":\"https:\\\/\\\/www.altominho.tv\\\/site\\\/2019\\\/11\\\/18\\\/agua-de-paredes-de-coura-distinguida-com-selo-de-qualidade\\\/#primaryimage\"},\"thumbnailUrl\":\"https:\\\/\\\/www.altominho.tv\\\/site\\\/wp-content\\\/uploads\\\/2019\\\/11\\\/agua.jpg\",\"keywords\":[\"Sociedade\"],\"articleSection\":[\"Paredes de Coura\"],\"inLanguage\":\"pt-PT\",\"copyrightYear\":\"2019\",\"copyrightHolder\":{\"@id\":\"https:\\\/\\\/www.altominho.tv\\\/site\\\/#organization\"}},{\"@type\":\"WebPage\",\"@id\":\"https:\\\/\\\/www.altominho.tv\\\/site\\\/2019\\\/11\\\/18\\\/agua-de-paredes-de-coura-distinguida-com-selo-de-qualidade\\\/\",\"url\":\"https:\\\/\\\/www.altominho.tv\\\/site\\\/2019\\\/11\\\/18\\\/agua-de-paredes-de-coura-distinguida-com-selo-de-qualidade\\\/\",\"name\":\"\u00c1gua de Paredes de Coura distinguida com selo de qualidade\",\"isPartOf\":{\"@id\":\"https:\\\/\\\/www.altominho.tv\\\/site\\\/#website\"},\"primaryImageOfPage\":{\"@id\":\"https:\\\/\\\/www.altominho.tv\\\/site\\\/2019\\\/11\\\/18\\\/agua-de-paredes-de-coura-distinguida-com-selo-de-qualidade\\\/#primaryimage\"},\"image\":{\"@id\":\"https:\\\/\\\/www.altominho.tv\\\/site\\\/2019\\\/11\\\/18\\\/agua-de-paredes-de-coura-distinguida-com-selo-de-qualidade\\\/#primaryimage\"},\"thumbnailUrl\":\"https:\\\/\\\/www.altominho.tv\\\/site\\\/wp-content\\\/uploads\\\/2019\\\/11\\\/agua.jpg\",\"datePublished\":\"2019-11-18T17:46:38+00:00\",\"dateModified\":\"2019-11-19T00:13:38+00:00\",\"author\":{\"@id\":\"https:\\\/\\\/www.altominho.tv\\\/site\\\/#\\\/schema\\\/person\\\/d9be4265364723f14ea8e0d56a1d38cd\"},\"breadcrumb\":{\"@id\":\"https:\\\/\\\/www.altominho.tv\\\/site\\\/2019\\\/11\\\/18\\\/agua-de-paredes-de-coura-distinguida-com-selo-de-qualidade\\\/#breadcrumb\"},\"inLanguage\":\"pt-PT\",\"potentialAction\":[{\"@type\":\"ReadAction\",\"target\":[\"https:\\\/\\\/www.altominho.tv\\\/site\\\/2019\\\/11\\\/18\\\/agua-de-paredes-de-coura-distinguida-com-selo-de-qualidade\\\/\"]}]},{\"@type\":\"ImageObject\",\"inLanguage\":\"pt-PT\",\"@id\":\"https:\\\/\\\/www.altominho.tv\\\/site\\\/2019\\\/11\\\/18\\\/agua-de-paredes-de-coura-distinguida-com-selo-de-qualidade\\\/#primaryimage\",\"url\":\"https:\\\/\\\/www.altominho.tv\\\/site\\\/wp-content\\\/uploads\\\/2019\\\/11\\\/agua.jpg\",\"contentUrl\":\"https:\\\/\\\/www.altominho.tv\\\/site\\\/wp-content\\\/uploads\\\/2019\\\/11\\\/agua.jpg\",\"width\":1949,\"height\":962},{\"@type\":\"BreadcrumbList\",\"@id\":\"https:\\\/\\\/www.altominho.tv\\\/site\\\/2019\\\/11\\\/18\\\/agua-de-paredes-de-coura-distinguida-com-selo-de-qualidade\\\/#breadcrumb\",\"itemListElement\":[{\"@type\":\"ListItem\",\"position\":1,\"name\":\"In\u00edcio\",\"item\":\"https:\\\/\\\/www.altominho.tv\\\/site\\\/\"},{\"@type\":\"ListItem\",\"position\":2,\"name\":\"\u00c1gua de Paredes de Coura distinguida com selo de qualidade\"}]},{\"@type\":\"WebSite\",\"@id\":\"https:\\\/\\\/www.altominho.tv\\\/site\\\/#website\",\"url\":\"https:\\\/\\\/www.altominho.tv\\\/site\\\/\",\"name\":\"Altominho.tv\",\"description\":\"A sua regi\u00e3o \u00e0 dist\u00e2ncia de um clique...\",\"potentialAction\":[{\"@type\":\"SearchAction\",\"target\":{\"@type\":\"EntryPoint\",\"urlTemplate\":\"https:\\\/\\\/www.altominho.tv\\\/site\\\/?s={search_term_string}\"},\"query-input\":{\"@type\":\"PropertyValueSpecification\",\"valueRequired\":true,\"valueName\":\"search_term_string\"}}],\"inLanguage\":\"pt-PT\"},{\"@type\":\"Person\",\"@id\":\"https:\\\/\\\/www.altominho.tv\\\/site\\\/#\\\/schema\\\/person\\\/d9be4265364723f14ea8e0d56a1d38cd\",\"name\":\"Andreia Ferreira\",\"image\":{\"@type\":\"ImageObject\",\"inLanguage\":\"pt-PT\",\"@id\":\"https:\\\/\\\/www.altominho.tv\\\/site\\\/wp-content\\\/uploads\\\/2021\\\/01\\\/AndreiaFerreira-150x150.jpg\",\"url\":\"https:\\\/\\\/www.altominho.tv\\\/site\\\/wp-content\\\/uploads\\\/2021\\\/01\\\/AndreiaFerreira-150x150.jpg\",\"contentUrl\":\"https:\\\/\\\/www.altominho.tv\\\/site\\\/wp-content\\\/uploads\\\/2021\\\/01\\\/AndreiaFerreira-150x150.jpg\",\"caption\":\"Andreia Ferreira\"},\"url\":\"https:\\\/\\\/www.altominho.tv\\\/site\\\/author\\\/andreiaferreira\\\/\"}]}<\/script>\n<!-- \/ Yoast SEO Premium plugin. -->","yoast_head_json":{"title":"\u00c1gua de Paredes de Coura distinguida com selo de qualidade","robots":{"index":"index","follow":"follow","max-snippet":"max-snippet:-1","max-image-preview":"max-image-preview:large","max-video-preview":"max-video-preview:-1"},"canonical":"https:\/\/www.altominho.tv\/site\/2019\/11\/18\/agua-de-paredes-de-coura-distinguida-com-selo-de-qualidade\/","og_locale":"pt_PT","og_type":"article","og_title":"\u00c1gua de Paredes de Coura distinguida com selo de qualidade","og_description":"A C\u00e2mara de Paredes de Coura informou hoje que o concelho voltou a ser distinguido pela qualidade da sua \u00e1gua, sendo &#8220;o munic\u00edpio do Alto Minho que melhor \u00e1gua faculta aos seus mun\u00edcipes&#8221;. Em comunicado, a autarquia adianta que, de acordo com o relat\u00f3rio anual sobre o Controlo da Qualidade da \u00c1gua para Consumo Humano [&hellip;]","og_url":"https:\/\/www.altominho.tv\/site\/2019\/11\/18\/agua-de-paredes-de-coura-distinguida-com-selo-de-qualidade\/","og_site_name":"Altominho.tv","article_publisher":"https:\/\/www.facebook.com\/altominhotv","article_published_time":"2019-11-18T17:46:38+00:00","article_modified_time":"2019-11-19T00:13:38+00:00","og_image":[{"width":1949,"height":962,"url":"https:\/\/www.altominho.tv\/site\/wp-content\/uploads\/2019\/11\/agua.jpg","type":"image\/jpeg"}],"author":"Andreia Ferreira","twitter_card":"summary_large_image","twitter_creator":"@altominhoTV","twitter_site":"@altominhoTV","twitter_misc":{"Escrito por":"Andreia Ferreira","Tempo estimado de leitura":"2 minutos"},"schema":{"@context":"https:\/\/schema.org","@graph":[{"@type":"Article","@id":"https:\/\/www.altominho.tv\/site\/2019\/11\/18\/agua-de-paredes-de-coura-distinguida-com-selo-de-qualidade\/#article","isPartOf":{"@id":"https:\/\/www.altominho.tv\/site\/2019\/11\/18\/agua-de-paredes-de-coura-distinguida-com-selo-de-qualidade\/"},"author":{"name":"Andreia Ferreira","@id":"https:\/\/www.altominho.tv\/site\/#\/schema\/person\/d9be4265364723f14ea8e0d56a1d38cd"},"headline":"\u00c1gua de Paredes de Coura distinguida com selo de qualidade","datePublished":"2019-11-18T17:46:38+00:00","dateModified":"2019-11-19T00:13:38+00:00","mainEntityOfPage":{"@id":"https:\/\/www.altominho.tv\/site\/2019\/11\/18\/agua-de-paredes-de-coura-distinguida-com-selo-de-qualidade\/"},"wordCount":343,"image":{"@id":"https:\/\/www.altominho.tv\/site\/2019\/11\/18\/agua-de-paredes-de-coura-distinguida-com-selo-de-qualidade\/#primaryimage"},"thumbnailUrl":"https:\/\/www.altominho.tv\/site\/wp-content\/uploads\/2019\/11\/agua.jpg","keywords":["Sociedade"],"articleSection":["Paredes de Coura"],"inLanguage":"pt-PT","copyrightYear":"2019","copyrightHolder":{"@id":"https:\/\/www.altominho.tv\/site\/#organization"}},{"@type":"WebPage","@id":"https:\/\/www.altominho.tv\/site\/2019\/11\/18\/agua-de-paredes-de-coura-distinguida-com-selo-de-qualidade\/","url":"https:\/\/www.altominho.tv\/site\/2019\/11\/18\/agua-de-paredes-de-coura-distinguida-com-selo-de-qualidade\/","name":"\u00c1gua de Paredes de Coura distinguida com selo de qualidade","isPartOf":{"@id":"https:\/\/www.altominho.tv\/site\/#website"},"primaryImageOfPage":{"@id":"https:\/\/www.altominho.tv\/site\/2019\/11\/18\/agua-de-paredes-de-coura-distinguida-com-selo-de-qualidade\/#primaryimage"},"image":{"@id":"https:\/\/www.altominho.tv\/site\/2019\/11\/18\/agua-de-paredes-de-coura-distinguida-com-selo-de-qualidade\/#primaryimage"},"thumbnailUrl":"https:\/\/www.altominho.tv\/site\/wp-content\/uploads\/2019\/11\/agua.jpg","datePublished":"2019-11-18T17:46:38+00:00","dateModified":"2019-11-19T00:13:38+00:00","author":{"@id":"https:\/\/www.altominho.tv\/site\/#\/schema\/person\/d9be4265364723f14ea8e0d56a1d38cd"},"breadcrumb":{"@id":"https:\/\/www.altominho.tv\/site\/2019\/11\/18\/agua-de-paredes-de-coura-distinguida-com-selo-de-qualidade\/#breadcrumb"},"inLanguage":"pt-PT","potentialAction":[{"@type":"ReadAction","target":["https:\/\/www.altominho.tv\/site\/2019\/11\/18\/agua-de-paredes-de-coura-distinguida-com-selo-de-qualidade\/"]}]},{"@type":"ImageObject","inLanguage":"pt-PT","@id":"https:\/\/www.altominho.tv\/site\/2019\/11\/18\/agua-de-paredes-de-coura-distinguida-com-selo-de-qualidade\/#primaryimage","url":"https:\/\/www.altominho.tv\/site\/wp-content\/uploads\/2019\/11\/agua.jpg","contentUrl":"https:\/\/www.altominho.tv\/site\/wp-content\/uploads\/2019\/11\/agua.jpg","width":1949,"height":962},{"@type":"BreadcrumbList","@id":"https:\/\/www.altominho.tv\/site\/2019\/11\/18\/agua-de-paredes-de-coura-distinguida-com-selo-de-qualidade\/#breadcrumb","itemListElement":[{"@type":"ListItem","position":1,"name":"In\u00edcio","item":"https:\/\/www.altominho.tv\/site\/"},{"@type":"ListItem","position":2,"name":"\u00c1gua de Paredes de Coura distinguida com selo de qualidade"}]},{"@type":"WebSite","@id":"https:\/\/www.altominho.tv\/site\/#website","url":"https:\/\/www.altominho.tv\/site\/","name":"Altominho.tv","description":"A sua regi\u00e3o \u00e0 dist\u00e2ncia de um clique...","potentialAction":[{"@type":"SearchAction","target":{"@type":"EntryPoint","urlTemplate":"https:\/\/www.altominho.tv\/site\/?s={search_term_string}"},"query-input":{"@type":"PropertyValueSpecification","valueRequired":true,"valueName":"search_term_string"}}],"inLanguage":"pt-PT"},{"@type":"Person","@id":"https:\/\/www.altominho.tv\/site\/#\/schema\/person\/d9be4265364723f14ea8e0d56a1d38cd","name":"Andreia Ferreira","image":{"@type":"ImageObject","inLanguage":"pt-PT","@id":"https:\/\/www.altominho.tv\/site\/wp-content\/uploads\/2021\/01\/AndreiaFerreira-150x150.jpg","url":"https:\/\/www.altominho.tv\/site\/wp-content\/uploads\/2021\/01\/AndreiaFerreira-150x150.jpg","contentUrl":"https:\/\/www.altominho.tv\/site\/wp-content\/uploads\/2021\/01\/AndreiaFerreira-150x150.jpg","caption":"Andreia Ferreira"},"url":"https:\/\/www.altominho.tv\/site\/author\/andreiaferreira\/"}]}},"_links":{"self":[{"href":"https:\/\/www.altominho.tv\/site\/wp-json\/wp\/v2\/posts\/36818","targetHints":{"allow":["GET"]}}],"collection":[{"href":"https:\/\/www.altominho.tv\/site\/wp-json\/wp\/v2\/posts"}],"about":[{"href":"https:\/\/www.altominho.tv\/site\/wp-json\/wp\/v2\/types\/post"}],"author":[{"embeddable":true,"href":"https:\/\/www.altominho.tv\/site\/wp-json\/wp\/v2\/users\/12"}],"replies":[{"embeddable":true,"href":"https:\/\/www.altominho.tv\/site\/wp-json\/wp\/v2\/comments?post=36818"}],"version-history":[{"count":0,"href":"https:\/\/www.altominho.tv\/site\/wp-json\/wp\/v2\/posts\/36818\/revisions"}],"wp:featuredmedia":[{"embeddable":true,"href":"https:\/\/www.altominho.tv\/site\/wp-json\/wp\/v2\/media\/36819"}],"wp:attachment":[{"href":"https:\/\/www.altominho.tv\/site\/wp-json\/wp\/v2\/media?parent=36818"}],"wp:term":[{"taxonomy":"category","embeddable":true,"href":"https:\/\/www.altominho.tv\/site\/wp-json\/wp\/v2\/categories?post=36818"},{"taxonomy":"post_tag","embeddable":true,"href":"https:\/\/www.altominho.tv\/site\/wp-json\/wp\/v2\/tags?post=36818"}],"curies":[{"name":"wp","href":"https:\/\/api.w.org\/{rel}","templated":true}]}}