{"id":36735,"date":"2019-11-14T16:57:46","date_gmt":"2019-11-14T16:57:46","guid":{"rendered":"http:\/\/www.altominho.tv\/site\/?p=36735"},"modified":"2019-11-14T17:00:00","modified_gmt":"2019-11-14T17:00:00","slug":"viana-investe-mais-de-122-mil-euros-em-iluminacao-de-natal","status":"publish","type":"post","link":"https:\/\/www.altominho.tv\/site\/2019\/11\/14\/viana-investe-mais-de-122-mil-euros-em-iluminacao-de-natal\/","title":{"rendered":"Viana investe mais de 122 mil euros em ilumina\u00e7\u00e3o de Natal"},"content":{"rendered":"<p>A C\u00e2mara de Viana do Castelo vai investir este ano mais de 122 mil euros em ilumina\u00e7\u00e3o de Natal, mais 50 mil do que em 2018, ao abrigo de um protocolo com a Associa\u00e7\u00e3o Empresarial de Viana do Castelo.<\/p>\n<p>O documento, aprovado por unanimidade em reuni\u00e3o camar\u00e1ria, prev\u00ea &#8220;um apoio financeiro no valor de 122.200 euros, a efetuar em tr\u00eas tranches, a primeira de 50 mil euros e as restantes de 30.000 euros&#8221;, para garantir a ilumina\u00e7\u00e3o e ornamenta\u00e7\u00e3o de Natal entre 30 de novembro e 06 de janeiro.<\/p>\n<p>Na apresenta\u00e7\u00e3o da proposta ao executivo municipal, o presidente da C\u00e2mara, Jos\u00e9 Maria Costa destacou o &#8220;retomar de uma parceria antiga com a Associa\u00e7\u00e3o Empresarial de Viana do Castelo (AEVC)&#8221;, que desde outubro tem nova dire\u00e7\u00e3o, presidida por Manuel Cunha J\u00fanior.<\/p>\n<p>O autarca socialista referiu que esta parceria incidir\u00e1 &#8220;na anima\u00e7\u00e3o de Natal e do fim do ano, dando especial aten\u00e7\u00e3o \u00e0 promo\u00e7\u00e3o do programa de Viana do Castelo junto da Galiza, para atrair mais turistas do pa\u00eds vizinho&#8221;.<\/p>\n<p>&#8220;Vamos aumentar o esfor\u00e7o financeiro do munic\u00edpio. H\u00e1 um refor\u00e7o de cerca de 50 mil euros s\u00f3 na ilumina\u00e7\u00e3o natal\u00edcia, onde este ano vamos investir 122 mil euros. Vamos fazer uma campanha de promo\u00e7\u00e3o do programa natal\u00edcio mais forte nos territ\u00f3rios de proximidade, nomeadamente na Galiza, e vamos desenvolver um projeto para dinamizar o com\u00e9rcio digital&#8221;, disse.<\/p>\n<p>Este ano, e de acordo com a proposta de protocolo hoje aprovada, est\u00e1 prevista a ilumina\u00e7\u00e3o de mais de duas dezenas de ruas e pra\u00e7as do centro hist\u00f3rico e &#8220;um jogo de luzes sincronizado com m\u00fasica&#8221;, na principal art\u00e9ria da cidade, a Avenida Combatentes da Grande Guerra, &#8220;que permitir\u00e1 a cria\u00e7\u00e3o um espet\u00e1culo nunca inferior a 15 minutos, que ser\u00e1 repetido at\u00e9 quatro vezes por dia em hor\u00e1rios a definir&#8221;.<\/p>\n<p>&#8220;Este ano, Viana do Castelo ter\u00e1 ilumina\u00e7\u00e3o diferente da dos anos anteriores com uma surpresa na Avenida dos Combatentes. Ser\u00e1 um novo motivo de atra\u00e7\u00e3o na pr\u00f3xima quadra festiva&#8221;, referiu.<\/p>\n<p>Na Pra\u00e7a da Liberdade, na frente ribeirinha, ser\u00e1 instalada &#8220;uma \u00e1rvore de Natal 3D com cerca de 20 metros de altura&#8221;, uma &#8220;alternativa&#8221; \u00e0 ilumina\u00e7\u00e3o da maior \u00e1rvore de Natal natural da Europa, que n\u00e3o consta da parceria a estabelecer com a AEVC.<\/p>\n<p>Em 2018, a autarquia decidiu, &#8220;por motivos ambientais&#8221;, abdicar da ilumina\u00e7\u00e3o da arauc\u00e1ria excelsa, que brilhou durante mais de 20 anos, para preservar um &#8220;exemplar classificado, patrim\u00f3nio da cidade&#8221;, face aos sinais de fragilidade que apresenta.<\/p>\n<p>Com mais de 50 metros de altura, a arauc\u00e1ria excelsa foi, durante mais de 20 anos, iluminada com milhares de luzes, sendo vista em toda a cidade, num per\u00edmetro de v\u00e1rios quil\u00f3metros. A instala\u00e7\u00e3o da decora\u00e7\u00e3o era assegurada, manualmente, apesar das fragilidades que o exemplar j\u00e1 apresentava.<\/p>\n\n\n<p><\/p>\n","protected":false},"excerpt":{"rendered":"<p>A C\u00e2mara de Viana do Castelo vai investir este ano mais de 122 mil euros em ilumina\u00e7\u00e3o de Natal, mais 50 mil do que em 2018, ao abrigo de um protocolo com a Associa\u00e7\u00e3o Empresarial de Viana do Castelo. O documento, aprovado por unanimidade em reuni\u00e3o camar\u00e1ria, prev\u00ea &#8220;um apoio financeiro no valor de 122.200 [&hellip;]<\/p>\n","protected":false},"author":15,"featured_media":36736,"comment_status":"closed","ping_status":"closed","sticky":false,"template":"","format":"standard","meta":{"_exactmetrics_skip_tracking":false,"_exactmetrics_sitenote_active":false,"_exactmetrics_sitenote_note":"","_exactmetrics_sitenote_category":0,"footnotes":""},"categories":[14],"tags":[27],"class_list":["post-36735","post","type-post","status-publish","format-standard","has-post-thumbnail","hentry","category-viana-do-castelo","tag-sociedade"],"yoast_head":"<!-- This site is optimized with the Yoast SEO Premium plugin v27.5 (Yoast SEO v27.5) - https:\/\/yoast.com\/product\/yoast-seo-premium-wordpress\/ -->\n<title>Viana investe mais de 122 mil euros em ilumina\u00e7\u00e3o de Natal<\/title>\n<meta name=\"robots\" content=\"index, follow, max-snippet:-1, max-image-preview:large, max-video-preview:-1\" \/>\n<link rel=\"canonical\" href=\"https:\/\/www.altominho.tv\/site\/2019\/11\/14\/viana-investe-mais-de-122-mil-euros-em-iluminacao-de-natal\/\" \/>\n<meta property=\"og:locale\" content=\"pt_PT\" \/>\n<meta property=\"og:type\" content=\"article\" \/>\n<meta property=\"og:title\" content=\"Viana investe mais de 122 mil euros em ilumina\u00e7\u00e3o de Natal\" \/>\n<meta property=\"og:description\" content=\"A C\u00e2mara de Viana do Castelo vai investir este ano mais de 122 mil euros em ilumina\u00e7\u00e3o de Natal, mais 50 mil do que em 2018, ao abrigo de um protocolo com a Associa\u00e7\u00e3o Empresarial de Viana do Castelo. O documento, aprovado por unanimidade em reuni\u00e3o camar\u00e1ria, prev\u00ea &#8220;um apoio financeiro no valor de 122.200 [&hellip;]\" \/>\n<meta property=\"og:url\" content=\"https:\/\/www.altominho.tv\/site\/2019\/11\/14\/viana-investe-mais-de-122-mil-euros-em-iluminacao-de-natal\/\" \/>\n<meta property=\"og:site_name\" content=\"Altominho.tv\" \/>\n<meta property=\"article:publisher\" content=\"https:\/\/www.facebook.com\/altominhotv\" \/>\n<meta property=\"article:published_time\" content=\"2019-11-14T16:57:46+00:00\" \/>\n<meta property=\"article:modified_time\" content=\"2019-11-14T17:00:00+00:00\" \/>\n<meta property=\"og:image\" content=\"https:\/\/www.altominho.tv\/site\/wp-content\/uploads\/2019\/11\/Natal-Viana-do-Castelo-e1573750568777.jpg\" \/>\n\t<meta property=\"og:image:width\" content=\"1596\" \/>\n\t<meta property=\"og:image:height\" content=\"864\" \/>\n\t<meta property=\"og:image:type\" content=\"image\/jpeg\" \/>\n<meta name=\"author\" content=\"Andreia Ferreira | Lusa\" \/>\n<meta name=\"twitter:card\" content=\"summary_large_image\" \/>\n<meta name=\"twitter:creator\" content=\"@altominhoTV\" \/>\n<meta name=\"twitter:site\" content=\"@altominhoTV\" \/>\n<meta name=\"twitter:label1\" content=\"Escrito por\" \/>\n\t<meta name=\"twitter:data1\" content=\"Andreia Ferreira | Lusa\" \/>\n\t<meta name=\"twitter:label2\" content=\"Tempo estimado de leitura\" \/>\n\t<meta name=\"twitter:data2\" content=\"2 minutos\" \/>\n<script type=\"application\/ld+json\" class=\"yoast-schema-graph\">{\"@context\":\"https:\\\/\\\/schema.org\",\"@graph\":[{\"@type\":\"Article\",\"@id\":\"https:\\\/\\\/www.altominho.tv\\\/site\\\/2019\\\/11\\\/14\\\/viana-investe-mais-de-122-mil-euros-em-iluminacao-de-natal\\\/#article\",\"isPartOf\":{\"@id\":\"https:\\\/\\\/www.altominho.tv\\\/site\\\/2019\\\/11\\\/14\\\/viana-investe-mais-de-122-mil-euros-em-iluminacao-de-natal\\\/\"},\"author\":{\"name\":\"Andreia Ferreira | Lusa\",\"@id\":\"https:\\\/\\\/www.altominho.tv\\\/site\\\/#\\\/schema\\\/person\\\/a0bff6dc1041aadd46fa81887444b017\"},\"headline\":\"Viana investe mais de 122 mil euros em ilumina\u00e7\u00e3o de Natal\",\"datePublished\":\"2019-11-14T16:57:46+00:00\",\"dateModified\":\"2019-11-14T17:00:00+00:00\",\"mainEntityOfPage\":{\"@id\":\"https:\\\/\\\/www.altominho.tv\\\/site\\\/2019\\\/11\\\/14\\\/viana-investe-mais-de-122-mil-euros-em-iluminacao-de-natal\\\/\"},\"wordCount\":493,\"image\":{\"@id\":\"https:\\\/\\\/www.altominho.tv\\\/site\\\/2019\\\/11\\\/14\\\/viana-investe-mais-de-122-mil-euros-em-iluminacao-de-natal\\\/#primaryimage\"},\"thumbnailUrl\":\"https:\\\/\\\/www.altominho.tv\\\/site\\\/wp-content\\\/uploads\\\/2019\\\/11\\\/Natal-Viana-do-Castelo-e1573750568777.jpg\",\"keywords\":[\"Sociedade\"],\"articleSection\":[\"Viana do Castelo\"],\"inLanguage\":\"pt-PT\",\"copyrightYear\":\"2019\",\"copyrightHolder\":{\"@id\":\"https:\\\/\\\/www.altominho.tv\\\/site\\\/#organization\"}},{\"@type\":\"WebPage\",\"@id\":\"https:\\\/\\\/www.altominho.tv\\\/site\\\/2019\\\/11\\\/14\\\/viana-investe-mais-de-122-mil-euros-em-iluminacao-de-natal\\\/\",\"url\":\"https:\\\/\\\/www.altominho.tv\\\/site\\\/2019\\\/11\\\/14\\\/viana-investe-mais-de-122-mil-euros-em-iluminacao-de-natal\\\/\",\"name\":\"Viana investe mais de 122 mil euros em ilumina\u00e7\u00e3o de Natal\",\"isPartOf\":{\"@id\":\"https:\\\/\\\/www.altominho.tv\\\/site\\\/#website\"},\"primaryImageOfPage\":{\"@id\":\"https:\\\/\\\/www.altominho.tv\\\/site\\\/2019\\\/11\\\/14\\\/viana-investe-mais-de-122-mil-euros-em-iluminacao-de-natal\\\/#primaryimage\"},\"image\":{\"@id\":\"https:\\\/\\\/www.altominho.tv\\\/site\\\/2019\\\/11\\\/14\\\/viana-investe-mais-de-122-mil-euros-em-iluminacao-de-natal\\\/#primaryimage\"},\"thumbnailUrl\":\"https:\\\/\\\/www.altominho.tv\\\/site\\\/wp-content\\\/uploads\\\/2019\\\/11\\\/Natal-Viana-do-Castelo-e1573750568777.jpg\",\"datePublished\":\"2019-11-14T16:57:46+00:00\",\"dateModified\":\"2019-11-14T17:00:00+00:00\",\"author\":{\"@id\":\"https:\\\/\\\/www.altominho.tv\\\/site\\\/#\\\/schema\\\/person\\\/a0bff6dc1041aadd46fa81887444b017\"},\"breadcrumb\":{\"@id\":\"https:\\\/\\\/www.altominho.tv\\\/site\\\/2019\\\/11\\\/14\\\/viana-investe-mais-de-122-mil-euros-em-iluminacao-de-natal\\\/#breadcrumb\"},\"inLanguage\":\"pt-PT\",\"potentialAction\":[{\"@type\":\"ReadAction\",\"target\":[\"https:\\\/\\\/www.altominho.tv\\\/site\\\/2019\\\/11\\\/14\\\/viana-investe-mais-de-122-mil-euros-em-iluminacao-de-natal\\\/\"]}]},{\"@type\":\"ImageObject\",\"inLanguage\":\"pt-PT\",\"@id\":\"https:\\\/\\\/www.altominho.tv\\\/site\\\/2019\\\/11\\\/14\\\/viana-investe-mais-de-122-mil-euros-em-iluminacao-de-natal\\\/#primaryimage\",\"url\":\"https:\\\/\\\/www.altominho.tv\\\/site\\\/wp-content\\\/uploads\\\/2019\\\/11\\\/Natal-Viana-do-Castelo-e1573750568777.jpg\",\"contentUrl\":\"https:\\\/\\\/www.altominho.tv\\\/site\\\/wp-content\\\/uploads\\\/2019\\\/11\\\/Natal-Viana-do-Castelo-e1573750568777.jpg\",\"width\":1596,\"height\":864,\"caption\":\"OLHAR VIANA DO CASTELO\"},{\"@type\":\"BreadcrumbList\",\"@id\":\"https:\\\/\\\/www.altominho.tv\\\/site\\\/2019\\\/11\\\/14\\\/viana-investe-mais-de-122-mil-euros-em-iluminacao-de-natal\\\/#breadcrumb\",\"itemListElement\":[{\"@type\":\"ListItem\",\"position\":1,\"name\":\"In\u00edcio\",\"item\":\"https:\\\/\\\/www.altominho.tv\\\/site\\\/\"},{\"@type\":\"ListItem\",\"position\":2,\"name\":\"Viana investe mais de 122 mil euros em ilumina\u00e7\u00e3o de Natal\"}]},{\"@type\":\"WebSite\",\"@id\":\"https:\\\/\\\/www.altominho.tv\\\/site\\\/#website\",\"url\":\"https:\\\/\\\/www.altominho.tv\\\/site\\\/\",\"name\":\"Altominho.tv\",\"description\":\"A sua regi\u00e3o \u00e0 dist\u00e2ncia de um clique...\",\"potentialAction\":[{\"@type\":\"SearchAction\",\"target\":{\"@type\":\"EntryPoint\",\"urlTemplate\":\"https:\\\/\\\/www.altominho.tv\\\/site\\\/?s={search_term_string}\"},\"query-input\":{\"@type\":\"PropertyValueSpecification\",\"valueRequired\":true,\"valueName\":\"search_term_string\"}}],\"inLanguage\":\"pt-PT\"},{\"@type\":\"Person\",\"@id\":\"https:\\\/\\\/www.altominho.tv\\\/site\\\/#\\\/schema\\\/person\\\/a0bff6dc1041aadd46fa81887444b017\",\"name\":\"Andreia Ferreira | Lusa\",\"image\":{\"@type\":\"ImageObject\",\"inLanguage\":\"pt-PT\",\"@id\":\"https:\\\/\\\/www.altominho.tv\\\/site\\\/wp-content\\\/uploads\\\/2018\\\/04\\\/Andreia-150x150.jpg\",\"url\":\"https:\\\/\\\/www.altominho.tv\\\/site\\\/wp-content\\\/uploads\\\/2018\\\/04\\\/Andreia-150x150.jpg\",\"contentUrl\":\"https:\\\/\\\/www.altominho.tv\\\/site\\\/wp-content\\\/uploads\\\/2018\\\/04\\\/Andreia-150x150.jpg\",\"caption\":\"Andreia Ferreira | Lusa\"},\"sameAs\":[\"https:\\\/\\\/www.altominho.tv\\\/site\"],\"url\":\"https:\\\/\\\/www.altominho.tv\\\/site\\\/author\\\/andreiaferreiralusa\\\/\"}]}<\/script>\n<!-- \/ Yoast SEO Premium plugin. -->","yoast_head_json":{"title":"Viana investe mais de 122 mil euros em ilumina\u00e7\u00e3o de Natal","robots":{"index":"index","follow":"follow","max-snippet":"max-snippet:-1","max-image-preview":"max-image-preview:large","max-video-preview":"max-video-preview:-1"},"canonical":"https:\/\/www.altominho.tv\/site\/2019\/11\/14\/viana-investe-mais-de-122-mil-euros-em-iluminacao-de-natal\/","og_locale":"pt_PT","og_type":"article","og_title":"Viana investe mais de 122 mil euros em ilumina\u00e7\u00e3o de Natal","og_description":"A C\u00e2mara de Viana do Castelo vai investir este ano mais de 122 mil euros em ilumina\u00e7\u00e3o de Natal, mais 50 mil do que em 2018, ao abrigo de um protocolo com a Associa\u00e7\u00e3o Empresarial de Viana do Castelo. O documento, aprovado por unanimidade em reuni\u00e3o camar\u00e1ria, prev\u00ea &#8220;um apoio financeiro no valor de 122.200 [&hellip;]","og_url":"https:\/\/www.altominho.tv\/site\/2019\/11\/14\/viana-investe-mais-de-122-mil-euros-em-iluminacao-de-natal\/","og_site_name":"Altominho.tv","article_publisher":"https:\/\/www.facebook.com\/altominhotv","article_published_time":"2019-11-14T16:57:46+00:00","article_modified_time":"2019-11-14T17:00:00+00:00","og_image":[{"width":1596,"height":864,"url":"https:\/\/www.altominho.tv\/site\/wp-content\/uploads\/2019\/11\/Natal-Viana-do-Castelo-e1573750568777.jpg","type":"image\/jpeg"}],"author":"Andreia Ferreira | Lusa","twitter_card":"summary_large_image","twitter_creator":"@altominhoTV","twitter_site":"@altominhoTV","twitter_misc":{"Escrito por":"Andreia Ferreira | Lusa","Tempo estimado de leitura":"2 minutos"},"schema":{"@context":"https:\/\/schema.org","@graph":[{"@type":"Article","@id":"https:\/\/www.altominho.tv\/site\/2019\/11\/14\/viana-investe-mais-de-122-mil-euros-em-iluminacao-de-natal\/#article","isPartOf":{"@id":"https:\/\/www.altominho.tv\/site\/2019\/11\/14\/viana-investe-mais-de-122-mil-euros-em-iluminacao-de-natal\/"},"author":{"name":"Andreia Ferreira | Lusa","@id":"https:\/\/www.altominho.tv\/site\/#\/schema\/person\/a0bff6dc1041aadd46fa81887444b017"},"headline":"Viana investe mais de 122 mil euros em ilumina\u00e7\u00e3o de Natal","datePublished":"2019-11-14T16:57:46+00:00","dateModified":"2019-11-14T17:00:00+00:00","mainEntityOfPage":{"@id":"https:\/\/www.altominho.tv\/site\/2019\/11\/14\/viana-investe-mais-de-122-mil-euros-em-iluminacao-de-natal\/"},"wordCount":493,"image":{"@id":"https:\/\/www.altominho.tv\/site\/2019\/11\/14\/viana-investe-mais-de-122-mil-euros-em-iluminacao-de-natal\/#primaryimage"},"thumbnailUrl":"https:\/\/www.altominho.tv\/site\/wp-content\/uploads\/2019\/11\/Natal-Viana-do-Castelo-e1573750568777.jpg","keywords":["Sociedade"],"articleSection":["Viana do Castelo"],"inLanguage":"pt-PT","copyrightYear":"2019","copyrightHolder":{"@id":"https:\/\/www.altominho.tv\/site\/#organization"}},{"@type":"WebPage","@id":"https:\/\/www.altominho.tv\/site\/2019\/11\/14\/viana-investe-mais-de-122-mil-euros-em-iluminacao-de-natal\/","url":"https:\/\/www.altominho.tv\/site\/2019\/11\/14\/viana-investe-mais-de-122-mil-euros-em-iluminacao-de-natal\/","name":"Viana investe mais de 122 mil euros em ilumina\u00e7\u00e3o de Natal","isPartOf":{"@id":"https:\/\/www.altominho.tv\/site\/#website"},"primaryImageOfPage":{"@id":"https:\/\/www.altominho.tv\/site\/2019\/11\/14\/viana-investe-mais-de-122-mil-euros-em-iluminacao-de-natal\/#primaryimage"},"image":{"@id":"https:\/\/www.altominho.tv\/site\/2019\/11\/14\/viana-investe-mais-de-122-mil-euros-em-iluminacao-de-natal\/#primaryimage"},"thumbnailUrl":"https:\/\/www.altominho.tv\/site\/wp-content\/uploads\/2019\/11\/Natal-Viana-do-Castelo-e1573750568777.jpg","datePublished":"2019-11-14T16:57:46+00:00","dateModified":"2019-11-14T17:00:00+00:00","author":{"@id":"https:\/\/www.altominho.tv\/site\/#\/schema\/person\/a0bff6dc1041aadd46fa81887444b017"},"breadcrumb":{"@id":"https:\/\/www.altominho.tv\/site\/2019\/11\/14\/viana-investe-mais-de-122-mil-euros-em-iluminacao-de-natal\/#breadcrumb"},"inLanguage":"pt-PT","potentialAction":[{"@type":"ReadAction","target":["https:\/\/www.altominho.tv\/site\/2019\/11\/14\/viana-investe-mais-de-122-mil-euros-em-iluminacao-de-natal\/"]}]},{"@type":"ImageObject","inLanguage":"pt-PT","@id":"https:\/\/www.altominho.tv\/site\/2019\/11\/14\/viana-investe-mais-de-122-mil-euros-em-iluminacao-de-natal\/#primaryimage","url":"https:\/\/www.altominho.tv\/site\/wp-content\/uploads\/2019\/11\/Natal-Viana-do-Castelo-e1573750568777.jpg","contentUrl":"https:\/\/www.altominho.tv\/site\/wp-content\/uploads\/2019\/11\/Natal-Viana-do-Castelo-e1573750568777.jpg","width":1596,"height":864,"caption":"OLHAR VIANA DO CASTELO"},{"@type":"BreadcrumbList","@id":"https:\/\/www.altominho.tv\/site\/2019\/11\/14\/viana-investe-mais-de-122-mil-euros-em-iluminacao-de-natal\/#breadcrumb","itemListElement":[{"@type":"ListItem","position":1,"name":"In\u00edcio","item":"https:\/\/www.altominho.tv\/site\/"},{"@type":"ListItem","position":2,"name":"Viana investe mais de 122 mil euros em ilumina\u00e7\u00e3o de Natal"}]},{"@type":"WebSite","@id":"https:\/\/www.altominho.tv\/site\/#website","url":"https:\/\/www.altominho.tv\/site\/","name":"Altominho.tv","description":"A sua regi\u00e3o \u00e0 dist\u00e2ncia de um clique...","potentialAction":[{"@type":"SearchAction","target":{"@type":"EntryPoint","urlTemplate":"https:\/\/www.altominho.tv\/site\/?s={search_term_string}"},"query-input":{"@type":"PropertyValueSpecification","valueRequired":true,"valueName":"search_term_string"}}],"inLanguage":"pt-PT"},{"@type":"Person","@id":"https:\/\/www.altominho.tv\/site\/#\/schema\/person\/a0bff6dc1041aadd46fa81887444b017","name":"Andreia Ferreira | Lusa","image":{"@type":"ImageObject","inLanguage":"pt-PT","@id":"https:\/\/www.altominho.tv\/site\/wp-content\/uploads\/2018\/04\/Andreia-150x150.jpg","url":"https:\/\/www.altominho.tv\/site\/wp-content\/uploads\/2018\/04\/Andreia-150x150.jpg","contentUrl":"https:\/\/www.altominho.tv\/site\/wp-content\/uploads\/2018\/04\/Andreia-150x150.jpg","caption":"Andreia Ferreira | Lusa"},"sameAs":["https:\/\/www.altominho.tv\/site"],"url":"https:\/\/www.altominho.tv\/site\/author\/andreiaferreiralusa\/"}]}},"_links":{"self":[{"href":"https:\/\/www.altominho.tv\/site\/wp-json\/wp\/v2\/posts\/36735","targetHints":{"allow":["GET"]}}],"collection":[{"href":"https:\/\/www.altominho.tv\/site\/wp-json\/wp\/v2\/posts"}],"about":[{"href":"https:\/\/www.altominho.tv\/site\/wp-json\/wp\/v2\/types\/post"}],"author":[{"embeddable":true,"href":"https:\/\/www.altominho.tv\/site\/wp-json\/wp\/v2\/users\/15"}],"replies":[{"embeddable":true,"href":"https:\/\/www.altominho.tv\/site\/wp-json\/wp\/v2\/comments?post=36735"}],"version-history":[{"count":0,"href":"https:\/\/www.altominho.tv\/site\/wp-json\/wp\/v2\/posts\/36735\/revisions"}],"wp:featuredmedia":[{"embeddable":true,"href":"https:\/\/www.altominho.tv\/site\/wp-json\/wp\/v2\/media\/36736"}],"wp:attachment":[{"href":"https:\/\/www.altominho.tv\/site\/wp-json\/wp\/v2\/media?parent=36735"}],"wp:term":[{"taxonomy":"category","embeddable":true,"href":"https:\/\/www.altominho.tv\/site\/wp-json\/wp\/v2\/categories?post=36735"},{"taxonomy":"post_tag","embeddable":true,"href":"https:\/\/www.altominho.tv\/site\/wp-json\/wp\/v2\/tags?post=36735"}],"curies":[{"name":"wp","href":"https:\/\/api.w.org\/{rel}","templated":true}]}}