{"id":36716,"date":"2019-11-14T18:30:41","date_gmt":"2019-11-14T18:30:41","guid":{"rendered":"http:\/\/www.altominho.tv\/site\/?p=36716"},"modified":"2019-11-14T18:30:57","modified_gmt":"2019-11-14T18:30:57","slug":"parada-acolhe-feira-de-s-martinho-no-domingo","status":"publish","type":"post","link":"https:\/\/www.altominho.tv\/site\/2019\/11\/14\/parada-acolhe-feira-de-s-martinho-no-domingo\/","title":{"rendered":"Parada acolhe Feira de S. Martinho no domingo"},"content":{"rendered":"<p>A freguesia de Parada, em Mon\u00e7\u00e3o, vai acolher, no domingo, mais uma edi\u00e7\u00e3o da Feira Tradicional de S. Martinho. O programa tem in\u00edcio pelas 14h30, com a feira do gado.<\/p>\n<p>A feira, procurada pelas freguesias e concelhos vizinhos, tem como finalidade &#8220;manter a tradi\u00e7\u00e3o e valorizar a ra\u00e7a bovina&#8221;. Este ano, est\u00e3o previstas as habituais demonstra\u00e7\u00f5es de gado e pr\u00e9mios para os melhores exemplares.<\/p>\n<p>No recinto, no Lugar do Quint\u00e3o, v\u00e3o estar presentes v\u00e1rios expositores com produtos locais.<\/p>\n<p>Para celebrar o S. Martinho. realiza-se ainda o tradicional magusto.<\/p>\n","protected":false},"excerpt":{"rendered":"<p>A freguesia de Parada, em Mon\u00e7\u00e3o, vai acolher, no domingo, mais uma edi\u00e7\u00e3o da Feira Tradicional de S. Martinho. O programa tem in\u00edcio pelas 14h30, com a feira do gado. A feira, procurada pelas freguesias e concelhos vizinhos, tem como finalidade &#8220;manter a tradi\u00e7\u00e3o e valorizar a ra\u00e7a bovina&#8221;. Este ano, est\u00e3o previstas as habituais [&hellip;]<\/p>\n","protected":false},"author":12,"featured_media":36719,"comment_status":"closed","ping_status":"closed","sticky":false,"template":"","format":"standard","meta":{"_exactmetrics_skip_tracking":false,"footnotes":""},"categories":[9],"tags":[24],"class_list":["post-36716","post","type-post","status-publish","format-standard","has-post-thumbnail","hentry","category-moncao","tag-lazer"],"yoast_head":"<!-- This site is optimized with the Yoast SEO Premium plugin v28.3 (Yoast SEO v28.3) - https:\/\/yoast.com\/product\/yoast-seo-premium-wordpress\/ -->\n<title>Parada acolhe Feira de S. Martinho no domingo<\/title>\n<meta name=\"robots\" content=\"index, follow, max-snippet:-1, max-image-preview:large, max-video-preview:-1\" \/>\n<link rel=\"canonical\" href=\"https:\/\/www.altominho.tv\/site\/2019\/11\/14\/parada-acolhe-feira-de-s-martinho-no-domingo\/\" \/>\n<meta property=\"og:locale\" content=\"pt_PT\" \/>\n<meta property=\"og:type\" content=\"article\" \/>\n<meta property=\"og:title\" content=\"Parada acolhe Feira de S. Martinho no domingo\" \/>\n<meta property=\"og:description\" content=\"A freguesia de Parada, em Mon\u00e7\u00e3o, vai acolher, no domingo, mais uma edi\u00e7\u00e3o da Feira Tradicional de S. Martinho. O programa tem in\u00edcio pelas 14h30, com a feira do gado. A feira, procurada pelas freguesias e concelhos vizinhos, tem como finalidade &#8220;manter a tradi\u00e7\u00e3o e valorizar a ra\u00e7a bovina&#8221;. Este ano, est\u00e3o previstas as habituais [&hellip;]\" \/>\n<meta property=\"og:url\" content=\"https:\/\/www.altominho.tv\/site\/2019\/11\/14\/parada-acolhe-feira-de-s-martinho-no-domingo\/\" \/>\n<meta property=\"og:site_name\" content=\"Altominho.tv\" \/>\n<meta property=\"article:publisher\" content=\"https:\/\/www.facebook.com\/altominhotv\" \/>\n<meta property=\"article:published_time\" content=\"2019-11-14T18:30:41+00:00\" \/>\n<meta property=\"article:modified_time\" content=\"2019-11-14T18:30:57+00:00\" \/>\n<meta property=\"og:image\" content=\"https:\/\/www.altominho.tv\/site\/wp-content\/uploads\/2019\/11\/Gado.jpg\" \/>\n\t<meta property=\"og:image:width\" content=\"1338\" \/>\n\t<meta property=\"og:image:height\" content=\"768\" \/>\n\t<meta property=\"og:image:type\" content=\"image\/jpeg\" \/>\n<meta name=\"author\" content=\"Andreia Ferreira\" \/>\n<meta name=\"twitter:card\" content=\"summary_large_image\" \/>\n<meta name=\"twitter:creator\" content=\"@altominhoTV\" \/>\n<meta name=\"twitter:site\" content=\"@altominhoTV\" \/>\n<meta name=\"twitter:label1\" content=\"Escrito por\" \/>\n\t<meta name=\"twitter:data1\" content=\"Andreia Ferreira\" \/>\n<script type=\"application\/ld+json\" class=\"yoast-schema-graph\">{\"@context\":\"https:\\\/\\\/schema.org\",\"@graph\":[{\"@type\":\"Article\",\"@id\":\"https:\\\/\\\/www.altominho.tv\\\/site\\\/2019\\\/11\\\/14\\\/parada-acolhe-feira-de-s-martinho-no-domingo\\\/#article\",\"isPartOf\":{\"@id\":\"https:\\\/\\\/www.altominho.tv\\\/site\\\/2019\\\/11\\\/14\\\/parada-acolhe-feira-de-s-martinho-no-domingo\\\/\"},\"author\":{\"name\":\"Andreia Ferreira\",\"@id\":\"https:\\\/\\\/www.altominho.tv\\\/site\\\/#\\\/schema\\\/person\\\/d9be4265364723f14ea8e0d56a1d38cd\"},\"headline\":\"Parada acolhe Feira de S. Martinho no domingo\",\"datePublished\":\"2019-11-14T18:30:41+00:00\",\"dateModified\":\"2019-11-14T18:30:57+00:00\",\"mainEntityOfPage\":{\"@id\":\"https:\\\/\\\/www.altominho.tv\\\/site\\\/2019\\\/11\\\/14\\\/parada-acolhe-feira-de-s-martinho-no-domingo\\\/\"},\"wordCount\":107,\"image\":{\"@id\":\"https:\\\/\\\/www.altominho.tv\\\/site\\\/2019\\\/11\\\/14\\\/parada-acolhe-feira-de-s-martinho-no-domingo\\\/#primaryimage\"},\"thumbnailUrl\":\"https:\\\/\\\/www.altominho.tv\\\/site\\\/wp-content\\\/uploads\\\/2019\\\/11\\\/Gado.jpg\",\"keywords\":[\"Lazer\"],\"articleSection\":[\"Mon\u00e7\u00e3o\"],\"inLanguage\":\"pt-PT\",\"copyrightYear\":\"2019\",\"copyrightHolder\":{\"@id\":\"https:\\\/\\\/www.altominho.tv\\\/site\\\/#organization\"}},{\"@type\":\"WebPage\",\"@id\":\"https:\\\/\\\/www.altominho.tv\\\/site\\\/2019\\\/11\\\/14\\\/parada-acolhe-feira-de-s-martinho-no-domingo\\\/\",\"url\":\"https:\\\/\\\/www.altominho.tv\\\/site\\\/2019\\\/11\\\/14\\\/parada-acolhe-feira-de-s-martinho-no-domingo\\\/\",\"name\":\"Parada acolhe Feira de S. Martinho no domingo\",\"isPartOf\":{\"@id\":\"https:\\\/\\\/www.altominho.tv\\\/site\\\/#website\"},\"primaryImageOfPage\":{\"@id\":\"https:\\\/\\\/www.altominho.tv\\\/site\\\/2019\\\/11\\\/14\\\/parada-acolhe-feira-de-s-martinho-no-domingo\\\/#primaryimage\"},\"image\":{\"@id\":\"https:\\\/\\\/www.altominho.tv\\\/site\\\/2019\\\/11\\\/14\\\/parada-acolhe-feira-de-s-martinho-no-domingo\\\/#primaryimage\"},\"thumbnailUrl\":\"https:\\\/\\\/www.altominho.tv\\\/site\\\/wp-content\\\/uploads\\\/2019\\\/11\\\/Gado.jpg\",\"datePublished\":\"2019-11-14T18:30:41+00:00\",\"dateModified\":\"2019-11-14T18:30:57+00:00\",\"author\":{\"@id\":\"https:\\\/\\\/www.altominho.tv\\\/site\\\/#\\\/schema\\\/person\\\/d9be4265364723f14ea8e0d56a1d38cd\"},\"breadcrumb\":{\"@id\":\"https:\\\/\\\/www.altominho.tv\\\/site\\\/2019\\\/11\\\/14\\\/parada-acolhe-feira-de-s-martinho-no-domingo\\\/#breadcrumb\"},\"inLanguage\":\"pt-PT\",\"potentialAction\":[{\"@type\":\"ReadAction\",\"target\":[\"https:\\\/\\\/www.altominho.tv\\\/site\\\/2019\\\/11\\\/14\\\/parada-acolhe-feira-de-s-martinho-no-domingo\\\/\"]}]},{\"@type\":\"ImageObject\",\"inLanguage\":\"pt-PT\",\"@id\":\"https:\\\/\\\/www.altominho.tv\\\/site\\\/2019\\\/11\\\/14\\\/parada-acolhe-feira-de-s-martinho-no-domingo\\\/#primaryimage\",\"url\":\"https:\\\/\\\/www.altominho.tv\\\/site\\\/wp-content\\\/uploads\\\/2019\\\/11\\\/Gado.jpg\",\"contentUrl\":\"https:\\\/\\\/www.altominho.tv\\\/site\\\/wp-content\\\/uploads\\\/2019\\\/11\\\/Gado.jpg\",\"width\":1338,\"height\":768},{\"@type\":\"BreadcrumbList\",\"@id\":\"https:\\\/\\\/www.altominho.tv\\\/site\\\/2019\\\/11\\\/14\\\/parada-acolhe-feira-de-s-martinho-no-domingo\\\/#breadcrumb\",\"itemListElement\":[{\"@type\":\"ListItem\",\"position\":1,\"name\":\"In\u00edcio\",\"item\":\"https:\\\/\\\/www.altominho.tv\\\/site\\\/\"},{\"@type\":\"ListItem\",\"position\":2,\"name\":\"Parada acolhe Feira de S. Martinho no domingo\"}]},{\"@type\":\"WebSite\",\"@id\":\"https:\\\/\\\/www.altominho.tv\\\/site\\\/#website\",\"url\":\"https:\\\/\\\/www.altominho.tv\\\/site\\\/\",\"name\":\"Altominho.tv\",\"description\":\"A sua regi\u00e3o \u00e0 dist\u00e2ncia de um clique...\",\"potentialAction\":[{\"@type\":\"SearchAction\",\"target\":{\"@type\":\"EntryPoint\",\"urlTemplate\":\"https:\\\/\\\/www.altominho.tv\\\/site\\\/?s={search_term_string}\"},\"query-input\":{\"@type\":\"PropertyValueSpecification\",\"valueRequired\":true,\"valueName\":\"search_term_string\"}}],\"inLanguage\":\"pt-PT\"},{\"@type\":\"Person\",\"@id\":\"https:\\\/\\\/www.altominho.tv\\\/site\\\/#\\\/schema\\\/person\\\/d9be4265364723f14ea8e0d56a1d38cd\",\"name\":\"Andreia Ferreira\",\"image\":{\"@type\":\"ImageObject\",\"inLanguage\":\"pt-PT\",\"@id\":\"https:\\\/\\\/www.altominho.tv\\\/site\\\/wp-content\\\/uploads\\\/2021\\\/01\\\/AndreiaFerreira-150x150.jpg\",\"url\":\"https:\\\/\\\/www.altominho.tv\\\/site\\\/wp-content\\\/uploads\\\/2021\\\/01\\\/AndreiaFerreira-150x150.jpg\",\"contentUrl\":\"https:\\\/\\\/www.altominho.tv\\\/site\\\/wp-content\\\/uploads\\\/2021\\\/01\\\/AndreiaFerreira-150x150.jpg\",\"caption\":\"Andreia Ferreira\"},\"url\":\"https:\\\/\\\/www.altominho.tv\\\/site\\\/author\\\/andreiaferreira\\\/\"}]}<\/script>\n<!-- \/ Yoast SEO Premium plugin. -->","yoast_head_json":{"title":"Parada acolhe Feira de S. Martinho no domingo","robots":{"index":"index","follow":"follow","max-snippet":"max-snippet:-1","max-image-preview":"max-image-preview:large","max-video-preview":"max-video-preview:-1"},"canonical":"https:\/\/www.altominho.tv\/site\/2019\/11\/14\/parada-acolhe-feira-de-s-martinho-no-domingo\/","og_locale":"pt_PT","og_type":"article","og_title":"Parada acolhe Feira de S. Martinho no domingo","og_description":"A freguesia de Parada, em Mon\u00e7\u00e3o, vai acolher, no domingo, mais uma edi\u00e7\u00e3o da Feira Tradicional de S. Martinho. O programa tem in\u00edcio pelas 14h30, com a feira do gado. A feira, procurada pelas freguesias e concelhos vizinhos, tem como finalidade &#8220;manter a tradi\u00e7\u00e3o e valorizar a ra\u00e7a bovina&#8221;. Este ano, est\u00e3o previstas as habituais [&hellip;]","og_url":"https:\/\/www.altominho.tv\/site\/2019\/11\/14\/parada-acolhe-feira-de-s-martinho-no-domingo\/","og_site_name":"Altominho.tv","article_publisher":"https:\/\/www.facebook.com\/altominhotv","article_published_time":"2019-11-14T18:30:41+00:00","article_modified_time":"2019-11-14T18:30:57+00:00","og_image":[{"width":1338,"height":768,"url":"https:\/\/www.altominho.tv\/site\/wp-content\/uploads\/2019\/11\/Gado.jpg","type":"image\/jpeg"}],"author":"Andreia Ferreira","twitter_card":"summary_large_image","twitter_creator":"@altominhoTV","twitter_site":"@altominhoTV","twitter_misc":{"Escrito por":"Andreia Ferreira"},"schema":{"@context":"https:\/\/schema.org","@graph":[{"@type":"Article","@id":"https:\/\/www.altominho.tv\/site\/2019\/11\/14\/parada-acolhe-feira-de-s-martinho-no-domingo\/#article","isPartOf":{"@id":"https:\/\/www.altominho.tv\/site\/2019\/11\/14\/parada-acolhe-feira-de-s-martinho-no-domingo\/"},"author":{"name":"Andreia Ferreira","@id":"https:\/\/www.altominho.tv\/site\/#\/schema\/person\/d9be4265364723f14ea8e0d56a1d38cd"},"headline":"Parada acolhe Feira de S. Martinho no domingo","datePublished":"2019-11-14T18:30:41+00:00","dateModified":"2019-11-14T18:30:57+00:00","mainEntityOfPage":{"@id":"https:\/\/www.altominho.tv\/site\/2019\/11\/14\/parada-acolhe-feira-de-s-martinho-no-domingo\/"},"wordCount":107,"image":{"@id":"https:\/\/www.altominho.tv\/site\/2019\/11\/14\/parada-acolhe-feira-de-s-martinho-no-domingo\/#primaryimage"},"thumbnailUrl":"https:\/\/www.altominho.tv\/site\/wp-content\/uploads\/2019\/11\/Gado.jpg","keywords":["Lazer"],"articleSection":["Mon\u00e7\u00e3o"],"inLanguage":"pt-PT","copyrightYear":"2019","copyrightHolder":{"@id":"https:\/\/www.altominho.tv\/site\/#organization"}},{"@type":"WebPage","@id":"https:\/\/www.altominho.tv\/site\/2019\/11\/14\/parada-acolhe-feira-de-s-martinho-no-domingo\/","url":"https:\/\/www.altominho.tv\/site\/2019\/11\/14\/parada-acolhe-feira-de-s-martinho-no-domingo\/","name":"Parada acolhe Feira de S. Martinho no domingo","isPartOf":{"@id":"https:\/\/www.altominho.tv\/site\/#website"},"primaryImageOfPage":{"@id":"https:\/\/www.altominho.tv\/site\/2019\/11\/14\/parada-acolhe-feira-de-s-martinho-no-domingo\/#primaryimage"},"image":{"@id":"https:\/\/www.altominho.tv\/site\/2019\/11\/14\/parada-acolhe-feira-de-s-martinho-no-domingo\/#primaryimage"},"thumbnailUrl":"https:\/\/www.altominho.tv\/site\/wp-content\/uploads\/2019\/11\/Gado.jpg","datePublished":"2019-11-14T18:30:41+00:00","dateModified":"2019-11-14T18:30:57+00:00","author":{"@id":"https:\/\/www.altominho.tv\/site\/#\/schema\/person\/d9be4265364723f14ea8e0d56a1d38cd"},"breadcrumb":{"@id":"https:\/\/www.altominho.tv\/site\/2019\/11\/14\/parada-acolhe-feira-de-s-martinho-no-domingo\/#breadcrumb"},"inLanguage":"pt-PT","potentialAction":[{"@type":"ReadAction","target":["https:\/\/www.altominho.tv\/site\/2019\/11\/14\/parada-acolhe-feira-de-s-martinho-no-domingo\/"]}]},{"@type":"ImageObject","inLanguage":"pt-PT","@id":"https:\/\/www.altominho.tv\/site\/2019\/11\/14\/parada-acolhe-feira-de-s-martinho-no-domingo\/#primaryimage","url":"https:\/\/www.altominho.tv\/site\/wp-content\/uploads\/2019\/11\/Gado.jpg","contentUrl":"https:\/\/www.altominho.tv\/site\/wp-content\/uploads\/2019\/11\/Gado.jpg","width":1338,"height":768},{"@type":"BreadcrumbList","@id":"https:\/\/www.altominho.tv\/site\/2019\/11\/14\/parada-acolhe-feira-de-s-martinho-no-domingo\/#breadcrumb","itemListElement":[{"@type":"ListItem","position":1,"name":"In\u00edcio","item":"https:\/\/www.altominho.tv\/site\/"},{"@type":"ListItem","position":2,"name":"Parada acolhe Feira de S. Martinho no domingo"}]},{"@type":"WebSite","@id":"https:\/\/www.altominho.tv\/site\/#website","url":"https:\/\/www.altominho.tv\/site\/","name":"Altominho.tv","description":"A sua regi\u00e3o \u00e0 dist\u00e2ncia de um clique...","potentialAction":[{"@type":"SearchAction","target":{"@type":"EntryPoint","urlTemplate":"https:\/\/www.altominho.tv\/site\/?s={search_term_string}"},"query-input":{"@type":"PropertyValueSpecification","valueRequired":true,"valueName":"search_term_string"}}],"inLanguage":"pt-PT"},{"@type":"Person","@id":"https:\/\/www.altominho.tv\/site\/#\/schema\/person\/d9be4265364723f14ea8e0d56a1d38cd","name":"Andreia Ferreira","image":{"@type":"ImageObject","inLanguage":"pt-PT","@id":"https:\/\/www.altominho.tv\/site\/wp-content\/uploads\/2021\/01\/AndreiaFerreira-150x150.jpg","url":"https:\/\/www.altominho.tv\/site\/wp-content\/uploads\/2021\/01\/AndreiaFerreira-150x150.jpg","contentUrl":"https:\/\/www.altominho.tv\/site\/wp-content\/uploads\/2021\/01\/AndreiaFerreira-150x150.jpg","caption":"Andreia Ferreira"},"url":"https:\/\/www.altominho.tv\/site\/author\/andreiaferreira\/"}]}},"_links":{"self":[{"href":"https:\/\/www.altominho.tv\/site\/wp-json\/wp\/v2\/posts\/36716","targetHints":{"allow":["GET"]}}],"collection":[{"href":"https:\/\/www.altominho.tv\/site\/wp-json\/wp\/v2\/posts"}],"about":[{"href":"https:\/\/www.altominho.tv\/site\/wp-json\/wp\/v2\/types\/post"}],"author":[{"embeddable":true,"href":"https:\/\/www.altominho.tv\/site\/wp-json\/wp\/v2\/users\/12"}],"replies":[{"embeddable":true,"href":"https:\/\/www.altominho.tv\/site\/wp-json\/wp\/v2\/comments?post=36716"}],"version-history":[{"count":0,"href":"https:\/\/www.altominho.tv\/site\/wp-json\/wp\/v2\/posts\/36716\/revisions"}],"wp:featuredmedia":[{"embeddable":true,"href":"https:\/\/www.altominho.tv\/site\/wp-json\/wp\/v2\/media\/36719"}],"wp:attachment":[{"href":"https:\/\/www.altominho.tv\/site\/wp-json\/wp\/v2\/media?parent=36716"}],"wp:term":[{"taxonomy":"category","embeddable":true,"href":"https:\/\/www.altominho.tv\/site\/wp-json\/wp\/v2\/categories?post=36716"},{"taxonomy":"post_tag","embeddable":true,"href":"https:\/\/www.altominho.tv\/site\/wp-json\/wp\/v2\/tags?post=36716"}],"curies":[{"name":"wp","href":"https:\/\/api.w.org\/{rel}","templated":true}]}}