{"id":36639,"date":"2019-11-12T18:32:22","date_gmt":"2019-11-12T18:32:22","guid":{"rendered":"http:\/\/www.altominho.tv\/site\/?p=36639"},"modified":"2019-11-12T18:32:29","modified_gmt":"2019-11-12T18:32:29","slug":"portugal-vai-eleger-as-7-maravilhas-da-cultura-popular","status":"publish","type":"post","link":"https:\/\/www.altominho.tv\/site\/2019\/11\/12\/portugal-vai-eleger-as-7-maravilhas-da-cultura-popular\/","title":{"rendered":"Portugal vai eleger as 7 Maravilhas da Cultura Popular"},"content":{"rendered":"<div id=\"fws_5dcae7b5e4cd7\" class=\"wpb_row vc_row-fluid vc_row full-width-section standard_section \" data-column-margin=\"default\" data-midnight=\"dark\" data-top-percent=\"6%\" data-bg-mobile-hidden=\"\">\n<div class=\"col span_12 dark left\">\n<div class=\"vc_col-sm-12 wpb_column column_container vc_column_container col no-extra-padding instance-20\" data-t-w-inherits=\"default\" data-border-radius=\"none\" data-shadow=\"none\" data-border-animation=\"\" data-border-animation-delay=\"\" data-border-width=\"none\" data-border-style=\"solid\" data-border-color=\"\" data-bg-cover=\"\" data-padding-pos=\"all\" data-has-bg-color=\"false\" data-bg-color=\"\" data-bg-opacity=\"1\" data-hover-bg=\"\" data-hover-bg-opacity=\"1\" data-animation=\"\" data-delay=\"0\">\n<div class=\"vc_column-inner\">\n<div class=\"wpb_wrapper\">\n<div id=\"fws_5dcae7b5e505d\" class=\"wpb_row vc_row-fluid vc_row inner_row standard_section    \" data-midnight=\"\" data-column-margin=\"default\" data-bg-mobile-hidden=\"\">\n<div class=\"col span_12  left\">\n<div class=\"vc_col-sm-10 wpb_column column_container vc_column_container col child_column no-extra-padding instance-22\" data-t-w-inherits=\"default\" data-shadow=\"none\" data-border-radius=\"none\" data-border-animation=\"\" data-border-animation-delay=\"\" data-border-width=\"none\" data-border-style=\"solid\" data-border-color=\"\" data-bg-cover=\"\" data-padding-pos=\"all\" data-has-bg-color=\"false\" data-bg-color=\"\" data-bg-opacity=\"1\" data-hover-bg=\"\" data-hover-bg-opacity=\"1\" data-animation=\"\" data-delay=\"0\">\n<p class=\"vc_column-inner\"><strong>Os portugueses s\u00e3o desafiados a encontrar, em 2020, o &#8220;patrim\u00f3nio de Portugal&#8221;, no \u00e2mbito da iniciativa &#8220;7 Maravilhas&#8221;, que visa &#8220;eleger o que de melhor Portugal tem, enfatizando as tradi\u00e7\u00f5es, associadas a uma determinada regi\u00e3o do pa\u00eds&#8221;. As candidaturas est\u00e3o abertas at\u00e9 1 de mar\u00e7o.<\/strong><\/p>\n<p class=\"vc_column-inner\">Depois de terem sido escolhidas as &#8220;7 Maravilhas &#8211; Praias de Portugal&#8221;, as &#8220;7 Maravilhas da Gastronomia&#8221;, as &#8220;7 Maravilhas Naturais de Portugal&#8221;, as &#8220;7 Maravilhas de Origem Portuguesa do Mundo&#8221;, as &#8220;7 Maravilhas de Portugal&#8221; e as &#8220;7 Maravilhas Aldeias&#8221;, as &#8220;7 Maravilhas \u00e0 Mesa&#8221; e as &#8220;7 M<span class=\"il\">aravilhas<\/span>&nbsp;<span class=\"il\">Doces<\/span> de Portugal&#8221;, os portugueses s\u00e3o desafiados a eleger as &#8220;7 Maravilhas da Cultura Popular&#8221;.<\/p>\n<p class=\"vc_column-inner\"><span class=\"inner\">&#8220;Vamos<\/span>&nbsp;<span class=\"inner\">promover<\/span>&nbsp;<span class=\"inner\">o<\/span>&nbsp;<span class=\"inner\">Patrim\u00f3nio<\/span>&nbsp;<span class=\"inner\">Cultural<\/span>&nbsp;<span class=\"inner\">Imaterial<\/span>&nbsp;<span class=\"inner\">de<\/span>&nbsp;<span class=\"inner\">Portugal, elevando a nossa Cultura Popular a um patamar de causa p\u00fablica&#8221;<\/span><span class=\"inner\">&nbsp;\u00e9 o repto da nova edi\u00e7\u00e3o das &#8220;<a href=\"https:\/\/7maravilhas.pt\/\" target=\"_blank\" rel=\"noopener noreferrer\">7 Maravilhas<\/a>&#8220;.<\/span><\/p>\n<p class=\"vc_column-inner\">\u201cO que \u00e9 uma Maravilha da Cultura Popular, num pa\u00eds onde a m\u00fasica, a dan\u00e7a, as lendas, as festas, as tradi\u00e7\u00f5es, as m\u00e1scaras, o artesanato e tantas outras coisas contribuem para fazer de Portugal um pa\u00eds \u00edmpar? Pois \u00e9 exatamente todo esse patrim\u00f3nio que queremos trazer a p\u00fablico, para o valorizar com a pompa e circunst\u00e2ncia que sempre mereceu\u201d, explica a organiza\u00e7\u00e3o no comunicado enviado \u00e0 imprensa.<\/p>\n<p class=\"vc_column-inner\">\u201cEleger as 7 Maravilhas de Portugal\u00ae \u00e9 cada vez mais um ato emotivo, uma tomada de posi\u00e7\u00e3o sobre quem somos, de onde vimos e o que criamos\u201d, l\u00ea-se na nota, que acrescenta que \u201co patrim\u00f3nio cultural imaterial, a marca da terra, a preserva\u00e7\u00e3o da criatividade do nosso povo e a capacidade que o pa\u00eds tem de inovar e de se reinventar nas suas tradi\u00e7\u00f5es s\u00e3o cada vez mais fatores distintivos nas elei\u00e7\u00f5es 7 Maravilhas\u00ae\u201d.<\/p>\n<\/div>\n<\/div>\n<\/div>\n<\/div>\n<\/div>\n<\/div>\n<\/div>\n<\/div>\n<div id=\"fws_5dcae7b5e5767\" class=\"wpb_row vc_row-fluid vc_row full-width-section standard_section \" data-column-margin=\"default\" data-midnight=\"dark\" data-bg-mobile-hidden=\"\">\n<div class=\"row-bg-wrap\" data-bg-animation=\"none\" data-bg-overlay=\"false\">\n<p class=\"inner-wrap\">Artesanato, Lendas e Mitos, Festas e Feiras, M\u00fasicas e Dan\u00e7as, Rituais e Costumes, Prociss\u00f5es e Romarias e Artefactos s\u00e3o as mais recentes categorias a concurso.<\/p>\n<p>A primeira fase de candidaturas decorre at\u00e9 ao dia 1 de mar\u00e7o de 2020.<\/p>\n<p>A fase de sele\u00e7\u00e3o dos 21 candidatos por distrito ou regi\u00e3o aut\u00f3noma ir\u00e1 decorrer entre mar\u00e7o e abril e os sete finalistas de cada regi\u00e3o do pa\u00eds ser\u00e3o anunciados em maio.<\/p>\n<p>J\u00e1 as eliminat\u00f3rias regionais est\u00e3o previstas para os meses de julho e agosto e a Gala Final\u00edssima, onde ser\u00e3o reveladas as &#8220;7 Maravilhas da Cultura Popular&#8221;, est\u00e1 agendada para o dia 5 de setembro de 2020.<\/p>\n<\/div>\n<\/div>\n","protected":false},"excerpt":{"rendered":"<p>Os portugueses s\u00e3o desafiados a encontrar, em 2020, o &#8220;patrim\u00f3nio de Portugal&#8221;, no \u00e2mbito da iniciativa &#8220;7 Maravilhas&#8221;, que visa &#8220;eleger o que de melhor Portugal tem, enfatizando as tradi\u00e7\u00f5es, associadas a uma determinada regi\u00e3o do pa\u00eds&#8221;. As candidaturas est\u00e3o abertas at\u00e9 1 de mar\u00e7o. Depois de terem sido escolhidas as &#8220;7 Maravilhas &#8211; Praias [&hellip;]<\/p>\n","protected":false},"author":12,"featured_media":36640,"comment_status":"closed","ping_status":"closed","sticky":false,"template":"","format":"standard","meta":{"_exactmetrics_skip_tracking":false,"_exactmetrics_sitenote_active":false,"_exactmetrics_sitenote_note":"","_exactmetrics_sitenote_category":0,"footnotes":""},"categories":[73],"tags":[19],"class_list":["post-36639","post","type-post","status-publish","format-standard","has-post-thumbnail","hentry","category-alto-minho","tag-cultura"],"yoast_head":"<!-- This site is optimized with the Yoast SEO Premium plugin v27.4 (Yoast SEO v27.4) - https:\/\/yoast.com\/product\/yoast-seo-premium-wordpress\/ -->\n<title>Portugal vai eleger as 7 Maravilhas da Cultura Popular<\/title>\n<meta name=\"robots\" content=\"index, follow, max-snippet:-1, max-image-preview:large, max-video-preview:-1\" \/>\n<link rel=\"canonical\" href=\"https:\/\/www.altominho.tv\/site\/2019\/11\/12\/portugal-vai-eleger-as-7-maravilhas-da-cultura-popular\/\" \/>\n<meta property=\"og:locale\" content=\"pt_PT\" \/>\n<meta property=\"og:type\" content=\"article\" \/>\n<meta property=\"og:title\" content=\"Portugal vai eleger as 7 Maravilhas da Cultura Popular\" \/>\n<meta property=\"og:description\" content=\"Os portugueses s\u00e3o desafiados a encontrar, em 2020, o &#8220;patrim\u00f3nio de Portugal&#8221;, no \u00e2mbito da iniciativa &#8220;7 Maravilhas&#8221;, que visa &#8220;eleger o que de melhor Portugal tem, enfatizando as tradi\u00e7\u00f5es, associadas a uma determinada regi\u00e3o do pa\u00eds&#8221;. As candidaturas est\u00e3o abertas at\u00e9 1 de mar\u00e7o. Depois de terem sido escolhidas as &#8220;7 Maravilhas &#8211; Praias [&hellip;]\" \/>\n<meta property=\"og:url\" content=\"https:\/\/www.altominho.tv\/site\/2019\/11\/12\/portugal-vai-eleger-as-7-maravilhas-da-cultura-popular\/\" \/>\n<meta property=\"og:site_name\" content=\"Altominho.tv\" \/>\n<meta property=\"article:publisher\" content=\"https:\/\/www.facebook.com\/altominhotv\" \/>\n<meta property=\"article:published_time\" content=\"2019-11-12T18:32:22+00:00\" \/>\n<meta property=\"article:modified_time\" content=\"2019-11-12T18:32:29+00:00\" \/>\n<meta property=\"og:image\" content=\"https:\/\/www.altominho.tv\/site\/wp-content\/uploads\/2019\/11\/IMAGEM-FINAL@2x.png\" \/>\n\t<meta property=\"og:image:width\" content=\"706\" \/>\n\t<meta property=\"og:image:height\" content=\"435\" \/>\n\t<meta property=\"og:image:type\" content=\"image\/png\" \/>\n<meta name=\"author\" content=\"Andreia Ferreira\" \/>\n<meta name=\"twitter:card\" content=\"summary_large_image\" \/>\n<meta name=\"twitter:creator\" content=\"@altominhoTV\" \/>\n<meta name=\"twitter:site\" content=\"@altominhoTV\" \/>\n<meta name=\"twitter:label1\" content=\"Escrito por\" \/>\n\t<meta name=\"twitter:data1\" content=\"Andreia Ferreira\" \/>\n\t<meta name=\"twitter:label2\" content=\"Tempo estimado de leitura\" \/>\n\t<meta name=\"twitter:data2\" content=\"2 minutos\" \/>\n<script type=\"application\/ld+json\" class=\"yoast-schema-graph\">{\"@context\":\"https:\\\/\\\/schema.org\",\"@graph\":[{\"@type\":\"Article\",\"@id\":\"https:\\\/\\\/www.altominho.tv\\\/site\\\/2019\\\/11\\\/12\\\/portugal-vai-eleger-as-7-maravilhas-da-cultura-popular\\\/#article\",\"isPartOf\":{\"@id\":\"https:\\\/\\\/www.altominho.tv\\\/site\\\/2019\\\/11\\\/12\\\/portugal-vai-eleger-as-7-maravilhas-da-cultura-popular\\\/\"},\"author\":{\"name\":\"Andreia Ferreira\",\"@id\":\"https:\\\/\\\/www.altominho.tv\\\/site\\\/#\\\/schema\\\/person\\\/d9be4265364723f14ea8e0d56a1d38cd\"},\"headline\":\"Portugal vai eleger as 7 Maravilhas da Cultura Popular\",\"datePublished\":\"2019-11-12T18:32:22+00:00\",\"dateModified\":\"2019-11-12T18:32:29+00:00\",\"mainEntityOfPage\":{\"@id\":\"https:\\\/\\\/www.altominho.tv\\\/site\\\/2019\\\/11\\\/12\\\/portugal-vai-eleger-as-7-maravilhas-da-cultura-popular\\\/\"},\"wordCount\":420,\"image\":{\"@id\":\"https:\\\/\\\/www.altominho.tv\\\/site\\\/2019\\\/11\\\/12\\\/portugal-vai-eleger-as-7-maravilhas-da-cultura-popular\\\/#primaryimage\"},\"thumbnailUrl\":\"https:\\\/\\\/www.altominho.tv\\\/site\\\/wp-content\\\/uploads\\\/2019\\\/11\\\/IMAGEM-FINAL@2x.png\",\"keywords\":[\"Cultura\"],\"articleSection\":[\"Alto Minho\"],\"inLanguage\":\"pt-PT\",\"copyrightYear\":\"2019\",\"copyrightHolder\":{\"@id\":\"https:\\\/\\\/www.altominho.tv\\\/site\\\/#organization\"}},{\"@type\":\"WebPage\",\"@id\":\"https:\\\/\\\/www.altominho.tv\\\/site\\\/2019\\\/11\\\/12\\\/portugal-vai-eleger-as-7-maravilhas-da-cultura-popular\\\/\",\"url\":\"https:\\\/\\\/www.altominho.tv\\\/site\\\/2019\\\/11\\\/12\\\/portugal-vai-eleger-as-7-maravilhas-da-cultura-popular\\\/\",\"name\":\"Portugal vai eleger as 7 Maravilhas da Cultura Popular\",\"isPartOf\":{\"@id\":\"https:\\\/\\\/www.altominho.tv\\\/site\\\/#website\"},\"primaryImageOfPage\":{\"@id\":\"https:\\\/\\\/www.altominho.tv\\\/site\\\/2019\\\/11\\\/12\\\/portugal-vai-eleger-as-7-maravilhas-da-cultura-popular\\\/#primaryimage\"},\"image\":{\"@id\":\"https:\\\/\\\/www.altominho.tv\\\/site\\\/2019\\\/11\\\/12\\\/portugal-vai-eleger-as-7-maravilhas-da-cultura-popular\\\/#primaryimage\"},\"thumbnailUrl\":\"https:\\\/\\\/www.altominho.tv\\\/site\\\/wp-content\\\/uploads\\\/2019\\\/11\\\/IMAGEM-FINAL@2x.png\",\"datePublished\":\"2019-11-12T18:32:22+00:00\",\"dateModified\":\"2019-11-12T18:32:29+00:00\",\"author\":{\"@id\":\"https:\\\/\\\/www.altominho.tv\\\/site\\\/#\\\/schema\\\/person\\\/d9be4265364723f14ea8e0d56a1d38cd\"},\"breadcrumb\":{\"@id\":\"https:\\\/\\\/www.altominho.tv\\\/site\\\/2019\\\/11\\\/12\\\/portugal-vai-eleger-as-7-maravilhas-da-cultura-popular\\\/#breadcrumb\"},\"inLanguage\":\"pt-PT\",\"potentialAction\":[{\"@type\":\"ReadAction\",\"target\":[\"https:\\\/\\\/www.altominho.tv\\\/site\\\/2019\\\/11\\\/12\\\/portugal-vai-eleger-as-7-maravilhas-da-cultura-popular\\\/\"]}]},{\"@type\":\"ImageObject\",\"inLanguage\":\"pt-PT\",\"@id\":\"https:\\\/\\\/www.altominho.tv\\\/site\\\/2019\\\/11\\\/12\\\/portugal-vai-eleger-as-7-maravilhas-da-cultura-popular\\\/#primaryimage\",\"url\":\"https:\\\/\\\/www.altominho.tv\\\/site\\\/wp-content\\\/uploads\\\/2019\\\/11\\\/IMAGEM-FINAL@2x.png\",\"contentUrl\":\"https:\\\/\\\/www.altominho.tv\\\/site\\\/wp-content\\\/uploads\\\/2019\\\/11\\\/IMAGEM-FINAL@2x.png\",\"width\":706,\"height\":435},{\"@type\":\"BreadcrumbList\",\"@id\":\"https:\\\/\\\/www.altominho.tv\\\/site\\\/2019\\\/11\\\/12\\\/portugal-vai-eleger-as-7-maravilhas-da-cultura-popular\\\/#breadcrumb\",\"itemListElement\":[{\"@type\":\"ListItem\",\"position\":1,\"name\":\"In\u00edcio\",\"item\":\"https:\\\/\\\/www.altominho.tv\\\/site\\\/\"},{\"@type\":\"ListItem\",\"position\":2,\"name\":\"Portugal vai eleger as 7 Maravilhas da Cultura Popular\"}]},{\"@type\":\"WebSite\",\"@id\":\"https:\\\/\\\/www.altominho.tv\\\/site\\\/#website\",\"url\":\"https:\\\/\\\/www.altominho.tv\\\/site\\\/\",\"name\":\"Altominho.tv\",\"description\":\"A sua regi\u00e3o \u00e0 dist\u00e2ncia de um clique...\",\"potentialAction\":[{\"@type\":\"SearchAction\",\"target\":{\"@type\":\"EntryPoint\",\"urlTemplate\":\"https:\\\/\\\/www.altominho.tv\\\/site\\\/?s={search_term_string}\"},\"query-input\":{\"@type\":\"PropertyValueSpecification\",\"valueRequired\":true,\"valueName\":\"search_term_string\"}}],\"inLanguage\":\"pt-PT\"},{\"@type\":\"Person\",\"@id\":\"https:\\\/\\\/www.altominho.tv\\\/site\\\/#\\\/schema\\\/person\\\/d9be4265364723f14ea8e0d56a1d38cd\",\"name\":\"Andreia Ferreira\",\"image\":{\"@type\":\"ImageObject\",\"inLanguage\":\"pt-PT\",\"@id\":\"https:\\\/\\\/www.altominho.tv\\\/site\\\/wp-content\\\/uploads\\\/2021\\\/01\\\/AndreiaFerreira-150x150.jpg\",\"url\":\"https:\\\/\\\/www.altominho.tv\\\/site\\\/wp-content\\\/uploads\\\/2021\\\/01\\\/AndreiaFerreira-150x150.jpg\",\"contentUrl\":\"https:\\\/\\\/www.altominho.tv\\\/site\\\/wp-content\\\/uploads\\\/2021\\\/01\\\/AndreiaFerreira-150x150.jpg\",\"caption\":\"Andreia Ferreira\"},\"url\":\"https:\\\/\\\/www.altominho.tv\\\/site\\\/author\\\/andreiaferreira\\\/\"}]}<\/script>\n<!-- \/ Yoast SEO Premium plugin. -->","yoast_head_json":{"title":"Portugal vai eleger as 7 Maravilhas da Cultura Popular","robots":{"index":"index","follow":"follow","max-snippet":"max-snippet:-1","max-image-preview":"max-image-preview:large","max-video-preview":"max-video-preview:-1"},"canonical":"https:\/\/www.altominho.tv\/site\/2019\/11\/12\/portugal-vai-eleger-as-7-maravilhas-da-cultura-popular\/","og_locale":"pt_PT","og_type":"article","og_title":"Portugal vai eleger as 7 Maravilhas da Cultura Popular","og_description":"Os portugueses s\u00e3o desafiados a encontrar, em 2020, o &#8220;patrim\u00f3nio de Portugal&#8221;, no \u00e2mbito da iniciativa &#8220;7 Maravilhas&#8221;, que visa &#8220;eleger o que de melhor Portugal tem, enfatizando as tradi\u00e7\u00f5es, associadas a uma determinada regi\u00e3o do pa\u00eds&#8221;. As candidaturas est\u00e3o abertas at\u00e9 1 de mar\u00e7o. Depois de terem sido escolhidas as &#8220;7 Maravilhas &#8211; Praias [&hellip;]","og_url":"https:\/\/www.altominho.tv\/site\/2019\/11\/12\/portugal-vai-eleger-as-7-maravilhas-da-cultura-popular\/","og_site_name":"Altominho.tv","article_publisher":"https:\/\/www.facebook.com\/altominhotv","article_published_time":"2019-11-12T18:32:22+00:00","article_modified_time":"2019-11-12T18:32:29+00:00","og_image":[{"width":706,"height":435,"url":"https:\/\/www.altominho.tv\/site\/wp-content\/uploads\/2019\/11\/IMAGEM-FINAL@2x.png","type":"image\/png"}],"author":"Andreia Ferreira","twitter_card":"summary_large_image","twitter_creator":"@altominhoTV","twitter_site":"@altominhoTV","twitter_misc":{"Escrito por":"Andreia Ferreira","Tempo estimado de leitura":"2 minutos"},"schema":{"@context":"https:\/\/schema.org","@graph":[{"@type":"Article","@id":"https:\/\/www.altominho.tv\/site\/2019\/11\/12\/portugal-vai-eleger-as-7-maravilhas-da-cultura-popular\/#article","isPartOf":{"@id":"https:\/\/www.altominho.tv\/site\/2019\/11\/12\/portugal-vai-eleger-as-7-maravilhas-da-cultura-popular\/"},"author":{"name":"Andreia Ferreira","@id":"https:\/\/www.altominho.tv\/site\/#\/schema\/person\/d9be4265364723f14ea8e0d56a1d38cd"},"headline":"Portugal vai eleger as 7 Maravilhas da Cultura Popular","datePublished":"2019-11-12T18:32:22+00:00","dateModified":"2019-11-12T18:32:29+00:00","mainEntityOfPage":{"@id":"https:\/\/www.altominho.tv\/site\/2019\/11\/12\/portugal-vai-eleger-as-7-maravilhas-da-cultura-popular\/"},"wordCount":420,"image":{"@id":"https:\/\/www.altominho.tv\/site\/2019\/11\/12\/portugal-vai-eleger-as-7-maravilhas-da-cultura-popular\/#primaryimage"},"thumbnailUrl":"https:\/\/www.altominho.tv\/site\/wp-content\/uploads\/2019\/11\/IMAGEM-FINAL@2x.png","keywords":["Cultura"],"articleSection":["Alto Minho"],"inLanguage":"pt-PT","copyrightYear":"2019","copyrightHolder":{"@id":"https:\/\/www.altominho.tv\/site\/#organization"}},{"@type":"WebPage","@id":"https:\/\/www.altominho.tv\/site\/2019\/11\/12\/portugal-vai-eleger-as-7-maravilhas-da-cultura-popular\/","url":"https:\/\/www.altominho.tv\/site\/2019\/11\/12\/portugal-vai-eleger-as-7-maravilhas-da-cultura-popular\/","name":"Portugal vai eleger as 7 Maravilhas da Cultura Popular","isPartOf":{"@id":"https:\/\/www.altominho.tv\/site\/#website"},"primaryImageOfPage":{"@id":"https:\/\/www.altominho.tv\/site\/2019\/11\/12\/portugal-vai-eleger-as-7-maravilhas-da-cultura-popular\/#primaryimage"},"image":{"@id":"https:\/\/www.altominho.tv\/site\/2019\/11\/12\/portugal-vai-eleger-as-7-maravilhas-da-cultura-popular\/#primaryimage"},"thumbnailUrl":"https:\/\/www.altominho.tv\/site\/wp-content\/uploads\/2019\/11\/IMAGEM-FINAL@2x.png","datePublished":"2019-11-12T18:32:22+00:00","dateModified":"2019-11-12T18:32:29+00:00","author":{"@id":"https:\/\/www.altominho.tv\/site\/#\/schema\/person\/d9be4265364723f14ea8e0d56a1d38cd"},"breadcrumb":{"@id":"https:\/\/www.altominho.tv\/site\/2019\/11\/12\/portugal-vai-eleger-as-7-maravilhas-da-cultura-popular\/#breadcrumb"},"inLanguage":"pt-PT","potentialAction":[{"@type":"ReadAction","target":["https:\/\/www.altominho.tv\/site\/2019\/11\/12\/portugal-vai-eleger-as-7-maravilhas-da-cultura-popular\/"]}]},{"@type":"ImageObject","inLanguage":"pt-PT","@id":"https:\/\/www.altominho.tv\/site\/2019\/11\/12\/portugal-vai-eleger-as-7-maravilhas-da-cultura-popular\/#primaryimage","url":"https:\/\/www.altominho.tv\/site\/wp-content\/uploads\/2019\/11\/IMAGEM-FINAL@2x.png","contentUrl":"https:\/\/www.altominho.tv\/site\/wp-content\/uploads\/2019\/11\/IMAGEM-FINAL@2x.png","width":706,"height":435},{"@type":"BreadcrumbList","@id":"https:\/\/www.altominho.tv\/site\/2019\/11\/12\/portugal-vai-eleger-as-7-maravilhas-da-cultura-popular\/#breadcrumb","itemListElement":[{"@type":"ListItem","position":1,"name":"In\u00edcio","item":"https:\/\/www.altominho.tv\/site\/"},{"@type":"ListItem","position":2,"name":"Portugal vai eleger as 7 Maravilhas da Cultura Popular"}]},{"@type":"WebSite","@id":"https:\/\/www.altominho.tv\/site\/#website","url":"https:\/\/www.altominho.tv\/site\/","name":"Altominho.tv","description":"A sua regi\u00e3o \u00e0 dist\u00e2ncia de um clique...","potentialAction":[{"@type":"SearchAction","target":{"@type":"EntryPoint","urlTemplate":"https:\/\/www.altominho.tv\/site\/?s={search_term_string}"},"query-input":{"@type":"PropertyValueSpecification","valueRequired":true,"valueName":"search_term_string"}}],"inLanguage":"pt-PT"},{"@type":"Person","@id":"https:\/\/www.altominho.tv\/site\/#\/schema\/person\/d9be4265364723f14ea8e0d56a1d38cd","name":"Andreia Ferreira","image":{"@type":"ImageObject","inLanguage":"pt-PT","@id":"https:\/\/www.altominho.tv\/site\/wp-content\/uploads\/2021\/01\/AndreiaFerreira-150x150.jpg","url":"https:\/\/www.altominho.tv\/site\/wp-content\/uploads\/2021\/01\/AndreiaFerreira-150x150.jpg","contentUrl":"https:\/\/www.altominho.tv\/site\/wp-content\/uploads\/2021\/01\/AndreiaFerreira-150x150.jpg","caption":"Andreia Ferreira"},"url":"https:\/\/www.altominho.tv\/site\/author\/andreiaferreira\/"}]}},"_links":{"self":[{"href":"https:\/\/www.altominho.tv\/site\/wp-json\/wp\/v2\/posts\/36639","targetHints":{"allow":["GET"]}}],"collection":[{"href":"https:\/\/www.altominho.tv\/site\/wp-json\/wp\/v2\/posts"}],"about":[{"href":"https:\/\/www.altominho.tv\/site\/wp-json\/wp\/v2\/types\/post"}],"author":[{"embeddable":true,"href":"https:\/\/www.altominho.tv\/site\/wp-json\/wp\/v2\/users\/12"}],"replies":[{"embeddable":true,"href":"https:\/\/www.altominho.tv\/site\/wp-json\/wp\/v2\/comments?post=36639"}],"version-history":[{"count":0,"href":"https:\/\/www.altominho.tv\/site\/wp-json\/wp\/v2\/posts\/36639\/revisions"}],"wp:featuredmedia":[{"embeddable":true,"href":"https:\/\/www.altominho.tv\/site\/wp-json\/wp\/v2\/media\/36640"}],"wp:attachment":[{"href":"https:\/\/www.altominho.tv\/site\/wp-json\/wp\/v2\/media?parent=36639"}],"wp:term":[{"taxonomy":"category","embeddable":true,"href":"https:\/\/www.altominho.tv\/site\/wp-json\/wp\/v2\/categories?post=36639"},{"taxonomy":"post_tag","embeddable":true,"href":"https:\/\/www.altominho.tv\/site\/wp-json\/wp\/v2\/tags?post=36639"}],"curies":[{"name":"wp","href":"https:\/\/api.w.org\/{rel}","templated":true}]}}