{"id":36621,"date":"2019-11-12T14:46:10","date_gmt":"2019-11-12T14:46:10","guid":{"rendered":"http:\/\/www.altominho.tv\/site\/?p=36621"},"modified":"2019-11-12T14:46:28","modified_gmt":"2019-11-12T14:46:28","slug":"capitania-de-caminha-alerta-para-agravamento-da-agitacao-maritima","status":"publish","type":"post","link":"https:\/\/www.altominho.tv\/site\/2019\/11\/12\/capitania-de-caminha-alerta-para-agravamento-da-agitacao-maritima\/","title":{"rendered":"Capitania de Caminha alerta para agravamento da agita\u00e7\u00e3o mar\u00edtima"},"content":{"rendered":"<p>A Capitania do Porto de Caminha alerta a comunidade mar\u00edtima e a popula\u00e7\u00e3o que frequenta as zonas costeiras e ribeirinhas para a previs\u00e3o de agravamento da agita\u00e7\u00e3o mar\u00edtima com ondas que poder\u00e3o atingir os seis metros de altura, a partir da madrugada de quinta-feira at\u00e9 \u00e0 manh\u00e3 de sexta-feira.<\/p>\n<p>Em comunicado enviado \u00e0 imprensa, a Capitania de Caminha adianta que, no mesmo per\u00edodo, est\u00e3o previstas rajadas de vento de quadrante norte, que poder\u00e3o atingir os 75 km\/h.<\/p>\n<p>A Capitania de Caminha aconselha \u00e0 tomada de medidas de preven\u00e7\u00e3o, recomendando o refor\u00e7o da amarra\u00e7\u00e3o e vigil\u00e2ncia apertada das embarca\u00e7\u00f5es, quer nos fundeadouros do rio Minho, quer no portinho de Vila Praia de \u00c2ncora.<\/p>\n<p>Avisa ainda que devem ser evitados passeios perto da zona de rebenta\u00e7\u00e3o, nas praias e nas zonas de pedra e rocha junto \u00e0 orla costeira, e alerta para a necessidade de precaver a prote\u00e7\u00e3o das infraestruturas, tais como bares e restaurantes, que estar\u00e3o mais vulner\u00e1veis no caso de se verificarem galgamentos.<\/p>\n<p>&#8220;\u00c9 vital ter presente que, nestas condi\u00e7\u00f5es, o mar poder\u00e1 alcan\u00e7ar zonas que, aparentemente, parecem seguras&#8221;, acrescenta a capitania na nota enviada \u00e0 imprensa.<\/p>\n<p>Prev\u00ea-se que as barras de Caminha e de Vila Praia de \u00c2ncora se manter\u00e3o fechadas at\u00e9 s\u00e1bado.<\/p>\n","protected":false},"excerpt":{"rendered":"<p>A Capitania do Porto de Caminha alerta a comunidade mar\u00edtima e a popula\u00e7\u00e3o que frequenta as zonas costeiras e ribeirinhas para a previs\u00e3o de agravamento da agita\u00e7\u00e3o mar\u00edtima com ondas que poder\u00e3o atingir os seis metros de altura, a partir da madrugada de quinta-feira at\u00e9 \u00e0 manh\u00e3 de sexta-feira. Em comunicado enviado \u00e0 imprensa, a [&hellip;]<\/p>\n","protected":false},"author":12,"featured_media":36622,"comment_status":"closed","ping_status":"closed","sticky":false,"template":"","format":"standard","meta":{"_exactmetrics_skip_tracking":false,"_exactmetrics_sitenote_active":false,"_exactmetrics_sitenote_note":"","_exactmetrics_sitenote_category":0,"footnotes":""},"categories":[73],"tags":[27],"class_list":["post-36621","post","type-post","status-publish","format-standard","has-post-thumbnail","hentry","category-alto-minho","tag-sociedade"],"yoast_head":"<!-- This site is optimized with the Yoast SEO Premium plugin v27.4 (Yoast SEO v27.4) - https:\/\/yoast.com\/product\/yoast-seo-premium-wordpress\/ -->\n<title>Capitania de Caminha alerta para agravamento da agita\u00e7\u00e3o mar\u00edtima<\/title>\n<meta name=\"robots\" content=\"index, follow, max-snippet:-1, max-image-preview:large, max-video-preview:-1\" \/>\n<link rel=\"canonical\" href=\"https:\/\/www.altominho.tv\/site\/2019\/11\/12\/capitania-de-caminha-alerta-para-agravamento-da-agitacao-maritima\/\" \/>\n<meta property=\"og:locale\" content=\"pt_PT\" \/>\n<meta property=\"og:type\" content=\"article\" \/>\n<meta property=\"og:title\" content=\"Capitania de Caminha alerta para agravamento da agita\u00e7\u00e3o mar\u00edtima\" \/>\n<meta property=\"og:description\" content=\"A Capitania do Porto de Caminha alerta a comunidade mar\u00edtima e a popula\u00e7\u00e3o que frequenta as zonas costeiras e ribeirinhas para a previs\u00e3o de agravamento da agita\u00e7\u00e3o mar\u00edtima com ondas que poder\u00e3o atingir os seis metros de altura, a partir da madrugada de quinta-feira at\u00e9 \u00e0 manh\u00e3 de sexta-feira. Em comunicado enviado \u00e0 imprensa, a [&hellip;]\" \/>\n<meta property=\"og:url\" content=\"https:\/\/www.altominho.tv\/site\/2019\/11\/12\/capitania-de-caminha-alerta-para-agravamento-da-agitacao-maritima\/\" \/>\n<meta property=\"og:site_name\" content=\"Altominho.tv\" \/>\n<meta property=\"article:publisher\" content=\"https:\/\/www.facebook.com\/altominhotv\" \/>\n<meta property=\"article:published_time\" content=\"2019-11-12T14:46:10+00:00\" \/>\n<meta property=\"article:modified_time\" content=\"2019-11-12T14:46:28+00:00\" \/>\n<meta property=\"og:image\" content=\"https:\/\/www.altominho.tv\/site\/wp-content\/uploads\/2019\/11\/agita-740x416.jpg\" \/>\n\t<meta property=\"og:image:width\" content=\"740\" \/>\n\t<meta property=\"og:image:height\" content=\"416\" \/>\n\t<meta property=\"og:image:type\" content=\"image\/jpeg\" \/>\n<meta name=\"author\" content=\"Andreia Ferreira\" \/>\n<meta name=\"twitter:card\" content=\"summary_large_image\" \/>\n<meta name=\"twitter:creator\" content=\"@altominhoTV\" \/>\n<meta name=\"twitter:site\" content=\"@altominhoTV\" \/>\n<meta name=\"twitter:label1\" content=\"Escrito por\" \/>\n\t<meta name=\"twitter:data1\" content=\"Andreia Ferreira\" \/>\n\t<meta name=\"twitter:label2\" content=\"Tempo estimado de leitura\" \/>\n\t<meta name=\"twitter:data2\" content=\"1 minuto\" \/>\n<script type=\"application\/ld+json\" class=\"yoast-schema-graph\">{\"@context\":\"https:\\\/\\\/schema.org\",\"@graph\":[{\"@type\":\"Article\",\"@id\":\"https:\\\/\\\/www.altominho.tv\\\/site\\\/2019\\\/11\\\/12\\\/capitania-de-caminha-alerta-para-agravamento-da-agitacao-maritima\\\/#article\",\"isPartOf\":{\"@id\":\"https:\\\/\\\/www.altominho.tv\\\/site\\\/2019\\\/11\\\/12\\\/capitania-de-caminha-alerta-para-agravamento-da-agitacao-maritima\\\/\"},\"author\":{\"name\":\"Andreia Ferreira\",\"@id\":\"https:\\\/\\\/www.altominho.tv\\\/site\\\/#\\\/schema\\\/person\\\/d9be4265364723f14ea8e0d56a1d38cd\"},\"headline\":\"Capitania de Caminha alerta para agravamento da agita\u00e7\u00e3o mar\u00edtima\",\"datePublished\":\"2019-11-12T14:46:10+00:00\",\"dateModified\":\"2019-11-12T14:46:28+00:00\",\"mainEntityOfPage\":{\"@id\":\"https:\\\/\\\/www.altominho.tv\\\/site\\\/2019\\\/11\\\/12\\\/capitania-de-caminha-alerta-para-agravamento-da-agitacao-maritima\\\/\"},\"wordCount\":232,\"image\":{\"@id\":\"https:\\\/\\\/www.altominho.tv\\\/site\\\/2019\\\/11\\\/12\\\/capitania-de-caminha-alerta-para-agravamento-da-agitacao-maritima\\\/#primaryimage\"},\"thumbnailUrl\":\"https:\\\/\\\/www.altominho.tv\\\/site\\\/wp-content\\\/uploads\\\/2019\\\/11\\\/agita-740x416.jpg\",\"keywords\":[\"Sociedade\"],\"articleSection\":[\"Alto Minho\"],\"inLanguage\":\"pt-PT\",\"copyrightYear\":\"2019\",\"copyrightHolder\":{\"@id\":\"https:\\\/\\\/www.altominho.tv\\\/site\\\/#organization\"}},{\"@type\":\"WebPage\",\"@id\":\"https:\\\/\\\/www.altominho.tv\\\/site\\\/2019\\\/11\\\/12\\\/capitania-de-caminha-alerta-para-agravamento-da-agitacao-maritima\\\/\",\"url\":\"https:\\\/\\\/www.altominho.tv\\\/site\\\/2019\\\/11\\\/12\\\/capitania-de-caminha-alerta-para-agravamento-da-agitacao-maritima\\\/\",\"name\":\"Capitania de Caminha alerta para agravamento da agita\u00e7\u00e3o mar\u00edtima\",\"isPartOf\":{\"@id\":\"https:\\\/\\\/www.altominho.tv\\\/site\\\/#website\"},\"primaryImageOfPage\":{\"@id\":\"https:\\\/\\\/www.altominho.tv\\\/site\\\/2019\\\/11\\\/12\\\/capitania-de-caminha-alerta-para-agravamento-da-agitacao-maritima\\\/#primaryimage\"},\"image\":{\"@id\":\"https:\\\/\\\/www.altominho.tv\\\/site\\\/2019\\\/11\\\/12\\\/capitania-de-caminha-alerta-para-agravamento-da-agitacao-maritima\\\/#primaryimage\"},\"thumbnailUrl\":\"https:\\\/\\\/www.altominho.tv\\\/site\\\/wp-content\\\/uploads\\\/2019\\\/11\\\/agita-740x416.jpg\",\"datePublished\":\"2019-11-12T14:46:10+00:00\",\"dateModified\":\"2019-11-12T14:46:28+00:00\",\"author\":{\"@id\":\"https:\\\/\\\/www.altominho.tv\\\/site\\\/#\\\/schema\\\/person\\\/d9be4265364723f14ea8e0d56a1d38cd\"},\"breadcrumb\":{\"@id\":\"https:\\\/\\\/www.altominho.tv\\\/site\\\/2019\\\/11\\\/12\\\/capitania-de-caminha-alerta-para-agravamento-da-agitacao-maritima\\\/#breadcrumb\"},\"inLanguage\":\"pt-PT\",\"potentialAction\":[{\"@type\":\"ReadAction\",\"target\":[\"https:\\\/\\\/www.altominho.tv\\\/site\\\/2019\\\/11\\\/12\\\/capitania-de-caminha-alerta-para-agravamento-da-agitacao-maritima\\\/\"]}]},{\"@type\":\"ImageObject\",\"inLanguage\":\"pt-PT\",\"@id\":\"https:\\\/\\\/www.altominho.tv\\\/site\\\/2019\\\/11\\\/12\\\/capitania-de-caminha-alerta-para-agravamento-da-agitacao-maritima\\\/#primaryimage\",\"url\":\"https:\\\/\\\/www.altominho.tv\\\/site\\\/wp-content\\\/uploads\\\/2019\\\/11\\\/agita-740x416.jpg\",\"contentUrl\":\"https:\\\/\\\/www.altominho.tv\\\/site\\\/wp-content\\\/uploads\\\/2019\\\/11\\\/agita-740x416.jpg\",\"width\":740,\"height\":416},{\"@type\":\"BreadcrumbList\",\"@id\":\"https:\\\/\\\/www.altominho.tv\\\/site\\\/2019\\\/11\\\/12\\\/capitania-de-caminha-alerta-para-agravamento-da-agitacao-maritima\\\/#breadcrumb\",\"itemListElement\":[{\"@type\":\"ListItem\",\"position\":1,\"name\":\"In\u00edcio\",\"item\":\"https:\\\/\\\/www.altominho.tv\\\/site\\\/\"},{\"@type\":\"ListItem\",\"position\":2,\"name\":\"Capitania de Caminha alerta para agravamento da agita\u00e7\u00e3o mar\u00edtima\"}]},{\"@type\":\"WebSite\",\"@id\":\"https:\\\/\\\/www.altominho.tv\\\/site\\\/#website\",\"url\":\"https:\\\/\\\/www.altominho.tv\\\/site\\\/\",\"name\":\"Altominho.tv\",\"description\":\"A sua regi\u00e3o \u00e0 dist\u00e2ncia de um clique...\",\"potentialAction\":[{\"@type\":\"SearchAction\",\"target\":{\"@type\":\"EntryPoint\",\"urlTemplate\":\"https:\\\/\\\/www.altominho.tv\\\/site\\\/?s={search_term_string}\"},\"query-input\":{\"@type\":\"PropertyValueSpecification\",\"valueRequired\":true,\"valueName\":\"search_term_string\"}}],\"inLanguage\":\"pt-PT\"},{\"@type\":\"Person\",\"@id\":\"https:\\\/\\\/www.altominho.tv\\\/site\\\/#\\\/schema\\\/person\\\/d9be4265364723f14ea8e0d56a1d38cd\",\"name\":\"Andreia Ferreira\",\"image\":{\"@type\":\"ImageObject\",\"inLanguage\":\"pt-PT\",\"@id\":\"https:\\\/\\\/www.altominho.tv\\\/site\\\/wp-content\\\/uploads\\\/2021\\\/01\\\/AndreiaFerreira-150x150.jpg\",\"url\":\"https:\\\/\\\/www.altominho.tv\\\/site\\\/wp-content\\\/uploads\\\/2021\\\/01\\\/AndreiaFerreira-150x150.jpg\",\"contentUrl\":\"https:\\\/\\\/www.altominho.tv\\\/site\\\/wp-content\\\/uploads\\\/2021\\\/01\\\/AndreiaFerreira-150x150.jpg\",\"caption\":\"Andreia Ferreira\"},\"url\":\"https:\\\/\\\/www.altominho.tv\\\/site\\\/author\\\/andreiaferreira\\\/\"}]}<\/script>\n<!-- \/ Yoast SEO Premium plugin. -->","yoast_head_json":{"title":"Capitania de Caminha alerta para agravamento da agita\u00e7\u00e3o mar\u00edtima","robots":{"index":"index","follow":"follow","max-snippet":"max-snippet:-1","max-image-preview":"max-image-preview:large","max-video-preview":"max-video-preview:-1"},"canonical":"https:\/\/www.altominho.tv\/site\/2019\/11\/12\/capitania-de-caminha-alerta-para-agravamento-da-agitacao-maritima\/","og_locale":"pt_PT","og_type":"article","og_title":"Capitania de Caminha alerta para agravamento da agita\u00e7\u00e3o mar\u00edtima","og_description":"A Capitania do Porto de Caminha alerta a comunidade mar\u00edtima e a popula\u00e7\u00e3o que frequenta as zonas costeiras e ribeirinhas para a previs\u00e3o de agravamento da agita\u00e7\u00e3o mar\u00edtima com ondas que poder\u00e3o atingir os seis metros de altura, a partir da madrugada de quinta-feira at\u00e9 \u00e0 manh\u00e3 de sexta-feira. Em comunicado enviado \u00e0 imprensa, a [&hellip;]","og_url":"https:\/\/www.altominho.tv\/site\/2019\/11\/12\/capitania-de-caminha-alerta-para-agravamento-da-agitacao-maritima\/","og_site_name":"Altominho.tv","article_publisher":"https:\/\/www.facebook.com\/altominhotv","article_published_time":"2019-11-12T14:46:10+00:00","article_modified_time":"2019-11-12T14:46:28+00:00","og_image":[{"width":740,"height":416,"url":"https:\/\/www.altominho.tv\/site\/wp-content\/uploads\/2019\/11\/agita-740x416.jpg","type":"image\/jpeg"}],"author":"Andreia Ferreira","twitter_card":"summary_large_image","twitter_creator":"@altominhoTV","twitter_site":"@altominhoTV","twitter_misc":{"Escrito por":"Andreia Ferreira","Tempo estimado de leitura":"1 minuto"},"schema":{"@context":"https:\/\/schema.org","@graph":[{"@type":"Article","@id":"https:\/\/www.altominho.tv\/site\/2019\/11\/12\/capitania-de-caminha-alerta-para-agravamento-da-agitacao-maritima\/#article","isPartOf":{"@id":"https:\/\/www.altominho.tv\/site\/2019\/11\/12\/capitania-de-caminha-alerta-para-agravamento-da-agitacao-maritima\/"},"author":{"name":"Andreia Ferreira","@id":"https:\/\/www.altominho.tv\/site\/#\/schema\/person\/d9be4265364723f14ea8e0d56a1d38cd"},"headline":"Capitania de Caminha alerta para agravamento da agita\u00e7\u00e3o mar\u00edtima","datePublished":"2019-11-12T14:46:10+00:00","dateModified":"2019-11-12T14:46:28+00:00","mainEntityOfPage":{"@id":"https:\/\/www.altominho.tv\/site\/2019\/11\/12\/capitania-de-caminha-alerta-para-agravamento-da-agitacao-maritima\/"},"wordCount":232,"image":{"@id":"https:\/\/www.altominho.tv\/site\/2019\/11\/12\/capitania-de-caminha-alerta-para-agravamento-da-agitacao-maritima\/#primaryimage"},"thumbnailUrl":"https:\/\/www.altominho.tv\/site\/wp-content\/uploads\/2019\/11\/agita-740x416.jpg","keywords":["Sociedade"],"articleSection":["Alto Minho"],"inLanguage":"pt-PT","copyrightYear":"2019","copyrightHolder":{"@id":"https:\/\/www.altominho.tv\/site\/#organization"}},{"@type":"WebPage","@id":"https:\/\/www.altominho.tv\/site\/2019\/11\/12\/capitania-de-caminha-alerta-para-agravamento-da-agitacao-maritima\/","url":"https:\/\/www.altominho.tv\/site\/2019\/11\/12\/capitania-de-caminha-alerta-para-agravamento-da-agitacao-maritima\/","name":"Capitania de Caminha alerta para agravamento da agita\u00e7\u00e3o mar\u00edtima","isPartOf":{"@id":"https:\/\/www.altominho.tv\/site\/#website"},"primaryImageOfPage":{"@id":"https:\/\/www.altominho.tv\/site\/2019\/11\/12\/capitania-de-caminha-alerta-para-agravamento-da-agitacao-maritima\/#primaryimage"},"image":{"@id":"https:\/\/www.altominho.tv\/site\/2019\/11\/12\/capitania-de-caminha-alerta-para-agravamento-da-agitacao-maritima\/#primaryimage"},"thumbnailUrl":"https:\/\/www.altominho.tv\/site\/wp-content\/uploads\/2019\/11\/agita-740x416.jpg","datePublished":"2019-11-12T14:46:10+00:00","dateModified":"2019-11-12T14:46:28+00:00","author":{"@id":"https:\/\/www.altominho.tv\/site\/#\/schema\/person\/d9be4265364723f14ea8e0d56a1d38cd"},"breadcrumb":{"@id":"https:\/\/www.altominho.tv\/site\/2019\/11\/12\/capitania-de-caminha-alerta-para-agravamento-da-agitacao-maritima\/#breadcrumb"},"inLanguage":"pt-PT","potentialAction":[{"@type":"ReadAction","target":["https:\/\/www.altominho.tv\/site\/2019\/11\/12\/capitania-de-caminha-alerta-para-agravamento-da-agitacao-maritima\/"]}]},{"@type":"ImageObject","inLanguage":"pt-PT","@id":"https:\/\/www.altominho.tv\/site\/2019\/11\/12\/capitania-de-caminha-alerta-para-agravamento-da-agitacao-maritima\/#primaryimage","url":"https:\/\/www.altominho.tv\/site\/wp-content\/uploads\/2019\/11\/agita-740x416.jpg","contentUrl":"https:\/\/www.altominho.tv\/site\/wp-content\/uploads\/2019\/11\/agita-740x416.jpg","width":740,"height":416},{"@type":"BreadcrumbList","@id":"https:\/\/www.altominho.tv\/site\/2019\/11\/12\/capitania-de-caminha-alerta-para-agravamento-da-agitacao-maritima\/#breadcrumb","itemListElement":[{"@type":"ListItem","position":1,"name":"In\u00edcio","item":"https:\/\/www.altominho.tv\/site\/"},{"@type":"ListItem","position":2,"name":"Capitania de Caminha alerta para agravamento da agita\u00e7\u00e3o mar\u00edtima"}]},{"@type":"WebSite","@id":"https:\/\/www.altominho.tv\/site\/#website","url":"https:\/\/www.altominho.tv\/site\/","name":"Altominho.tv","description":"A sua regi\u00e3o \u00e0 dist\u00e2ncia de um clique...","potentialAction":[{"@type":"SearchAction","target":{"@type":"EntryPoint","urlTemplate":"https:\/\/www.altominho.tv\/site\/?s={search_term_string}"},"query-input":{"@type":"PropertyValueSpecification","valueRequired":true,"valueName":"search_term_string"}}],"inLanguage":"pt-PT"},{"@type":"Person","@id":"https:\/\/www.altominho.tv\/site\/#\/schema\/person\/d9be4265364723f14ea8e0d56a1d38cd","name":"Andreia Ferreira","image":{"@type":"ImageObject","inLanguage":"pt-PT","@id":"https:\/\/www.altominho.tv\/site\/wp-content\/uploads\/2021\/01\/AndreiaFerreira-150x150.jpg","url":"https:\/\/www.altominho.tv\/site\/wp-content\/uploads\/2021\/01\/AndreiaFerreira-150x150.jpg","contentUrl":"https:\/\/www.altominho.tv\/site\/wp-content\/uploads\/2021\/01\/AndreiaFerreira-150x150.jpg","caption":"Andreia Ferreira"},"url":"https:\/\/www.altominho.tv\/site\/author\/andreiaferreira\/"}]}},"_links":{"self":[{"href":"https:\/\/www.altominho.tv\/site\/wp-json\/wp\/v2\/posts\/36621","targetHints":{"allow":["GET"]}}],"collection":[{"href":"https:\/\/www.altominho.tv\/site\/wp-json\/wp\/v2\/posts"}],"about":[{"href":"https:\/\/www.altominho.tv\/site\/wp-json\/wp\/v2\/types\/post"}],"author":[{"embeddable":true,"href":"https:\/\/www.altominho.tv\/site\/wp-json\/wp\/v2\/users\/12"}],"replies":[{"embeddable":true,"href":"https:\/\/www.altominho.tv\/site\/wp-json\/wp\/v2\/comments?post=36621"}],"version-history":[{"count":0,"href":"https:\/\/www.altominho.tv\/site\/wp-json\/wp\/v2\/posts\/36621\/revisions"}],"wp:featuredmedia":[{"embeddable":true,"href":"https:\/\/www.altominho.tv\/site\/wp-json\/wp\/v2\/media\/36622"}],"wp:attachment":[{"href":"https:\/\/www.altominho.tv\/site\/wp-json\/wp\/v2\/media?parent=36621"}],"wp:term":[{"taxonomy":"category","embeddable":true,"href":"https:\/\/www.altominho.tv\/site\/wp-json\/wp\/v2\/categories?post=36621"},{"taxonomy":"post_tag","embeddable":true,"href":"https:\/\/www.altominho.tv\/site\/wp-json\/wp\/v2\/tags?post=36621"}],"curies":[{"name":"wp","href":"https:\/\/api.w.org\/{rel}","templated":true}]}}