{"id":36572,"date":"2019-11-11T15:57:29","date_gmt":"2019-11-11T15:57:29","guid":{"rendered":"http:\/\/www.altominho.tv\/site\/?p=36572"},"modified":"2019-11-11T15:57:53","modified_gmt":"2019-11-11T15:57:53","slug":"dois-detidos-e-77-infracoes-detetadas-em-operacao-de-prevencao-criminal-na-a28","status":"publish","type":"post","link":"https:\/\/www.altominho.tv\/site\/2019\/11\/11\/dois-detidos-e-77-infracoes-detetadas-em-operacao-de-prevencao-criminal-na-a28\/","title":{"rendered":"Dois detidos e 77 infra\u00e7\u00f5es detetadas em opera\u00e7\u00e3o de preven\u00e7\u00e3o criminal na A28"},"content":{"rendered":"<p>A GNR deteve duas pessoas e detetou 77 infra\u00e7\u00f5es durante uma opera\u00e7\u00e3o de preven\u00e7\u00e3o criminal realizada este s\u00e1bado na autoestrada 28 (A28), perto da \u00e1rea de servi\u00e7o de Viana do Castelo.<\/p>\n<p>Em comunicado, o Comando Territorial da GNR de Viana do Castelo adiantou que foram fiscalizados 188 condutores, tendo sido detetadas 69 infra\u00e7\u00f5es de \u00e2mbito rodovi\u00e1rio, cinco de \u00e2mbito fiscal e aduaneiro e tr\u00eas por consumo de estupefacientes.<\/p>\n<p>Segundo a GNR, as duas deten\u00e7\u00f5es ocorreram por situa\u00e7\u00f5es de condu\u00e7\u00e3o sem habilita\u00e7\u00e3o legal e foram ainda apreendidas\u00a0dez doses de haxixe e tr\u00eas doses de liamba.<\/p>\n<p class=\"m_-9125795353986951200wordsection1\">No decurso da a\u00e7\u00e3o foram &#8220;empenhados v\u00e1rios meios especiais da val\u00eancia de tr\u00e2nsito, nomeadamente, radares de controlo de velocidade, atrav\u00e9s dos quais foi poss\u00edvel refor\u00e7ar a seguran\u00e7a rodovi\u00e1ria dos milhares de utentes que diariamente utilizam aquele eixo rodovi\u00e1rio&#8221;, adianta a nota enviada hoje \u00e0 imprensa.<\/p>\n<p class=\"m_-9125795353986951200wordsection1\">A presen\u00e7a das val\u00eancias Territorial, Interven\u00e7\u00e3o e A\u00e7\u00e3o Fiscal deu &#8220;um contributo para a preven\u00e7\u00e3o e repress\u00e3o da criminalidade, procurando detetar, n\u00e3o s\u00f3 estupefacientes, como todo o tipo de armas ilegais, habitualmente utilizadas na criminalidade violenta e grave&#8221;, acrescenta a for\u00e7a policial.<\/p>\n<p>Nesta opera\u00e7\u00e3o, participaram 54 militares pertencentes ao Comando Territorial de Viana do Castelo e \u00e0 Unidade de A\u00e7\u00e3o Fiscal.<\/p>\n<p class=\"m_-9125795353986951200wordsection1\">&#8220;Atrav\u00e9s da realiza\u00e7\u00e3o destas a\u00e7\u00f5es, a Guarda Nacional Republicana, pretende fortalecer e incrementar o sentimento de seguran\u00e7a rodovi\u00e1ria dos utentes das vias de todo o distrito de Viana do Castelo, procurando prevenir il\u00edcitos criminais ou manobras e a\u00e7\u00f5es que coloquem em causa a integridade f\u00edsica de todos os intervenientes no sistema rodovi\u00e1rio, nomeadamente dos seus condutores, ocupantes e pe\u00f5es&#8221;, conclui a nota.<u><\/u><u><\/u><\/p>\n","protected":false},"excerpt":{"rendered":"<p>A GNR deteve duas pessoas e detetou 77 infra\u00e7\u00f5es durante uma opera\u00e7\u00e3o de preven\u00e7\u00e3o criminal realizada este s\u00e1bado na autoestrada 28 (A28), perto da \u00e1rea de servi\u00e7o de Viana do Castelo. Em comunicado, o Comando Territorial da GNR de Viana do Castelo adiantou que foram fiscalizados 188 condutores, tendo sido detetadas 69 infra\u00e7\u00f5es de \u00e2mbito [&hellip;]<\/p>\n","protected":false},"author":12,"featured_media":36573,"comment_status":"closed","ping_status":"closed","sticky":false,"template":"","format":"standard","meta":{"_exactmetrics_skip_tracking":false,"footnotes":""},"categories":[73],"tags":[27],"class_list":["post-36572","post","type-post","status-publish","format-standard","has-post-thumbnail","hentry","category-alto-minho","tag-sociedade"],"yoast_head":"<!-- This site is optimized with the Yoast SEO Premium plugin v28.3 (Yoast SEO v28.3) - https:\/\/yoast.com\/product\/yoast-seo-premium-wordpress\/ -->\n<title>Dois detidos e 77 infra\u00e7\u00f5es detetadas em opera\u00e7\u00e3o de preven\u00e7\u00e3o criminal na A28<\/title>\n<meta name=\"robots\" content=\"index, follow, max-snippet:-1, max-image-preview:large, max-video-preview:-1\" \/>\n<link rel=\"canonical\" href=\"https:\/\/www.altominho.tv\/site\/2019\/11\/11\/dois-detidos-e-77-infracoes-detetadas-em-operacao-de-prevencao-criminal-na-a28\/\" \/>\n<meta property=\"og:locale\" content=\"pt_PT\" \/>\n<meta property=\"og:type\" content=\"article\" \/>\n<meta property=\"og:title\" content=\"Dois detidos e 77 infra\u00e7\u00f5es detetadas em opera\u00e7\u00e3o de preven\u00e7\u00e3o criminal na A28\" \/>\n<meta property=\"og:description\" content=\"A GNR deteve duas pessoas e detetou 77 infra\u00e7\u00f5es durante uma opera\u00e7\u00e3o de preven\u00e7\u00e3o criminal realizada este s\u00e1bado na autoestrada 28 (A28), perto da \u00e1rea de servi\u00e7o de Viana do Castelo. Em comunicado, o Comando Territorial da GNR de Viana do Castelo adiantou que foram fiscalizados 188 condutores, tendo sido detetadas 69 infra\u00e7\u00f5es de \u00e2mbito [&hellip;]\" \/>\n<meta property=\"og:url\" content=\"https:\/\/www.altominho.tv\/site\/2019\/11\/11\/dois-detidos-e-77-infracoes-detetadas-em-operacao-de-prevencao-criminal-na-a28\/\" \/>\n<meta property=\"og:site_name\" content=\"Altominho.tv\" \/>\n<meta property=\"article:publisher\" content=\"https:\/\/www.facebook.com\/altominhotv\" \/>\n<meta property=\"article:published_time\" content=\"2019-11-11T15:57:29+00:00\" \/>\n<meta property=\"article:modified_time\" content=\"2019-11-11T15:57:53+00:00\" \/>\n<meta property=\"og:image\" content=\"https:\/\/www.altominho.tv\/site\/wp-content\/uploads\/2019\/11\/gnr.jpeg\" \/>\n\t<meta property=\"og:image:width\" content=\"1200\" \/>\n\t<meta property=\"og:image:height\" content=\"692\" \/>\n\t<meta property=\"og:image:type\" content=\"image\/jpeg\" \/>\n<meta name=\"author\" content=\"Andreia Ferreira\" \/>\n<meta name=\"twitter:card\" content=\"summary_large_image\" \/>\n<meta name=\"twitter:creator\" content=\"@altominhoTV\" \/>\n<meta name=\"twitter:site\" content=\"@altominhoTV\" \/>\n<meta name=\"twitter:label1\" content=\"Escrito por\" \/>\n\t<meta name=\"twitter:data1\" content=\"Andreia Ferreira\" \/>\n\t<meta name=\"twitter:label2\" content=\"Tempo estimado de leitura\" \/>\n\t<meta name=\"twitter:data2\" content=\"1 minuto\" \/>\n<script type=\"application\/ld+json\" class=\"yoast-schema-graph\">{\"@context\":\"https:\\\/\\\/schema.org\",\"@graph\":[{\"@type\":\"Article\",\"@id\":\"https:\\\/\\\/www.altominho.tv\\\/site\\\/2019\\\/11\\\/11\\\/dois-detidos-e-77-infracoes-detetadas-em-operacao-de-prevencao-criminal-na-a28\\\/#article\",\"isPartOf\":{\"@id\":\"https:\\\/\\\/www.altominho.tv\\\/site\\\/2019\\\/11\\\/11\\\/dois-detidos-e-77-infracoes-detetadas-em-operacao-de-prevencao-criminal-na-a28\\\/\"},\"author\":{\"name\":\"Andreia Ferreira\",\"@id\":\"https:\\\/\\\/www.altominho.tv\\\/site\\\/#\\\/schema\\\/person\\\/d9be4265364723f14ea8e0d56a1d38cd\"},\"headline\":\"Dois detidos e 77 infra\u00e7\u00f5es detetadas em opera\u00e7\u00e3o de preven\u00e7\u00e3o criminal na A28\",\"datePublished\":\"2019-11-11T15:57:29+00:00\",\"dateModified\":\"2019-11-11T15:57:53+00:00\",\"mainEntityOfPage\":{\"@id\":\"https:\\\/\\\/www.altominho.tv\\\/site\\\/2019\\\/11\\\/11\\\/dois-detidos-e-77-infracoes-detetadas-em-operacao-de-prevencao-criminal-na-a28\\\/\"},\"wordCount\":314,\"image\":{\"@id\":\"https:\\\/\\\/www.altominho.tv\\\/site\\\/2019\\\/11\\\/11\\\/dois-detidos-e-77-infracoes-detetadas-em-operacao-de-prevencao-criminal-na-a28\\\/#primaryimage\"},\"thumbnailUrl\":\"https:\\\/\\\/www.altominho.tv\\\/site\\\/wp-content\\\/uploads\\\/2019\\\/11\\\/gnr.jpeg\",\"keywords\":[\"Sociedade\"],\"articleSection\":[\"Alto Minho\"],\"inLanguage\":\"pt-PT\",\"copyrightYear\":\"2019\",\"copyrightHolder\":{\"@id\":\"https:\\\/\\\/www.altominho.tv\\\/site\\\/#organization\"}},{\"@type\":\"WebPage\",\"@id\":\"https:\\\/\\\/www.altominho.tv\\\/site\\\/2019\\\/11\\\/11\\\/dois-detidos-e-77-infracoes-detetadas-em-operacao-de-prevencao-criminal-na-a28\\\/\",\"url\":\"https:\\\/\\\/www.altominho.tv\\\/site\\\/2019\\\/11\\\/11\\\/dois-detidos-e-77-infracoes-detetadas-em-operacao-de-prevencao-criminal-na-a28\\\/\",\"name\":\"Dois detidos e 77 infra\u00e7\u00f5es detetadas em opera\u00e7\u00e3o de preven\u00e7\u00e3o criminal na A28\",\"isPartOf\":{\"@id\":\"https:\\\/\\\/www.altominho.tv\\\/site\\\/#website\"},\"primaryImageOfPage\":{\"@id\":\"https:\\\/\\\/www.altominho.tv\\\/site\\\/2019\\\/11\\\/11\\\/dois-detidos-e-77-infracoes-detetadas-em-operacao-de-prevencao-criminal-na-a28\\\/#primaryimage\"},\"image\":{\"@id\":\"https:\\\/\\\/www.altominho.tv\\\/site\\\/2019\\\/11\\\/11\\\/dois-detidos-e-77-infracoes-detetadas-em-operacao-de-prevencao-criminal-na-a28\\\/#primaryimage\"},\"thumbnailUrl\":\"https:\\\/\\\/www.altominho.tv\\\/site\\\/wp-content\\\/uploads\\\/2019\\\/11\\\/gnr.jpeg\",\"datePublished\":\"2019-11-11T15:57:29+00:00\",\"dateModified\":\"2019-11-11T15:57:53+00:00\",\"author\":{\"@id\":\"https:\\\/\\\/www.altominho.tv\\\/site\\\/#\\\/schema\\\/person\\\/d9be4265364723f14ea8e0d56a1d38cd\"},\"breadcrumb\":{\"@id\":\"https:\\\/\\\/www.altominho.tv\\\/site\\\/2019\\\/11\\\/11\\\/dois-detidos-e-77-infracoes-detetadas-em-operacao-de-prevencao-criminal-na-a28\\\/#breadcrumb\"},\"inLanguage\":\"pt-PT\",\"potentialAction\":[{\"@type\":\"ReadAction\",\"target\":[\"https:\\\/\\\/www.altominho.tv\\\/site\\\/2019\\\/11\\\/11\\\/dois-detidos-e-77-infracoes-detetadas-em-operacao-de-prevencao-criminal-na-a28\\\/\"]}]},{\"@type\":\"ImageObject\",\"inLanguage\":\"pt-PT\",\"@id\":\"https:\\\/\\\/www.altominho.tv\\\/site\\\/2019\\\/11\\\/11\\\/dois-detidos-e-77-infracoes-detetadas-em-operacao-de-prevencao-criminal-na-a28\\\/#primaryimage\",\"url\":\"https:\\\/\\\/www.altominho.tv\\\/site\\\/wp-content\\\/uploads\\\/2019\\\/11\\\/gnr.jpeg\",\"contentUrl\":\"https:\\\/\\\/www.altominho.tv\\\/site\\\/wp-content\\\/uploads\\\/2019\\\/11\\\/gnr.jpeg\",\"width\":1200,\"height\":692},{\"@type\":\"BreadcrumbList\",\"@id\":\"https:\\\/\\\/www.altominho.tv\\\/site\\\/2019\\\/11\\\/11\\\/dois-detidos-e-77-infracoes-detetadas-em-operacao-de-prevencao-criminal-na-a28\\\/#breadcrumb\",\"itemListElement\":[{\"@type\":\"ListItem\",\"position\":1,\"name\":\"In\u00edcio\",\"item\":\"https:\\\/\\\/www.altominho.tv\\\/site\\\/\"},{\"@type\":\"ListItem\",\"position\":2,\"name\":\"Dois detidos e 77 infra\u00e7\u00f5es detetadas em opera\u00e7\u00e3o de preven\u00e7\u00e3o criminal na A28\"}]},{\"@type\":\"WebSite\",\"@id\":\"https:\\\/\\\/www.altominho.tv\\\/site\\\/#website\",\"url\":\"https:\\\/\\\/www.altominho.tv\\\/site\\\/\",\"name\":\"Altominho.tv\",\"description\":\"A sua regi\u00e3o \u00e0 dist\u00e2ncia de um clique...\",\"potentialAction\":[{\"@type\":\"SearchAction\",\"target\":{\"@type\":\"EntryPoint\",\"urlTemplate\":\"https:\\\/\\\/www.altominho.tv\\\/site\\\/?s={search_term_string}\"},\"query-input\":{\"@type\":\"PropertyValueSpecification\",\"valueRequired\":true,\"valueName\":\"search_term_string\"}}],\"inLanguage\":\"pt-PT\"},{\"@type\":\"Person\",\"@id\":\"https:\\\/\\\/www.altominho.tv\\\/site\\\/#\\\/schema\\\/person\\\/d9be4265364723f14ea8e0d56a1d38cd\",\"name\":\"Andreia Ferreira\",\"image\":{\"@type\":\"ImageObject\",\"inLanguage\":\"pt-PT\",\"@id\":\"https:\\\/\\\/www.altominho.tv\\\/site\\\/wp-content\\\/uploads\\\/2021\\\/01\\\/AndreiaFerreira-150x150.jpg\",\"url\":\"https:\\\/\\\/www.altominho.tv\\\/site\\\/wp-content\\\/uploads\\\/2021\\\/01\\\/AndreiaFerreira-150x150.jpg\",\"contentUrl\":\"https:\\\/\\\/www.altominho.tv\\\/site\\\/wp-content\\\/uploads\\\/2021\\\/01\\\/AndreiaFerreira-150x150.jpg\",\"caption\":\"Andreia Ferreira\"},\"url\":\"https:\\\/\\\/www.altominho.tv\\\/site\\\/author\\\/andreiaferreira\\\/\"}]}<\/script>\n<!-- \/ Yoast SEO Premium plugin. -->","yoast_head_json":{"title":"Dois detidos e 77 infra\u00e7\u00f5es detetadas em opera\u00e7\u00e3o de preven\u00e7\u00e3o criminal na A28","robots":{"index":"index","follow":"follow","max-snippet":"max-snippet:-1","max-image-preview":"max-image-preview:large","max-video-preview":"max-video-preview:-1"},"canonical":"https:\/\/www.altominho.tv\/site\/2019\/11\/11\/dois-detidos-e-77-infracoes-detetadas-em-operacao-de-prevencao-criminal-na-a28\/","og_locale":"pt_PT","og_type":"article","og_title":"Dois detidos e 77 infra\u00e7\u00f5es detetadas em opera\u00e7\u00e3o de preven\u00e7\u00e3o criminal na A28","og_description":"A GNR deteve duas pessoas e detetou 77 infra\u00e7\u00f5es durante uma opera\u00e7\u00e3o de preven\u00e7\u00e3o criminal realizada este s\u00e1bado na autoestrada 28 (A28), perto da \u00e1rea de servi\u00e7o de Viana do Castelo. Em comunicado, o Comando Territorial da GNR de Viana do Castelo adiantou que foram fiscalizados 188 condutores, tendo sido detetadas 69 infra\u00e7\u00f5es de \u00e2mbito [&hellip;]","og_url":"https:\/\/www.altominho.tv\/site\/2019\/11\/11\/dois-detidos-e-77-infracoes-detetadas-em-operacao-de-prevencao-criminal-na-a28\/","og_site_name":"Altominho.tv","article_publisher":"https:\/\/www.facebook.com\/altominhotv","article_published_time":"2019-11-11T15:57:29+00:00","article_modified_time":"2019-11-11T15:57:53+00:00","og_image":[{"width":1200,"height":692,"url":"https:\/\/www.altominho.tv\/site\/wp-content\/uploads\/2019\/11\/gnr.jpeg","type":"image\/jpeg"}],"author":"Andreia Ferreira","twitter_card":"summary_large_image","twitter_creator":"@altominhoTV","twitter_site":"@altominhoTV","twitter_misc":{"Escrito por":"Andreia Ferreira","Tempo estimado de leitura":"1 minuto"},"schema":{"@context":"https:\/\/schema.org","@graph":[{"@type":"Article","@id":"https:\/\/www.altominho.tv\/site\/2019\/11\/11\/dois-detidos-e-77-infracoes-detetadas-em-operacao-de-prevencao-criminal-na-a28\/#article","isPartOf":{"@id":"https:\/\/www.altominho.tv\/site\/2019\/11\/11\/dois-detidos-e-77-infracoes-detetadas-em-operacao-de-prevencao-criminal-na-a28\/"},"author":{"name":"Andreia Ferreira","@id":"https:\/\/www.altominho.tv\/site\/#\/schema\/person\/d9be4265364723f14ea8e0d56a1d38cd"},"headline":"Dois detidos e 77 infra\u00e7\u00f5es detetadas em opera\u00e7\u00e3o de preven\u00e7\u00e3o criminal na A28","datePublished":"2019-11-11T15:57:29+00:00","dateModified":"2019-11-11T15:57:53+00:00","mainEntityOfPage":{"@id":"https:\/\/www.altominho.tv\/site\/2019\/11\/11\/dois-detidos-e-77-infracoes-detetadas-em-operacao-de-prevencao-criminal-na-a28\/"},"wordCount":314,"image":{"@id":"https:\/\/www.altominho.tv\/site\/2019\/11\/11\/dois-detidos-e-77-infracoes-detetadas-em-operacao-de-prevencao-criminal-na-a28\/#primaryimage"},"thumbnailUrl":"https:\/\/www.altominho.tv\/site\/wp-content\/uploads\/2019\/11\/gnr.jpeg","keywords":["Sociedade"],"articleSection":["Alto Minho"],"inLanguage":"pt-PT","copyrightYear":"2019","copyrightHolder":{"@id":"https:\/\/www.altominho.tv\/site\/#organization"}},{"@type":"WebPage","@id":"https:\/\/www.altominho.tv\/site\/2019\/11\/11\/dois-detidos-e-77-infracoes-detetadas-em-operacao-de-prevencao-criminal-na-a28\/","url":"https:\/\/www.altominho.tv\/site\/2019\/11\/11\/dois-detidos-e-77-infracoes-detetadas-em-operacao-de-prevencao-criminal-na-a28\/","name":"Dois detidos e 77 infra\u00e7\u00f5es detetadas em opera\u00e7\u00e3o de preven\u00e7\u00e3o criminal na A28","isPartOf":{"@id":"https:\/\/www.altominho.tv\/site\/#website"},"primaryImageOfPage":{"@id":"https:\/\/www.altominho.tv\/site\/2019\/11\/11\/dois-detidos-e-77-infracoes-detetadas-em-operacao-de-prevencao-criminal-na-a28\/#primaryimage"},"image":{"@id":"https:\/\/www.altominho.tv\/site\/2019\/11\/11\/dois-detidos-e-77-infracoes-detetadas-em-operacao-de-prevencao-criminal-na-a28\/#primaryimage"},"thumbnailUrl":"https:\/\/www.altominho.tv\/site\/wp-content\/uploads\/2019\/11\/gnr.jpeg","datePublished":"2019-11-11T15:57:29+00:00","dateModified":"2019-11-11T15:57:53+00:00","author":{"@id":"https:\/\/www.altominho.tv\/site\/#\/schema\/person\/d9be4265364723f14ea8e0d56a1d38cd"},"breadcrumb":{"@id":"https:\/\/www.altominho.tv\/site\/2019\/11\/11\/dois-detidos-e-77-infracoes-detetadas-em-operacao-de-prevencao-criminal-na-a28\/#breadcrumb"},"inLanguage":"pt-PT","potentialAction":[{"@type":"ReadAction","target":["https:\/\/www.altominho.tv\/site\/2019\/11\/11\/dois-detidos-e-77-infracoes-detetadas-em-operacao-de-prevencao-criminal-na-a28\/"]}]},{"@type":"ImageObject","inLanguage":"pt-PT","@id":"https:\/\/www.altominho.tv\/site\/2019\/11\/11\/dois-detidos-e-77-infracoes-detetadas-em-operacao-de-prevencao-criminal-na-a28\/#primaryimage","url":"https:\/\/www.altominho.tv\/site\/wp-content\/uploads\/2019\/11\/gnr.jpeg","contentUrl":"https:\/\/www.altominho.tv\/site\/wp-content\/uploads\/2019\/11\/gnr.jpeg","width":1200,"height":692},{"@type":"BreadcrumbList","@id":"https:\/\/www.altominho.tv\/site\/2019\/11\/11\/dois-detidos-e-77-infracoes-detetadas-em-operacao-de-prevencao-criminal-na-a28\/#breadcrumb","itemListElement":[{"@type":"ListItem","position":1,"name":"In\u00edcio","item":"https:\/\/www.altominho.tv\/site\/"},{"@type":"ListItem","position":2,"name":"Dois detidos e 77 infra\u00e7\u00f5es detetadas em opera\u00e7\u00e3o de preven\u00e7\u00e3o criminal na A28"}]},{"@type":"WebSite","@id":"https:\/\/www.altominho.tv\/site\/#website","url":"https:\/\/www.altominho.tv\/site\/","name":"Altominho.tv","description":"A sua regi\u00e3o \u00e0 dist\u00e2ncia de um clique...","potentialAction":[{"@type":"SearchAction","target":{"@type":"EntryPoint","urlTemplate":"https:\/\/www.altominho.tv\/site\/?s={search_term_string}"},"query-input":{"@type":"PropertyValueSpecification","valueRequired":true,"valueName":"search_term_string"}}],"inLanguage":"pt-PT"},{"@type":"Person","@id":"https:\/\/www.altominho.tv\/site\/#\/schema\/person\/d9be4265364723f14ea8e0d56a1d38cd","name":"Andreia Ferreira","image":{"@type":"ImageObject","inLanguage":"pt-PT","@id":"https:\/\/www.altominho.tv\/site\/wp-content\/uploads\/2021\/01\/AndreiaFerreira-150x150.jpg","url":"https:\/\/www.altominho.tv\/site\/wp-content\/uploads\/2021\/01\/AndreiaFerreira-150x150.jpg","contentUrl":"https:\/\/www.altominho.tv\/site\/wp-content\/uploads\/2021\/01\/AndreiaFerreira-150x150.jpg","caption":"Andreia Ferreira"},"url":"https:\/\/www.altominho.tv\/site\/author\/andreiaferreira\/"}]}},"_links":{"self":[{"href":"https:\/\/www.altominho.tv\/site\/wp-json\/wp\/v2\/posts\/36572","targetHints":{"allow":["GET"]}}],"collection":[{"href":"https:\/\/www.altominho.tv\/site\/wp-json\/wp\/v2\/posts"}],"about":[{"href":"https:\/\/www.altominho.tv\/site\/wp-json\/wp\/v2\/types\/post"}],"author":[{"embeddable":true,"href":"https:\/\/www.altominho.tv\/site\/wp-json\/wp\/v2\/users\/12"}],"replies":[{"embeddable":true,"href":"https:\/\/www.altominho.tv\/site\/wp-json\/wp\/v2\/comments?post=36572"}],"version-history":[{"count":0,"href":"https:\/\/www.altominho.tv\/site\/wp-json\/wp\/v2\/posts\/36572\/revisions"}],"wp:featuredmedia":[{"embeddable":true,"href":"https:\/\/www.altominho.tv\/site\/wp-json\/wp\/v2\/media\/36573"}],"wp:attachment":[{"href":"https:\/\/www.altominho.tv\/site\/wp-json\/wp\/v2\/media?parent=36572"}],"wp:term":[{"taxonomy":"category","embeddable":true,"href":"https:\/\/www.altominho.tv\/site\/wp-json\/wp\/v2\/categories?post=36572"},{"taxonomy":"post_tag","embeddable":true,"href":"https:\/\/www.altominho.tv\/site\/wp-json\/wp\/v2\/tags?post=36572"}],"curies":[{"name":"wp","href":"https:\/\/api.w.org\/{rel}","templated":true}]}}