{"id":36565,"date":"2019-11-11T14:27:30","date_gmt":"2019-11-11T14:27:30","guid":{"rendered":"http:\/\/www.altominho.tv\/site\/?p=36565"},"modified":"2019-11-11T14:29:53","modified_gmt":"2019-11-11T14:29:53","slug":"canil-do-alto-minho-com-cerca-de-300-animais-em-lista-de-espera-para-acolhimento","status":"publish","type":"post","link":"https:\/\/www.altominho.tv\/site\/2019\/11\/11\/canil-do-alto-minho-com-cerca-de-300-animais-em-lista-de-espera-para-acolhimento\/","title":{"rendered":"Canil do Alto Minho com cerca de 300 animais em lista de espera para acolhimento"},"content":{"rendered":"<p>O canil intermunicipal do Alto Minho registou, no \u00faltimo ano, uma &#8220;diminui\u00e7\u00e3o consider\u00e1vel&#8221; na capacidade de alojamento de animais errantes, estimando-se em cerca de 300 os animais em lista de espera, informou hoje a entidade que o gere.<\/p>\n<p>Mais de um ano ap\u00f3s a entrada em vigor da lei que impede o abate de animais, e em resposta escrita a um pedido de esclarecimento enviado pela ag\u00eancia Lusa, a Comunidade Intermunicipal (CIM) do Alto Minho, que gere o canil, referiu que &#8220;o n\u00famero de animais alojados permanece id\u00eantico em termos m\u00e9dios anuais, uma vez que canil tem funcionado, regra geral, no limiar da capacidade de carga, isto \u00e9, entre 90 a 100 c\u00e3es&#8221;.<\/p>\n<p>&#8220;Como \u00e9 natural, decorrente da aplica\u00e7\u00e3o da atual lei, a capacidade de alojamento de animais errantes diminuiu consideravelmente, sendo que a atual lista de espera para acolhimento \u00e9 tr\u00eas vezes superior \u00e0 capacidade instalada&#8221;, frisou a associa\u00e7\u00e3o que agrega os dez munic\u00edpios do distrito de Viana do Castelo e que tem sede em Ponte de Lima.<\/p>\n<p>O canil intermunicipal do Alto Minho, tamb\u00e9m instalado em Ponte de Lima, funciona desde dezembro de 2008, num investimento superior a 370 mil euros.<\/p>\n<p>Al\u00e9m dos 10 concelhos do Alto Minho, (Arcos de Valdevez, Caminha, Melga\u00e7o, Mon\u00e7\u00e3o, Paredes de Coura, Ponte da Barca, Ponte de Lima, Valen\u00e7a, Viana do Castelo e Vila Nova de Cerveira), a estrutura serve ainda o munic\u00edpio de Esposende, no distrito de Braga.<\/p>\n<p>Para minimizar o impacto da proibi\u00e7\u00e3o do abate de animais, a CIM do Alto Minho disse ter &#8220;refor\u00e7ado os meios para promo\u00e7\u00e3o da ado\u00e7\u00e3o, atrav\u00e9s de uma plataforma digital&#8221; e adiantou ter &#8220;modernizado e apetrechado a sala de cirurgia e de recobro para realiza\u00e7\u00e3o das esteriliza\u00e7\u00f5es nas instala\u00e7\u00f5es do canil intermunicipal&#8221;.<\/p>\n<p>Segundo a CIM do Alto Minho, &#8220;os custos associados \u00e0 manuten\u00e7\u00e3o e melhoria das condi\u00e7\u00f5es de alguns espa\u00e7os t\u00e9cnicos do canil, como a sala de cirurgia, de rece\u00e7\u00e3o e de visitas, ascendem a cerca de 10 mil euros&#8221;.<\/p>\n<p>&#8220;A realiza\u00e7\u00e3o de campanhas de esteriliza\u00e7\u00e3o e a candidatura aos apoios \u00e0s esteriliza\u00e7\u00f5es da Dire\u00e7\u00e3o-Geral de Alimenta\u00e7\u00e3o e Veterin\u00e1ria (DGAV), quer do Canil, quer dos munic\u00edpios individualmente e a promo\u00e7\u00e3o de a\u00e7\u00f5es de sensibiliza\u00e7\u00e3o, com um p\u00fablico alvo preferencial das escolas do ensino b\u00e1sico (a escola ao canil, visitas do canil \u00e0s escolas)&#8221;, s\u00e3o outras das medidas apontadas.<\/p>\n<p>Segundo a CIM do Alto Minho, os custos de funcionamento do canil, permanecem &#8220;id\u00eanticos&#8221; aos registados antes da entrada em vigor da lei que impede o abate de animais, rondando &#8220;os 80 mil euros anuais&#8221;.<\/p>\n<p>Contactada pela ag\u00eancia Lusa, a associa\u00e7\u00e3o Villa Animal, fundada h\u00e1 nove anos em Viana do Castelo, referiu &#8220;n\u00e3o existirem c\u00e3es abandonados na cidade de Viana do Castelo gra\u00e7as \u00e0 a\u00e7\u00e3o direta e imediata da associa\u00e7\u00e3o&#8221;.<\/p>\n<p>&#8220;\u00c9 a associa\u00e7\u00e3o e os seus volunt\u00e1rios que recolhem e acolhem os animais, promovendo ainda a sua ado\u00e7\u00e3o. Mal somos informados da exist\u00eancia de um animal a vaguear pela rua, atuamos. Em muitos casos, s\u00e3o as pr\u00f3prias autarquias e os for\u00e7as de socorro e de seguran\u00e7a a acionar os nossos meios&#8221;, refor\u00e7ou.<\/p>\n<p>Maria Jos\u00e9 Barreiros contestou a lei que impede o abate nos canis por ter &#8220;entupido&#8221; aquelas estruturas de animais &#8220;velhos e doentes, deixando ao abandono outros, mais novos, que depois de tratados teriam outra oportunidade com a ado\u00e7\u00e3o&#8221;.<\/p>\n<p>Defendeu a cria\u00e7\u00e3o de alternativas, &#8220;como a constru\u00e7\u00e3o de mais canis, ou, em \u00faltimo recurso o abate seletivo de animais velhos e doentes, sem possibilidade de cura, como forma de aliviar o acolhimento nos canis&#8221;.<\/p>\n<p>Maria Jos\u00e9 Barreiros apontou ainda um &#8220;aumento significativo de animais abandonados nas aldeias mais afastadas da sede do concelho, do n\u00famero de animais atropelados nas estradas e autoestradas que servem o distrito&#8221;, mas admitiu n\u00e3o poder quantificar.<\/p>\n\n\n<p><\/p>\n","protected":false},"excerpt":{"rendered":"<p>O canil intermunicipal do Alto Minho registou, no \u00faltimo ano, uma &#8220;diminui\u00e7\u00e3o consider\u00e1vel&#8221; na capacidade de alojamento de animais errantes, estimando-se em cerca de 300 os animais em lista de espera, informou hoje a entidade que o gere. Mais de um ano ap\u00f3s a entrada em vigor da lei que impede o abate de animais, [&hellip;]<\/p>\n","protected":false},"author":13,"featured_media":36566,"comment_status":"closed","ping_status":"closed","sticky":false,"template":"","format":"standard","meta":{"_exactmetrics_skip_tracking":false,"_exactmetrics_sitenote_active":false,"_exactmetrics_sitenote_note":"","_exactmetrics_sitenote_category":0,"footnotes":""},"categories":[73],"tags":[27],"class_list":["post-36565","post","type-post","status-publish","format-standard","has-post-thumbnail","hentry","category-alto-minho","tag-sociedade"],"yoast_head":"<!-- This site is optimized with the Yoast SEO Premium plugin v27.5 (Yoast SEO v27.5) - https:\/\/yoast.com\/product\/yoast-seo-premium-wordpress\/ -->\n<title>Canil do Alto Minho com cerca de 300 animais em lista de espera para acolhimento<\/title>\n<meta name=\"robots\" content=\"index, follow, max-snippet:-1, max-image-preview:large, max-video-preview:-1\" \/>\n<link rel=\"canonical\" href=\"https:\/\/www.altominho.tv\/site\/2019\/11\/11\/canil-do-alto-minho-com-cerca-de-300-animais-em-lista-de-espera-para-acolhimento\/\" \/>\n<meta property=\"og:locale\" content=\"pt_PT\" \/>\n<meta property=\"og:type\" content=\"article\" \/>\n<meta property=\"og:title\" content=\"Canil do Alto Minho com cerca de 300 animais em lista de espera para acolhimento\" \/>\n<meta property=\"og:description\" content=\"O canil intermunicipal do Alto Minho registou, no \u00faltimo ano, uma &#8220;diminui\u00e7\u00e3o consider\u00e1vel&#8221; na capacidade de alojamento de animais errantes, estimando-se em cerca de 300 os animais em lista de espera, informou hoje a entidade que o gere. Mais de um ano ap\u00f3s a entrada em vigor da lei que impede o abate de animais, [&hellip;]\" \/>\n<meta property=\"og:url\" content=\"https:\/\/www.altominho.tv\/site\/2019\/11\/11\/canil-do-alto-minho-com-cerca-de-300-animais-em-lista-de-espera-para-acolhimento\/\" \/>\n<meta property=\"og:site_name\" content=\"Altominho.tv\" \/>\n<meta property=\"article:publisher\" content=\"https:\/\/www.facebook.com\/altominhotv\" \/>\n<meta property=\"article:published_time\" content=\"2019-11-11T14:27:30+00:00\" \/>\n<meta property=\"article:modified_time\" content=\"2019-11-11T14:29:53+00:00\" \/>\n<meta property=\"og:image\" content=\"https:\/\/www.altominho.tv\/site\/wp-content\/uploads\/2019\/11\/beagle-938013_1920.jpg\" \/>\n\t<meta property=\"og:image:width\" content=\"1920\" \/>\n\t<meta property=\"og:image:height\" content=\"1440\" \/>\n\t<meta property=\"og:image:type\" content=\"image\/jpeg\" \/>\n<meta name=\"author\" content=\"Lusa\" \/>\n<meta name=\"twitter:card\" content=\"summary_large_image\" \/>\n<meta name=\"twitter:creator\" content=\"@altominhoTV\" \/>\n<meta name=\"twitter:site\" content=\"@altominhoTV\" \/>\n<meta name=\"twitter:label1\" content=\"Escrito por\" \/>\n\t<meta name=\"twitter:data1\" content=\"Lusa\" \/>\n\t<meta name=\"twitter:label2\" content=\"Tempo estimado de leitura\" \/>\n\t<meta name=\"twitter:data2\" content=\"3 minutos\" \/>\n<script type=\"application\/ld+json\" class=\"yoast-schema-graph\">{\"@context\":\"https:\\\/\\\/schema.org\",\"@graph\":[{\"@type\":\"Article\",\"@id\":\"https:\\\/\\\/www.altominho.tv\\\/site\\\/2019\\\/11\\\/11\\\/canil-do-alto-minho-com-cerca-de-300-animais-em-lista-de-espera-para-acolhimento\\\/#article\",\"isPartOf\":{\"@id\":\"https:\\\/\\\/www.altominho.tv\\\/site\\\/2019\\\/11\\\/11\\\/canil-do-alto-minho-com-cerca-de-300-animais-em-lista-de-espera-para-acolhimento\\\/\"},\"author\":{\"name\":\"Lusa\",\"@id\":\"https:\\\/\\\/www.altominho.tv\\\/site\\\/#\\\/schema\\\/person\\\/63f693da3e1899361cbe955c46f3232e\"},\"headline\":\"Canil do Alto Minho com cerca de 300 animais em lista de espera para acolhimento\",\"datePublished\":\"2019-11-11T14:27:30+00:00\",\"dateModified\":\"2019-11-11T14:29:53+00:00\",\"mainEntityOfPage\":{\"@id\":\"https:\\\/\\\/www.altominho.tv\\\/site\\\/2019\\\/11\\\/11\\\/canil-do-alto-minho-com-cerca-de-300-animais-em-lista-de-espera-para-acolhimento\\\/\"},\"wordCount\":680,\"image\":{\"@id\":\"https:\\\/\\\/www.altominho.tv\\\/site\\\/2019\\\/11\\\/11\\\/canil-do-alto-minho-com-cerca-de-300-animais-em-lista-de-espera-para-acolhimento\\\/#primaryimage\"},\"thumbnailUrl\":\"https:\\\/\\\/www.altominho.tv\\\/site\\\/wp-content\\\/uploads\\\/2019\\\/11\\\/beagle-938013_1920.jpg\",\"keywords\":[\"Sociedade\"],\"articleSection\":[\"Alto Minho\"],\"inLanguage\":\"pt-PT\",\"copyrightYear\":\"2019\",\"copyrightHolder\":{\"@id\":\"https:\\\/\\\/www.altominho.tv\\\/site\\\/#organization\"}},{\"@type\":\"WebPage\",\"@id\":\"https:\\\/\\\/www.altominho.tv\\\/site\\\/2019\\\/11\\\/11\\\/canil-do-alto-minho-com-cerca-de-300-animais-em-lista-de-espera-para-acolhimento\\\/\",\"url\":\"https:\\\/\\\/www.altominho.tv\\\/site\\\/2019\\\/11\\\/11\\\/canil-do-alto-minho-com-cerca-de-300-animais-em-lista-de-espera-para-acolhimento\\\/\",\"name\":\"Canil do Alto Minho com cerca de 300 animais em lista de espera para acolhimento\",\"isPartOf\":{\"@id\":\"https:\\\/\\\/www.altominho.tv\\\/site\\\/#website\"},\"primaryImageOfPage\":{\"@id\":\"https:\\\/\\\/www.altominho.tv\\\/site\\\/2019\\\/11\\\/11\\\/canil-do-alto-minho-com-cerca-de-300-animais-em-lista-de-espera-para-acolhimento\\\/#primaryimage\"},\"image\":{\"@id\":\"https:\\\/\\\/www.altominho.tv\\\/site\\\/2019\\\/11\\\/11\\\/canil-do-alto-minho-com-cerca-de-300-animais-em-lista-de-espera-para-acolhimento\\\/#primaryimage\"},\"thumbnailUrl\":\"https:\\\/\\\/www.altominho.tv\\\/site\\\/wp-content\\\/uploads\\\/2019\\\/11\\\/beagle-938013_1920.jpg\",\"datePublished\":\"2019-11-11T14:27:30+00:00\",\"dateModified\":\"2019-11-11T14:29:53+00:00\",\"author\":{\"@id\":\"https:\\\/\\\/www.altominho.tv\\\/site\\\/#\\\/schema\\\/person\\\/63f693da3e1899361cbe955c46f3232e\"},\"breadcrumb\":{\"@id\":\"https:\\\/\\\/www.altominho.tv\\\/site\\\/2019\\\/11\\\/11\\\/canil-do-alto-minho-com-cerca-de-300-animais-em-lista-de-espera-para-acolhimento\\\/#breadcrumb\"},\"inLanguage\":\"pt-PT\",\"potentialAction\":[{\"@type\":\"ReadAction\",\"target\":[\"https:\\\/\\\/www.altominho.tv\\\/site\\\/2019\\\/11\\\/11\\\/canil-do-alto-minho-com-cerca-de-300-animais-em-lista-de-espera-para-acolhimento\\\/\"]}]},{\"@type\":\"ImageObject\",\"inLanguage\":\"pt-PT\",\"@id\":\"https:\\\/\\\/www.altominho.tv\\\/site\\\/2019\\\/11\\\/11\\\/canil-do-alto-minho-com-cerca-de-300-animais-em-lista-de-espera-para-acolhimento\\\/#primaryimage\",\"url\":\"https:\\\/\\\/www.altominho.tv\\\/site\\\/wp-content\\\/uploads\\\/2019\\\/11\\\/beagle-938013_1920.jpg\",\"contentUrl\":\"https:\\\/\\\/www.altominho.tv\\\/site\\\/wp-content\\\/uploads\\\/2019\\\/11\\\/beagle-938013_1920.jpg\",\"width\":1920,\"height\":1440,\"caption\":\"PIXABAY\"},{\"@type\":\"BreadcrumbList\",\"@id\":\"https:\\\/\\\/www.altominho.tv\\\/site\\\/2019\\\/11\\\/11\\\/canil-do-alto-minho-com-cerca-de-300-animais-em-lista-de-espera-para-acolhimento\\\/#breadcrumb\",\"itemListElement\":[{\"@type\":\"ListItem\",\"position\":1,\"name\":\"In\u00edcio\",\"item\":\"https:\\\/\\\/www.altominho.tv\\\/site\\\/\"},{\"@type\":\"ListItem\",\"position\":2,\"name\":\"Canil do Alto Minho com cerca de 300 animais em lista de espera para acolhimento\"}]},{\"@type\":\"WebSite\",\"@id\":\"https:\\\/\\\/www.altominho.tv\\\/site\\\/#website\",\"url\":\"https:\\\/\\\/www.altominho.tv\\\/site\\\/\",\"name\":\"Altominho.tv\",\"description\":\"A sua regi\u00e3o \u00e0 dist\u00e2ncia de um clique...\",\"potentialAction\":[{\"@type\":\"SearchAction\",\"target\":{\"@type\":\"EntryPoint\",\"urlTemplate\":\"https:\\\/\\\/www.altominho.tv\\\/site\\\/?s={search_term_string}\"},\"query-input\":{\"@type\":\"PropertyValueSpecification\",\"valueRequired\":true,\"valueName\":\"search_term_string\"}}],\"inLanguage\":\"pt-PT\"},{\"@type\":\"Person\",\"@id\":\"https:\\\/\\\/www.altominho.tv\\\/site\\\/#\\\/schema\\\/person\\\/63f693da3e1899361cbe955c46f3232e\",\"name\":\"Lusa\",\"image\":{\"@type\":\"ImageObject\",\"inLanguage\":\"pt-PT\",\"@id\":\"https:\\\/\\\/www.altominho.tv\\\/site\\\/wp-content\\\/uploads\\\/2019\\\/08\\\/LUSA_Logo.gif\",\"url\":\"https:\\\/\\\/www.altominho.tv\\\/site\\\/wp-content\\\/uploads\\\/2019\\\/08\\\/LUSA_Logo.gif\",\"contentUrl\":\"https:\\\/\\\/www.altominho.tv\\\/site\\\/wp-content\\\/uploads\\\/2019\\\/08\\\/LUSA_Logo.gif\",\"caption\":\"Lusa\"},\"sameAs\":[\"http:\\\/\\\/\\\/\\\/www.altominho.tv\\\/site\"],\"url\":\"https:\\\/\\\/www.altominho.tv\\\/site\\\/author\\\/lusa\\\/\"}]}<\/script>\n<!-- \/ Yoast SEO Premium plugin. -->","yoast_head_json":{"title":"Canil do Alto Minho com cerca de 300 animais em lista de espera para acolhimento","robots":{"index":"index","follow":"follow","max-snippet":"max-snippet:-1","max-image-preview":"max-image-preview:large","max-video-preview":"max-video-preview:-1"},"canonical":"https:\/\/www.altominho.tv\/site\/2019\/11\/11\/canil-do-alto-minho-com-cerca-de-300-animais-em-lista-de-espera-para-acolhimento\/","og_locale":"pt_PT","og_type":"article","og_title":"Canil do Alto Minho com cerca de 300 animais em lista de espera para acolhimento","og_description":"O canil intermunicipal do Alto Minho registou, no \u00faltimo ano, uma &#8220;diminui\u00e7\u00e3o consider\u00e1vel&#8221; na capacidade de alojamento de animais errantes, estimando-se em cerca de 300 os animais em lista de espera, informou hoje a entidade que o gere. Mais de um ano ap\u00f3s a entrada em vigor da lei que impede o abate de animais, [&hellip;]","og_url":"https:\/\/www.altominho.tv\/site\/2019\/11\/11\/canil-do-alto-minho-com-cerca-de-300-animais-em-lista-de-espera-para-acolhimento\/","og_site_name":"Altominho.tv","article_publisher":"https:\/\/www.facebook.com\/altominhotv","article_published_time":"2019-11-11T14:27:30+00:00","article_modified_time":"2019-11-11T14:29:53+00:00","og_image":[{"width":1920,"height":1440,"url":"https:\/\/www.altominho.tv\/site\/wp-content\/uploads\/2019\/11\/beagle-938013_1920.jpg","type":"image\/jpeg"}],"author":"Lusa","twitter_card":"summary_large_image","twitter_creator":"@altominhoTV","twitter_site":"@altominhoTV","twitter_misc":{"Escrito por":"Lusa","Tempo estimado de leitura":"3 minutos"},"schema":{"@context":"https:\/\/schema.org","@graph":[{"@type":"Article","@id":"https:\/\/www.altominho.tv\/site\/2019\/11\/11\/canil-do-alto-minho-com-cerca-de-300-animais-em-lista-de-espera-para-acolhimento\/#article","isPartOf":{"@id":"https:\/\/www.altominho.tv\/site\/2019\/11\/11\/canil-do-alto-minho-com-cerca-de-300-animais-em-lista-de-espera-para-acolhimento\/"},"author":{"name":"Lusa","@id":"https:\/\/www.altominho.tv\/site\/#\/schema\/person\/63f693da3e1899361cbe955c46f3232e"},"headline":"Canil do Alto Minho com cerca de 300 animais em lista de espera para acolhimento","datePublished":"2019-11-11T14:27:30+00:00","dateModified":"2019-11-11T14:29:53+00:00","mainEntityOfPage":{"@id":"https:\/\/www.altominho.tv\/site\/2019\/11\/11\/canil-do-alto-minho-com-cerca-de-300-animais-em-lista-de-espera-para-acolhimento\/"},"wordCount":680,"image":{"@id":"https:\/\/www.altominho.tv\/site\/2019\/11\/11\/canil-do-alto-minho-com-cerca-de-300-animais-em-lista-de-espera-para-acolhimento\/#primaryimage"},"thumbnailUrl":"https:\/\/www.altominho.tv\/site\/wp-content\/uploads\/2019\/11\/beagle-938013_1920.jpg","keywords":["Sociedade"],"articleSection":["Alto Minho"],"inLanguage":"pt-PT","copyrightYear":"2019","copyrightHolder":{"@id":"https:\/\/www.altominho.tv\/site\/#organization"}},{"@type":"WebPage","@id":"https:\/\/www.altominho.tv\/site\/2019\/11\/11\/canil-do-alto-minho-com-cerca-de-300-animais-em-lista-de-espera-para-acolhimento\/","url":"https:\/\/www.altominho.tv\/site\/2019\/11\/11\/canil-do-alto-minho-com-cerca-de-300-animais-em-lista-de-espera-para-acolhimento\/","name":"Canil do Alto Minho com cerca de 300 animais em lista de espera para acolhimento","isPartOf":{"@id":"https:\/\/www.altominho.tv\/site\/#website"},"primaryImageOfPage":{"@id":"https:\/\/www.altominho.tv\/site\/2019\/11\/11\/canil-do-alto-minho-com-cerca-de-300-animais-em-lista-de-espera-para-acolhimento\/#primaryimage"},"image":{"@id":"https:\/\/www.altominho.tv\/site\/2019\/11\/11\/canil-do-alto-minho-com-cerca-de-300-animais-em-lista-de-espera-para-acolhimento\/#primaryimage"},"thumbnailUrl":"https:\/\/www.altominho.tv\/site\/wp-content\/uploads\/2019\/11\/beagle-938013_1920.jpg","datePublished":"2019-11-11T14:27:30+00:00","dateModified":"2019-11-11T14:29:53+00:00","author":{"@id":"https:\/\/www.altominho.tv\/site\/#\/schema\/person\/63f693da3e1899361cbe955c46f3232e"},"breadcrumb":{"@id":"https:\/\/www.altominho.tv\/site\/2019\/11\/11\/canil-do-alto-minho-com-cerca-de-300-animais-em-lista-de-espera-para-acolhimento\/#breadcrumb"},"inLanguage":"pt-PT","potentialAction":[{"@type":"ReadAction","target":["https:\/\/www.altominho.tv\/site\/2019\/11\/11\/canil-do-alto-minho-com-cerca-de-300-animais-em-lista-de-espera-para-acolhimento\/"]}]},{"@type":"ImageObject","inLanguage":"pt-PT","@id":"https:\/\/www.altominho.tv\/site\/2019\/11\/11\/canil-do-alto-minho-com-cerca-de-300-animais-em-lista-de-espera-para-acolhimento\/#primaryimage","url":"https:\/\/www.altominho.tv\/site\/wp-content\/uploads\/2019\/11\/beagle-938013_1920.jpg","contentUrl":"https:\/\/www.altominho.tv\/site\/wp-content\/uploads\/2019\/11\/beagle-938013_1920.jpg","width":1920,"height":1440,"caption":"PIXABAY"},{"@type":"BreadcrumbList","@id":"https:\/\/www.altominho.tv\/site\/2019\/11\/11\/canil-do-alto-minho-com-cerca-de-300-animais-em-lista-de-espera-para-acolhimento\/#breadcrumb","itemListElement":[{"@type":"ListItem","position":1,"name":"In\u00edcio","item":"https:\/\/www.altominho.tv\/site\/"},{"@type":"ListItem","position":2,"name":"Canil do Alto Minho com cerca de 300 animais em lista de espera para acolhimento"}]},{"@type":"WebSite","@id":"https:\/\/www.altominho.tv\/site\/#website","url":"https:\/\/www.altominho.tv\/site\/","name":"Altominho.tv","description":"A sua regi\u00e3o \u00e0 dist\u00e2ncia de um clique...","potentialAction":[{"@type":"SearchAction","target":{"@type":"EntryPoint","urlTemplate":"https:\/\/www.altominho.tv\/site\/?s={search_term_string}"},"query-input":{"@type":"PropertyValueSpecification","valueRequired":true,"valueName":"search_term_string"}}],"inLanguage":"pt-PT"},{"@type":"Person","@id":"https:\/\/www.altominho.tv\/site\/#\/schema\/person\/63f693da3e1899361cbe955c46f3232e","name":"Lusa","image":{"@type":"ImageObject","inLanguage":"pt-PT","@id":"https:\/\/www.altominho.tv\/site\/wp-content\/uploads\/2019\/08\/LUSA_Logo.gif","url":"https:\/\/www.altominho.tv\/site\/wp-content\/uploads\/2019\/08\/LUSA_Logo.gif","contentUrl":"https:\/\/www.altominho.tv\/site\/wp-content\/uploads\/2019\/08\/LUSA_Logo.gif","caption":"Lusa"},"sameAs":["http:\/\/\/\/www.altominho.tv\/site"],"url":"https:\/\/www.altominho.tv\/site\/author\/lusa\/"}]}},"_links":{"self":[{"href":"https:\/\/www.altominho.tv\/site\/wp-json\/wp\/v2\/posts\/36565","targetHints":{"allow":["GET"]}}],"collection":[{"href":"https:\/\/www.altominho.tv\/site\/wp-json\/wp\/v2\/posts"}],"about":[{"href":"https:\/\/www.altominho.tv\/site\/wp-json\/wp\/v2\/types\/post"}],"author":[{"embeddable":true,"href":"https:\/\/www.altominho.tv\/site\/wp-json\/wp\/v2\/users\/13"}],"replies":[{"embeddable":true,"href":"https:\/\/www.altominho.tv\/site\/wp-json\/wp\/v2\/comments?post=36565"}],"version-history":[{"count":0,"href":"https:\/\/www.altominho.tv\/site\/wp-json\/wp\/v2\/posts\/36565\/revisions"}],"wp:featuredmedia":[{"embeddable":true,"href":"https:\/\/www.altominho.tv\/site\/wp-json\/wp\/v2\/media\/36566"}],"wp:attachment":[{"href":"https:\/\/www.altominho.tv\/site\/wp-json\/wp\/v2\/media?parent=36565"}],"wp:term":[{"taxonomy":"category","embeddable":true,"href":"https:\/\/www.altominho.tv\/site\/wp-json\/wp\/v2\/categories?post=36565"},{"taxonomy":"post_tag","embeddable":true,"href":"https:\/\/www.altominho.tv\/site\/wp-json\/wp\/v2\/tags?post=36565"}],"curies":[{"name":"wp","href":"https:\/\/api.w.org\/{rel}","templated":true}]}}