{"id":36547,"date":"2019-11-11T09:19:14","date_gmt":"2019-11-11T09:19:14","guid":{"rendered":"http:\/\/www.altominho.tv\/site\/?p=36547"},"modified":"2019-11-11T12:53:36","modified_gmt":"2019-11-11T12:53:36","slug":"plano-transfronteirico-de-mobilidade-sustentavel-do-rio-minho-apresentado-em-2020","status":"publish","type":"post","link":"https:\/\/www.altominho.tv\/site\/2019\/11\/11\/plano-transfronteirico-de-mobilidade-sustentavel-do-rio-minho-apresentado-em-2020\/","title":{"rendered":"Plano transfronteiri\u00e7o de mobilidade sustent\u00e1vel do rio Minho apresentado em 2020"},"content":{"rendered":"<p>Em comunicado hoje enviado, o Agrupamento Europeu de Coopera\u00e7\u00e3o Territorial (AECT) do Rio Minho, com sede em Valen\u00e7a, adiantou que &#8220;o documento se encontra em fase de reda\u00e7\u00e3o e que englobar\u00e1 as sugest\u00f5es que as equipas t\u00e9cnicas dos v\u00e1rios concelhos ter\u00e3o de apresentar at\u00e9 30 de novembro&#8221;.<\/p>\n<p>O AECT Rio Minho abrange um total de 26 concelhos. Os dez munic\u00edpios do distrito de Viana do Castelo que comp\u00f5e a Comunidade Intermunicipal (CIM) do Alto Minho e 16 concelhos galegos da prov\u00edncia de Pontevedra.<\/p>\n<p>&#8220;O plano prop\u00f5e um total de 22 medidas, em torno de sete linhas de atua\u00e7\u00e3o, centradas na melhoria das desloca\u00e7\u00f5es para n\u00e3o motorizados, no transporte p\u00fablico, na mobilidade de pessoas com mobilidade reduzida, no transporte para grandes \u00e1reas e centros recetores de viagens, na seguran\u00e7a vi\u00e1ria, e ainda medidas de prote\u00e7\u00e3o ambiental&#8221;, adianta a nota do AECT do Rio Minho.<\/p>\n<p>Segundo aquele organismo &#8220;a fronteira ib\u00e9rica mais transitada e a que tem o maior fluxo de ve\u00edculos (47%) entre Espanha e Portugal abrange mais de 3.300 quil\u00f3metros quadrados de territ\u00f3rio&#8221;.<\/p>\n<p>O plano agora em elabora\u00e7\u00e3o &#8220;tem como objetivo implementar formas de desloca\u00e7\u00e3o mais sustent\u00e1veis e que, em simult\u00e2neo, garantam a conetividade do territ\u00f3rio com os principais pontos de atra\u00e7\u00e3o&#8221;.<\/p>\n<p>A elabora\u00e7\u00e3o do plano integra o projeto Smart Minho candidatado ao Programa Operacional de Coopera\u00e7\u00e3o Transfronteiri\u00e7a Espanha\/Portugal 2014-2020 (INTERREG V-A), cofinanciado a 75% e com um or\u00e7amento total superior a 942 mil euros.<\/p>\n","protected":false},"excerpt":{"rendered":"<p>O Plano de Mobilidade Sustent\u00e1vel do Rio Minho Transfronteiri\u00e7o (PMST) vai ser apresentado, publicamente, no in\u00edcio de 2020 para servir 26 munic\u00edpios galegos e portugueses e cerca de 376.000 pessoas, informou hoje o AECT Rio Minho.<\/p>\n","protected":false},"author":1,"featured_media":36332,"comment_status":"closed","ping_status":"closed","sticky":false,"template":"","format":"standard","meta":{"_exactmetrics_skip_tracking":false,"footnotes":""},"categories":[73],"tags":[27],"class_list":["post-36547","post","type-post","status-publish","format-standard","has-post-thumbnail","hentry","category-alto-minho","tag-sociedade"],"yoast_head":"<!-- This site is optimized with the Yoast SEO Premium plugin v28.3 (Yoast SEO v28.3) - https:\/\/yoast.com\/product\/yoast-seo-premium-wordpress\/ -->\n<title>Plano transfronteiri\u00e7o de mobilidade sustent\u00e1vel do rio Minho apresentado em 2020<\/title>\n<meta name=\"description\" content=\"O Plano de Mobilidade Sustent\u00e1vel do Rio Minho Transfronteiri\u00e7o vai ser apresentado pelo AECT e servir\u00e1 26 munic\u00edpios galegos e portugueses.\" \/>\n<meta name=\"robots\" content=\"index, follow, max-snippet:-1, max-image-preview:large, max-video-preview:-1\" \/>\n<link rel=\"canonical\" href=\"https:\/\/www.altominho.tv\/site\/2019\/11\/11\/plano-transfronteirico-de-mobilidade-sustentavel-do-rio-minho-apresentado-em-2020\/\" \/>\n<meta property=\"og:locale\" content=\"pt_PT\" \/>\n<meta property=\"og:type\" content=\"article\" \/>\n<meta property=\"og:title\" content=\"Plano transfronteiri\u00e7o de mobilidade sustent\u00e1vel do rio Minho apresentado em 2020\" \/>\n<meta property=\"og:description\" content=\"O Plano de Mobilidade Sustent\u00e1vel do Rio Minho Transfronteiri\u00e7o vai ser apresentado pelo AECT e servir\u00e1 26 munic\u00edpios galegos e portugueses.\" \/>\n<meta property=\"og:url\" content=\"https:\/\/www.altominho.tv\/site\/2019\/11\/11\/plano-transfronteirico-de-mobilidade-sustentavel-do-rio-minho-apresentado-em-2020\/\" \/>\n<meta property=\"og:site_name\" content=\"Altominho.tv\" \/>\n<meta property=\"article:publisher\" content=\"https:\/\/www.facebook.com\/altominhotv\" \/>\n<meta property=\"article:published_time\" content=\"2019-11-11T09:19:14+00:00\" \/>\n<meta property=\"article:modified_time\" content=\"2019-11-11T12:53:36+00:00\" \/>\n<meta property=\"og:image\" content=\"https:\/\/www.altominho.tv\/site\/wp-content\/uploads\/2019\/11\/cerveira.jpg\" \/>\n\t<meta property=\"og:image:width\" content=\"1000\" \/>\n\t<meta property=\"og:image:height\" content=\"500\" \/>\n\t<meta property=\"og:image:type\" content=\"image\/jpeg\" \/>\n<meta name=\"author\" content=\"Altominho.tv\" \/>\n<meta name=\"twitter:card\" content=\"summary_large_image\" \/>\n<meta name=\"twitter:creator\" content=\"@altominhoTV\" \/>\n<meta name=\"twitter:site\" content=\"@altominhoTV\" \/>\n<meta name=\"twitter:label1\" content=\"Escrito por\" \/>\n\t<meta name=\"twitter:data1\" content=\"Altominho.tv\" \/>\n\t<meta name=\"twitter:label2\" content=\"Tempo estimado de leitura\" \/>\n\t<meta name=\"twitter:data2\" content=\"1 minuto\" \/>\n<script type=\"application\/ld+json\" class=\"yoast-schema-graph\">{\"@context\":\"https:\\\/\\\/schema.org\",\"@graph\":[{\"@type\":\"Article\",\"@id\":\"https:\\\/\\\/www.altominho.tv\\\/site\\\/2019\\\/11\\\/11\\\/plano-transfronteirico-de-mobilidade-sustentavel-do-rio-minho-apresentado-em-2020\\\/#article\",\"isPartOf\":{\"@id\":\"https:\\\/\\\/www.altominho.tv\\\/site\\\/2019\\\/11\\\/11\\\/plano-transfronteirico-de-mobilidade-sustentavel-do-rio-minho-apresentado-em-2020\\\/\"},\"author\":{\"name\":\"Altominho.tv\",\"@id\":\"https:\\\/\\\/www.altominho.tv\\\/site\\\/#\\\/schema\\\/person\\\/4e536851627d7914baf3dac752b6af22\"},\"headline\":\"Plano transfronteiri\u00e7o de mobilidade sustent\u00e1vel do rio Minho apresentado em 2020\",\"datePublished\":\"2019-11-11T09:19:14+00:00\",\"dateModified\":\"2019-11-11T12:53:36+00:00\",\"mainEntityOfPage\":{\"@id\":\"https:\\\/\\\/www.altominho.tv\\\/site\\\/2019\\\/11\\\/11\\\/plano-transfronteirico-de-mobilidade-sustentavel-do-rio-minho-apresentado-em-2020\\\/\"},\"wordCount\":272,\"image\":{\"@id\":\"https:\\\/\\\/www.altominho.tv\\\/site\\\/2019\\\/11\\\/11\\\/plano-transfronteirico-de-mobilidade-sustentavel-do-rio-minho-apresentado-em-2020\\\/#primaryimage\"},\"thumbnailUrl\":\"https:\\\/\\\/www.altominho.tv\\\/site\\\/wp-content\\\/uploads\\\/2019\\\/11\\\/cerveira.jpg\",\"keywords\":[\"Sociedade\"],\"articleSection\":[\"Alto Minho\"],\"inLanguage\":\"pt-PT\",\"copyrightYear\":\"2019\",\"copyrightHolder\":{\"@id\":\"https:\\\/\\\/www.altominho.tv\\\/site\\\/#organization\"}},{\"@type\":\"WebPage\",\"@id\":\"https:\\\/\\\/www.altominho.tv\\\/site\\\/2019\\\/11\\\/11\\\/plano-transfronteirico-de-mobilidade-sustentavel-do-rio-minho-apresentado-em-2020\\\/\",\"url\":\"https:\\\/\\\/www.altominho.tv\\\/site\\\/2019\\\/11\\\/11\\\/plano-transfronteirico-de-mobilidade-sustentavel-do-rio-minho-apresentado-em-2020\\\/\",\"name\":\"Plano transfronteiri\u00e7o de mobilidade sustent\u00e1vel do rio Minho apresentado em 2020\",\"isPartOf\":{\"@id\":\"https:\\\/\\\/www.altominho.tv\\\/site\\\/#website\"},\"primaryImageOfPage\":{\"@id\":\"https:\\\/\\\/www.altominho.tv\\\/site\\\/2019\\\/11\\\/11\\\/plano-transfronteirico-de-mobilidade-sustentavel-do-rio-minho-apresentado-em-2020\\\/#primaryimage\"},\"image\":{\"@id\":\"https:\\\/\\\/www.altominho.tv\\\/site\\\/2019\\\/11\\\/11\\\/plano-transfronteirico-de-mobilidade-sustentavel-do-rio-minho-apresentado-em-2020\\\/#primaryimage\"},\"thumbnailUrl\":\"https:\\\/\\\/www.altominho.tv\\\/site\\\/wp-content\\\/uploads\\\/2019\\\/11\\\/cerveira.jpg\",\"datePublished\":\"2019-11-11T09:19:14+00:00\",\"dateModified\":\"2019-11-11T12:53:36+00:00\",\"author\":{\"@id\":\"https:\\\/\\\/www.altominho.tv\\\/site\\\/#\\\/schema\\\/person\\\/4e536851627d7914baf3dac752b6af22\"},\"description\":\"O Plano de Mobilidade Sustent\u00e1vel do Rio Minho Transfronteiri\u00e7o vai ser apresentado pelo AECT e servir\u00e1 26 munic\u00edpios galegos e portugueses.\",\"breadcrumb\":{\"@id\":\"https:\\\/\\\/www.altominho.tv\\\/site\\\/2019\\\/11\\\/11\\\/plano-transfronteirico-de-mobilidade-sustentavel-do-rio-minho-apresentado-em-2020\\\/#breadcrumb\"},\"inLanguage\":\"pt-PT\",\"potentialAction\":[{\"@type\":\"ReadAction\",\"target\":[\"https:\\\/\\\/www.altominho.tv\\\/site\\\/2019\\\/11\\\/11\\\/plano-transfronteirico-de-mobilidade-sustentavel-do-rio-minho-apresentado-em-2020\\\/\"]}]},{\"@type\":\"ImageObject\",\"inLanguage\":\"pt-PT\",\"@id\":\"https:\\\/\\\/www.altominho.tv\\\/site\\\/2019\\\/11\\\/11\\\/plano-transfronteirico-de-mobilidade-sustentavel-do-rio-minho-apresentado-em-2020\\\/#primaryimage\",\"url\":\"https:\\\/\\\/www.altominho.tv\\\/site\\\/wp-content\\\/uploads\\\/2019\\\/11\\\/cerveira.jpg\",\"contentUrl\":\"https:\\\/\\\/www.altominho.tv\\\/site\\\/wp-content\\\/uploads\\\/2019\\\/11\\\/cerveira.jpg\",\"width\":1000,\"height\":500},{\"@type\":\"BreadcrumbList\",\"@id\":\"https:\\\/\\\/www.altominho.tv\\\/site\\\/2019\\\/11\\\/11\\\/plano-transfronteirico-de-mobilidade-sustentavel-do-rio-minho-apresentado-em-2020\\\/#breadcrumb\",\"itemListElement\":[{\"@type\":\"ListItem\",\"position\":1,\"name\":\"In\u00edcio\",\"item\":\"https:\\\/\\\/www.altominho.tv\\\/site\\\/\"},{\"@type\":\"ListItem\",\"position\":2,\"name\":\"Plano transfronteiri\u00e7o de mobilidade sustent\u00e1vel do rio Minho apresentado em 2020\"}]},{\"@type\":\"WebSite\",\"@id\":\"https:\\\/\\\/www.altominho.tv\\\/site\\\/#website\",\"url\":\"https:\\\/\\\/www.altominho.tv\\\/site\\\/\",\"name\":\"Altominho.tv\",\"description\":\"A sua regi\u00e3o \u00e0 dist\u00e2ncia de um clique...\",\"potentialAction\":[{\"@type\":\"SearchAction\",\"target\":{\"@type\":\"EntryPoint\",\"urlTemplate\":\"https:\\\/\\\/www.altominho.tv\\\/site\\\/?s={search_term_string}\"},\"query-input\":{\"@type\":\"PropertyValueSpecification\",\"valueRequired\":true,\"valueName\":\"search_term_string\"}}],\"inLanguage\":\"pt-PT\"},{\"@type\":\"Person\",\"@id\":\"https:\\\/\\\/www.altominho.tv\\\/site\\\/#\\\/schema\\\/person\\\/4e536851627d7914baf3dac752b6af22\",\"name\":\"Altominho.tv\",\"image\":{\"@type\":\"ImageObject\",\"inLanguage\":\"pt-PT\",\"@id\":\"https:\\\/\\\/www.altominho.tv\\\/site\\\/wp-content\\\/uploads\\\/2019\\\/11\\\/Logo_Avatar_2-150x150.jpg\",\"url\":\"https:\\\/\\\/www.altominho.tv\\\/site\\\/wp-content\\\/uploads\\\/2019\\\/11\\\/Logo_Avatar_2-150x150.jpg\",\"contentUrl\":\"https:\\\/\\\/www.altominho.tv\\\/site\\\/wp-content\\\/uploads\\\/2019\\\/11\\\/Logo_Avatar_2-150x150.jpg\",\"caption\":\"Altominho.tv\"},\"url\":\"https:\\\/\\\/www.altominho.tv\\\/site\\\/author\\\/altominhotv-tecnico\\\/\"}]}<\/script>\n<!-- \/ Yoast SEO Premium plugin. -->","yoast_head_json":{"title":"Plano transfronteiri\u00e7o de mobilidade sustent\u00e1vel do rio Minho apresentado em 2020","description":"O Plano de Mobilidade Sustent\u00e1vel do Rio Minho Transfronteiri\u00e7o vai ser apresentado pelo AECT e servir\u00e1 26 munic\u00edpios galegos e portugueses.","robots":{"index":"index","follow":"follow","max-snippet":"max-snippet:-1","max-image-preview":"max-image-preview:large","max-video-preview":"max-video-preview:-1"},"canonical":"https:\/\/www.altominho.tv\/site\/2019\/11\/11\/plano-transfronteirico-de-mobilidade-sustentavel-do-rio-minho-apresentado-em-2020\/","og_locale":"pt_PT","og_type":"article","og_title":"Plano transfronteiri\u00e7o de mobilidade sustent\u00e1vel do rio Minho apresentado em 2020","og_description":"O Plano de Mobilidade Sustent\u00e1vel do Rio Minho Transfronteiri\u00e7o vai ser apresentado pelo AECT e servir\u00e1 26 munic\u00edpios galegos e portugueses.","og_url":"https:\/\/www.altominho.tv\/site\/2019\/11\/11\/plano-transfronteirico-de-mobilidade-sustentavel-do-rio-minho-apresentado-em-2020\/","og_site_name":"Altominho.tv","article_publisher":"https:\/\/www.facebook.com\/altominhotv","article_published_time":"2019-11-11T09:19:14+00:00","article_modified_time":"2019-11-11T12:53:36+00:00","og_image":[{"width":1000,"height":500,"url":"https:\/\/www.altominho.tv\/site\/wp-content\/uploads\/2019\/11\/cerveira.jpg","type":"image\/jpeg"}],"author":"Altominho.tv","twitter_card":"summary_large_image","twitter_creator":"@altominhoTV","twitter_site":"@altominhoTV","twitter_misc":{"Escrito por":"Altominho.tv","Tempo estimado de leitura":"1 minuto"},"schema":{"@context":"https:\/\/schema.org","@graph":[{"@type":"Article","@id":"https:\/\/www.altominho.tv\/site\/2019\/11\/11\/plano-transfronteirico-de-mobilidade-sustentavel-do-rio-minho-apresentado-em-2020\/#article","isPartOf":{"@id":"https:\/\/www.altominho.tv\/site\/2019\/11\/11\/plano-transfronteirico-de-mobilidade-sustentavel-do-rio-minho-apresentado-em-2020\/"},"author":{"name":"Altominho.tv","@id":"https:\/\/www.altominho.tv\/site\/#\/schema\/person\/4e536851627d7914baf3dac752b6af22"},"headline":"Plano transfronteiri\u00e7o de mobilidade sustent\u00e1vel do rio Minho apresentado em 2020","datePublished":"2019-11-11T09:19:14+00:00","dateModified":"2019-11-11T12:53:36+00:00","mainEntityOfPage":{"@id":"https:\/\/www.altominho.tv\/site\/2019\/11\/11\/plano-transfronteirico-de-mobilidade-sustentavel-do-rio-minho-apresentado-em-2020\/"},"wordCount":272,"image":{"@id":"https:\/\/www.altominho.tv\/site\/2019\/11\/11\/plano-transfronteirico-de-mobilidade-sustentavel-do-rio-minho-apresentado-em-2020\/#primaryimage"},"thumbnailUrl":"https:\/\/www.altominho.tv\/site\/wp-content\/uploads\/2019\/11\/cerveira.jpg","keywords":["Sociedade"],"articleSection":["Alto Minho"],"inLanguage":"pt-PT","copyrightYear":"2019","copyrightHolder":{"@id":"https:\/\/www.altominho.tv\/site\/#organization"}},{"@type":"WebPage","@id":"https:\/\/www.altominho.tv\/site\/2019\/11\/11\/plano-transfronteirico-de-mobilidade-sustentavel-do-rio-minho-apresentado-em-2020\/","url":"https:\/\/www.altominho.tv\/site\/2019\/11\/11\/plano-transfronteirico-de-mobilidade-sustentavel-do-rio-minho-apresentado-em-2020\/","name":"Plano transfronteiri\u00e7o de mobilidade sustent\u00e1vel do rio Minho apresentado em 2020","isPartOf":{"@id":"https:\/\/www.altominho.tv\/site\/#website"},"primaryImageOfPage":{"@id":"https:\/\/www.altominho.tv\/site\/2019\/11\/11\/plano-transfronteirico-de-mobilidade-sustentavel-do-rio-minho-apresentado-em-2020\/#primaryimage"},"image":{"@id":"https:\/\/www.altominho.tv\/site\/2019\/11\/11\/plano-transfronteirico-de-mobilidade-sustentavel-do-rio-minho-apresentado-em-2020\/#primaryimage"},"thumbnailUrl":"https:\/\/www.altominho.tv\/site\/wp-content\/uploads\/2019\/11\/cerveira.jpg","datePublished":"2019-11-11T09:19:14+00:00","dateModified":"2019-11-11T12:53:36+00:00","author":{"@id":"https:\/\/www.altominho.tv\/site\/#\/schema\/person\/4e536851627d7914baf3dac752b6af22"},"description":"O Plano de Mobilidade Sustent\u00e1vel do Rio Minho Transfronteiri\u00e7o vai ser apresentado pelo AECT e servir\u00e1 26 munic\u00edpios galegos e portugueses.","breadcrumb":{"@id":"https:\/\/www.altominho.tv\/site\/2019\/11\/11\/plano-transfronteirico-de-mobilidade-sustentavel-do-rio-minho-apresentado-em-2020\/#breadcrumb"},"inLanguage":"pt-PT","potentialAction":[{"@type":"ReadAction","target":["https:\/\/www.altominho.tv\/site\/2019\/11\/11\/plano-transfronteirico-de-mobilidade-sustentavel-do-rio-minho-apresentado-em-2020\/"]}]},{"@type":"ImageObject","inLanguage":"pt-PT","@id":"https:\/\/www.altominho.tv\/site\/2019\/11\/11\/plano-transfronteirico-de-mobilidade-sustentavel-do-rio-minho-apresentado-em-2020\/#primaryimage","url":"https:\/\/www.altominho.tv\/site\/wp-content\/uploads\/2019\/11\/cerveira.jpg","contentUrl":"https:\/\/www.altominho.tv\/site\/wp-content\/uploads\/2019\/11\/cerveira.jpg","width":1000,"height":500},{"@type":"BreadcrumbList","@id":"https:\/\/www.altominho.tv\/site\/2019\/11\/11\/plano-transfronteirico-de-mobilidade-sustentavel-do-rio-minho-apresentado-em-2020\/#breadcrumb","itemListElement":[{"@type":"ListItem","position":1,"name":"In\u00edcio","item":"https:\/\/www.altominho.tv\/site\/"},{"@type":"ListItem","position":2,"name":"Plano transfronteiri\u00e7o de mobilidade sustent\u00e1vel do rio Minho apresentado em 2020"}]},{"@type":"WebSite","@id":"https:\/\/www.altominho.tv\/site\/#website","url":"https:\/\/www.altominho.tv\/site\/","name":"Altominho.tv","description":"A sua regi\u00e3o \u00e0 dist\u00e2ncia de um clique...","potentialAction":[{"@type":"SearchAction","target":{"@type":"EntryPoint","urlTemplate":"https:\/\/www.altominho.tv\/site\/?s={search_term_string}"},"query-input":{"@type":"PropertyValueSpecification","valueRequired":true,"valueName":"search_term_string"}}],"inLanguage":"pt-PT"},{"@type":"Person","@id":"https:\/\/www.altominho.tv\/site\/#\/schema\/person\/4e536851627d7914baf3dac752b6af22","name":"Altominho.tv","image":{"@type":"ImageObject","inLanguage":"pt-PT","@id":"https:\/\/www.altominho.tv\/site\/wp-content\/uploads\/2019\/11\/Logo_Avatar_2-150x150.jpg","url":"https:\/\/www.altominho.tv\/site\/wp-content\/uploads\/2019\/11\/Logo_Avatar_2-150x150.jpg","contentUrl":"https:\/\/www.altominho.tv\/site\/wp-content\/uploads\/2019\/11\/Logo_Avatar_2-150x150.jpg","caption":"Altominho.tv"},"url":"https:\/\/www.altominho.tv\/site\/author\/altominhotv-tecnico\/"}]}},"_links":{"self":[{"href":"https:\/\/www.altominho.tv\/site\/wp-json\/wp\/v2\/posts\/36547","targetHints":{"allow":["GET"]}}],"collection":[{"href":"https:\/\/www.altominho.tv\/site\/wp-json\/wp\/v2\/posts"}],"about":[{"href":"https:\/\/www.altominho.tv\/site\/wp-json\/wp\/v2\/types\/post"}],"author":[{"embeddable":true,"href":"https:\/\/www.altominho.tv\/site\/wp-json\/wp\/v2\/users\/1"}],"replies":[{"embeddable":true,"href":"https:\/\/www.altominho.tv\/site\/wp-json\/wp\/v2\/comments?post=36547"}],"version-history":[{"count":0,"href":"https:\/\/www.altominho.tv\/site\/wp-json\/wp\/v2\/posts\/36547\/revisions"}],"wp:featuredmedia":[{"embeddable":true,"href":"https:\/\/www.altominho.tv\/site\/wp-json\/wp\/v2\/media\/36332"}],"wp:attachment":[{"href":"https:\/\/www.altominho.tv\/site\/wp-json\/wp\/v2\/media?parent=36547"}],"wp:term":[{"taxonomy":"category","embeddable":true,"href":"https:\/\/www.altominho.tv\/site\/wp-json\/wp\/v2\/categories?post=36547"},{"taxonomy":"post_tag","embeddable":true,"href":"https:\/\/www.altominho.tv\/site\/wp-json\/wp\/v2\/tags?post=36547"}],"curies":[{"name":"wp","href":"https:\/\/api.w.org\/{rel}","templated":true}]}}