{"id":36523,"date":"2019-11-08T16:39:00","date_gmt":"2019-11-08T16:39:00","guid":{"rendered":"http:\/\/www.altominho.tv\/site\/?p=36523"},"modified":"2019-11-10T14:18:19","modified_gmt":"2019-11-10T14:18:19","slug":"clube-de-produtores-de-vinho-verde-quer-promover-turismo-sustentavel-em-moncao-e-melgaco","status":"publish","type":"post","link":"https:\/\/www.altominho.tv\/site\/2019\/11\/08\/clube-de-produtores-de-vinho-verde-quer-promover-turismo-sustentavel-em-moncao-e-melgaco\/","title":{"rendered":"Clube de Produtores de Vinho Verde quer promover turismo sustent\u00e1vel em Mon\u00e7\u00e3o e Melga\u00e7o"},"content":{"rendered":"<p>A promo\u00e7\u00e3o do turismo sustent\u00e1vel no territ\u00f3rio dos Vinhos Verdes e de Mon\u00e7\u00e3o e Melga\u00e7o \u00e9 a nova aposta do Clube de Produtores de Monovarietais de Vinho Verde (VVCPM).<\/p>\n<p>Em comunicado, a associa\u00e7\u00e3o que re\u00fane mais de 150 produtores, adianta que pretende &#8220;criar uma rede e uma marca de quintas vit\u00edcolas que promovam um turismo direcionado para a sustentabilidade ambiental, social e econ\u00f3mica e, ao mesmo tempo, promover o Turismo na regi\u00e3o de Mon\u00e7\u00e3o e Melga\u00e7o&#8221;.<\/p>\n<p>Neste territ\u00f3rio ser\u00e1 implementada a primeira fase do projeto \u201cENOTOUR \u2013 Promo\u00e7\u00e3o do Turismo Sustent\u00e1vel no Territ\u00f3rio dos Vinhos Verdes e do Alvarinho de Mon\u00e7\u00e3o e Melga\u00e7o\u201d, que resulta de uma candidatura ao programa Valorizar, no \u00e2mbito do Portugal 2020, atualmente em fase de an\u00e1lise.<\/p>\n<p>&#8220;O objetivo \u00e9 alinhar uma estrat\u00e9gia consertada entre o enoturismo com o turismo sustent\u00e1vel e com as tradi\u00e7\u00f5es culturais e gastron\u00f3micas da regi\u00e3o de Mon\u00e7\u00e3o e Melga\u00e7o e do Vinho Verde. Neste sentido, \u00e9 intento do Clube criar uma marca de cariz <em>ecofriendly<\/em>, que ser\u00e1 depois atribu\u00edda aos produtores\/quintas da regi\u00e3o, com o prop\u00f3sito de credibilizar e promover as boas pr\u00e1ticas ambientais que est\u00e3o a ser aplicadas nas diversas quintas e adegas da regi\u00e3o&#8221;, sustenta o VVCPM.<\/p>\n<p>O projeto prev\u00ea ainda a &#8220;cria\u00e7\u00e3o de uma plataforma digital colaborativa que reunir\u00e1 conte\u00fados em realidade aumentada, aliando a tecnologia \u00e0 tradi\u00e7\u00e3o, hist\u00f3ria e cultura local&#8221;.<\/p>\n<p>O &#8220;acesso a informa\u00e7\u00f5es de cariz patrimonial e ambiental das diversas quintas, assim como a pegada ecol\u00f3gica, as medidas implementadas e a implementar, os objetivos ambientais e informa\u00e7\u00f5es sobre os volumes de produ\u00e7\u00e3o&#8221;, bem como as ofertas tur\u00edsticas (alojamento, restaura\u00e7\u00e3o, entre outras), s\u00e3o algumas das informa\u00e7\u00f5es que ser\u00e3o disponibilizadas aos utilizadores da plataforma.<\/p>\n<p>Trata-se de &#8220;uma oferta tur\u00edstica integrada, fundada na qualidade do territ\u00f3rio, dos produtos e dos servi\u00e7os&#8221;, garante o Clube de Produtores de Monovarietais de Vinho Verde.<\/p>\n<p>O projeto \u201cENOTOUR \u2013 Promo\u00e7\u00e3o do Turismo Sustent\u00e1vel no Territ\u00f3rio dos Vinhos Verdes e do Alvarinho de Mon\u00e7\u00e3o e Melga\u00e7o\u201d poder\u00e1 ser, a longo prazo, implementado num diferente territ\u00f3rio vit\u00edcola ou alargado a outros produtores.<\/p>\n<p>&#8220;Ter\u00e1 ainda capacidade para englobar v\u00e1rios setores de atividade tur\u00edstica, nomeadamente hot\u00e9is, restaurantes, operadores tur\u00edsticos, entidades promotoras do territ\u00f3rio a atuarem no PNPG, associa\u00e7\u00f5es, produtores de artesanato local, entre outros, potenciando assim a cria\u00e7\u00e3o de parcerias entre os diferentes atores, com o objetivo de proporcionar uma oferta tur\u00edstica mais completa e diversificada&#8221;, l\u00ea-se na nota enviada \u00e0 imprensa.<\/p>\n<p>O Clube de Produtores de Monovarietais de Vinho Verde foi fundado em 2018, por iniciativa dos s\u00f3cios gerentes da Quinta de Soalheiro, em Melga\u00e7o, com o objetivo de divulgar as potencialidades das diferentes sub-regi\u00f5es do Vinho Verde e fomentar o enoturismo, a produ\u00e7\u00e3o de uvas e de vinho de qualidade e a inova\u00e7\u00e3o e o desenvolvimento.<\/p>\n\n\n<p class=\"wp-block-paragraph\"><\/p>\n","protected":false},"excerpt":{"rendered":"<p>A promo\u00e7\u00e3o do turismo sustent\u00e1vel no territ\u00f3rio dos Vinhos Verdes e de Mon\u00e7\u00e3o e Melga\u00e7o \u00e9 a nova aposta do Clube de Produtores de Monovarietais de Vinho Verde (VVCPM). Em comunicado, a associa\u00e7\u00e3o que re\u00fane mais de 150 produtores, adianta que pretende &#8220;criar uma rede e uma marca de quintas vit\u00edcolas que promovam um turismo [&hellip;]<\/p>\n","protected":false},"author":12,"featured_media":36524,"comment_status":"closed","ping_status":"closed","sticky":false,"template":"","format":"standard","meta":{"_exactmetrics_skip_tracking":false,"footnotes":""},"categories":[73],"tags":[27],"class_list":["post-36523","post","type-post","status-publish","format-standard","has-post-thumbnail","hentry","category-alto-minho","tag-sociedade"],"yoast_head":"<!-- This site is optimized with the Yoast SEO Premium plugin v28.3 (Yoast SEO v28.3) - https:\/\/yoast.com\/product\/yoast-seo-premium-wordpress\/ -->\n<title>Clube de Produtores de Vinho Verde quer promover turismo sustent\u00e1vel em Mon\u00e7\u00e3o e Melga\u00e7o<\/title>\n<meta name=\"robots\" content=\"index, follow, max-snippet:-1, max-image-preview:large, max-video-preview:-1\" \/>\n<link rel=\"canonical\" href=\"https:\/\/www.altominho.tv\/site\/2019\/11\/08\/clube-de-produtores-de-vinho-verde-quer-promover-turismo-sustentavel-em-moncao-e-melgaco\/\" \/>\n<meta property=\"og:locale\" content=\"pt_PT\" \/>\n<meta property=\"og:type\" content=\"article\" \/>\n<meta property=\"og:title\" content=\"Clube de Produtores de Vinho Verde quer promover turismo sustent\u00e1vel em Mon\u00e7\u00e3o e Melga\u00e7o\" \/>\n<meta property=\"og:description\" content=\"A promo\u00e7\u00e3o do turismo sustent\u00e1vel no territ\u00f3rio dos Vinhos Verdes e de Mon\u00e7\u00e3o e Melga\u00e7o \u00e9 a nova aposta do Clube de Produtores de Monovarietais de Vinho Verde (VVCPM). Em comunicado, a associa\u00e7\u00e3o que re\u00fane mais de 150 produtores, adianta que pretende &#8220;criar uma rede e uma marca de quintas vit\u00edcolas que promovam um turismo [&hellip;]\" \/>\n<meta property=\"og:url\" content=\"https:\/\/www.altominho.tv\/site\/2019\/11\/08\/clube-de-produtores-de-vinho-verde-quer-promover-turismo-sustentavel-em-moncao-e-melgaco\/\" \/>\n<meta property=\"og:site_name\" content=\"Altominho.tv\" \/>\n<meta property=\"article:publisher\" content=\"https:\/\/www.facebook.com\/altominhotv\" \/>\n<meta property=\"article:published_time\" content=\"2019-11-08T16:39:00+00:00\" \/>\n<meta property=\"article:modified_time\" content=\"2019-11-10T14:18:19+00:00\" \/>\n<meta property=\"og:image\" content=\"https:\/\/www.altominho.tv\/site\/wp-content\/uploads\/2019\/11\/vinha3.jpg\" \/>\n\t<meta property=\"og:image:width\" content=\"1920\" \/>\n\t<meta property=\"og:image:height\" content=\"1080\" \/>\n\t<meta property=\"og:image:type\" content=\"image\/jpeg\" \/>\n<meta name=\"author\" content=\"Andreia Ferreira\" \/>\n<meta name=\"twitter:card\" content=\"summary_large_image\" \/>\n<meta name=\"twitter:creator\" content=\"@altominhoTV\" \/>\n<meta name=\"twitter:site\" content=\"@altominhoTV\" \/>\n<meta name=\"twitter:label1\" content=\"Escrito por\" \/>\n\t<meta name=\"twitter:data1\" content=\"Andreia Ferreira\" \/>\n\t<meta name=\"twitter:label2\" content=\"Tempo estimado de leitura\" \/>\n\t<meta name=\"twitter:data2\" content=\"3 minutos\" \/>\n<script type=\"application\/ld+json\" class=\"yoast-schema-graph\">{\"@context\":\"https:\\\/\\\/schema.org\",\"@graph\":[{\"@type\":\"Article\",\"@id\":\"https:\\\/\\\/www.altominho.tv\\\/site\\\/2019\\\/11\\\/08\\\/clube-de-produtores-de-vinho-verde-quer-promover-turismo-sustentavel-em-moncao-e-melgaco\\\/#article\",\"isPartOf\":{\"@id\":\"https:\\\/\\\/www.altominho.tv\\\/site\\\/2019\\\/11\\\/08\\\/clube-de-produtores-de-vinho-verde-quer-promover-turismo-sustentavel-em-moncao-e-melgaco\\\/\"},\"author\":{\"name\":\"Andreia Ferreira\",\"@id\":\"https:\\\/\\\/www.altominho.tv\\\/site\\\/#\\\/schema\\\/person\\\/d9be4265364723f14ea8e0d56a1d38cd\"},\"headline\":\"Clube de Produtores de Vinho Verde quer promover turismo sustent\u00e1vel em Mon\u00e7\u00e3o e Melga\u00e7o\",\"datePublished\":\"2019-11-08T16:39:00+00:00\",\"dateModified\":\"2019-11-10T14:18:19+00:00\",\"mainEntityOfPage\":{\"@id\":\"https:\\\/\\\/www.altominho.tv\\\/site\\\/2019\\\/11\\\/08\\\/clube-de-produtores-de-vinho-verde-quer-promover-turismo-sustentavel-em-moncao-e-melgaco\\\/\"},\"wordCount\":529,\"image\":{\"@id\":\"https:\\\/\\\/www.altominho.tv\\\/site\\\/2019\\\/11\\\/08\\\/clube-de-produtores-de-vinho-verde-quer-promover-turismo-sustentavel-em-moncao-e-melgaco\\\/#primaryimage\"},\"thumbnailUrl\":\"https:\\\/\\\/www.altominho.tv\\\/site\\\/wp-content\\\/uploads\\\/2019\\\/11\\\/vinha3.jpg\",\"keywords\":[\"Sociedade\"],\"articleSection\":[\"Alto Minho\"],\"inLanguage\":\"pt-PT\",\"copyrightYear\":\"2019\",\"copyrightHolder\":{\"@id\":\"https:\\\/\\\/www.altominho.tv\\\/site\\\/#organization\"}},{\"@type\":\"WebPage\",\"@id\":\"https:\\\/\\\/www.altominho.tv\\\/site\\\/2019\\\/11\\\/08\\\/clube-de-produtores-de-vinho-verde-quer-promover-turismo-sustentavel-em-moncao-e-melgaco\\\/\",\"url\":\"https:\\\/\\\/www.altominho.tv\\\/site\\\/2019\\\/11\\\/08\\\/clube-de-produtores-de-vinho-verde-quer-promover-turismo-sustentavel-em-moncao-e-melgaco\\\/\",\"name\":\"Clube de Produtores de Vinho Verde quer promover turismo sustent\u00e1vel em Mon\u00e7\u00e3o e Melga\u00e7o\",\"isPartOf\":{\"@id\":\"https:\\\/\\\/www.altominho.tv\\\/site\\\/#website\"},\"primaryImageOfPage\":{\"@id\":\"https:\\\/\\\/www.altominho.tv\\\/site\\\/2019\\\/11\\\/08\\\/clube-de-produtores-de-vinho-verde-quer-promover-turismo-sustentavel-em-moncao-e-melgaco\\\/#primaryimage\"},\"image\":{\"@id\":\"https:\\\/\\\/www.altominho.tv\\\/site\\\/2019\\\/11\\\/08\\\/clube-de-produtores-de-vinho-verde-quer-promover-turismo-sustentavel-em-moncao-e-melgaco\\\/#primaryimage\"},\"thumbnailUrl\":\"https:\\\/\\\/www.altominho.tv\\\/site\\\/wp-content\\\/uploads\\\/2019\\\/11\\\/vinha3.jpg\",\"datePublished\":\"2019-11-08T16:39:00+00:00\",\"dateModified\":\"2019-11-10T14:18:19+00:00\",\"author\":{\"@id\":\"https:\\\/\\\/www.altominho.tv\\\/site\\\/#\\\/schema\\\/person\\\/d9be4265364723f14ea8e0d56a1d38cd\"},\"breadcrumb\":{\"@id\":\"https:\\\/\\\/www.altominho.tv\\\/site\\\/2019\\\/11\\\/08\\\/clube-de-produtores-de-vinho-verde-quer-promover-turismo-sustentavel-em-moncao-e-melgaco\\\/#breadcrumb\"},\"inLanguage\":\"pt-PT\",\"potentialAction\":[{\"@type\":\"ReadAction\",\"target\":[\"https:\\\/\\\/www.altominho.tv\\\/site\\\/2019\\\/11\\\/08\\\/clube-de-produtores-de-vinho-verde-quer-promover-turismo-sustentavel-em-moncao-e-melgaco\\\/\"]}]},{\"@type\":\"ImageObject\",\"inLanguage\":\"pt-PT\",\"@id\":\"https:\\\/\\\/www.altominho.tv\\\/site\\\/2019\\\/11\\\/08\\\/clube-de-produtores-de-vinho-verde-quer-promover-turismo-sustentavel-em-moncao-e-melgaco\\\/#primaryimage\",\"url\":\"https:\\\/\\\/www.altominho.tv\\\/site\\\/wp-content\\\/uploads\\\/2019\\\/11\\\/vinha3.jpg\",\"contentUrl\":\"https:\\\/\\\/www.altominho.tv\\\/site\\\/wp-content\\\/uploads\\\/2019\\\/11\\\/vinha3.jpg\",\"width\":1920,\"height\":1080},{\"@type\":\"BreadcrumbList\",\"@id\":\"https:\\\/\\\/www.altominho.tv\\\/site\\\/2019\\\/11\\\/08\\\/clube-de-produtores-de-vinho-verde-quer-promover-turismo-sustentavel-em-moncao-e-melgaco\\\/#breadcrumb\",\"itemListElement\":[{\"@type\":\"ListItem\",\"position\":1,\"name\":\"In\u00edcio\",\"item\":\"https:\\\/\\\/www.altominho.tv\\\/site\\\/\"},{\"@type\":\"ListItem\",\"position\":2,\"name\":\"Clube de Produtores de Vinho Verde quer promover turismo sustent\u00e1vel em Mon\u00e7\u00e3o e Melga\u00e7o\"}]},{\"@type\":\"WebSite\",\"@id\":\"https:\\\/\\\/www.altominho.tv\\\/site\\\/#website\",\"url\":\"https:\\\/\\\/www.altominho.tv\\\/site\\\/\",\"name\":\"Altominho.tv\",\"description\":\"A sua regi\u00e3o \u00e0 dist\u00e2ncia de um clique...\",\"potentialAction\":[{\"@type\":\"SearchAction\",\"target\":{\"@type\":\"EntryPoint\",\"urlTemplate\":\"https:\\\/\\\/www.altominho.tv\\\/site\\\/?s={search_term_string}\"},\"query-input\":{\"@type\":\"PropertyValueSpecification\",\"valueRequired\":true,\"valueName\":\"search_term_string\"}}],\"inLanguage\":\"pt-PT\"},{\"@type\":\"Person\",\"@id\":\"https:\\\/\\\/www.altominho.tv\\\/site\\\/#\\\/schema\\\/person\\\/d9be4265364723f14ea8e0d56a1d38cd\",\"name\":\"Andreia Ferreira\",\"image\":{\"@type\":\"ImageObject\",\"inLanguage\":\"pt-PT\",\"@id\":\"https:\\\/\\\/www.altominho.tv\\\/site\\\/wp-content\\\/uploads\\\/2021\\\/01\\\/AndreiaFerreira-150x150.jpg\",\"url\":\"https:\\\/\\\/www.altominho.tv\\\/site\\\/wp-content\\\/uploads\\\/2021\\\/01\\\/AndreiaFerreira-150x150.jpg\",\"contentUrl\":\"https:\\\/\\\/www.altominho.tv\\\/site\\\/wp-content\\\/uploads\\\/2021\\\/01\\\/AndreiaFerreira-150x150.jpg\",\"caption\":\"Andreia Ferreira\"},\"url\":\"https:\\\/\\\/www.altominho.tv\\\/site\\\/author\\\/andreiaferreira\\\/\"}]}<\/script>\n<!-- \/ Yoast SEO Premium plugin. -->","yoast_head_json":{"title":"Clube de Produtores de Vinho Verde quer promover turismo sustent\u00e1vel em Mon\u00e7\u00e3o e Melga\u00e7o","robots":{"index":"index","follow":"follow","max-snippet":"max-snippet:-1","max-image-preview":"max-image-preview:large","max-video-preview":"max-video-preview:-1"},"canonical":"https:\/\/www.altominho.tv\/site\/2019\/11\/08\/clube-de-produtores-de-vinho-verde-quer-promover-turismo-sustentavel-em-moncao-e-melgaco\/","og_locale":"pt_PT","og_type":"article","og_title":"Clube de Produtores de Vinho Verde quer promover turismo sustent\u00e1vel em Mon\u00e7\u00e3o e Melga\u00e7o","og_description":"A promo\u00e7\u00e3o do turismo sustent\u00e1vel no territ\u00f3rio dos Vinhos Verdes e de Mon\u00e7\u00e3o e Melga\u00e7o \u00e9 a nova aposta do Clube de Produtores de Monovarietais de Vinho Verde (VVCPM). Em comunicado, a associa\u00e7\u00e3o que re\u00fane mais de 150 produtores, adianta que pretende &#8220;criar uma rede e uma marca de quintas vit\u00edcolas que promovam um turismo [&hellip;]","og_url":"https:\/\/www.altominho.tv\/site\/2019\/11\/08\/clube-de-produtores-de-vinho-verde-quer-promover-turismo-sustentavel-em-moncao-e-melgaco\/","og_site_name":"Altominho.tv","article_publisher":"https:\/\/www.facebook.com\/altominhotv","article_published_time":"2019-11-08T16:39:00+00:00","article_modified_time":"2019-11-10T14:18:19+00:00","og_image":[{"width":1920,"height":1080,"url":"https:\/\/www.altominho.tv\/site\/wp-content\/uploads\/2019\/11\/vinha3.jpg","type":"image\/jpeg"}],"author":"Andreia Ferreira","twitter_card":"summary_large_image","twitter_creator":"@altominhoTV","twitter_site":"@altominhoTV","twitter_misc":{"Escrito por":"Andreia Ferreira","Tempo estimado de leitura":"3 minutos"},"schema":{"@context":"https:\/\/schema.org","@graph":[{"@type":"Article","@id":"https:\/\/www.altominho.tv\/site\/2019\/11\/08\/clube-de-produtores-de-vinho-verde-quer-promover-turismo-sustentavel-em-moncao-e-melgaco\/#article","isPartOf":{"@id":"https:\/\/www.altominho.tv\/site\/2019\/11\/08\/clube-de-produtores-de-vinho-verde-quer-promover-turismo-sustentavel-em-moncao-e-melgaco\/"},"author":{"name":"Andreia Ferreira","@id":"https:\/\/www.altominho.tv\/site\/#\/schema\/person\/d9be4265364723f14ea8e0d56a1d38cd"},"headline":"Clube de Produtores de Vinho Verde quer promover turismo sustent\u00e1vel em Mon\u00e7\u00e3o e Melga\u00e7o","datePublished":"2019-11-08T16:39:00+00:00","dateModified":"2019-11-10T14:18:19+00:00","mainEntityOfPage":{"@id":"https:\/\/www.altominho.tv\/site\/2019\/11\/08\/clube-de-produtores-de-vinho-verde-quer-promover-turismo-sustentavel-em-moncao-e-melgaco\/"},"wordCount":529,"image":{"@id":"https:\/\/www.altominho.tv\/site\/2019\/11\/08\/clube-de-produtores-de-vinho-verde-quer-promover-turismo-sustentavel-em-moncao-e-melgaco\/#primaryimage"},"thumbnailUrl":"https:\/\/www.altominho.tv\/site\/wp-content\/uploads\/2019\/11\/vinha3.jpg","keywords":["Sociedade"],"articleSection":["Alto Minho"],"inLanguage":"pt-PT","copyrightYear":"2019","copyrightHolder":{"@id":"https:\/\/www.altominho.tv\/site\/#organization"}},{"@type":"WebPage","@id":"https:\/\/www.altominho.tv\/site\/2019\/11\/08\/clube-de-produtores-de-vinho-verde-quer-promover-turismo-sustentavel-em-moncao-e-melgaco\/","url":"https:\/\/www.altominho.tv\/site\/2019\/11\/08\/clube-de-produtores-de-vinho-verde-quer-promover-turismo-sustentavel-em-moncao-e-melgaco\/","name":"Clube de Produtores de Vinho Verde quer promover turismo sustent\u00e1vel em Mon\u00e7\u00e3o e Melga\u00e7o","isPartOf":{"@id":"https:\/\/www.altominho.tv\/site\/#website"},"primaryImageOfPage":{"@id":"https:\/\/www.altominho.tv\/site\/2019\/11\/08\/clube-de-produtores-de-vinho-verde-quer-promover-turismo-sustentavel-em-moncao-e-melgaco\/#primaryimage"},"image":{"@id":"https:\/\/www.altominho.tv\/site\/2019\/11\/08\/clube-de-produtores-de-vinho-verde-quer-promover-turismo-sustentavel-em-moncao-e-melgaco\/#primaryimage"},"thumbnailUrl":"https:\/\/www.altominho.tv\/site\/wp-content\/uploads\/2019\/11\/vinha3.jpg","datePublished":"2019-11-08T16:39:00+00:00","dateModified":"2019-11-10T14:18:19+00:00","author":{"@id":"https:\/\/www.altominho.tv\/site\/#\/schema\/person\/d9be4265364723f14ea8e0d56a1d38cd"},"breadcrumb":{"@id":"https:\/\/www.altominho.tv\/site\/2019\/11\/08\/clube-de-produtores-de-vinho-verde-quer-promover-turismo-sustentavel-em-moncao-e-melgaco\/#breadcrumb"},"inLanguage":"pt-PT","potentialAction":[{"@type":"ReadAction","target":["https:\/\/www.altominho.tv\/site\/2019\/11\/08\/clube-de-produtores-de-vinho-verde-quer-promover-turismo-sustentavel-em-moncao-e-melgaco\/"]}]},{"@type":"ImageObject","inLanguage":"pt-PT","@id":"https:\/\/www.altominho.tv\/site\/2019\/11\/08\/clube-de-produtores-de-vinho-verde-quer-promover-turismo-sustentavel-em-moncao-e-melgaco\/#primaryimage","url":"https:\/\/www.altominho.tv\/site\/wp-content\/uploads\/2019\/11\/vinha3.jpg","contentUrl":"https:\/\/www.altominho.tv\/site\/wp-content\/uploads\/2019\/11\/vinha3.jpg","width":1920,"height":1080},{"@type":"BreadcrumbList","@id":"https:\/\/www.altominho.tv\/site\/2019\/11\/08\/clube-de-produtores-de-vinho-verde-quer-promover-turismo-sustentavel-em-moncao-e-melgaco\/#breadcrumb","itemListElement":[{"@type":"ListItem","position":1,"name":"In\u00edcio","item":"https:\/\/www.altominho.tv\/site\/"},{"@type":"ListItem","position":2,"name":"Clube de Produtores de Vinho Verde quer promover turismo sustent\u00e1vel em Mon\u00e7\u00e3o e Melga\u00e7o"}]},{"@type":"WebSite","@id":"https:\/\/www.altominho.tv\/site\/#website","url":"https:\/\/www.altominho.tv\/site\/","name":"Altominho.tv","description":"A sua regi\u00e3o \u00e0 dist\u00e2ncia de um clique...","potentialAction":[{"@type":"SearchAction","target":{"@type":"EntryPoint","urlTemplate":"https:\/\/www.altominho.tv\/site\/?s={search_term_string}"},"query-input":{"@type":"PropertyValueSpecification","valueRequired":true,"valueName":"search_term_string"}}],"inLanguage":"pt-PT"},{"@type":"Person","@id":"https:\/\/www.altominho.tv\/site\/#\/schema\/person\/d9be4265364723f14ea8e0d56a1d38cd","name":"Andreia Ferreira","image":{"@type":"ImageObject","inLanguage":"pt-PT","@id":"https:\/\/www.altominho.tv\/site\/wp-content\/uploads\/2021\/01\/AndreiaFerreira-150x150.jpg","url":"https:\/\/www.altominho.tv\/site\/wp-content\/uploads\/2021\/01\/AndreiaFerreira-150x150.jpg","contentUrl":"https:\/\/www.altominho.tv\/site\/wp-content\/uploads\/2021\/01\/AndreiaFerreira-150x150.jpg","caption":"Andreia Ferreira"},"url":"https:\/\/www.altominho.tv\/site\/author\/andreiaferreira\/"}]}},"_links":{"self":[{"href":"https:\/\/www.altominho.tv\/site\/wp-json\/wp\/v2\/posts\/36523","targetHints":{"allow":["GET"]}}],"collection":[{"href":"https:\/\/www.altominho.tv\/site\/wp-json\/wp\/v2\/posts"}],"about":[{"href":"https:\/\/www.altominho.tv\/site\/wp-json\/wp\/v2\/types\/post"}],"author":[{"embeddable":true,"href":"https:\/\/www.altominho.tv\/site\/wp-json\/wp\/v2\/users\/12"}],"replies":[{"embeddable":true,"href":"https:\/\/www.altominho.tv\/site\/wp-json\/wp\/v2\/comments?post=36523"}],"version-history":[{"count":0,"href":"https:\/\/www.altominho.tv\/site\/wp-json\/wp\/v2\/posts\/36523\/revisions"}],"wp:featuredmedia":[{"embeddable":true,"href":"https:\/\/www.altominho.tv\/site\/wp-json\/wp\/v2\/media\/36524"}],"wp:attachment":[{"href":"https:\/\/www.altominho.tv\/site\/wp-json\/wp\/v2\/media?parent=36523"}],"wp:term":[{"taxonomy":"category","embeddable":true,"href":"https:\/\/www.altominho.tv\/site\/wp-json\/wp\/v2\/categories?post=36523"},{"taxonomy":"post_tag","embeddable":true,"href":"https:\/\/www.altominho.tv\/site\/wp-json\/wp\/v2\/tags?post=36523"}],"curies":[{"name":"wp","href":"https:\/\/api.w.org\/{rel}","templated":true}]}}