{"id":36514,"date":"2019-11-08T14:18:46","date_gmt":"2019-11-08T14:18:46","guid":{"rendered":"http:\/\/www.altominho.tv\/site\/?p=36514"},"modified":"2019-11-10T14:22:50","modified_gmt":"2019-11-10T14:22:50","slug":"geoparque-litoral-de-viana-do-castelo-concluido-em-2020-num-investimento-de-16-milhoes-de-euros","status":"publish","type":"post","link":"https:\/\/www.altominho.tv\/site\/2019\/11\/08\/geoparque-litoral-de-viana-do-castelo-concluido-em-2020-num-investimento-de-16-milhoes-de-euros\/","title":{"rendered":"Geoparque litoral de Viana do Castelo conclu\u00eddo em 2020 num investimento de 1,6 milh\u00f5es de euros"},"content":{"rendered":"<p>As val\u00eancias do geoparque do Litoral, em Viana do Castelo, v\u00e3o estar &#8220;totalmente&#8221; instaladas no territ\u00f3rio &#8220;at\u00e9 ao primeiro semestre de 2020&#8221;, num investimento de cerca de 1,6 milh\u00f5es de euros, financiado por fundos comunit\u00e1rios.<\/p>\n<p>&#8220;Os pilares do geoparque ter\u00e3o de estar conclu\u00eddos at\u00e9 \u00e0 primeira metade de 2020, porque assim o obrigam as candidaturas que submetemos ao Norte 2020 e POSEUR &#8211; Programa Operacional Sustentabilidade e Efici\u00eancia no Uso dos Recursos&#8221;, afirmou hoje o vereador do Ambiente e Biodiversidade, Ci\u00eancia, Inova\u00e7\u00e3o e Conhecimento da C\u00e2mara de Viana do Castelo.<\/p>\n<p>O geoparque do litoral de Viana do Castelo inclui 13 monumentos naturais, cuja classifica\u00e7\u00e3o ficou conclu\u00edda em janeiro de 2018.<\/p>\n<p>Segundo Ricardo Carvalhido, do montante global a investir na instala\u00e7\u00e3o do geoparque, 570 mil euros foram aplicados na erradica\u00e7\u00e3o de v\u00e1rias esp\u00e9cies invasoras existentes nesses monumentos naturais e 30 mil euros &#8220;na primeira p\u00f3s-gradua\u00e7\u00e3o do pa\u00eds em Educa\u00e7\u00e3o, Ci\u00eancia e Patrim\u00f3nio Local&#8221;.<\/p>\n<p>A especializa\u00e7\u00e3o lan\u00e7ada pelo munic\u00edpio, em parceria com a Escola Superior de Educa\u00e7\u00e3o (ESE) do Instituto Polit\u00e9cnico de Viana do Castelo (IPVC), &#8220;formou 28 professores promotores da diferencia\u00e7\u00e3o e flexibilidade curricular que j\u00e1 est\u00e3o a trabalhar nas escolas do concelho&#8221;.<\/p>\n<p>Hoje, destacou o vereador, foi dado &#8220;mais um passo&#8221; na consolida\u00e7\u00e3o do projeto do geoparque, com o arranque da instala\u00e7\u00e3o de 52 infraestruturas interpretativas, entre pain\u00e9is interativos de acolhimento e mesas de leitura dos 13 monumentos naturais do concelho, num investimento de 200 mil euros.<\/p>\n<p>Aquelas ferramentas permitir\u00e3o &#8220;explicar a quem passar pelos 13 monumentos naturais a forma como o territ\u00f3rio evoluiu ao longo dos \u00faltimos 570 milh\u00f5es de anos&#8221;.<\/p>\n<p>&#8220;Estas ferramentas permitem aos mun\u00edcipes em geral, a professores e alunos e aos turistas compreenderem os aspetos fundamentais da evolu\u00e7\u00e3o do territ\u00f3rio que hoje forma Viana do Castelo, ao longo dos \u00faltimos 570 milh\u00f5es de anos, registando nas suas rochas diversos epis\u00f3dios, como se de folhas de um livro se tratasse&#8221;, explicou aos jornalistas junto aos pavimentos gran\u00edticos da Gatenha, em Afife, a cerca de 12 quil\u00f3metros da sede do concelho.<\/p>\n<p>O monumento natural dos pavimentos gran\u00edticos da Gatenha, com uma \u00e1rea com cerca de 27 hectares, ficar\u00e1 dotado com &#8220;duas mesas de leitura de paisagem, flechas direcionais, e marcas num\u00e9ricas instaladas ao n\u00edvel dos v\u00e1rios afloramentos com valor cient\u00edfico, que permit\u00e3o uma interpreta\u00e7\u00e3o mais aprofundada do valor conservado atrav\u00e9s de uma aplica\u00e7\u00e3o m\u00f3vel que est\u00e1 a ser criada&#8221;.<\/p>\n<p>Essa aplica\u00e7\u00e3o m\u00f3vel, outra das fases do geoparque, &#8220;estar\u00e1 pronta at\u00e9 meados de 2020&#8221; e reunir\u00e1 &#8220;todos os pontos not\u00e1veis do patrim\u00f3nio natural e constru\u00eddo existente em todo o concelho&#8221;.<\/p>\n<p>&#8220;Esse trabalho de levantamento est\u00e1 a ser produzido pelos t\u00e9cnicos da autarquia para integrar a aplica\u00e7\u00e3o m\u00f3vel que ir\u00e1 complementar as mesas de leitura de paisagem que hoje come\u00e7\u00e1mos a instalar&#8221;, referiu Ricardo Carvalhido.<\/p>\n<p>Tr\u00eas portas de acolhimento do geoparque do litoral &#8211; Porta do Atl\u00e2ntico, Neiva e das Argas- num investimento de cerca de 350 mil euros cada e dotadas de pain\u00e9is interativos, j\u00e1 em constru\u00e7\u00e3o, completar\u00e3o o projeto municipal.<\/p>\n<p>A classifica\u00e7\u00e3o dos 13 locais concedeu a estas \u00e1reas &#8220;um estatuto legal de prote\u00e7\u00e3o adequado \u00e0 manuten\u00e7\u00e3o da biodiversidade e dos servi\u00e7os dos ecossistemas e do patrim\u00f3nio geol\u00f3gico, bem como \u00e0 valoriza\u00e7\u00e3o da paisagem&#8221;.<\/p>\n<p>As \u00e1reas classificadas &#8220;foram selecionadas por avalia\u00e7\u00e3o dos geoss\u00edtios identificados na segunda e pen\u00faltima fase de inventaria\u00e7\u00e3o do projeto do geoparque litoral de Viana do Castelo que a C\u00e2mara quer candidatar \u00e0 UNESCO como Patrim\u00f3nio da Humanidade.<\/p>\n<p>A candidatura que est\u00e1 em prepara\u00e7\u00e3o &#8220;\u00e9 sustentada no facto de Viana do Castelo integrar um territ\u00f3rio rico do ponto de vista do patrim\u00f3nio natural e cultural, com cerca de 4.800 hectares especificamente designados para a prote\u00e7\u00e3o de &#8216;habitats&#8217; da fauna e da flora (tr\u00eas s\u00edtios de import\u00e2ncia comunit\u00e1ria da Rede Natura 2000), sendo o \u00fanico concelho do pa\u00eds com o invent\u00e1rio do patrim\u00f3nio geol\u00f3gico conclu\u00eddo e devidamente classificado como 13 monumentos naturais, perfazendo uma \u00e1rea total de cerca de 2.832 hectares&#8221;.<\/p>\n<p>Promovida pelo geoparque, entrou em funcionamento em janeiro de 2018, a primeira rede escolar de ci\u00eancia e de apoio \u00e0 investiga\u00e7\u00e3o cient\u00edfica do pa\u00eds, instalada nas sedes de sete agrupamentos de Viana do Castelo, envolvendo cerca de tr\u00eas mil alunos e 30 investigadores.<\/p>\n<p>A rede integra sete laborat\u00f3rios que permitem &#8220;aos alunos do primeiro ciclo ao ensino secund\u00e1rio trabalharem com cientistas de v\u00e1rias zonas do pa\u00eds, consolidando a aproxima\u00e7\u00e3o das escolas \u00e0 ci\u00eancia &#8211; aos seus equipamentos, aos cientistas e aos problemas e metodologias em ci\u00eancia&#8221;.<\/p>\n<p>Em 2017, o geoparque garantiu ao concelho o Pr\u00e9mio de Melhor Munic\u00edpio para Viver, atribu\u00eddo pelo Instituto de Tecnologia Comportamental. Em setembro desse ano, a c\u00e2mara constituiu a associa\u00e7\u00e3o do geoparque, que tem como membros fundadores diversas personalidades e associa\u00e7\u00f5es de todo o concelho.<\/p>\n\n\n<p><\/p>\n","protected":false},"excerpt":{"rendered":"<p>As val\u00eancias do geoparque do Litoral, em Viana do Castelo, v\u00e3o estar &#8220;totalmente&#8221; instaladas no territ\u00f3rio &#8220;at\u00e9 ao primeiro semestre de 2020&#8221;, num investimento de cerca de 1,6 milh\u00f5es de euros, financiado por fundos comunit\u00e1rios. &#8220;Os pilares do geoparque ter\u00e3o de estar conclu\u00eddos at\u00e9 \u00e0 primeira metade de 2020, porque assim o obrigam as candidaturas [&hellip;]<\/p>\n","protected":false},"author":13,"featured_media":36515,"comment_status":"closed","ping_status":"closed","sticky":false,"template":"","format":"standard","meta":{"_exactmetrics_skip_tracking":false,"_exactmetrics_sitenote_active":false,"_exactmetrics_sitenote_note":"","_exactmetrics_sitenote_category":0,"footnotes":""},"categories":[14],"tags":[27],"class_list":["post-36514","post","type-post","status-publish","format-standard","has-post-thumbnail","hentry","category-viana-do-castelo","tag-sociedade"],"yoast_head":"<!-- This site is optimized with the Yoast SEO Premium plugin v27.5 (Yoast SEO v27.5) - https:\/\/yoast.com\/product\/yoast-seo-premium-wordpress\/ -->\n<title>Geoparque litoral de Viana do Castelo conclu\u00eddo em 2020 num investimento de 1,6 milh\u00f5es de euros<\/title>\n<meta name=\"robots\" content=\"index, follow, max-snippet:-1, max-image-preview:large, max-video-preview:-1\" \/>\n<link rel=\"canonical\" href=\"https:\/\/www.altominho.tv\/site\/2019\/11\/08\/geoparque-litoral-de-viana-do-castelo-concluido-em-2020-num-investimento-de-16-milhoes-de-euros\/\" \/>\n<meta property=\"og:locale\" content=\"pt_PT\" \/>\n<meta property=\"og:type\" content=\"article\" \/>\n<meta property=\"og:title\" content=\"Geoparque litoral de Viana do Castelo conclu\u00eddo em 2020 num investimento de 1,6 milh\u00f5es de euros\" \/>\n<meta property=\"og:description\" content=\"As val\u00eancias do geoparque do Litoral, em Viana do Castelo, v\u00e3o estar &#8220;totalmente&#8221; instaladas no territ\u00f3rio &#8220;at\u00e9 ao primeiro semestre de 2020&#8221;, num investimento de cerca de 1,6 milh\u00f5es de euros, financiado por fundos comunit\u00e1rios. &#8220;Os pilares do geoparque ter\u00e3o de estar conclu\u00eddos at\u00e9 \u00e0 primeira metade de 2020, porque assim o obrigam as candidaturas [&hellip;]\" \/>\n<meta property=\"og:url\" content=\"https:\/\/www.altominho.tv\/site\/2019\/11\/08\/geoparque-litoral-de-viana-do-castelo-concluido-em-2020-num-investimento-de-16-milhoes-de-euros\/\" \/>\n<meta property=\"og:site_name\" content=\"Altominho.tv\" \/>\n<meta property=\"article:publisher\" content=\"https:\/\/www.facebook.com\/altominhotv\" \/>\n<meta property=\"article:published_time\" content=\"2019-11-08T14:18:46+00:00\" \/>\n<meta property=\"article:modified_time\" content=\"2019-11-10T14:22:50+00:00\" \/>\n<meta property=\"og:image\" content=\"https:\/\/www.altominho.tv\/site\/wp-content\/uploads\/2019\/11\/Geoparque-Viana.jpg\" \/>\n\t<meta property=\"og:image:width\" content=\"1325\" \/>\n\t<meta property=\"og:image:height\" content=\"710\" \/>\n\t<meta property=\"og:image:type\" content=\"image\/jpeg\" \/>\n<meta name=\"author\" content=\"Lusa\" \/>\n<meta name=\"twitter:card\" content=\"summary_large_image\" \/>\n<meta name=\"twitter:creator\" content=\"@altominhoTV\" \/>\n<meta name=\"twitter:site\" content=\"@altominhoTV\" \/>\n<meta name=\"twitter:label1\" content=\"Escrito por\" \/>\n\t<meta name=\"twitter:data1\" content=\"Lusa\" \/>\n\t<meta name=\"twitter:label2\" content=\"Tempo estimado de leitura\" \/>\n\t<meta name=\"twitter:data2\" content=\"4 minutos\" \/>\n<script type=\"application\/ld+json\" class=\"yoast-schema-graph\">{\"@context\":\"https:\\\/\\\/schema.org\",\"@graph\":[{\"@type\":\"Article\",\"@id\":\"https:\\\/\\\/www.altominho.tv\\\/site\\\/2019\\\/11\\\/08\\\/geoparque-litoral-de-viana-do-castelo-concluido-em-2020-num-investimento-de-16-milhoes-de-euros\\\/#article\",\"isPartOf\":{\"@id\":\"https:\\\/\\\/www.altominho.tv\\\/site\\\/2019\\\/11\\\/08\\\/geoparque-litoral-de-viana-do-castelo-concluido-em-2020-num-investimento-de-16-milhoes-de-euros\\\/\"},\"author\":{\"name\":\"Lusa\",\"@id\":\"https:\\\/\\\/www.altominho.tv\\\/site\\\/#\\\/schema\\\/person\\\/63f693da3e1899361cbe955c46f3232e\"},\"headline\":\"Geoparque litoral de Viana do Castelo conclu\u00eddo em 2020 num investimento de 1,6 milh\u00f5es de euros\",\"datePublished\":\"2019-11-08T14:18:46+00:00\",\"dateModified\":\"2019-11-10T14:22:50+00:00\",\"mainEntityOfPage\":{\"@id\":\"https:\\\/\\\/www.altominho.tv\\\/site\\\/2019\\\/11\\\/08\\\/geoparque-litoral-de-viana-do-castelo-concluido-em-2020-num-investimento-de-16-milhoes-de-euros\\\/\"},\"wordCount\":868,\"image\":{\"@id\":\"https:\\\/\\\/www.altominho.tv\\\/site\\\/2019\\\/11\\\/08\\\/geoparque-litoral-de-viana-do-castelo-concluido-em-2020-num-investimento-de-16-milhoes-de-euros\\\/#primaryimage\"},\"thumbnailUrl\":\"https:\\\/\\\/www.altominho.tv\\\/site\\\/wp-content\\\/uploads\\\/2019\\\/11\\\/Geoparque-Viana.jpg\",\"keywords\":[\"Sociedade\"],\"articleSection\":[\"Viana do Castelo\"],\"inLanguage\":\"pt-PT\",\"copyrightYear\":\"2019\",\"copyrightHolder\":{\"@id\":\"https:\\\/\\\/www.altominho.tv\\\/site\\\/#organization\"}},{\"@type\":\"WebPage\",\"@id\":\"https:\\\/\\\/www.altominho.tv\\\/site\\\/2019\\\/11\\\/08\\\/geoparque-litoral-de-viana-do-castelo-concluido-em-2020-num-investimento-de-16-milhoes-de-euros\\\/\",\"url\":\"https:\\\/\\\/www.altominho.tv\\\/site\\\/2019\\\/11\\\/08\\\/geoparque-litoral-de-viana-do-castelo-concluido-em-2020-num-investimento-de-16-milhoes-de-euros\\\/\",\"name\":\"Geoparque litoral de Viana do Castelo conclu\u00eddo em 2020 num investimento de 1,6 milh\u00f5es de euros\",\"isPartOf\":{\"@id\":\"https:\\\/\\\/www.altominho.tv\\\/site\\\/#website\"},\"primaryImageOfPage\":{\"@id\":\"https:\\\/\\\/www.altominho.tv\\\/site\\\/2019\\\/11\\\/08\\\/geoparque-litoral-de-viana-do-castelo-concluido-em-2020-num-investimento-de-16-milhoes-de-euros\\\/#primaryimage\"},\"image\":{\"@id\":\"https:\\\/\\\/www.altominho.tv\\\/site\\\/2019\\\/11\\\/08\\\/geoparque-litoral-de-viana-do-castelo-concluido-em-2020-num-investimento-de-16-milhoes-de-euros\\\/#primaryimage\"},\"thumbnailUrl\":\"https:\\\/\\\/www.altominho.tv\\\/site\\\/wp-content\\\/uploads\\\/2019\\\/11\\\/Geoparque-Viana.jpg\",\"datePublished\":\"2019-11-08T14:18:46+00:00\",\"dateModified\":\"2019-11-10T14:22:50+00:00\",\"author\":{\"@id\":\"https:\\\/\\\/www.altominho.tv\\\/site\\\/#\\\/schema\\\/person\\\/63f693da3e1899361cbe955c46f3232e\"},\"breadcrumb\":{\"@id\":\"https:\\\/\\\/www.altominho.tv\\\/site\\\/2019\\\/11\\\/08\\\/geoparque-litoral-de-viana-do-castelo-concluido-em-2020-num-investimento-de-16-milhoes-de-euros\\\/#breadcrumb\"},\"inLanguage\":\"pt-PT\",\"potentialAction\":[{\"@type\":\"ReadAction\",\"target\":[\"https:\\\/\\\/www.altominho.tv\\\/site\\\/2019\\\/11\\\/08\\\/geoparque-litoral-de-viana-do-castelo-concluido-em-2020-num-investimento-de-16-milhoes-de-euros\\\/\"]}]},{\"@type\":\"ImageObject\",\"inLanguage\":\"pt-PT\",\"@id\":\"https:\\\/\\\/www.altominho.tv\\\/site\\\/2019\\\/11\\\/08\\\/geoparque-litoral-de-viana-do-castelo-concluido-em-2020-num-investimento-de-16-milhoes-de-euros\\\/#primaryimage\",\"url\":\"https:\\\/\\\/www.altominho.tv\\\/site\\\/wp-content\\\/uploads\\\/2019\\\/11\\\/Geoparque-Viana.jpg\",\"contentUrl\":\"https:\\\/\\\/www.altominho.tv\\\/site\\\/wp-content\\\/uploads\\\/2019\\\/11\\\/Geoparque-Viana.jpg\",\"width\":1325,\"height\":710},{\"@type\":\"BreadcrumbList\",\"@id\":\"https:\\\/\\\/www.altominho.tv\\\/site\\\/2019\\\/11\\\/08\\\/geoparque-litoral-de-viana-do-castelo-concluido-em-2020-num-investimento-de-16-milhoes-de-euros\\\/#breadcrumb\",\"itemListElement\":[{\"@type\":\"ListItem\",\"position\":1,\"name\":\"In\u00edcio\",\"item\":\"https:\\\/\\\/www.altominho.tv\\\/site\\\/\"},{\"@type\":\"ListItem\",\"position\":2,\"name\":\"Geoparque litoral de Viana do Castelo conclu\u00eddo em 2020 num investimento de 1,6 milh\u00f5es de euros\"}]},{\"@type\":\"WebSite\",\"@id\":\"https:\\\/\\\/www.altominho.tv\\\/site\\\/#website\",\"url\":\"https:\\\/\\\/www.altominho.tv\\\/site\\\/\",\"name\":\"Altominho.tv\",\"description\":\"A sua regi\u00e3o \u00e0 dist\u00e2ncia de um clique...\",\"potentialAction\":[{\"@type\":\"SearchAction\",\"target\":{\"@type\":\"EntryPoint\",\"urlTemplate\":\"https:\\\/\\\/www.altominho.tv\\\/site\\\/?s={search_term_string}\"},\"query-input\":{\"@type\":\"PropertyValueSpecification\",\"valueRequired\":true,\"valueName\":\"search_term_string\"}}],\"inLanguage\":\"pt-PT\"},{\"@type\":\"Person\",\"@id\":\"https:\\\/\\\/www.altominho.tv\\\/site\\\/#\\\/schema\\\/person\\\/63f693da3e1899361cbe955c46f3232e\",\"name\":\"Lusa\",\"image\":{\"@type\":\"ImageObject\",\"inLanguage\":\"pt-PT\",\"@id\":\"https:\\\/\\\/www.altominho.tv\\\/site\\\/wp-content\\\/uploads\\\/2019\\\/08\\\/LUSA_Logo.gif\",\"url\":\"https:\\\/\\\/www.altominho.tv\\\/site\\\/wp-content\\\/uploads\\\/2019\\\/08\\\/LUSA_Logo.gif\",\"contentUrl\":\"https:\\\/\\\/www.altominho.tv\\\/site\\\/wp-content\\\/uploads\\\/2019\\\/08\\\/LUSA_Logo.gif\",\"caption\":\"Lusa\"},\"sameAs\":[\"http:\\\/\\\/\\\/\\\/www.altominho.tv\\\/site\"],\"url\":\"https:\\\/\\\/www.altominho.tv\\\/site\\\/author\\\/lusa\\\/\"}]}<\/script>\n<!-- \/ Yoast SEO Premium plugin. -->","yoast_head_json":{"title":"Geoparque litoral de Viana do Castelo conclu\u00eddo em 2020 num investimento de 1,6 milh\u00f5es de euros","robots":{"index":"index","follow":"follow","max-snippet":"max-snippet:-1","max-image-preview":"max-image-preview:large","max-video-preview":"max-video-preview:-1"},"canonical":"https:\/\/www.altominho.tv\/site\/2019\/11\/08\/geoparque-litoral-de-viana-do-castelo-concluido-em-2020-num-investimento-de-16-milhoes-de-euros\/","og_locale":"pt_PT","og_type":"article","og_title":"Geoparque litoral de Viana do Castelo conclu\u00eddo em 2020 num investimento de 1,6 milh\u00f5es de euros","og_description":"As val\u00eancias do geoparque do Litoral, em Viana do Castelo, v\u00e3o estar &#8220;totalmente&#8221; instaladas no territ\u00f3rio &#8220;at\u00e9 ao primeiro semestre de 2020&#8221;, num investimento de cerca de 1,6 milh\u00f5es de euros, financiado por fundos comunit\u00e1rios. &#8220;Os pilares do geoparque ter\u00e3o de estar conclu\u00eddos at\u00e9 \u00e0 primeira metade de 2020, porque assim o obrigam as candidaturas [&hellip;]","og_url":"https:\/\/www.altominho.tv\/site\/2019\/11\/08\/geoparque-litoral-de-viana-do-castelo-concluido-em-2020-num-investimento-de-16-milhoes-de-euros\/","og_site_name":"Altominho.tv","article_publisher":"https:\/\/www.facebook.com\/altominhotv","article_published_time":"2019-11-08T14:18:46+00:00","article_modified_time":"2019-11-10T14:22:50+00:00","og_image":[{"width":1325,"height":710,"url":"https:\/\/www.altominho.tv\/site\/wp-content\/uploads\/2019\/11\/Geoparque-Viana.jpg","type":"image\/jpeg"}],"author":"Lusa","twitter_card":"summary_large_image","twitter_creator":"@altominhoTV","twitter_site":"@altominhoTV","twitter_misc":{"Escrito por":"Lusa","Tempo estimado de leitura":"4 minutos"},"schema":{"@context":"https:\/\/schema.org","@graph":[{"@type":"Article","@id":"https:\/\/www.altominho.tv\/site\/2019\/11\/08\/geoparque-litoral-de-viana-do-castelo-concluido-em-2020-num-investimento-de-16-milhoes-de-euros\/#article","isPartOf":{"@id":"https:\/\/www.altominho.tv\/site\/2019\/11\/08\/geoparque-litoral-de-viana-do-castelo-concluido-em-2020-num-investimento-de-16-milhoes-de-euros\/"},"author":{"name":"Lusa","@id":"https:\/\/www.altominho.tv\/site\/#\/schema\/person\/63f693da3e1899361cbe955c46f3232e"},"headline":"Geoparque litoral de Viana do Castelo conclu\u00eddo em 2020 num investimento de 1,6 milh\u00f5es de euros","datePublished":"2019-11-08T14:18:46+00:00","dateModified":"2019-11-10T14:22:50+00:00","mainEntityOfPage":{"@id":"https:\/\/www.altominho.tv\/site\/2019\/11\/08\/geoparque-litoral-de-viana-do-castelo-concluido-em-2020-num-investimento-de-16-milhoes-de-euros\/"},"wordCount":868,"image":{"@id":"https:\/\/www.altominho.tv\/site\/2019\/11\/08\/geoparque-litoral-de-viana-do-castelo-concluido-em-2020-num-investimento-de-16-milhoes-de-euros\/#primaryimage"},"thumbnailUrl":"https:\/\/www.altominho.tv\/site\/wp-content\/uploads\/2019\/11\/Geoparque-Viana.jpg","keywords":["Sociedade"],"articleSection":["Viana do Castelo"],"inLanguage":"pt-PT","copyrightYear":"2019","copyrightHolder":{"@id":"https:\/\/www.altominho.tv\/site\/#organization"}},{"@type":"WebPage","@id":"https:\/\/www.altominho.tv\/site\/2019\/11\/08\/geoparque-litoral-de-viana-do-castelo-concluido-em-2020-num-investimento-de-16-milhoes-de-euros\/","url":"https:\/\/www.altominho.tv\/site\/2019\/11\/08\/geoparque-litoral-de-viana-do-castelo-concluido-em-2020-num-investimento-de-16-milhoes-de-euros\/","name":"Geoparque litoral de Viana do Castelo conclu\u00eddo em 2020 num investimento de 1,6 milh\u00f5es de euros","isPartOf":{"@id":"https:\/\/www.altominho.tv\/site\/#website"},"primaryImageOfPage":{"@id":"https:\/\/www.altominho.tv\/site\/2019\/11\/08\/geoparque-litoral-de-viana-do-castelo-concluido-em-2020-num-investimento-de-16-milhoes-de-euros\/#primaryimage"},"image":{"@id":"https:\/\/www.altominho.tv\/site\/2019\/11\/08\/geoparque-litoral-de-viana-do-castelo-concluido-em-2020-num-investimento-de-16-milhoes-de-euros\/#primaryimage"},"thumbnailUrl":"https:\/\/www.altominho.tv\/site\/wp-content\/uploads\/2019\/11\/Geoparque-Viana.jpg","datePublished":"2019-11-08T14:18:46+00:00","dateModified":"2019-11-10T14:22:50+00:00","author":{"@id":"https:\/\/www.altominho.tv\/site\/#\/schema\/person\/63f693da3e1899361cbe955c46f3232e"},"breadcrumb":{"@id":"https:\/\/www.altominho.tv\/site\/2019\/11\/08\/geoparque-litoral-de-viana-do-castelo-concluido-em-2020-num-investimento-de-16-milhoes-de-euros\/#breadcrumb"},"inLanguage":"pt-PT","potentialAction":[{"@type":"ReadAction","target":["https:\/\/www.altominho.tv\/site\/2019\/11\/08\/geoparque-litoral-de-viana-do-castelo-concluido-em-2020-num-investimento-de-16-milhoes-de-euros\/"]}]},{"@type":"ImageObject","inLanguage":"pt-PT","@id":"https:\/\/www.altominho.tv\/site\/2019\/11\/08\/geoparque-litoral-de-viana-do-castelo-concluido-em-2020-num-investimento-de-16-milhoes-de-euros\/#primaryimage","url":"https:\/\/www.altominho.tv\/site\/wp-content\/uploads\/2019\/11\/Geoparque-Viana.jpg","contentUrl":"https:\/\/www.altominho.tv\/site\/wp-content\/uploads\/2019\/11\/Geoparque-Viana.jpg","width":1325,"height":710},{"@type":"BreadcrumbList","@id":"https:\/\/www.altominho.tv\/site\/2019\/11\/08\/geoparque-litoral-de-viana-do-castelo-concluido-em-2020-num-investimento-de-16-milhoes-de-euros\/#breadcrumb","itemListElement":[{"@type":"ListItem","position":1,"name":"In\u00edcio","item":"https:\/\/www.altominho.tv\/site\/"},{"@type":"ListItem","position":2,"name":"Geoparque litoral de Viana do Castelo conclu\u00eddo em 2020 num investimento de 1,6 milh\u00f5es de euros"}]},{"@type":"WebSite","@id":"https:\/\/www.altominho.tv\/site\/#website","url":"https:\/\/www.altominho.tv\/site\/","name":"Altominho.tv","description":"A sua regi\u00e3o \u00e0 dist\u00e2ncia de um clique...","potentialAction":[{"@type":"SearchAction","target":{"@type":"EntryPoint","urlTemplate":"https:\/\/www.altominho.tv\/site\/?s={search_term_string}"},"query-input":{"@type":"PropertyValueSpecification","valueRequired":true,"valueName":"search_term_string"}}],"inLanguage":"pt-PT"},{"@type":"Person","@id":"https:\/\/www.altominho.tv\/site\/#\/schema\/person\/63f693da3e1899361cbe955c46f3232e","name":"Lusa","image":{"@type":"ImageObject","inLanguage":"pt-PT","@id":"https:\/\/www.altominho.tv\/site\/wp-content\/uploads\/2019\/08\/LUSA_Logo.gif","url":"https:\/\/www.altominho.tv\/site\/wp-content\/uploads\/2019\/08\/LUSA_Logo.gif","contentUrl":"https:\/\/www.altominho.tv\/site\/wp-content\/uploads\/2019\/08\/LUSA_Logo.gif","caption":"Lusa"},"sameAs":["http:\/\/\/\/www.altominho.tv\/site"],"url":"https:\/\/www.altominho.tv\/site\/author\/lusa\/"}]}},"_links":{"self":[{"href":"https:\/\/www.altominho.tv\/site\/wp-json\/wp\/v2\/posts\/36514","targetHints":{"allow":["GET"]}}],"collection":[{"href":"https:\/\/www.altominho.tv\/site\/wp-json\/wp\/v2\/posts"}],"about":[{"href":"https:\/\/www.altominho.tv\/site\/wp-json\/wp\/v2\/types\/post"}],"author":[{"embeddable":true,"href":"https:\/\/www.altominho.tv\/site\/wp-json\/wp\/v2\/users\/13"}],"replies":[{"embeddable":true,"href":"https:\/\/www.altominho.tv\/site\/wp-json\/wp\/v2\/comments?post=36514"}],"version-history":[{"count":0,"href":"https:\/\/www.altominho.tv\/site\/wp-json\/wp\/v2\/posts\/36514\/revisions"}],"wp:featuredmedia":[{"embeddable":true,"href":"https:\/\/www.altominho.tv\/site\/wp-json\/wp\/v2\/media\/36515"}],"wp:attachment":[{"href":"https:\/\/www.altominho.tv\/site\/wp-json\/wp\/v2\/media?parent=36514"}],"wp:term":[{"taxonomy":"category","embeddable":true,"href":"https:\/\/www.altominho.tv\/site\/wp-json\/wp\/v2\/categories?post=36514"},{"taxonomy":"post_tag","embeddable":true,"href":"https:\/\/www.altominho.tv\/site\/wp-json\/wp\/v2\/tags?post=36514"}],"curies":[{"name":"wp","href":"https:\/\/api.w.org\/{rel}","templated":true}]}}