{"id":36483,"date":"2019-11-07T18:37:07","date_gmt":"2019-11-07T18:37:07","guid":{"rendered":"http:\/\/www.altominho.tv\/site\/?p=36483"},"modified":"2019-11-07T18:37:25","modified_gmt":"2019-11-07T18:37:25","slug":"apresentadas-1-355-propostas-em-consulta-a-revisao-do-plano-diretor-municipal-de-viana","status":"publish","type":"post","link":"https:\/\/www.altominho.tv\/site\/2019\/11\/07\/apresentadas-1-355-propostas-em-consulta-a-revisao-do-plano-diretor-municipal-de-viana\/","title":{"rendered":"Apresentadas 1.355 propostas em consulta \u00e0 revis\u00e3o do Plano Diretor Municipal de Viana"},"content":{"rendered":"<p>Cerca de 1.200 pessoas participaram na consulta p\u00fablica da revis\u00e3o do Plano Diretor Municipal (PDM) de Viana do Castelo, de que resultaram 1.355 propostas que seguem agora para an\u00e1lise t\u00e9cnica.<\/p>\n<p>Em comunicado, a autarquia adiantou que do total de propostas registadas durante a consulta, que decorreu entre 10 e 30 setembro, \u00e0 revis\u00e3o do PDM, datado de 1991, &#8220;1.105 s\u00e3o individuais, 14 coletivas e 202 de iniciativa de Juntas e Uni\u00f5es de Freguesia do concelho&#8221;.<\/p>\n<p>As participa\u00e7\u00f5es &#8220;v\u00e3o ser analisadas durante o per\u00edodo de elabora\u00e7\u00e3o da proposta de revis\u00e3o do Plano Diretor Municipal, que ser\u00e1 alvo de acompanhamento por parte da Comiss\u00e3o Consultiva&#8221;.<\/p>\n<p>Aquela comiss\u00e3o &#8220;foi constitu\u00edda por despacho do Presidente da Comiss\u00e3o de Coordena\u00e7\u00e3o e Desenvolvimento Regional do Norte (CCDR-N)&#8221;.<\/p>\n<p>&#8220;A C\u00e2mara Municipal ir\u00e1 proceder \u00e0 abertura de um per\u00edodo de discuss\u00e3o p\u00fablica da proposta de revis\u00e3o, atrav\u00e9s de aviso a publicar no Di\u00e1rio da Rep\u00fablica e a divulgar na comunica\u00e7\u00e3o social, na plataforma colaborativa de gest\u00e3o territorial e na p\u00e1gina eletr\u00f3nica da autarquia&#8221;, especifica a nota enviada \u00e0 imprensa.<\/p>\n<p>Com a revis\u00e3o do PDM, a autarquia &#8220;pretende efetuar ajustamentos e alargamentos de \u00e1reas de acolhimento empresarial e de zonas habitacionais ou de equipamentos&#8221;.<\/p>\n<p>&#8220;As \u00e1reas de acolhimento empresarial est\u00e3o praticamente lotadas e, tendo em conta que Viana do Castelo continua a ter uma boa capacidade de atra\u00e7\u00e3o de investimento, \u00e9 inten\u00e7\u00e3o do munic\u00edpio otimizar e rentabilizar essas \u00e1reas&#8221;, sustenta.<\/p>\n<p>O processo de revis\u00e3o do PDM de Viana do Castelo foi iniciado em junho com a aprova\u00e7\u00e3o, em reuni\u00e3o camar\u00e1ria, do Relat\u00f3rio Sobre o Estado de Ordenamento do Territ\u00f3rio (REOT).<\/p>\n\n\n<p><\/p>\n","protected":false},"excerpt":{"rendered":"<p>Cerca de 1.200 pessoas participaram na consulta p\u00fablica da revis\u00e3o do Plano Diretor Municipal (PDM) de Viana do Castelo, de que resultaram 1.355 propostas que seguem agora para an\u00e1lise t\u00e9cnica. Em comunicado, a autarquia adiantou que do total de propostas registadas durante a consulta, que decorreu entre 10 e 30 setembro, \u00e0 revis\u00e3o do PDM, [&hellip;]<\/p>\n","protected":false},"author":13,"featured_media":36484,"comment_status":"closed","ping_status":"closed","sticky":false,"template":"","format":"standard","meta":{"_exactmetrics_skip_tracking":false,"_exactmetrics_sitenote_active":false,"_exactmetrics_sitenote_note":"","_exactmetrics_sitenote_category":0,"footnotes":""},"categories":[14],"tags":[27],"class_list":["post-36483","post","type-post","status-publish","format-standard","has-post-thumbnail","hentry","category-viana-do-castelo","tag-sociedade"],"yoast_head":"<!-- This site is optimized with the Yoast SEO Premium plugin v27.5 (Yoast SEO v27.5) - https:\/\/yoast.com\/product\/yoast-seo-premium-wordpress\/ -->\n<title>Apresentadas 1.355 propostas em consulta \u00e0 revis\u00e3o do Plano Diretor Municipal de Viana<\/title>\n<meta name=\"robots\" content=\"index, follow, max-snippet:-1, max-image-preview:large, max-video-preview:-1\" \/>\n<link rel=\"canonical\" href=\"https:\/\/www.altominho.tv\/site\/2019\/11\/07\/apresentadas-1-355-propostas-em-consulta-a-revisao-do-plano-diretor-municipal-de-viana\/\" \/>\n<meta property=\"og:locale\" content=\"pt_PT\" \/>\n<meta property=\"og:type\" content=\"article\" \/>\n<meta property=\"og:title\" content=\"Apresentadas 1.355 propostas em consulta \u00e0 revis\u00e3o do Plano Diretor Municipal de Viana\" \/>\n<meta property=\"og:description\" content=\"Cerca de 1.200 pessoas participaram na consulta p\u00fablica da revis\u00e3o do Plano Diretor Municipal (PDM) de Viana do Castelo, de que resultaram 1.355 propostas que seguem agora para an\u00e1lise t\u00e9cnica. Em comunicado, a autarquia adiantou que do total de propostas registadas durante a consulta, que decorreu entre 10 e 30 setembro, \u00e0 revis\u00e3o do PDM, [&hellip;]\" \/>\n<meta property=\"og:url\" content=\"https:\/\/www.altominho.tv\/site\/2019\/11\/07\/apresentadas-1-355-propostas-em-consulta-a-revisao-do-plano-diretor-municipal-de-viana\/\" \/>\n<meta property=\"og:site_name\" content=\"Altominho.tv\" \/>\n<meta property=\"article:publisher\" content=\"https:\/\/www.facebook.com\/altominhotv\" \/>\n<meta property=\"article:published_time\" content=\"2019-11-07T18:37:07+00:00\" \/>\n<meta property=\"article:modified_time\" content=\"2019-11-07T18:37:25+00:00\" \/>\n<meta property=\"og:image\" content=\"https:\/\/www.altominho.tv\/site\/wp-content\/uploads\/2019\/11\/aerea_viana2.jpg\" \/>\n\t<meta property=\"og:image:width\" content=\"1600\" \/>\n\t<meta property=\"og:image:height\" content=\"712\" \/>\n\t<meta property=\"og:image:type\" content=\"image\/jpeg\" \/>\n<meta name=\"author\" content=\"Lusa\" \/>\n<meta name=\"twitter:card\" content=\"summary_large_image\" \/>\n<meta name=\"twitter:creator\" content=\"@altominhoTV\" \/>\n<meta name=\"twitter:site\" content=\"@altominhoTV\" \/>\n<meta name=\"twitter:label1\" content=\"Escrito por\" \/>\n\t<meta name=\"twitter:data1\" content=\"Lusa\" \/>\n\t<meta name=\"twitter:label2\" content=\"Tempo estimado de leitura\" \/>\n\t<meta name=\"twitter:data2\" content=\"1 minuto\" \/>\n<script type=\"application\/ld+json\" class=\"yoast-schema-graph\">{\"@context\":\"https:\\\/\\\/schema.org\",\"@graph\":[{\"@type\":\"Article\",\"@id\":\"https:\\\/\\\/www.altominho.tv\\\/site\\\/2019\\\/11\\\/07\\\/apresentadas-1-355-propostas-em-consulta-a-revisao-do-plano-diretor-municipal-de-viana\\\/#article\",\"isPartOf\":{\"@id\":\"https:\\\/\\\/www.altominho.tv\\\/site\\\/2019\\\/11\\\/07\\\/apresentadas-1-355-propostas-em-consulta-a-revisao-do-plano-diretor-municipal-de-viana\\\/\"},\"author\":{\"name\":\"Lusa\",\"@id\":\"https:\\\/\\\/www.altominho.tv\\\/site\\\/#\\\/schema\\\/person\\\/63f693da3e1899361cbe955c46f3232e\"},\"headline\":\"Apresentadas 1.355 propostas em consulta \u00e0 revis\u00e3o do Plano Diretor Municipal de Viana\",\"datePublished\":\"2019-11-07T18:37:07+00:00\",\"dateModified\":\"2019-11-07T18:37:25+00:00\",\"mainEntityOfPage\":{\"@id\":\"https:\\\/\\\/www.altominho.tv\\\/site\\\/2019\\\/11\\\/07\\\/apresentadas-1-355-propostas-em-consulta-a-revisao-do-plano-diretor-municipal-de-viana\\\/\"},\"wordCount\":301,\"image\":{\"@id\":\"https:\\\/\\\/www.altominho.tv\\\/site\\\/2019\\\/11\\\/07\\\/apresentadas-1-355-propostas-em-consulta-a-revisao-do-plano-diretor-municipal-de-viana\\\/#primaryimage\"},\"thumbnailUrl\":\"https:\\\/\\\/www.altominho.tv\\\/site\\\/wp-content\\\/uploads\\\/2019\\\/11\\\/aerea_viana2.jpg\",\"keywords\":[\"Sociedade\"],\"articleSection\":[\"Viana do Castelo\"],\"inLanguage\":\"pt-PT\",\"copyrightYear\":\"2019\",\"copyrightHolder\":{\"@id\":\"https:\\\/\\\/www.altominho.tv\\\/site\\\/#organization\"}},{\"@type\":\"WebPage\",\"@id\":\"https:\\\/\\\/www.altominho.tv\\\/site\\\/2019\\\/11\\\/07\\\/apresentadas-1-355-propostas-em-consulta-a-revisao-do-plano-diretor-municipal-de-viana\\\/\",\"url\":\"https:\\\/\\\/www.altominho.tv\\\/site\\\/2019\\\/11\\\/07\\\/apresentadas-1-355-propostas-em-consulta-a-revisao-do-plano-diretor-municipal-de-viana\\\/\",\"name\":\"Apresentadas 1.355 propostas em consulta \u00e0 revis\u00e3o do Plano Diretor Municipal de Viana\",\"isPartOf\":{\"@id\":\"https:\\\/\\\/www.altominho.tv\\\/site\\\/#website\"},\"primaryImageOfPage\":{\"@id\":\"https:\\\/\\\/www.altominho.tv\\\/site\\\/2019\\\/11\\\/07\\\/apresentadas-1-355-propostas-em-consulta-a-revisao-do-plano-diretor-municipal-de-viana\\\/#primaryimage\"},\"image\":{\"@id\":\"https:\\\/\\\/www.altominho.tv\\\/site\\\/2019\\\/11\\\/07\\\/apresentadas-1-355-propostas-em-consulta-a-revisao-do-plano-diretor-municipal-de-viana\\\/#primaryimage\"},\"thumbnailUrl\":\"https:\\\/\\\/www.altominho.tv\\\/site\\\/wp-content\\\/uploads\\\/2019\\\/11\\\/aerea_viana2.jpg\",\"datePublished\":\"2019-11-07T18:37:07+00:00\",\"dateModified\":\"2019-11-07T18:37:25+00:00\",\"author\":{\"@id\":\"https:\\\/\\\/www.altominho.tv\\\/site\\\/#\\\/schema\\\/person\\\/63f693da3e1899361cbe955c46f3232e\"},\"breadcrumb\":{\"@id\":\"https:\\\/\\\/www.altominho.tv\\\/site\\\/2019\\\/11\\\/07\\\/apresentadas-1-355-propostas-em-consulta-a-revisao-do-plano-diretor-municipal-de-viana\\\/#breadcrumb\"},\"inLanguage\":\"pt-PT\",\"potentialAction\":[{\"@type\":\"ReadAction\",\"target\":[\"https:\\\/\\\/www.altominho.tv\\\/site\\\/2019\\\/11\\\/07\\\/apresentadas-1-355-propostas-em-consulta-a-revisao-do-plano-diretor-municipal-de-viana\\\/\"]}]},{\"@type\":\"ImageObject\",\"inLanguage\":\"pt-PT\",\"@id\":\"https:\\\/\\\/www.altominho.tv\\\/site\\\/2019\\\/11\\\/07\\\/apresentadas-1-355-propostas-em-consulta-a-revisao-do-plano-diretor-municipal-de-viana\\\/#primaryimage\",\"url\":\"https:\\\/\\\/www.altominho.tv\\\/site\\\/wp-content\\\/uploads\\\/2019\\\/11\\\/aerea_viana2.jpg\",\"contentUrl\":\"https:\\\/\\\/www.altominho.tv\\\/site\\\/wp-content\\\/uploads\\\/2019\\\/11\\\/aerea_viana2.jpg\",\"width\":1600,\"height\":712,\"caption\":\"CM VIANA DO CASTELO\"},{\"@type\":\"BreadcrumbList\",\"@id\":\"https:\\\/\\\/www.altominho.tv\\\/site\\\/2019\\\/11\\\/07\\\/apresentadas-1-355-propostas-em-consulta-a-revisao-do-plano-diretor-municipal-de-viana\\\/#breadcrumb\",\"itemListElement\":[{\"@type\":\"ListItem\",\"position\":1,\"name\":\"In\u00edcio\",\"item\":\"https:\\\/\\\/www.altominho.tv\\\/site\\\/\"},{\"@type\":\"ListItem\",\"position\":2,\"name\":\"Apresentadas 1.355 propostas em consulta \u00e0 revis\u00e3o do Plano Diretor Municipal de Viana\"}]},{\"@type\":\"WebSite\",\"@id\":\"https:\\\/\\\/www.altominho.tv\\\/site\\\/#website\",\"url\":\"https:\\\/\\\/www.altominho.tv\\\/site\\\/\",\"name\":\"Altominho.tv\",\"description\":\"A sua regi\u00e3o \u00e0 dist\u00e2ncia de um clique...\",\"potentialAction\":[{\"@type\":\"SearchAction\",\"target\":{\"@type\":\"EntryPoint\",\"urlTemplate\":\"https:\\\/\\\/www.altominho.tv\\\/site\\\/?s={search_term_string}\"},\"query-input\":{\"@type\":\"PropertyValueSpecification\",\"valueRequired\":true,\"valueName\":\"search_term_string\"}}],\"inLanguage\":\"pt-PT\"},{\"@type\":\"Person\",\"@id\":\"https:\\\/\\\/www.altominho.tv\\\/site\\\/#\\\/schema\\\/person\\\/63f693da3e1899361cbe955c46f3232e\",\"name\":\"Lusa\",\"image\":{\"@type\":\"ImageObject\",\"inLanguage\":\"pt-PT\",\"@id\":\"https:\\\/\\\/www.altominho.tv\\\/site\\\/wp-content\\\/uploads\\\/2019\\\/08\\\/LUSA_Logo.gif\",\"url\":\"https:\\\/\\\/www.altominho.tv\\\/site\\\/wp-content\\\/uploads\\\/2019\\\/08\\\/LUSA_Logo.gif\",\"contentUrl\":\"https:\\\/\\\/www.altominho.tv\\\/site\\\/wp-content\\\/uploads\\\/2019\\\/08\\\/LUSA_Logo.gif\",\"caption\":\"Lusa\"},\"sameAs\":[\"http:\\\/\\\/\\\/\\\/www.altominho.tv\\\/site\"],\"url\":\"https:\\\/\\\/www.altominho.tv\\\/site\\\/author\\\/lusa\\\/\"}]}<\/script>\n<!-- \/ Yoast SEO Premium plugin. -->","yoast_head_json":{"title":"Apresentadas 1.355 propostas em consulta \u00e0 revis\u00e3o do Plano Diretor Municipal de Viana","robots":{"index":"index","follow":"follow","max-snippet":"max-snippet:-1","max-image-preview":"max-image-preview:large","max-video-preview":"max-video-preview:-1"},"canonical":"https:\/\/www.altominho.tv\/site\/2019\/11\/07\/apresentadas-1-355-propostas-em-consulta-a-revisao-do-plano-diretor-municipal-de-viana\/","og_locale":"pt_PT","og_type":"article","og_title":"Apresentadas 1.355 propostas em consulta \u00e0 revis\u00e3o do Plano Diretor Municipal de Viana","og_description":"Cerca de 1.200 pessoas participaram na consulta p\u00fablica da revis\u00e3o do Plano Diretor Municipal (PDM) de Viana do Castelo, de que resultaram 1.355 propostas que seguem agora para an\u00e1lise t\u00e9cnica. Em comunicado, a autarquia adiantou que do total de propostas registadas durante a consulta, que decorreu entre 10 e 30 setembro, \u00e0 revis\u00e3o do PDM, [&hellip;]","og_url":"https:\/\/www.altominho.tv\/site\/2019\/11\/07\/apresentadas-1-355-propostas-em-consulta-a-revisao-do-plano-diretor-municipal-de-viana\/","og_site_name":"Altominho.tv","article_publisher":"https:\/\/www.facebook.com\/altominhotv","article_published_time":"2019-11-07T18:37:07+00:00","article_modified_time":"2019-11-07T18:37:25+00:00","og_image":[{"width":1600,"height":712,"url":"https:\/\/www.altominho.tv\/site\/wp-content\/uploads\/2019\/11\/aerea_viana2.jpg","type":"image\/jpeg"}],"author":"Lusa","twitter_card":"summary_large_image","twitter_creator":"@altominhoTV","twitter_site":"@altominhoTV","twitter_misc":{"Escrito por":"Lusa","Tempo estimado de leitura":"1 minuto"},"schema":{"@context":"https:\/\/schema.org","@graph":[{"@type":"Article","@id":"https:\/\/www.altominho.tv\/site\/2019\/11\/07\/apresentadas-1-355-propostas-em-consulta-a-revisao-do-plano-diretor-municipal-de-viana\/#article","isPartOf":{"@id":"https:\/\/www.altominho.tv\/site\/2019\/11\/07\/apresentadas-1-355-propostas-em-consulta-a-revisao-do-plano-diretor-municipal-de-viana\/"},"author":{"name":"Lusa","@id":"https:\/\/www.altominho.tv\/site\/#\/schema\/person\/63f693da3e1899361cbe955c46f3232e"},"headline":"Apresentadas 1.355 propostas em consulta \u00e0 revis\u00e3o do Plano Diretor Municipal de Viana","datePublished":"2019-11-07T18:37:07+00:00","dateModified":"2019-11-07T18:37:25+00:00","mainEntityOfPage":{"@id":"https:\/\/www.altominho.tv\/site\/2019\/11\/07\/apresentadas-1-355-propostas-em-consulta-a-revisao-do-plano-diretor-municipal-de-viana\/"},"wordCount":301,"image":{"@id":"https:\/\/www.altominho.tv\/site\/2019\/11\/07\/apresentadas-1-355-propostas-em-consulta-a-revisao-do-plano-diretor-municipal-de-viana\/#primaryimage"},"thumbnailUrl":"https:\/\/www.altominho.tv\/site\/wp-content\/uploads\/2019\/11\/aerea_viana2.jpg","keywords":["Sociedade"],"articleSection":["Viana do Castelo"],"inLanguage":"pt-PT","copyrightYear":"2019","copyrightHolder":{"@id":"https:\/\/www.altominho.tv\/site\/#organization"}},{"@type":"WebPage","@id":"https:\/\/www.altominho.tv\/site\/2019\/11\/07\/apresentadas-1-355-propostas-em-consulta-a-revisao-do-plano-diretor-municipal-de-viana\/","url":"https:\/\/www.altominho.tv\/site\/2019\/11\/07\/apresentadas-1-355-propostas-em-consulta-a-revisao-do-plano-diretor-municipal-de-viana\/","name":"Apresentadas 1.355 propostas em consulta \u00e0 revis\u00e3o do Plano Diretor Municipal de Viana","isPartOf":{"@id":"https:\/\/www.altominho.tv\/site\/#website"},"primaryImageOfPage":{"@id":"https:\/\/www.altominho.tv\/site\/2019\/11\/07\/apresentadas-1-355-propostas-em-consulta-a-revisao-do-plano-diretor-municipal-de-viana\/#primaryimage"},"image":{"@id":"https:\/\/www.altominho.tv\/site\/2019\/11\/07\/apresentadas-1-355-propostas-em-consulta-a-revisao-do-plano-diretor-municipal-de-viana\/#primaryimage"},"thumbnailUrl":"https:\/\/www.altominho.tv\/site\/wp-content\/uploads\/2019\/11\/aerea_viana2.jpg","datePublished":"2019-11-07T18:37:07+00:00","dateModified":"2019-11-07T18:37:25+00:00","author":{"@id":"https:\/\/www.altominho.tv\/site\/#\/schema\/person\/63f693da3e1899361cbe955c46f3232e"},"breadcrumb":{"@id":"https:\/\/www.altominho.tv\/site\/2019\/11\/07\/apresentadas-1-355-propostas-em-consulta-a-revisao-do-plano-diretor-municipal-de-viana\/#breadcrumb"},"inLanguage":"pt-PT","potentialAction":[{"@type":"ReadAction","target":["https:\/\/www.altominho.tv\/site\/2019\/11\/07\/apresentadas-1-355-propostas-em-consulta-a-revisao-do-plano-diretor-municipal-de-viana\/"]}]},{"@type":"ImageObject","inLanguage":"pt-PT","@id":"https:\/\/www.altominho.tv\/site\/2019\/11\/07\/apresentadas-1-355-propostas-em-consulta-a-revisao-do-plano-diretor-municipal-de-viana\/#primaryimage","url":"https:\/\/www.altominho.tv\/site\/wp-content\/uploads\/2019\/11\/aerea_viana2.jpg","contentUrl":"https:\/\/www.altominho.tv\/site\/wp-content\/uploads\/2019\/11\/aerea_viana2.jpg","width":1600,"height":712,"caption":"CM VIANA DO CASTELO"},{"@type":"BreadcrumbList","@id":"https:\/\/www.altominho.tv\/site\/2019\/11\/07\/apresentadas-1-355-propostas-em-consulta-a-revisao-do-plano-diretor-municipal-de-viana\/#breadcrumb","itemListElement":[{"@type":"ListItem","position":1,"name":"In\u00edcio","item":"https:\/\/www.altominho.tv\/site\/"},{"@type":"ListItem","position":2,"name":"Apresentadas 1.355 propostas em consulta \u00e0 revis\u00e3o do Plano Diretor Municipal de Viana"}]},{"@type":"WebSite","@id":"https:\/\/www.altominho.tv\/site\/#website","url":"https:\/\/www.altominho.tv\/site\/","name":"Altominho.tv","description":"A sua regi\u00e3o \u00e0 dist\u00e2ncia de um clique...","potentialAction":[{"@type":"SearchAction","target":{"@type":"EntryPoint","urlTemplate":"https:\/\/www.altominho.tv\/site\/?s={search_term_string}"},"query-input":{"@type":"PropertyValueSpecification","valueRequired":true,"valueName":"search_term_string"}}],"inLanguage":"pt-PT"},{"@type":"Person","@id":"https:\/\/www.altominho.tv\/site\/#\/schema\/person\/63f693da3e1899361cbe955c46f3232e","name":"Lusa","image":{"@type":"ImageObject","inLanguage":"pt-PT","@id":"https:\/\/www.altominho.tv\/site\/wp-content\/uploads\/2019\/08\/LUSA_Logo.gif","url":"https:\/\/www.altominho.tv\/site\/wp-content\/uploads\/2019\/08\/LUSA_Logo.gif","contentUrl":"https:\/\/www.altominho.tv\/site\/wp-content\/uploads\/2019\/08\/LUSA_Logo.gif","caption":"Lusa"},"sameAs":["http:\/\/\/\/www.altominho.tv\/site"],"url":"https:\/\/www.altominho.tv\/site\/author\/lusa\/"}]}},"_links":{"self":[{"href":"https:\/\/www.altominho.tv\/site\/wp-json\/wp\/v2\/posts\/36483","targetHints":{"allow":["GET"]}}],"collection":[{"href":"https:\/\/www.altominho.tv\/site\/wp-json\/wp\/v2\/posts"}],"about":[{"href":"https:\/\/www.altominho.tv\/site\/wp-json\/wp\/v2\/types\/post"}],"author":[{"embeddable":true,"href":"https:\/\/www.altominho.tv\/site\/wp-json\/wp\/v2\/users\/13"}],"replies":[{"embeddable":true,"href":"https:\/\/www.altominho.tv\/site\/wp-json\/wp\/v2\/comments?post=36483"}],"version-history":[{"count":0,"href":"https:\/\/www.altominho.tv\/site\/wp-json\/wp\/v2\/posts\/36483\/revisions"}],"wp:featuredmedia":[{"embeddable":true,"href":"https:\/\/www.altominho.tv\/site\/wp-json\/wp\/v2\/media\/36484"}],"wp:attachment":[{"href":"https:\/\/www.altominho.tv\/site\/wp-json\/wp\/v2\/media?parent=36483"}],"wp:term":[{"taxonomy":"category","embeddable":true,"href":"https:\/\/www.altominho.tv\/site\/wp-json\/wp\/v2\/categories?post=36483"},{"taxonomy":"post_tag","embeddable":true,"href":"https:\/\/www.altominho.tv\/site\/wp-json\/wp\/v2\/tags?post=36483"}],"curies":[{"name":"wp","href":"https:\/\/api.w.org\/{rel}","templated":true}]}}