{"id":36478,"date":"2019-11-07T15:16:13","date_gmt":"2019-11-07T15:16:13","guid":{"rendered":"http:\/\/www.altominho.tv\/site\/?p=36478"},"modified":"2019-11-07T16:20:10","modified_gmt":"2019-11-07T16:20:10","slug":"autarcas-do-norte-reclamam-medidas-simplex-para-acesso-a-fundos-comuntarios","status":"publish","type":"post","link":"https:\/\/www.altominho.tv\/site\/2019\/11\/07\/autarcas-do-norte-reclamam-medidas-simplex-para-acesso-a-fundos-comuntarios\/","title":{"rendered":"Autarcas do Norte reclamam medidas &#8216;simplex&#8217; para acesso a fundos comunt\u00e1rios"},"content":{"rendered":"\n<p>Autarcas do Norte reclamaram hoje a implementa\u00e7\u00e3o de medidas \u2018simplex&#8217; para &#8220;agilizar&#8221; o acesso aos fundos do pr\u00f3ximo quadro comunit\u00e1rio de apoio, face \u00e0 &#8220;burocracia&#8221; que tem &#8220;dificultado&#8221; e &#8220;atrasado&#8221; a execu\u00e7\u00e3o do Portugal 2020.\u00a0<br><\/p>\n\n\n\n<p>&#8220;No fundo, estamos a falar de burocracias. N\u00f3s ouvimos em Bruxelas falar que \u00e9 preciso fazer a simplifica\u00e7\u00e3o. Precisamos de um \u2018simplex&#8217;, de facto, para o quadro comunit\u00e1rio de apoio. Esperamos que o Portugal 2020 ainda possa trazer esse \u2018simplex'&#8221;, afirmou o presidente da Comunidade Intermunicipal (CIM) do Alto Minho, Jos\u00e9 Maria Costa.<br><\/p>\n\n\n\n<p>O socialista Jos\u00e9 Maria Costa adiantou que vai ser solicitada, com &#8220;car\u00e1ter de urg\u00eancia&#8221;, uma audi\u00eancia \u00e0 nova ministra da Coes\u00e3o Territorial, Ana Abrunhosa, a quem querem apresentar &#8220;medidas&#8221;, com &#8220;instrumentos muito simples, para rapidamente operacionalizar&#8221; o acesso aos fundos comunit\u00e1rios.&nbsp;<br><\/p>\n\n\n\n<p>O autarca falava em Viana do Castelo, no final da oitava reuni\u00e3o da Plataforma de Concerta\u00e7\u00e3o Intermunicipal da Regi\u00e3o Norte, que hoje reuniu as sete Comunidades Intermunicipais (CIM) do Norte e a \u00c1rea Metropolitana do Porto (AMP).&nbsp;<\/p>\n\n\n\n<p>&#8220;No fundo, estamos a falar de burocracias. N\u00f3s ouvimos em Bruxelas falar que \u00e9 preciso fazer a simplifica\u00e7\u00e3o. Precisamos de um \u2018simplex&#8217;, de facto, para o quadro comunit\u00e1rio de apoio. Esperamos que o Portugal 2020 ainda possa trazer esse \u2018simplex'&#8221;, afirmou o presidente da Comunidade Intermunicipal (CIM) do Alto Minho, Jos\u00e9 Maria Costa.<br><\/p>\n\n\n\n<p>O socialista Jos\u00e9 Maria Costa adiantou que vai ser solicitada, com &#8220;car\u00e1ter de urg\u00eancia&#8221;, uma audi\u00eancia \u00e0 nova ministra da Coes\u00e3o Territorial, Ana Abrunhosa, a quem querem apresentar &#8220;medidas&#8221;, com &#8220;instrumentos muito simples, para rapidamente operacionalizar&#8221; o acesso aos fundos comunit\u00e1rios.\u00a0<br><\/p>\n\n\n\n<p>O autarca falava em Viana do Castelo, no final da oitava reuni\u00e3o da Plataforma de Concerta\u00e7\u00e3o Intermunicipal da Regi\u00e3o Norte, que hoje reuniu as sete Comunidades Intermunicipais (CIM) do Norte e a \u00c1rea Metropolitana do Porto (AMP).\u00a0<\/p>\n","protected":false},"excerpt":{"rendered":"<p>Autarcas do Norte reclamaram hoje a implementa\u00e7\u00e3o de medidas \u2018simplex&#8217; para &#8220;agilizar&#8221; o acesso aos fundos do pr\u00f3ximo quadro comunit\u00e1rio de apoio, face \u00e0 &#8220;burocracia&#8221; que tem &#8220;dificultado&#8221; e &#8220;atrasado&#8221; a execu\u00e7\u00e3o do Portugal 2020.\u00a0 &#8220;No fundo, estamos a falar de burocracias. N\u00f3s ouvimos em Bruxelas falar que \u00e9 preciso fazer a simplifica\u00e7\u00e3o. Precisamos de [&hellip;]<\/p>\n","protected":false},"author":16,"featured_media":36479,"comment_status":"closed","ping_status":"closed","sticky":false,"template":"","format":"standard","meta":{"_exactmetrics_skip_tracking":false,"_exactmetrics_sitenote_active":false,"_exactmetrics_sitenote_note":"","_exactmetrics_sitenote_category":0,"footnotes":""},"categories":[73],"tags":[27],"class_list":["post-36478","post","type-post","status-publish","format-standard","has-post-thumbnail","hentry","category-alto-minho","tag-sociedade"],"yoast_head":"<!-- This site is optimized with the Yoast SEO Premium plugin v27.5 (Yoast SEO v27.5) - https:\/\/yoast.com\/product\/yoast-seo-premium-wordpress\/ -->\n<title>Autarcas do Norte reclamam medidas &#039;simplex&#039; para acesso a fundos comunt\u00e1rios<\/title>\n<meta name=\"robots\" content=\"index, follow, max-snippet:-1, max-image-preview:large, max-video-preview:-1\" \/>\n<link rel=\"canonical\" href=\"https:\/\/www.altominho.tv\/site\/2019\/11\/07\/autarcas-do-norte-reclamam-medidas-simplex-para-acesso-a-fundos-comuntarios\/\" \/>\n<meta property=\"og:locale\" content=\"pt_PT\" \/>\n<meta property=\"og:type\" content=\"article\" \/>\n<meta property=\"og:title\" content=\"Autarcas do Norte reclamam medidas &#039;simplex&#039; para acesso a fundos comunt\u00e1rios\" \/>\n<meta property=\"og:description\" content=\"Autarcas do Norte reclamaram hoje a implementa\u00e7\u00e3o de medidas \u2018simplex&#8217; para &#8220;agilizar&#8221; o acesso aos fundos do pr\u00f3ximo quadro comunit\u00e1rio de apoio, face \u00e0 &#8220;burocracia&#8221; que tem &#8220;dificultado&#8221; e &#8220;atrasado&#8221; a execu\u00e7\u00e3o do Portugal 2020.\u00a0 &#8220;No fundo, estamos a falar de burocracias. N\u00f3s ouvimos em Bruxelas falar que \u00e9 preciso fazer a simplifica\u00e7\u00e3o. Precisamos de [&hellip;]\" \/>\n<meta property=\"og:url\" content=\"https:\/\/www.altominho.tv\/site\/2019\/11\/07\/autarcas-do-norte-reclamam-medidas-simplex-para-acesso-a-fundos-comuntarios\/\" \/>\n<meta property=\"og:site_name\" content=\"Altominho.tv\" \/>\n<meta property=\"article:publisher\" content=\"https:\/\/www.facebook.com\/altominhotv\" \/>\n<meta property=\"article:published_time\" content=\"2019-11-07T15:16:13+00:00\" \/>\n<meta property=\"article:modified_time\" content=\"2019-11-07T16:20:10+00:00\" \/>\n<meta property=\"og:image\" content=\"https:\/\/www.altominho.tv\/site\/wp-content\/uploads\/2019\/11\/jmcosta.jpg\" \/>\n\t<meta property=\"og:image:width\" content=\"1060\" \/>\n\t<meta property=\"og:image:height\" content=\"594\" \/>\n\t<meta property=\"og:image:type\" content=\"image\/jpeg\" \/>\n<meta name=\"author\" content=\"Andreia Cunha | Lusa\" \/>\n<meta name=\"twitter:card\" content=\"summary_large_image\" \/>\n<meta name=\"twitter:creator\" content=\"@altominhoTV\" \/>\n<meta name=\"twitter:site\" content=\"@altominhoTV\" \/>\n<meta name=\"twitter:label1\" content=\"Escrito por\" \/>\n\t<meta name=\"twitter:data1\" content=\"Andreia Cunha | Lusa\" \/>\n\t<meta name=\"twitter:label2\" content=\"Tempo estimado de leitura\" \/>\n\t<meta name=\"twitter:data2\" content=\"2 minutos\" \/>\n<script type=\"application\/ld+json\" class=\"yoast-schema-graph\">{\"@context\":\"https:\\\/\\\/schema.org\",\"@graph\":[{\"@type\":\"Article\",\"@id\":\"https:\\\/\\\/www.altominho.tv\\\/site\\\/2019\\\/11\\\/07\\\/autarcas-do-norte-reclamam-medidas-simplex-para-acesso-a-fundos-comuntarios\\\/#article\",\"isPartOf\":{\"@id\":\"https:\\\/\\\/www.altominho.tv\\\/site\\\/2019\\\/11\\\/07\\\/autarcas-do-norte-reclamam-medidas-simplex-para-acesso-a-fundos-comuntarios\\\/\"},\"author\":{\"name\":\"Andreia Cunha | Lusa\",\"@id\":\"https:\\\/\\\/www.altominho.tv\\\/site\\\/#\\\/schema\\\/person\\\/dbaf181c01b51ff40c9f461a905d321e\"},\"headline\":\"Autarcas do Norte reclamam medidas &#8216;simplex&#8217; para acesso a fundos comunt\u00e1rios\",\"datePublished\":\"2019-11-07T15:16:13+00:00\",\"dateModified\":\"2019-11-07T16:20:10+00:00\",\"mainEntityOfPage\":{\"@id\":\"https:\\\/\\\/www.altominho.tv\\\/site\\\/2019\\\/11\\\/07\\\/autarcas-do-norte-reclamam-medidas-simplex-para-acesso-a-fundos-comuntarios\\\/\"},\"wordCount\":329,\"image\":{\"@id\":\"https:\\\/\\\/www.altominho.tv\\\/site\\\/2019\\\/11\\\/07\\\/autarcas-do-norte-reclamam-medidas-simplex-para-acesso-a-fundos-comuntarios\\\/#primaryimage\"},\"thumbnailUrl\":\"https:\\\/\\\/www.altominho.tv\\\/site\\\/wp-content\\\/uploads\\\/2019\\\/11\\\/jmcosta.jpg\",\"keywords\":[\"Sociedade\"],\"articleSection\":[\"Alto Minho\"],\"inLanguage\":\"pt-PT\",\"copyrightYear\":\"2019\",\"copyrightHolder\":{\"@id\":\"https:\\\/\\\/www.altominho.tv\\\/site\\\/#organization\"}},{\"@type\":\"WebPage\",\"@id\":\"https:\\\/\\\/www.altominho.tv\\\/site\\\/2019\\\/11\\\/07\\\/autarcas-do-norte-reclamam-medidas-simplex-para-acesso-a-fundos-comuntarios\\\/\",\"url\":\"https:\\\/\\\/www.altominho.tv\\\/site\\\/2019\\\/11\\\/07\\\/autarcas-do-norte-reclamam-medidas-simplex-para-acesso-a-fundos-comuntarios\\\/\",\"name\":\"Autarcas do Norte reclamam medidas 'simplex' para acesso a fundos comunt\u00e1rios\",\"isPartOf\":{\"@id\":\"https:\\\/\\\/www.altominho.tv\\\/site\\\/#website\"},\"primaryImageOfPage\":{\"@id\":\"https:\\\/\\\/www.altominho.tv\\\/site\\\/2019\\\/11\\\/07\\\/autarcas-do-norte-reclamam-medidas-simplex-para-acesso-a-fundos-comuntarios\\\/#primaryimage\"},\"image\":{\"@id\":\"https:\\\/\\\/www.altominho.tv\\\/site\\\/2019\\\/11\\\/07\\\/autarcas-do-norte-reclamam-medidas-simplex-para-acesso-a-fundos-comuntarios\\\/#primaryimage\"},\"thumbnailUrl\":\"https:\\\/\\\/www.altominho.tv\\\/site\\\/wp-content\\\/uploads\\\/2019\\\/11\\\/jmcosta.jpg\",\"datePublished\":\"2019-11-07T15:16:13+00:00\",\"dateModified\":\"2019-11-07T16:20:10+00:00\",\"author\":{\"@id\":\"https:\\\/\\\/www.altominho.tv\\\/site\\\/#\\\/schema\\\/person\\\/dbaf181c01b51ff40c9f461a905d321e\"},\"breadcrumb\":{\"@id\":\"https:\\\/\\\/www.altominho.tv\\\/site\\\/2019\\\/11\\\/07\\\/autarcas-do-norte-reclamam-medidas-simplex-para-acesso-a-fundos-comuntarios\\\/#breadcrumb\"},\"inLanguage\":\"pt-PT\",\"potentialAction\":[{\"@type\":\"ReadAction\",\"target\":[\"https:\\\/\\\/www.altominho.tv\\\/site\\\/2019\\\/11\\\/07\\\/autarcas-do-norte-reclamam-medidas-simplex-para-acesso-a-fundos-comuntarios\\\/\"]}]},{\"@type\":\"ImageObject\",\"inLanguage\":\"pt-PT\",\"@id\":\"https:\\\/\\\/www.altominho.tv\\\/site\\\/2019\\\/11\\\/07\\\/autarcas-do-norte-reclamam-medidas-simplex-para-acesso-a-fundos-comuntarios\\\/#primaryimage\",\"url\":\"https:\\\/\\\/www.altominho.tv\\\/site\\\/wp-content\\\/uploads\\\/2019\\\/11\\\/jmcosta.jpg\",\"contentUrl\":\"https:\\\/\\\/www.altominho.tv\\\/site\\\/wp-content\\\/uploads\\\/2019\\\/11\\\/jmcosta.jpg\",\"width\":1060,\"height\":594},{\"@type\":\"BreadcrumbList\",\"@id\":\"https:\\\/\\\/www.altominho.tv\\\/site\\\/2019\\\/11\\\/07\\\/autarcas-do-norte-reclamam-medidas-simplex-para-acesso-a-fundos-comuntarios\\\/#breadcrumb\",\"itemListElement\":[{\"@type\":\"ListItem\",\"position\":1,\"name\":\"In\u00edcio\",\"item\":\"https:\\\/\\\/www.altominho.tv\\\/site\\\/\"},{\"@type\":\"ListItem\",\"position\":2,\"name\":\"Autarcas do Norte reclamam medidas &#8216;simplex&#8217; para acesso a fundos comunt\u00e1rios\"}]},{\"@type\":\"WebSite\",\"@id\":\"https:\\\/\\\/www.altominho.tv\\\/site\\\/#website\",\"url\":\"https:\\\/\\\/www.altominho.tv\\\/site\\\/\",\"name\":\"Altominho.tv\",\"description\":\"A sua regi\u00e3o \u00e0 dist\u00e2ncia de um clique...\",\"potentialAction\":[{\"@type\":\"SearchAction\",\"target\":{\"@type\":\"EntryPoint\",\"urlTemplate\":\"https:\\\/\\\/www.altominho.tv\\\/site\\\/?s={search_term_string}\"},\"query-input\":{\"@type\":\"PropertyValueSpecification\",\"valueRequired\":true,\"valueName\":\"search_term_string\"}}],\"inLanguage\":\"pt-PT\"},{\"@type\":\"Person\",\"@id\":\"https:\\\/\\\/www.altominho.tv\\\/site\\\/#\\\/schema\\\/person\\\/dbaf181c01b51ff40c9f461a905d321e\",\"name\":\"Andreia Cunha | Lusa\",\"image\":{\"@type\":\"ImageObject\",\"inLanguage\":\"pt-PT\",\"@id\":\"https:\\\/\\\/www.altominho.tv\\\/site\\\/wp-content\\\/uploads\\\/2017\\\/11\\\/Andreia_Cunha-1-150x150.jpg\",\"url\":\"https:\\\/\\\/www.altominho.tv\\\/site\\\/wp-content\\\/uploads\\\/2017\\\/11\\\/Andreia_Cunha-1-150x150.jpg\",\"contentUrl\":\"https:\\\/\\\/www.altominho.tv\\\/site\\\/wp-content\\\/uploads\\\/2017\\\/11\\\/Andreia_Cunha-1-150x150.jpg\",\"caption\":\"Andreia Cunha | Lusa\"},\"sameAs\":[\"https:\\\/\\\/www.altominho.tv\\\/site\"],\"url\":\"https:\\\/\\\/www.altominho.tv\\\/site\\\/author\\\/andreiacunhalusa\\\/\"}]}<\/script>\n<!-- \/ Yoast SEO Premium plugin. -->","yoast_head_json":{"title":"Autarcas do Norte reclamam medidas 'simplex' para acesso a fundos comunt\u00e1rios","robots":{"index":"index","follow":"follow","max-snippet":"max-snippet:-1","max-image-preview":"max-image-preview:large","max-video-preview":"max-video-preview:-1"},"canonical":"https:\/\/www.altominho.tv\/site\/2019\/11\/07\/autarcas-do-norte-reclamam-medidas-simplex-para-acesso-a-fundos-comuntarios\/","og_locale":"pt_PT","og_type":"article","og_title":"Autarcas do Norte reclamam medidas 'simplex' para acesso a fundos comunt\u00e1rios","og_description":"Autarcas do Norte reclamaram hoje a implementa\u00e7\u00e3o de medidas \u2018simplex&#8217; para &#8220;agilizar&#8221; o acesso aos fundos do pr\u00f3ximo quadro comunit\u00e1rio de apoio, face \u00e0 &#8220;burocracia&#8221; que tem &#8220;dificultado&#8221; e &#8220;atrasado&#8221; a execu\u00e7\u00e3o do Portugal 2020.\u00a0 &#8220;No fundo, estamos a falar de burocracias. N\u00f3s ouvimos em Bruxelas falar que \u00e9 preciso fazer a simplifica\u00e7\u00e3o. Precisamos de [&hellip;]","og_url":"https:\/\/www.altominho.tv\/site\/2019\/11\/07\/autarcas-do-norte-reclamam-medidas-simplex-para-acesso-a-fundos-comuntarios\/","og_site_name":"Altominho.tv","article_publisher":"https:\/\/www.facebook.com\/altominhotv","article_published_time":"2019-11-07T15:16:13+00:00","article_modified_time":"2019-11-07T16:20:10+00:00","og_image":[{"width":1060,"height":594,"url":"https:\/\/www.altominho.tv\/site\/wp-content\/uploads\/2019\/11\/jmcosta.jpg","type":"image\/jpeg"}],"author":"Andreia Cunha | Lusa","twitter_card":"summary_large_image","twitter_creator":"@altominhoTV","twitter_site":"@altominhoTV","twitter_misc":{"Escrito por":"Andreia Cunha | Lusa","Tempo estimado de leitura":"2 minutos"},"schema":{"@context":"https:\/\/schema.org","@graph":[{"@type":"Article","@id":"https:\/\/www.altominho.tv\/site\/2019\/11\/07\/autarcas-do-norte-reclamam-medidas-simplex-para-acesso-a-fundos-comuntarios\/#article","isPartOf":{"@id":"https:\/\/www.altominho.tv\/site\/2019\/11\/07\/autarcas-do-norte-reclamam-medidas-simplex-para-acesso-a-fundos-comuntarios\/"},"author":{"name":"Andreia Cunha | Lusa","@id":"https:\/\/www.altominho.tv\/site\/#\/schema\/person\/dbaf181c01b51ff40c9f461a905d321e"},"headline":"Autarcas do Norte reclamam medidas &#8216;simplex&#8217; para acesso a fundos comunt\u00e1rios","datePublished":"2019-11-07T15:16:13+00:00","dateModified":"2019-11-07T16:20:10+00:00","mainEntityOfPage":{"@id":"https:\/\/www.altominho.tv\/site\/2019\/11\/07\/autarcas-do-norte-reclamam-medidas-simplex-para-acesso-a-fundos-comuntarios\/"},"wordCount":329,"image":{"@id":"https:\/\/www.altominho.tv\/site\/2019\/11\/07\/autarcas-do-norte-reclamam-medidas-simplex-para-acesso-a-fundos-comuntarios\/#primaryimage"},"thumbnailUrl":"https:\/\/www.altominho.tv\/site\/wp-content\/uploads\/2019\/11\/jmcosta.jpg","keywords":["Sociedade"],"articleSection":["Alto Minho"],"inLanguage":"pt-PT","copyrightYear":"2019","copyrightHolder":{"@id":"https:\/\/www.altominho.tv\/site\/#organization"}},{"@type":"WebPage","@id":"https:\/\/www.altominho.tv\/site\/2019\/11\/07\/autarcas-do-norte-reclamam-medidas-simplex-para-acesso-a-fundos-comuntarios\/","url":"https:\/\/www.altominho.tv\/site\/2019\/11\/07\/autarcas-do-norte-reclamam-medidas-simplex-para-acesso-a-fundos-comuntarios\/","name":"Autarcas do Norte reclamam medidas 'simplex' para acesso a fundos comunt\u00e1rios","isPartOf":{"@id":"https:\/\/www.altominho.tv\/site\/#website"},"primaryImageOfPage":{"@id":"https:\/\/www.altominho.tv\/site\/2019\/11\/07\/autarcas-do-norte-reclamam-medidas-simplex-para-acesso-a-fundos-comuntarios\/#primaryimage"},"image":{"@id":"https:\/\/www.altominho.tv\/site\/2019\/11\/07\/autarcas-do-norte-reclamam-medidas-simplex-para-acesso-a-fundos-comuntarios\/#primaryimage"},"thumbnailUrl":"https:\/\/www.altominho.tv\/site\/wp-content\/uploads\/2019\/11\/jmcosta.jpg","datePublished":"2019-11-07T15:16:13+00:00","dateModified":"2019-11-07T16:20:10+00:00","author":{"@id":"https:\/\/www.altominho.tv\/site\/#\/schema\/person\/dbaf181c01b51ff40c9f461a905d321e"},"breadcrumb":{"@id":"https:\/\/www.altominho.tv\/site\/2019\/11\/07\/autarcas-do-norte-reclamam-medidas-simplex-para-acesso-a-fundos-comuntarios\/#breadcrumb"},"inLanguage":"pt-PT","potentialAction":[{"@type":"ReadAction","target":["https:\/\/www.altominho.tv\/site\/2019\/11\/07\/autarcas-do-norte-reclamam-medidas-simplex-para-acesso-a-fundos-comuntarios\/"]}]},{"@type":"ImageObject","inLanguage":"pt-PT","@id":"https:\/\/www.altominho.tv\/site\/2019\/11\/07\/autarcas-do-norte-reclamam-medidas-simplex-para-acesso-a-fundos-comuntarios\/#primaryimage","url":"https:\/\/www.altominho.tv\/site\/wp-content\/uploads\/2019\/11\/jmcosta.jpg","contentUrl":"https:\/\/www.altominho.tv\/site\/wp-content\/uploads\/2019\/11\/jmcosta.jpg","width":1060,"height":594},{"@type":"BreadcrumbList","@id":"https:\/\/www.altominho.tv\/site\/2019\/11\/07\/autarcas-do-norte-reclamam-medidas-simplex-para-acesso-a-fundos-comuntarios\/#breadcrumb","itemListElement":[{"@type":"ListItem","position":1,"name":"In\u00edcio","item":"https:\/\/www.altominho.tv\/site\/"},{"@type":"ListItem","position":2,"name":"Autarcas do Norte reclamam medidas &#8216;simplex&#8217; para acesso a fundos comunt\u00e1rios"}]},{"@type":"WebSite","@id":"https:\/\/www.altominho.tv\/site\/#website","url":"https:\/\/www.altominho.tv\/site\/","name":"Altominho.tv","description":"A sua regi\u00e3o \u00e0 dist\u00e2ncia de um clique...","potentialAction":[{"@type":"SearchAction","target":{"@type":"EntryPoint","urlTemplate":"https:\/\/www.altominho.tv\/site\/?s={search_term_string}"},"query-input":{"@type":"PropertyValueSpecification","valueRequired":true,"valueName":"search_term_string"}}],"inLanguage":"pt-PT"},{"@type":"Person","@id":"https:\/\/www.altominho.tv\/site\/#\/schema\/person\/dbaf181c01b51ff40c9f461a905d321e","name":"Andreia Cunha | Lusa","image":{"@type":"ImageObject","inLanguage":"pt-PT","@id":"https:\/\/www.altominho.tv\/site\/wp-content\/uploads\/2017\/11\/Andreia_Cunha-1-150x150.jpg","url":"https:\/\/www.altominho.tv\/site\/wp-content\/uploads\/2017\/11\/Andreia_Cunha-1-150x150.jpg","contentUrl":"https:\/\/www.altominho.tv\/site\/wp-content\/uploads\/2017\/11\/Andreia_Cunha-1-150x150.jpg","caption":"Andreia Cunha | Lusa"},"sameAs":["https:\/\/www.altominho.tv\/site"],"url":"https:\/\/www.altominho.tv\/site\/author\/andreiacunhalusa\/"}]}},"_links":{"self":[{"href":"https:\/\/www.altominho.tv\/site\/wp-json\/wp\/v2\/posts\/36478","targetHints":{"allow":["GET"]}}],"collection":[{"href":"https:\/\/www.altominho.tv\/site\/wp-json\/wp\/v2\/posts"}],"about":[{"href":"https:\/\/www.altominho.tv\/site\/wp-json\/wp\/v2\/types\/post"}],"author":[{"embeddable":true,"href":"https:\/\/www.altominho.tv\/site\/wp-json\/wp\/v2\/users\/16"}],"replies":[{"embeddable":true,"href":"https:\/\/www.altominho.tv\/site\/wp-json\/wp\/v2\/comments?post=36478"}],"version-history":[{"count":0,"href":"https:\/\/www.altominho.tv\/site\/wp-json\/wp\/v2\/posts\/36478\/revisions"}],"wp:featuredmedia":[{"embeddable":true,"href":"https:\/\/www.altominho.tv\/site\/wp-json\/wp\/v2\/media\/36479"}],"wp:attachment":[{"href":"https:\/\/www.altominho.tv\/site\/wp-json\/wp\/v2\/media?parent=36478"}],"wp:term":[{"taxonomy":"category","embeddable":true,"href":"https:\/\/www.altominho.tv\/site\/wp-json\/wp\/v2\/categories?post=36478"},{"taxonomy":"post_tag","embeddable":true,"href":"https:\/\/www.altominho.tv\/site\/wp-json\/wp\/v2\/tags?post=36478"}],"curies":[{"name":"wp","href":"https:\/\/api.w.org\/{rel}","templated":true}]}}