{"id":36432,"date":"2019-11-06T12:58:32","date_gmt":"2019-11-06T12:58:32","guid":{"rendered":"http:\/\/www.altominho.tv\/site\/?p=36432"},"modified":"2019-11-06T12:58:39","modified_gmt":"2019-11-06T12:58:39","slug":"congresso-do-psd-realiza-se-em-viana-do-castelo-entre-07-e-09-de-fevereiro","status":"publish","type":"post","link":"https:\/\/www.altominho.tv\/site\/2019\/11\/06\/congresso-do-psd-realiza-se-em-viana-do-castelo-entre-07-e-09-de-fevereiro\/","title":{"rendered":"Congresso do PSD realiza-se em Viana do Castelo entre 07 e 09 de fevereiro"},"content":{"rendered":"<p>O 38.\u00ba Congresso do PSD vai realizar-se em Viana do Castelo entre 07 e 09 de fevereiro, depois de a \u00faltima reuni\u00e3o magna dos sociais-democratas, em 2018, ter acontecido em Lisboa.<\/p>\n<p>A informa\u00e7\u00e3o consta da proposta de regulamento da elei\u00e7\u00e3o do presidente da Comiss\u00e3o Pol\u00edtica Nacional e do 38.\u00ba Congresso do partido que fixa as principais datas da vida interna do PSD nos pr\u00f3ximos meses: elei\u00e7\u00f5es do presidente do PSD em 11 de janeiro, com uma eventual segunda volta no dia 18, e congresso entre 07 e 09 de fevereiro.<\/p>\n<p>O prazo para a entrega de candidaturas \u00e0 lideran\u00e7a do PSD termina \u00e0s 18:00 de 30 de dezembro. Estas t\u00eam de ser subscritas por um m\u00ednimo de 1.500 militantes com capacidade eleitoral e acompanhadas obrigatoriamente de uma Proposta de Estrat\u00e9gia Global e de um or\u00e7amento de campanha.<\/p>\n<p>Na proposta a que a Lusa teve acesso, introduzem-se san\u00e7\u00f5es a aplicar pelo Conselho de Jurisdi\u00e7\u00e3o Nacional em caso de pagamentos irregulares de quotas e a possibilidade de a secretaria-geral recorrer a uma auditora externa para acompanhar o processo eleitoral em algumas mesas.<\/p>\n<p>Segundo a proposta da secretaria-geral que ser\u00e1 votada no Conselho Nacional da pr\u00f3xima sexta-feira, em Bragan\u00e7a, 16 de dezembro ser\u00e1 a data limite para pagamentos de quotas por vale postal e 22 de dezembro o prazo final para os restantes meios de pagamento.<\/p>\n<p>S\u00f3 poder\u00e3o votar os militantes que tenham as quotas em dia e inscritos no PSD h\u00e1 pelo menos seis meses, sendo expressamente proibido o pagamento de quotas em numer\u00e1rio.<\/p>\n<p>Segundo o regulamento de quotiza\u00e7\u00f5es, s\u00f3 s\u00e3o admitidos pagamentos por multibanco (sendo enviada uma refer\u00eancia aleat\u00f3ria ao militante), cheque, d\u00e9bito direto, cart\u00e3o de cr\u00e9dito ou MB WAY. O Vale Postal \u00e9 autorizado apenas para os militantes com 60 anos ou mais, sendo ainda permitido o recurso ao Boleto Banc\u00e1rio para os militantes residentes no Brasil.<\/p>\n<p>Nas \u00faltimas diretas, em 13 de janeiro de 2018, os cadernos eleitorais fecharam em 15 de dezembro anterior, mas o novo regulamento de quotas aprovado pela atual dire\u00e7\u00e3o &#8211; com o objetivo de aumentar a transpar\u00eancia &#8211; j\u00e1 motivou cr\u00edticas de que ser\u00e3o muito menos os militantes em condi\u00e7\u00f5es de votar nas pr\u00f3ximas elei\u00e7\u00f5es.<\/p>\n<p>Ser\u00e1 o Conselho de Jurisdi\u00e7\u00e3o Nacional o \u00f3rg\u00e3o respons\u00e1vel por assegurar a \u201ctranspar\u00eancia e imparcialidade\u201d do processo eleitoral e o regulamento prev\u00ea que a dete\u00e7\u00e3o de pagamentos irregulares de quotas \u201cdever\u00e1 ser averiguada pelos Servi\u00e7os Centrais\u201d, que depois comunicam a este \u00f3rg\u00e3o \u201cquando existam fortes ind\u00edcios de que n\u00e3o tenham sido os pr\u00f3prios militantes ou um membro do seu agregado familiar a efetuar o pagamento\u201d.<\/p>\n<p>Se tal ficar comprovado, o \u00f3rg\u00e3o jurisdicional do partido dever\u00e1 mandar \u201cexpurgar das listagens ou cadernos eleitorais os pagamentos irregulares\u201d e tal aplica-se a pagamentos ocorridos desde 01 de setembro deste ano, sendo um processo considerado \u201cde natureza urgente\u201d e que deve ser decidido antes do in\u00edcio do processo da vota\u00e7\u00e3o.<\/p>\n<p>\u201cO Conselho de Jurisdi\u00e7\u00e3o pode proceder tamb\u00e9m disciplinarmente nos termos do Regulamento de Disciplina em vigor no PSD\u201d, prop\u00f5e-se no regulamento.<br \/>\nO regulamento prev\u00ea ainda que a secretaria-geral poder\u00e1 credenciar \u201cuma auditora externa, de reconhecido renome, para o acompanhamento do processo eleitoral num conjunto de at\u00e9 12 mesas\u201d, com o objetivo de melhorar os processos eleitorais internos do PSD.<\/p>\n<p>Se s\u00f3 os candidatos poder\u00e3o apresentar propostas globais, ser\u00e3o tamb\u00e9m discutidas no congresso Propostas Tem\u00e1ticas que ter\u00e3o de ser entregues at\u00e9 21 de janeiro.<\/p>\n<p>Estas propostas tem\u00e1ticas podem ser subscritas pela CPN, pela Juventude Social-Democrata, pelos Autarcas Social-Democratas, pelos Trabalhadores Social-Democratas, pelas Comiss\u00f5es Pol\u00edticas Regionais, pelas Assembleias Distritais, por cinco sec\u00e7\u00f5es das Comunidades Portuguesas, por 1.500 militantes no pleno exerc\u00edcio dos seus direitos ou por 50 delegados ao Congresso.<\/p>\n<p>At\u00e9 agora, assumiram-se como candidatos \u00e0 lideran\u00e7a do PSD o presidente Rui Rio, o antigo l\u00edder parlamentar Lu\u00eds Montenegro e o vice-presidente da C\u00e2mara Municipal de Cascais Miguel Pinto Luz.<\/p>\n","protected":false},"excerpt":{"rendered":"<p>O 38.\u00ba Congresso do PSD vai realizar-se em Viana do Castelo entre 07 e 09 de fevereiro, depois de a \u00faltima reuni\u00e3o magna dos sociais-democratas, em 2018, ter acontecido em Lisboa. A informa\u00e7\u00e3o consta da proposta de regulamento da elei\u00e7\u00e3o do presidente da Comiss\u00e3o Pol\u00edtica Nacional e do 38.\u00ba Congresso do partido que fixa as [&hellip;]<\/p>\n","protected":false},"author":1,"featured_media":36433,"comment_status":"closed","ping_status":"closed","sticky":false,"template":"","format":"standard","meta":{"_exactmetrics_skip_tracking":false,"_exactmetrics_sitenote_active":false,"_exactmetrics_sitenote_note":"","_exactmetrics_sitenote_category":0,"footnotes":""},"categories":[73],"tags":[27],"class_list":["post-36432","post","type-post","status-publish","format-standard","has-post-thumbnail","hentry","category-alto-minho","tag-sociedade"],"yoast_head":"<!-- This site is optimized with the Yoast SEO Premium plugin v27.5 (Yoast SEO v27.5) - https:\/\/yoast.com\/product\/yoast-seo-premium-wordpress\/ -->\n<title>Congresso do PSD realiza-se em Viana do Castelo entre 07 e 09 de fevereiro<\/title>\n<meta name=\"robots\" content=\"index, follow, max-snippet:-1, max-image-preview:large, max-video-preview:-1\" \/>\n<link rel=\"canonical\" href=\"https:\/\/www.altominho.tv\/site\/2019\/11\/06\/congresso-do-psd-realiza-se-em-viana-do-castelo-entre-07-e-09-de-fevereiro\/\" \/>\n<meta property=\"og:locale\" content=\"pt_PT\" \/>\n<meta property=\"og:type\" content=\"article\" \/>\n<meta property=\"og:title\" content=\"Congresso do PSD realiza-se em Viana do Castelo entre 07 e 09 de fevereiro\" \/>\n<meta property=\"og:description\" content=\"O 38.\u00ba Congresso do PSD vai realizar-se em Viana do Castelo entre 07 e 09 de fevereiro, depois de a \u00faltima reuni\u00e3o magna dos sociais-democratas, em 2018, ter acontecido em Lisboa. A informa\u00e7\u00e3o consta da proposta de regulamento da elei\u00e7\u00e3o do presidente da Comiss\u00e3o Pol\u00edtica Nacional e do 38.\u00ba Congresso do partido que fixa as [&hellip;]\" \/>\n<meta property=\"og:url\" content=\"https:\/\/www.altominho.tv\/site\/2019\/11\/06\/congresso-do-psd-realiza-se-em-viana-do-castelo-entre-07-e-09-de-fevereiro\/\" \/>\n<meta property=\"og:site_name\" content=\"Altominho.tv\" \/>\n<meta property=\"article:publisher\" content=\"https:\/\/www.facebook.com\/altominhotv\" \/>\n<meta property=\"article:published_time\" content=\"2019-11-06T12:58:32+00:00\" \/>\n<meta property=\"article:modified_time\" content=\"2019-11-06T12:58:39+00:00\" \/>\n<meta property=\"og:image\" content=\"https:\/\/www.altominho.tv\/site\/wp-content\/uploads\/2019\/11\/Congresso-PSD.jpg\" \/>\n\t<meta property=\"og:image:width\" content=\"817\" \/>\n\t<meta property=\"og:image:height\" content=\"460\" \/>\n\t<meta property=\"og:image:type\" content=\"image\/jpeg\" \/>\n<meta name=\"author\" content=\"Altominho.tv\" \/>\n<meta name=\"twitter:card\" content=\"summary_large_image\" \/>\n<meta name=\"twitter:creator\" content=\"@altominhoTV\" \/>\n<meta name=\"twitter:site\" content=\"@altominhoTV\" \/>\n<meta name=\"twitter:label1\" content=\"Escrito por\" \/>\n\t<meta name=\"twitter:data1\" content=\"Altominho.tv\" \/>\n\t<meta name=\"twitter:label2\" content=\"Tempo estimado de leitura\" \/>\n\t<meta name=\"twitter:data2\" content=\"3 minutos\" \/>\n<script type=\"application\/ld+json\" class=\"yoast-schema-graph\">{\"@context\":\"https:\\\/\\\/schema.org\",\"@graph\":[{\"@type\":\"Article\",\"@id\":\"https:\\\/\\\/www.altominho.tv\\\/site\\\/2019\\\/11\\\/06\\\/congresso-do-psd-realiza-se-em-viana-do-castelo-entre-07-e-09-de-fevereiro\\\/#article\",\"isPartOf\":{\"@id\":\"https:\\\/\\\/www.altominho.tv\\\/site\\\/2019\\\/11\\\/06\\\/congresso-do-psd-realiza-se-em-viana-do-castelo-entre-07-e-09-de-fevereiro\\\/\"},\"author\":{\"name\":\"Altominho.tv\",\"@id\":\"https:\\\/\\\/www.altominho.tv\\\/site\\\/#\\\/schema\\\/person\\\/4e536851627d7914baf3dac752b6af22\"},\"headline\":\"Congresso do PSD realiza-se em Viana do Castelo entre 07 e 09 de fevereiro\",\"datePublished\":\"2019-11-06T12:58:32+00:00\",\"dateModified\":\"2019-11-06T12:58:39+00:00\",\"mainEntityOfPage\":{\"@id\":\"https:\\\/\\\/www.altominho.tv\\\/site\\\/2019\\\/11\\\/06\\\/congresso-do-psd-realiza-se-em-viana-do-castelo-entre-07-e-09-de-fevereiro\\\/\"},\"wordCount\":684,\"image\":{\"@id\":\"https:\\\/\\\/www.altominho.tv\\\/site\\\/2019\\\/11\\\/06\\\/congresso-do-psd-realiza-se-em-viana-do-castelo-entre-07-e-09-de-fevereiro\\\/#primaryimage\"},\"thumbnailUrl\":\"https:\\\/\\\/www.altominho.tv\\\/site\\\/wp-content\\\/uploads\\\/2019\\\/11\\\/Congresso-PSD.jpg\",\"keywords\":[\"Sociedade\"],\"articleSection\":[\"Alto Minho\"],\"inLanguage\":\"pt-PT\",\"copyrightYear\":\"2019\",\"copyrightHolder\":{\"@id\":\"https:\\\/\\\/www.altominho.tv\\\/site\\\/#organization\"}},{\"@type\":\"WebPage\",\"@id\":\"https:\\\/\\\/www.altominho.tv\\\/site\\\/2019\\\/11\\\/06\\\/congresso-do-psd-realiza-se-em-viana-do-castelo-entre-07-e-09-de-fevereiro\\\/\",\"url\":\"https:\\\/\\\/www.altominho.tv\\\/site\\\/2019\\\/11\\\/06\\\/congresso-do-psd-realiza-se-em-viana-do-castelo-entre-07-e-09-de-fevereiro\\\/\",\"name\":\"Congresso do PSD realiza-se em Viana do Castelo entre 07 e 09 de fevereiro\",\"isPartOf\":{\"@id\":\"https:\\\/\\\/www.altominho.tv\\\/site\\\/#website\"},\"primaryImageOfPage\":{\"@id\":\"https:\\\/\\\/www.altominho.tv\\\/site\\\/2019\\\/11\\\/06\\\/congresso-do-psd-realiza-se-em-viana-do-castelo-entre-07-e-09-de-fevereiro\\\/#primaryimage\"},\"image\":{\"@id\":\"https:\\\/\\\/www.altominho.tv\\\/site\\\/2019\\\/11\\\/06\\\/congresso-do-psd-realiza-se-em-viana-do-castelo-entre-07-e-09-de-fevereiro\\\/#primaryimage\"},\"thumbnailUrl\":\"https:\\\/\\\/www.altominho.tv\\\/site\\\/wp-content\\\/uploads\\\/2019\\\/11\\\/Congresso-PSD.jpg\",\"datePublished\":\"2019-11-06T12:58:32+00:00\",\"dateModified\":\"2019-11-06T12:58:39+00:00\",\"author\":{\"@id\":\"https:\\\/\\\/www.altominho.tv\\\/site\\\/#\\\/schema\\\/person\\\/4e536851627d7914baf3dac752b6af22\"},\"breadcrumb\":{\"@id\":\"https:\\\/\\\/www.altominho.tv\\\/site\\\/2019\\\/11\\\/06\\\/congresso-do-psd-realiza-se-em-viana-do-castelo-entre-07-e-09-de-fevereiro\\\/#breadcrumb\"},\"inLanguage\":\"pt-PT\",\"potentialAction\":[{\"@type\":\"ReadAction\",\"target\":[\"https:\\\/\\\/www.altominho.tv\\\/site\\\/2019\\\/11\\\/06\\\/congresso-do-psd-realiza-se-em-viana-do-castelo-entre-07-e-09-de-fevereiro\\\/\"]}]},{\"@type\":\"ImageObject\",\"inLanguage\":\"pt-PT\",\"@id\":\"https:\\\/\\\/www.altominho.tv\\\/site\\\/2019\\\/11\\\/06\\\/congresso-do-psd-realiza-se-em-viana-do-castelo-entre-07-e-09-de-fevereiro\\\/#primaryimage\",\"url\":\"https:\\\/\\\/www.altominho.tv\\\/site\\\/wp-content\\\/uploads\\\/2019\\\/11\\\/Congresso-PSD.jpg\",\"contentUrl\":\"https:\\\/\\\/www.altominho.tv\\\/site\\\/wp-content\\\/uploads\\\/2019\\\/11\\\/Congresso-PSD.jpg\",\"width\":817,\"height\":460},{\"@type\":\"BreadcrumbList\",\"@id\":\"https:\\\/\\\/www.altominho.tv\\\/site\\\/2019\\\/11\\\/06\\\/congresso-do-psd-realiza-se-em-viana-do-castelo-entre-07-e-09-de-fevereiro\\\/#breadcrumb\",\"itemListElement\":[{\"@type\":\"ListItem\",\"position\":1,\"name\":\"In\u00edcio\",\"item\":\"https:\\\/\\\/www.altominho.tv\\\/site\\\/\"},{\"@type\":\"ListItem\",\"position\":2,\"name\":\"Congresso do PSD realiza-se em Viana do Castelo entre 07 e 09 de fevereiro\"}]},{\"@type\":\"WebSite\",\"@id\":\"https:\\\/\\\/www.altominho.tv\\\/site\\\/#website\",\"url\":\"https:\\\/\\\/www.altominho.tv\\\/site\\\/\",\"name\":\"Altominho.tv\",\"description\":\"A sua regi\u00e3o \u00e0 dist\u00e2ncia de um clique...\",\"potentialAction\":[{\"@type\":\"SearchAction\",\"target\":{\"@type\":\"EntryPoint\",\"urlTemplate\":\"https:\\\/\\\/www.altominho.tv\\\/site\\\/?s={search_term_string}\"},\"query-input\":{\"@type\":\"PropertyValueSpecification\",\"valueRequired\":true,\"valueName\":\"search_term_string\"}}],\"inLanguage\":\"pt-PT\"},{\"@type\":\"Person\",\"@id\":\"https:\\\/\\\/www.altominho.tv\\\/site\\\/#\\\/schema\\\/person\\\/4e536851627d7914baf3dac752b6af22\",\"name\":\"Altominho.tv\",\"image\":{\"@type\":\"ImageObject\",\"inLanguage\":\"pt-PT\",\"@id\":\"https:\\\/\\\/www.altominho.tv\\\/site\\\/wp-content\\\/uploads\\\/2019\\\/11\\\/Logo_Avatar_2-150x150.jpg\",\"url\":\"https:\\\/\\\/www.altominho.tv\\\/site\\\/wp-content\\\/uploads\\\/2019\\\/11\\\/Logo_Avatar_2-150x150.jpg\",\"contentUrl\":\"https:\\\/\\\/www.altominho.tv\\\/site\\\/wp-content\\\/uploads\\\/2019\\\/11\\\/Logo_Avatar_2-150x150.jpg\",\"caption\":\"Altominho.tv\"},\"url\":\"https:\\\/\\\/www.altominho.tv\\\/site\\\/author\\\/altominhotv-tecnico\\\/\"}]}<\/script>\n<!-- \/ Yoast SEO Premium plugin. -->","yoast_head_json":{"title":"Congresso do PSD realiza-se em Viana do Castelo entre 07 e 09 de fevereiro","robots":{"index":"index","follow":"follow","max-snippet":"max-snippet:-1","max-image-preview":"max-image-preview:large","max-video-preview":"max-video-preview:-1"},"canonical":"https:\/\/www.altominho.tv\/site\/2019\/11\/06\/congresso-do-psd-realiza-se-em-viana-do-castelo-entre-07-e-09-de-fevereiro\/","og_locale":"pt_PT","og_type":"article","og_title":"Congresso do PSD realiza-se em Viana do Castelo entre 07 e 09 de fevereiro","og_description":"O 38.\u00ba Congresso do PSD vai realizar-se em Viana do Castelo entre 07 e 09 de fevereiro, depois de a \u00faltima reuni\u00e3o magna dos sociais-democratas, em 2018, ter acontecido em Lisboa. A informa\u00e7\u00e3o consta da proposta de regulamento da elei\u00e7\u00e3o do presidente da Comiss\u00e3o Pol\u00edtica Nacional e do 38.\u00ba Congresso do partido que fixa as [&hellip;]","og_url":"https:\/\/www.altominho.tv\/site\/2019\/11\/06\/congresso-do-psd-realiza-se-em-viana-do-castelo-entre-07-e-09-de-fevereiro\/","og_site_name":"Altominho.tv","article_publisher":"https:\/\/www.facebook.com\/altominhotv","article_published_time":"2019-11-06T12:58:32+00:00","article_modified_time":"2019-11-06T12:58:39+00:00","og_image":[{"width":817,"height":460,"url":"https:\/\/www.altominho.tv\/site\/wp-content\/uploads\/2019\/11\/Congresso-PSD.jpg","type":"image\/jpeg"}],"author":"Altominho.tv","twitter_card":"summary_large_image","twitter_creator":"@altominhoTV","twitter_site":"@altominhoTV","twitter_misc":{"Escrito por":"Altominho.tv","Tempo estimado de leitura":"3 minutos"},"schema":{"@context":"https:\/\/schema.org","@graph":[{"@type":"Article","@id":"https:\/\/www.altominho.tv\/site\/2019\/11\/06\/congresso-do-psd-realiza-se-em-viana-do-castelo-entre-07-e-09-de-fevereiro\/#article","isPartOf":{"@id":"https:\/\/www.altominho.tv\/site\/2019\/11\/06\/congresso-do-psd-realiza-se-em-viana-do-castelo-entre-07-e-09-de-fevereiro\/"},"author":{"name":"Altominho.tv","@id":"https:\/\/www.altominho.tv\/site\/#\/schema\/person\/4e536851627d7914baf3dac752b6af22"},"headline":"Congresso do PSD realiza-se em Viana do Castelo entre 07 e 09 de fevereiro","datePublished":"2019-11-06T12:58:32+00:00","dateModified":"2019-11-06T12:58:39+00:00","mainEntityOfPage":{"@id":"https:\/\/www.altominho.tv\/site\/2019\/11\/06\/congresso-do-psd-realiza-se-em-viana-do-castelo-entre-07-e-09-de-fevereiro\/"},"wordCount":684,"image":{"@id":"https:\/\/www.altominho.tv\/site\/2019\/11\/06\/congresso-do-psd-realiza-se-em-viana-do-castelo-entre-07-e-09-de-fevereiro\/#primaryimage"},"thumbnailUrl":"https:\/\/www.altominho.tv\/site\/wp-content\/uploads\/2019\/11\/Congresso-PSD.jpg","keywords":["Sociedade"],"articleSection":["Alto Minho"],"inLanguage":"pt-PT","copyrightYear":"2019","copyrightHolder":{"@id":"https:\/\/www.altominho.tv\/site\/#organization"}},{"@type":"WebPage","@id":"https:\/\/www.altominho.tv\/site\/2019\/11\/06\/congresso-do-psd-realiza-se-em-viana-do-castelo-entre-07-e-09-de-fevereiro\/","url":"https:\/\/www.altominho.tv\/site\/2019\/11\/06\/congresso-do-psd-realiza-se-em-viana-do-castelo-entre-07-e-09-de-fevereiro\/","name":"Congresso do PSD realiza-se em Viana do Castelo entre 07 e 09 de fevereiro","isPartOf":{"@id":"https:\/\/www.altominho.tv\/site\/#website"},"primaryImageOfPage":{"@id":"https:\/\/www.altominho.tv\/site\/2019\/11\/06\/congresso-do-psd-realiza-se-em-viana-do-castelo-entre-07-e-09-de-fevereiro\/#primaryimage"},"image":{"@id":"https:\/\/www.altominho.tv\/site\/2019\/11\/06\/congresso-do-psd-realiza-se-em-viana-do-castelo-entre-07-e-09-de-fevereiro\/#primaryimage"},"thumbnailUrl":"https:\/\/www.altominho.tv\/site\/wp-content\/uploads\/2019\/11\/Congresso-PSD.jpg","datePublished":"2019-11-06T12:58:32+00:00","dateModified":"2019-11-06T12:58:39+00:00","author":{"@id":"https:\/\/www.altominho.tv\/site\/#\/schema\/person\/4e536851627d7914baf3dac752b6af22"},"breadcrumb":{"@id":"https:\/\/www.altominho.tv\/site\/2019\/11\/06\/congresso-do-psd-realiza-se-em-viana-do-castelo-entre-07-e-09-de-fevereiro\/#breadcrumb"},"inLanguage":"pt-PT","potentialAction":[{"@type":"ReadAction","target":["https:\/\/www.altominho.tv\/site\/2019\/11\/06\/congresso-do-psd-realiza-se-em-viana-do-castelo-entre-07-e-09-de-fevereiro\/"]}]},{"@type":"ImageObject","inLanguage":"pt-PT","@id":"https:\/\/www.altominho.tv\/site\/2019\/11\/06\/congresso-do-psd-realiza-se-em-viana-do-castelo-entre-07-e-09-de-fevereiro\/#primaryimage","url":"https:\/\/www.altominho.tv\/site\/wp-content\/uploads\/2019\/11\/Congresso-PSD.jpg","contentUrl":"https:\/\/www.altominho.tv\/site\/wp-content\/uploads\/2019\/11\/Congresso-PSD.jpg","width":817,"height":460},{"@type":"BreadcrumbList","@id":"https:\/\/www.altominho.tv\/site\/2019\/11\/06\/congresso-do-psd-realiza-se-em-viana-do-castelo-entre-07-e-09-de-fevereiro\/#breadcrumb","itemListElement":[{"@type":"ListItem","position":1,"name":"In\u00edcio","item":"https:\/\/www.altominho.tv\/site\/"},{"@type":"ListItem","position":2,"name":"Congresso do PSD realiza-se em Viana do Castelo entre 07 e 09 de fevereiro"}]},{"@type":"WebSite","@id":"https:\/\/www.altominho.tv\/site\/#website","url":"https:\/\/www.altominho.tv\/site\/","name":"Altominho.tv","description":"A sua regi\u00e3o \u00e0 dist\u00e2ncia de um clique...","potentialAction":[{"@type":"SearchAction","target":{"@type":"EntryPoint","urlTemplate":"https:\/\/www.altominho.tv\/site\/?s={search_term_string}"},"query-input":{"@type":"PropertyValueSpecification","valueRequired":true,"valueName":"search_term_string"}}],"inLanguage":"pt-PT"},{"@type":"Person","@id":"https:\/\/www.altominho.tv\/site\/#\/schema\/person\/4e536851627d7914baf3dac752b6af22","name":"Altominho.tv","image":{"@type":"ImageObject","inLanguage":"pt-PT","@id":"https:\/\/www.altominho.tv\/site\/wp-content\/uploads\/2019\/11\/Logo_Avatar_2-150x150.jpg","url":"https:\/\/www.altominho.tv\/site\/wp-content\/uploads\/2019\/11\/Logo_Avatar_2-150x150.jpg","contentUrl":"https:\/\/www.altominho.tv\/site\/wp-content\/uploads\/2019\/11\/Logo_Avatar_2-150x150.jpg","caption":"Altominho.tv"},"url":"https:\/\/www.altominho.tv\/site\/author\/altominhotv-tecnico\/"}]}},"_links":{"self":[{"href":"https:\/\/www.altominho.tv\/site\/wp-json\/wp\/v2\/posts\/36432","targetHints":{"allow":["GET"]}}],"collection":[{"href":"https:\/\/www.altominho.tv\/site\/wp-json\/wp\/v2\/posts"}],"about":[{"href":"https:\/\/www.altominho.tv\/site\/wp-json\/wp\/v2\/types\/post"}],"author":[{"embeddable":true,"href":"https:\/\/www.altominho.tv\/site\/wp-json\/wp\/v2\/users\/1"}],"replies":[{"embeddable":true,"href":"https:\/\/www.altominho.tv\/site\/wp-json\/wp\/v2\/comments?post=36432"}],"version-history":[{"count":0,"href":"https:\/\/www.altominho.tv\/site\/wp-json\/wp\/v2\/posts\/36432\/revisions"}],"wp:featuredmedia":[{"embeddable":true,"href":"https:\/\/www.altominho.tv\/site\/wp-json\/wp\/v2\/media\/36433"}],"wp:attachment":[{"href":"https:\/\/www.altominho.tv\/site\/wp-json\/wp\/v2\/media?parent=36432"}],"wp:term":[{"taxonomy":"category","embeddable":true,"href":"https:\/\/www.altominho.tv\/site\/wp-json\/wp\/v2\/categories?post=36432"},{"taxonomy":"post_tag","embeddable":true,"href":"https:\/\/www.altominho.tv\/site\/wp-json\/wp\/v2\/tags?post=36432"}],"curies":[{"name":"wp","href":"https:\/\/api.w.org\/{rel}","templated":true}]}}