{"id":36426,"date":"2019-11-06T11:48:53","date_gmt":"2019-11-06T11:48:53","guid":{"rendered":"http:\/\/www.altominho.tv\/site\/?p=36426"},"modified":"2019-11-06T11:48:57","modified_gmt":"2019-11-06T11:48:57","slug":"museu-etnografico-de-longos-vales-com-novos-instrumentos-e-utensilios-rurais","status":"publish","type":"post","link":"https:\/\/www.altominho.tv\/site\/2019\/11\/06\/museu-etnografico-de-longos-vales-com-novos-instrumentos-e-utensilios-rurais\/","title":{"rendered":"Museu Etnogr\u00e1fico de Longos Vales com novos instrumentos e utens\u00edlios rurais"},"content":{"rendered":"\n<p>O Museu Etnogr\u00e1fico de Longos Vales, est\u00e1 situado na antiga Escola Prim\u00e1ria do Cesto, e foi inaugurado no dia 29 de Maio de 2011.<\/p>\n\n\n\n<p>Este espa\u00e7o apresenta diversos instrumentos do mundo agr\u00edcola &#8220;que Eduardo Cardoso, o seu mentor, coleciona h\u00e1 v\u00e1rios anos com paix\u00e3o e dedica\u00e7\u00e3o&#8221;, informou o munic\u00edpio de Mon\u00e7\u00e3o.<\/p>\n\n\n\n<p>&#8220;Em permanente valoriza\u00e7\u00e3o, atrav\u00e9s do constante apetrechamento do espa\u00e7o, o Museu Etnogr\u00e1fico de Longos Vales tem contribu\u00eddo para valorizar a heran\u00e7a cultural do territ\u00f3rio, disponibilizando ao p\u00fablico, num processo sempre inacabado, novos instrumentos e utens\u00edlios rurais&#8221;, pode ler-se ainda na nota enviada pela autarquia de Mon\u00e7\u00e3o.<\/p>\n\n\n\n<p>No pr\u00f3ximo dia\u00a022 de novembro, sexta-feira, pelas 15h30, o munic\u00edpio vai promover uma visita a este espa\u00e7o cultural.<\/p>\n\n\n\n<p>Neste dia ser\u00e3o mostrados os mais recentes equipamentos &#8220;deste valioso esp\u00f3lio dedicado ao mundo rural&#8221;. <\/p>\n\n\n\n<p>Na mesma altura, decorrer\u00e1 uma visita da Universidade S\u00e9nior de Mon\u00e7\u00e3o.<\/p>\n\n\n\n<p>A freguesia de Longos Vales, em Mon\u00e7\u00e3o, \u00e9 ainda conhecida pelo \u201cLevantamento do Pau\u201d, uma tradi\u00e7\u00e3o centen\u00e1ria que anuncia as festas de S\u00e3o Jo\u00e3o Baptista, padroeiro da freguesia.<\/p>\n\n\n\n<p>O primeiro momento das festividades nesta freguesia inclui um cortejo a recordar os costumes agr\u00edcolas e o levantar de um pau com cerca de 30 metros.<\/p>\n","protected":false},"excerpt":{"rendered":"<p>O Museu Etnogr\u00e1fico de Longos Vales, est\u00e1 situado na antiga Escola Prim\u00e1ria do Cesto, e foi inaugurado no dia 29 de Maio de 2011. Este espa\u00e7o apresenta diversos instrumentos do mundo agr\u00edcola &#8220;que Eduardo Cardoso, o seu mentor, coleciona h\u00e1 v\u00e1rios anos com paix\u00e3o e dedica\u00e7\u00e3o&#8221;, informou o munic\u00edpio de Mon\u00e7\u00e3o. &#8220;Em permanente valoriza\u00e7\u00e3o, atrav\u00e9s [&hellip;]<\/p>\n","protected":false},"author":7,"featured_media":36427,"comment_status":"closed","ping_status":"closed","sticky":false,"template":"","format":"standard","meta":{"_exactmetrics_skip_tracking":false,"_exactmetrics_sitenote_active":false,"_exactmetrics_sitenote_note":"","_exactmetrics_sitenote_category":0,"footnotes":""},"categories":[9],"tags":[19,27],"class_list":["post-36426","post","type-post","status-publish","format-standard","has-post-thumbnail","hentry","category-moncao","tag-cultura","tag-sociedade"],"yoast_head":"<!-- This site is optimized with the Yoast SEO Premium plugin v27.5 (Yoast SEO v27.5) - https:\/\/yoast.com\/product\/yoast-seo-premium-wordpress\/ -->\n<title>Museu Etnogr\u00e1fico de Longos Vales com novos instrumentos e utens\u00edlios rurais<\/title>\n<meta name=\"robots\" content=\"index, follow, max-snippet:-1, max-image-preview:large, max-video-preview:-1\" \/>\n<link rel=\"canonical\" href=\"https:\/\/www.altominho.tv\/site\/2019\/11\/06\/museu-etnografico-de-longos-vales-com-novos-instrumentos-e-utensilios-rurais\/\" \/>\n<meta property=\"og:locale\" content=\"pt_PT\" \/>\n<meta property=\"og:type\" content=\"article\" \/>\n<meta property=\"og:title\" content=\"Museu Etnogr\u00e1fico de Longos Vales com novos instrumentos e utens\u00edlios rurais\" \/>\n<meta property=\"og:description\" content=\"O Museu Etnogr\u00e1fico de Longos Vales, est\u00e1 situado na antiga Escola Prim\u00e1ria do Cesto, e foi inaugurado no dia 29 de Maio de 2011. Este espa\u00e7o apresenta diversos instrumentos do mundo agr\u00edcola &#8220;que Eduardo Cardoso, o seu mentor, coleciona h\u00e1 v\u00e1rios anos com paix\u00e3o e dedica\u00e7\u00e3o&#8221;, informou o munic\u00edpio de Mon\u00e7\u00e3o. &#8220;Em permanente valoriza\u00e7\u00e3o, atrav\u00e9s [&hellip;]\" \/>\n<meta property=\"og:url\" content=\"https:\/\/www.altominho.tv\/site\/2019\/11\/06\/museu-etnografico-de-longos-vales-com-novos-instrumentos-e-utensilios-rurais\/\" \/>\n<meta property=\"og:site_name\" content=\"Altominho.tv\" \/>\n<meta property=\"article:publisher\" content=\"https:\/\/www.facebook.com\/altominhotv\" \/>\n<meta property=\"article:published_time\" content=\"2019-11-06T11:48:53+00:00\" \/>\n<meta property=\"article:modified_time\" content=\"2019-11-06T11:48:57+00:00\" \/>\n<meta property=\"og:image\" content=\"https:\/\/www.altominho.tv\/site\/wp-content\/uploads\/2019\/11\/Levantamento-do-Pau.jpg\" \/>\n\t<meta property=\"og:image:width\" content=\"1920\" \/>\n\t<meta property=\"og:image:height\" content=\"1080\" \/>\n\t<meta property=\"og:image:type\" content=\"image\/jpeg\" \/>\n<meta name=\"author\" content=\"Andreia Cunha\" \/>\n<meta name=\"twitter:card\" content=\"summary_large_image\" \/>\n<meta name=\"twitter:creator\" content=\"@altominhoTV\" \/>\n<meta name=\"twitter:site\" content=\"@altominhoTV\" \/>\n<meta name=\"twitter:label1\" content=\"Escrito por\" \/>\n\t<meta name=\"twitter:data1\" content=\"Andreia Cunha\" \/>\n\t<meta name=\"twitter:label2\" content=\"Tempo estimado de leitura\" \/>\n\t<meta name=\"twitter:data2\" content=\"1 minuto\" \/>\n<script type=\"application\/ld+json\" class=\"yoast-schema-graph\">{\"@context\":\"https:\\\/\\\/schema.org\",\"@graph\":[{\"@type\":\"Article\",\"@id\":\"https:\\\/\\\/www.altominho.tv\\\/site\\\/2019\\\/11\\\/06\\\/museu-etnografico-de-longos-vales-com-novos-instrumentos-e-utensilios-rurais\\\/#article\",\"isPartOf\":{\"@id\":\"https:\\\/\\\/www.altominho.tv\\\/site\\\/2019\\\/11\\\/06\\\/museu-etnografico-de-longos-vales-com-novos-instrumentos-e-utensilios-rurais\\\/\"},\"author\":{\"name\":\"Andreia Cunha\",\"@id\":\"https:\\\/\\\/www.altominho.tv\\\/site\\\/#\\\/schema\\\/person\\\/a0e4ef6d041f98ca284393d8f1d97153\"},\"headline\":\"Museu Etnogr\u00e1fico de Longos Vales com novos instrumentos e utens\u00edlios rurais\",\"datePublished\":\"2019-11-06T11:48:53+00:00\",\"dateModified\":\"2019-11-06T11:48:57+00:00\",\"mainEntityOfPage\":{\"@id\":\"https:\\\/\\\/www.altominho.tv\\\/site\\\/2019\\\/11\\\/06\\\/museu-etnografico-de-longos-vales-com-novos-instrumentos-e-utensilios-rurais\\\/\"},\"wordCount\":236,\"image\":{\"@id\":\"https:\\\/\\\/www.altominho.tv\\\/site\\\/2019\\\/11\\\/06\\\/museu-etnografico-de-longos-vales-com-novos-instrumentos-e-utensilios-rurais\\\/#primaryimage\"},\"thumbnailUrl\":\"https:\\\/\\\/www.altominho.tv\\\/site\\\/wp-content\\\/uploads\\\/2019\\\/11\\\/Levantamento-do-Pau.jpg\",\"keywords\":[\"Cultura\",\"Sociedade\"],\"articleSection\":[\"Mon\u00e7\u00e3o\"],\"inLanguage\":\"pt-PT\",\"copyrightYear\":\"2019\",\"copyrightHolder\":{\"@id\":\"https:\\\/\\\/www.altominho.tv\\\/site\\\/#organization\"}},{\"@type\":\"WebPage\",\"@id\":\"https:\\\/\\\/www.altominho.tv\\\/site\\\/2019\\\/11\\\/06\\\/museu-etnografico-de-longos-vales-com-novos-instrumentos-e-utensilios-rurais\\\/\",\"url\":\"https:\\\/\\\/www.altominho.tv\\\/site\\\/2019\\\/11\\\/06\\\/museu-etnografico-de-longos-vales-com-novos-instrumentos-e-utensilios-rurais\\\/\",\"name\":\"Museu Etnogr\u00e1fico de Longos Vales com novos instrumentos e utens\u00edlios rurais\",\"isPartOf\":{\"@id\":\"https:\\\/\\\/www.altominho.tv\\\/site\\\/#website\"},\"primaryImageOfPage\":{\"@id\":\"https:\\\/\\\/www.altominho.tv\\\/site\\\/2019\\\/11\\\/06\\\/museu-etnografico-de-longos-vales-com-novos-instrumentos-e-utensilios-rurais\\\/#primaryimage\"},\"image\":{\"@id\":\"https:\\\/\\\/www.altominho.tv\\\/site\\\/2019\\\/11\\\/06\\\/museu-etnografico-de-longos-vales-com-novos-instrumentos-e-utensilios-rurais\\\/#primaryimage\"},\"thumbnailUrl\":\"https:\\\/\\\/www.altominho.tv\\\/site\\\/wp-content\\\/uploads\\\/2019\\\/11\\\/Levantamento-do-Pau.jpg\",\"datePublished\":\"2019-11-06T11:48:53+00:00\",\"dateModified\":\"2019-11-06T11:48:57+00:00\",\"author\":{\"@id\":\"https:\\\/\\\/www.altominho.tv\\\/site\\\/#\\\/schema\\\/person\\\/a0e4ef6d041f98ca284393d8f1d97153\"},\"breadcrumb\":{\"@id\":\"https:\\\/\\\/www.altominho.tv\\\/site\\\/2019\\\/11\\\/06\\\/museu-etnografico-de-longos-vales-com-novos-instrumentos-e-utensilios-rurais\\\/#breadcrumb\"},\"inLanguage\":\"pt-PT\",\"potentialAction\":[{\"@type\":\"ReadAction\",\"target\":[\"https:\\\/\\\/www.altominho.tv\\\/site\\\/2019\\\/11\\\/06\\\/museu-etnografico-de-longos-vales-com-novos-instrumentos-e-utensilios-rurais\\\/\"]}]},{\"@type\":\"ImageObject\",\"inLanguage\":\"pt-PT\",\"@id\":\"https:\\\/\\\/www.altominho.tv\\\/site\\\/2019\\\/11\\\/06\\\/museu-etnografico-de-longos-vales-com-novos-instrumentos-e-utensilios-rurais\\\/#primaryimage\",\"url\":\"https:\\\/\\\/www.altominho.tv\\\/site\\\/wp-content\\\/uploads\\\/2019\\\/11\\\/Levantamento-do-Pau.jpg\",\"contentUrl\":\"https:\\\/\\\/www.altominho.tv\\\/site\\\/wp-content\\\/uploads\\\/2019\\\/11\\\/Levantamento-do-Pau.jpg\",\"width\":1920,\"height\":1080},{\"@type\":\"BreadcrumbList\",\"@id\":\"https:\\\/\\\/www.altominho.tv\\\/site\\\/2019\\\/11\\\/06\\\/museu-etnografico-de-longos-vales-com-novos-instrumentos-e-utensilios-rurais\\\/#breadcrumb\",\"itemListElement\":[{\"@type\":\"ListItem\",\"position\":1,\"name\":\"In\u00edcio\",\"item\":\"https:\\\/\\\/www.altominho.tv\\\/site\\\/\"},{\"@type\":\"ListItem\",\"position\":2,\"name\":\"Museu Etnogr\u00e1fico de Longos Vales com novos instrumentos e utens\u00edlios rurais\"}]},{\"@type\":\"WebSite\",\"@id\":\"https:\\\/\\\/www.altominho.tv\\\/site\\\/#website\",\"url\":\"https:\\\/\\\/www.altominho.tv\\\/site\\\/\",\"name\":\"Altominho.tv\",\"description\":\"A sua regi\u00e3o \u00e0 dist\u00e2ncia de um clique...\",\"potentialAction\":[{\"@type\":\"SearchAction\",\"target\":{\"@type\":\"EntryPoint\",\"urlTemplate\":\"https:\\\/\\\/www.altominho.tv\\\/site\\\/?s={search_term_string}\"},\"query-input\":{\"@type\":\"PropertyValueSpecification\",\"valueRequired\":true,\"valueName\":\"search_term_string\"}}],\"inLanguage\":\"pt-PT\"},{\"@type\":\"Person\",\"@id\":\"https:\\\/\\\/www.altominho.tv\\\/site\\\/#\\\/schema\\\/person\\\/a0e4ef6d041f98ca284393d8f1d97153\",\"name\":\"Andreia Cunha\",\"image\":{\"@type\":\"ImageObject\",\"inLanguage\":\"pt-PT\",\"@id\":\"https:\\\/\\\/www.altominho.tv\\\/site\\\/wp-content\\\/uploads\\\/2017\\\/11\\\/Andreia_Cunha-1-150x150.jpg\",\"url\":\"https:\\\/\\\/www.altominho.tv\\\/site\\\/wp-content\\\/uploads\\\/2017\\\/11\\\/Andreia_Cunha-1-150x150.jpg\",\"contentUrl\":\"https:\\\/\\\/www.altominho.tv\\\/site\\\/wp-content\\\/uploads\\\/2017\\\/11\\\/Andreia_Cunha-1-150x150.jpg\",\"caption\":\"Andreia Cunha\"},\"url\":\"https:\\\/\\\/www.altominho.tv\\\/site\\\/author\\\/andreiacunha\\\/\"}]}<\/script>\n<!-- \/ Yoast SEO Premium plugin. -->","yoast_head_json":{"title":"Museu Etnogr\u00e1fico de Longos Vales com novos instrumentos e utens\u00edlios rurais","robots":{"index":"index","follow":"follow","max-snippet":"max-snippet:-1","max-image-preview":"max-image-preview:large","max-video-preview":"max-video-preview:-1"},"canonical":"https:\/\/www.altominho.tv\/site\/2019\/11\/06\/museu-etnografico-de-longos-vales-com-novos-instrumentos-e-utensilios-rurais\/","og_locale":"pt_PT","og_type":"article","og_title":"Museu Etnogr\u00e1fico de Longos Vales com novos instrumentos e utens\u00edlios rurais","og_description":"O Museu Etnogr\u00e1fico de Longos Vales, est\u00e1 situado na antiga Escola Prim\u00e1ria do Cesto, e foi inaugurado no dia 29 de Maio de 2011. Este espa\u00e7o apresenta diversos instrumentos do mundo agr\u00edcola &#8220;que Eduardo Cardoso, o seu mentor, coleciona h\u00e1 v\u00e1rios anos com paix\u00e3o e dedica\u00e7\u00e3o&#8221;, informou o munic\u00edpio de Mon\u00e7\u00e3o. &#8220;Em permanente valoriza\u00e7\u00e3o, atrav\u00e9s [&hellip;]","og_url":"https:\/\/www.altominho.tv\/site\/2019\/11\/06\/museu-etnografico-de-longos-vales-com-novos-instrumentos-e-utensilios-rurais\/","og_site_name":"Altominho.tv","article_publisher":"https:\/\/www.facebook.com\/altominhotv","article_published_time":"2019-11-06T11:48:53+00:00","article_modified_time":"2019-11-06T11:48:57+00:00","og_image":[{"width":1920,"height":1080,"url":"https:\/\/www.altominho.tv\/site\/wp-content\/uploads\/2019\/11\/Levantamento-do-Pau.jpg","type":"image\/jpeg"}],"author":"Andreia Cunha","twitter_card":"summary_large_image","twitter_creator":"@altominhoTV","twitter_site":"@altominhoTV","twitter_misc":{"Escrito por":"Andreia Cunha","Tempo estimado de leitura":"1 minuto"},"schema":{"@context":"https:\/\/schema.org","@graph":[{"@type":"Article","@id":"https:\/\/www.altominho.tv\/site\/2019\/11\/06\/museu-etnografico-de-longos-vales-com-novos-instrumentos-e-utensilios-rurais\/#article","isPartOf":{"@id":"https:\/\/www.altominho.tv\/site\/2019\/11\/06\/museu-etnografico-de-longos-vales-com-novos-instrumentos-e-utensilios-rurais\/"},"author":{"name":"Andreia Cunha","@id":"https:\/\/www.altominho.tv\/site\/#\/schema\/person\/a0e4ef6d041f98ca284393d8f1d97153"},"headline":"Museu Etnogr\u00e1fico de Longos Vales com novos instrumentos e utens\u00edlios rurais","datePublished":"2019-11-06T11:48:53+00:00","dateModified":"2019-11-06T11:48:57+00:00","mainEntityOfPage":{"@id":"https:\/\/www.altominho.tv\/site\/2019\/11\/06\/museu-etnografico-de-longos-vales-com-novos-instrumentos-e-utensilios-rurais\/"},"wordCount":236,"image":{"@id":"https:\/\/www.altominho.tv\/site\/2019\/11\/06\/museu-etnografico-de-longos-vales-com-novos-instrumentos-e-utensilios-rurais\/#primaryimage"},"thumbnailUrl":"https:\/\/www.altominho.tv\/site\/wp-content\/uploads\/2019\/11\/Levantamento-do-Pau.jpg","keywords":["Cultura","Sociedade"],"articleSection":["Mon\u00e7\u00e3o"],"inLanguage":"pt-PT","copyrightYear":"2019","copyrightHolder":{"@id":"https:\/\/www.altominho.tv\/site\/#organization"}},{"@type":"WebPage","@id":"https:\/\/www.altominho.tv\/site\/2019\/11\/06\/museu-etnografico-de-longos-vales-com-novos-instrumentos-e-utensilios-rurais\/","url":"https:\/\/www.altominho.tv\/site\/2019\/11\/06\/museu-etnografico-de-longos-vales-com-novos-instrumentos-e-utensilios-rurais\/","name":"Museu Etnogr\u00e1fico de Longos Vales com novos instrumentos e utens\u00edlios rurais","isPartOf":{"@id":"https:\/\/www.altominho.tv\/site\/#website"},"primaryImageOfPage":{"@id":"https:\/\/www.altominho.tv\/site\/2019\/11\/06\/museu-etnografico-de-longos-vales-com-novos-instrumentos-e-utensilios-rurais\/#primaryimage"},"image":{"@id":"https:\/\/www.altominho.tv\/site\/2019\/11\/06\/museu-etnografico-de-longos-vales-com-novos-instrumentos-e-utensilios-rurais\/#primaryimage"},"thumbnailUrl":"https:\/\/www.altominho.tv\/site\/wp-content\/uploads\/2019\/11\/Levantamento-do-Pau.jpg","datePublished":"2019-11-06T11:48:53+00:00","dateModified":"2019-11-06T11:48:57+00:00","author":{"@id":"https:\/\/www.altominho.tv\/site\/#\/schema\/person\/a0e4ef6d041f98ca284393d8f1d97153"},"breadcrumb":{"@id":"https:\/\/www.altominho.tv\/site\/2019\/11\/06\/museu-etnografico-de-longos-vales-com-novos-instrumentos-e-utensilios-rurais\/#breadcrumb"},"inLanguage":"pt-PT","potentialAction":[{"@type":"ReadAction","target":["https:\/\/www.altominho.tv\/site\/2019\/11\/06\/museu-etnografico-de-longos-vales-com-novos-instrumentos-e-utensilios-rurais\/"]}]},{"@type":"ImageObject","inLanguage":"pt-PT","@id":"https:\/\/www.altominho.tv\/site\/2019\/11\/06\/museu-etnografico-de-longos-vales-com-novos-instrumentos-e-utensilios-rurais\/#primaryimage","url":"https:\/\/www.altominho.tv\/site\/wp-content\/uploads\/2019\/11\/Levantamento-do-Pau.jpg","contentUrl":"https:\/\/www.altominho.tv\/site\/wp-content\/uploads\/2019\/11\/Levantamento-do-Pau.jpg","width":1920,"height":1080},{"@type":"BreadcrumbList","@id":"https:\/\/www.altominho.tv\/site\/2019\/11\/06\/museu-etnografico-de-longos-vales-com-novos-instrumentos-e-utensilios-rurais\/#breadcrumb","itemListElement":[{"@type":"ListItem","position":1,"name":"In\u00edcio","item":"https:\/\/www.altominho.tv\/site\/"},{"@type":"ListItem","position":2,"name":"Museu Etnogr\u00e1fico de Longos Vales com novos instrumentos e utens\u00edlios rurais"}]},{"@type":"WebSite","@id":"https:\/\/www.altominho.tv\/site\/#website","url":"https:\/\/www.altominho.tv\/site\/","name":"Altominho.tv","description":"A sua regi\u00e3o \u00e0 dist\u00e2ncia de um clique...","potentialAction":[{"@type":"SearchAction","target":{"@type":"EntryPoint","urlTemplate":"https:\/\/www.altominho.tv\/site\/?s={search_term_string}"},"query-input":{"@type":"PropertyValueSpecification","valueRequired":true,"valueName":"search_term_string"}}],"inLanguage":"pt-PT"},{"@type":"Person","@id":"https:\/\/www.altominho.tv\/site\/#\/schema\/person\/a0e4ef6d041f98ca284393d8f1d97153","name":"Andreia Cunha","image":{"@type":"ImageObject","inLanguage":"pt-PT","@id":"https:\/\/www.altominho.tv\/site\/wp-content\/uploads\/2017\/11\/Andreia_Cunha-1-150x150.jpg","url":"https:\/\/www.altominho.tv\/site\/wp-content\/uploads\/2017\/11\/Andreia_Cunha-1-150x150.jpg","contentUrl":"https:\/\/www.altominho.tv\/site\/wp-content\/uploads\/2017\/11\/Andreia_Cunha-1-150x150.jpg","caption":"Andreia Cunha"},"url":"https:\/\/www.altominho.tv\/site\/author\/andreiacunha\/"}]}},"_links":{"self":[{"href":"https:\/\/www.altominho.tv\/site\/wp-json\/wp\/v2\/posts\/36426","targetHints":{"allow":["GET"]}}],"collection":[{"href":"https:\/\/www.altominho.tv\/site\/wp-json\/wp\/v2\/posts"}],"about":[{"href":"https:\/\/www.altominho.tv\/site\/wp-json\/wp\/v2\/types\/post"}],"author":[{"embeddable":true,"href":"https:\/\/www.altominho.tv\/site\/wp-json\/wp\/v2\/users\/7"}],"replies":[{"embeddable":true,"href":"https:\/\/www.altominho.tv\/site\/wp-json\/wp\/v2\/comments?post=36426"}],"version-history":[{"count":0,"href":"https:\/\/www.altominho.tv\/site\/wp-json\/wp\/v2\/posts\/36426\/revisions"}],"wp:featuredmedia":[{"embeddable":true,"href":"https:\/\/www.altominho.tv\/site\/wp-json\/wp\/v2\/media\/36427"}],"wp:attachment":[{"href":"https:\/\/www.altominho.tv\/site\/wp-json\/wp\/v2\/media?parent=36426"}],"wp:term":[{"taxonomy":"category","embeddable":true,"href":"https:\/\/www.altominho.tv\/site\/wp-json\/wp\/v2\/categories?post=36426"},{"taxonomy":"post_tag","embeddable":true,"href":"https:\/\/www.altominho.tv\/site\/wp-json\/wp\/v2\/tags?post=36426"}],"curies":[{"name":"wp","href":"https:\/\/api.w.org\/{rel}","templated":true}]}}