{"id":36354,"date":"2019-11-04T17:17:11","date_gmt":"2019-11-04T17:17:11","guid":{"rendered":"http:\/\/www.altominho.tv\/site\/?p=36354"},"modified":"2019-11-04T17:17:16","modified_gmt":"2019-11-04T17:17:16","slug":"viana-do-castelo-inicia-reabilitacao-mais-importante-dos-ultimos-anos","status":"publish","type":"post","link":"https:\/\/www.altominho.tv\/site\/2019\/11\/04\/viana-do-castelo-inicia-reabilitacao-mais-importante-dos-ultimos-anos\/","title":{"rendered":"Viana do Castelo inicia reabilita\u00e7\u00e3o \u201cmais importante dos \u00faltimos anos\u201d"},"content":{"rendered":"\n<p>O presidente da C\u00e2mara de Viana do Castelo congratulou-se, hoje, com o in\u00edcio da demoli\u00e7\u00e3o de um armaz\u00e9m abandonado h\u00e1 mais de tr\u00eas d\u00e9cadas na frente ribeirinha, considerando tratar-se do projeto de reabilita\u00e7\u00e3o &#8220;mais importante dos \u00faltimos anos&#8221;.<br><\/p>\n\n\n\n<p>&#8220;\u00c9 com muita satisfa\u00e7\u00e3o que vemos o in\u00edcio do processo de reabilita\u00e7\u00e3o e revitaliza\u00e7\u00e3o do centro hist\u00f3rico, na zona da ribeira, o projeto mais importante dos \u00faltimos anos em Viana do Castelo que prev\u00ea a requalifica\u00e7\u00e3o de um quarteir\u00e3o importante que a c\u00e2mara municipal ansiava desde o final da d\u00e9cada de 90, do s\u00e9culo passado&#8221;, afirmou, hoje \u00e0 ag\u00eancia Lusa, Jos\u00e9 Maria Costa.<br><\/p>\n\n\n\n<p>O im\u00f3vel, antigo armaz\u00e9m da Quimigal Adubos, em avan\u00e7ado estado de degrada\u00e7\u00e3o, devoluto e abandonado h\u00e1 mais de tr\u00eas d\u00e9cadas, est\u00e1 situado junto \u00e0 antiga doca comercial onde est\u00e1 atracado o navio museu Gil Eannes.<br><\/p>\n\n\n\n<p>Num investimento privado estimado em 10 milh\u00f5es de euros, o edif\u00edcio come\u00e7ou hoje a ser demolido para posterior constru\u00e7\u00e3o de 22 apartamentos de luxo e duas lojas comerciais.<br><\/p>\n\n\n\n<p>Contactado pela Lusa, o diretor geral da Reabilitar Viana, Fernando Peixoto, explicou &#8220;ter sido hoje iniciada a demoli\u00e7\u00e3o das paredes e telhado do im\u00f3vel, interven\u00e7\u00e3o que estar\u00e1 conclu\u00edda dentro de cerca de duas semanas&#8221;.<br><\/p>\n\n\n\n<p>O respons\u00e1vel referiu que &#8220;conclu\u00edda a demoli\u00e7\u00e3o, ser\u00e1 iniciada a fase de sondagens arqueol\u00f3gicas, seguindo as escava\u00e7\u00f5es para constru\u00e7\u00e3o da cave e dos andares do edif\u00edcio Marina&#8221;.<br><\/p>\n\n\n\n<p>Para o autarca Jos\u00e9 Maria Costa, a &#8220;proposta do promotor vai ao encontro da estrat\u00e9gia da c\u00e2mara municipal que, desde o final na d\u00e9cada de 90, procurava um privado que pudesse desenvolver um projeto que transformasse a silhueta marginal da frente ribeirinha&#8221;.<br><\/p>\n\n\n\n<p>&#8220;Este projeto re\u00fane as duas condi\u00e7\u00f5es fundamentais num processo de reabilita\u00e7\u00e3o do centro hist\u00f3rico. Atrair mais pessoas, imprimir mais vida comercial e requalificar um pavilh\u00e3o que se encontrava em muito mau estado e a dar uma m\u00e1 imagem da paisagem urbana&#8221;, refor\u00e7ou.<br><\/p>\n\n\n\n<p>Para aquela zona da cidade est\u00e1 ainda prevista a constru\u00e7\u00e3o de uma marina atl\u00e2ntica, para navios de cruzeiro, cujo concurso p\u00fablico, segundo o autarca socialista, dever\u00e1 ser lan\u00e7ado no &#8220;in\u00edcio de 2020&#8221;.<br><\/p>\n\n\n\n<p>Jos\u00e9 Maria Costa explicou que &#8220;o munic\u00edpio aceitou a descentraliza\u00e7\u00e3o de compet\u00eancias no dom\u00ednio das \u00e1reas portu\u00e1rias, estando em curso negocia\u00e7\u00f5es entre a autarquia e Administra\u00e7\u00e3o dos Portos do Douro, Leix\u00f5es e Viana do Castelo (APDL).<br><\/p>\n\n\n\n<p>&#8220;Neste momento, est\u00e1 a ser ultimado o processo de transfer\u00eancia dos terrenos associados \u00e0 \u00e1rea portu\u00e1ria para dom\u00ednio municipal para que, no in\u00edcio do pr\u00f3ximo, a c\u00e2mara possa iniciar o procedimento concursal com vista \u00e0 atribui\u00e7\u00e3o a privados da concess\u00e3o da infraestrutura\u00e7\u00e3o e explora\u00e7\u00e3o da marina atl\u00e2ntica&#8221;, especificou o autarca social, estimando que o investimento poder\u00e1 rondar &#8220;os tr\u00eas a cinco milh\u00f5es de euros&#8221;.<br><\/p>\n\n\n\n<p>Em causa est\u00e1 a doca de recreio, a jusante da ponte Eiffel, e a constru\u00e7\u00e3o, na doca comercial, de uma marina atl\u00e2ntica, para embarca\u00e7\u00f5es de maior dimens\u00e3o.<br><\/p>\n\n\n\n<p>Em maio, em declara\u00e7\u00f5es \u00e0 Lusa, Ant\u00f3nio Mimoso, da administra\u00e7\u00e3o da APDL, com concess\u00e3o daquelas infraestruturas, a cidade ser\u00e1 dotada de um total de 450 lugares de amarra\u00e7\u00e3o.<br><\/p>\n\n\n\n<p>O respons\u00e1vel, explicou que a marina atl\u00e2ntica, ter\u00e1 entre 120 a 150 lugares para embarca\u00e7\u00f5es at\u00e9 quatro metros de calado.<br><\/p>\n\n\n\n<p>J\u00e1 a doca de recreio disponibilizar\u00e1 cerca de 300 lugares para embarca\u00e7\u00f5es at\u00e9 tr\u00eas metros de calado.<br><\/p>\n\n\n\n<p>Ant\u00f3nio Mimoso disse que aquelas infraestruturas est\u00e3o previstas para &#8220;uma zona sens\u00edvel da cidade, na frente ribeirinha, sendo necess\u00e1ria uma integra\u00e7\u00e3o urban\u00edstica adequada e no \u00e2mbito do Plano de Pormenor que est\u00e1 em vigor naquela \u00e1rea&#8221;.<br><\/p>\n\n\n\n<p>&#8220;A inten\u00e7\u00e3o da administra\u00e7\u00e3o da APDL e da C\u00e2mara de Viana do Castelo passa por definir as bases da concess\u00e3o, do conjunto de regras e de procedimentos com vista a uma integra\u00e7\u00e3o urban\u00edstica harmoniosa numa zona sens\u00edvel cidade que \u00e9 a frente ribeirinha&#8221;.<br><\/p>\n","protected":false},"excerpt":{"rendered":"<p>O presidente da C\u00e2mara de Viana do Castelo congratulou-se, hoje, com o in\u00edcio da demoli\u00e7\u00e3o de um armaz\u00e9m abandonado h\u00e1 mais de tr\u00eas d\u00e9cadas na frente ribeirinha, considerando tratar-se do projeto de reabilita\u00e7\u00e3o &#8220;mais importante dos \u00faltimos anos&#8221;. &#8220;\u00c9 com muita satisfa\u00e7\u00e3o que vemos o in\u00edcio do processo de reabilita\u00e7\u00e3o e revitaliza\u00e7\u00e3o do centro hist\u00f3rico, [&hellip;]<\/p>\n","protected":false},"author":16,"featured_media":36355,"comment_status":"closed","ping_status":"closed","sticky":false,"template":"","format":"standard","meta":{"_exactmetrics_skip_tracking":false,"_exactmetrics_sitenote_active":false,"_exactmetrics_sitenote_note":"","_exactmetrics_sitenote_category":0,"footnotes":""},"categories":[14],"tags":[27],"class_list":["post-36354","post","type-post","status-publish","format-standard","has-post-thumbnail","hentry","category-viana-do-castelo","tag-sociedade"],"yoast_head":"<!-- This site is optimized with the Yoast SEO Premium plugin v27.5 (Yoast SEO v27.5) - https:\/\/yoast.com\/product\/yoast-seo-premium-wordpress\/ -->\n<title>Viana do Castelo inicia reabilita\u00e7\u00e3o \u201cmais importante dos \u00faltimos anos\u201d<\/title>\n<meta name=\"robots\" content=\"index, follow, max-snippet:-1, max-image-preview:large, max-video-preview:-1\" \/>\n<link rel=\"canonical\" href=\"https:\/\/www.altominho.tv\/site\/2019\/11\/04\/viana-do-castelo-inicia-reabilitacao-mais-importante-dos-ultimos-anos\/\" \/>\n<meta property=\"og:locale\" content=\"pt_PT\" \/>\n<meta property=\"og:type\" content=\"article\" \/>\n<meta property=\"og:title\" content=\"Viana do Castelo inicia reabilita\u00e7\u00e3o \u201cmais importante dos \u00faltimos anos\u201d\" \/>\n<meta property=\"og:description\" content=\"O presidente da C\u00e2mara de Viana do Castelo congratulou-se, hoje, com o in\u00edcio da demoli\u00e7\u00e3o de um armaz\u00e9m abandonado h\u00e1 mais de tr\u00eas d\u00e9cadas na frente ribeirinha, considerando tratar-se do projeto de reabilita\u00e7\u00e3o &#8220;mais importante dos \u00faltimos anos&#8221;. &#8220;\u00c9 com muita satisfa\u00e7\u00e3o que vemos o in\u00edcio do processo de reabilita\u00e7\u00e3o e revitaliza\u00e7\u00e3o do centro hist\u00f3rico, [&hellip;]\" \/>\n<meta property=\"og:url\" content=\"https:\/\/www.altominho.tv\/site\/2019\/11\/04\/viana-do-castelo-inicia-reabilitacao-mais-importante-dos-ultimos-anos\/\" \/>\n<meta property=\"og:site_name\" content=\"Altominho.tv\" \/>\n<meta property=\"article:publisher\" content=\"https:\/\/www.facebook.com\/altominhotv\" \/>\n<meta property=\"article:published_time\" content=\"2019-11-04T17:17:11+00:00\" \/>\n<meta property=\"article:modified_time\" content=\"2019-11-04T17:17:16+00:00\" \/>\n<meta property=\"og:image\" content=\"https:\/\/www.altominho.tv\/site\/wp-content\/uploads\/2019\/11\/josemaria.jpg\" \/>\n\t<meta property=\"og:image:width\" content=\"568\" \/>\n\t<meta property=\"og:image:height\" content=\"320\" \/>\n\t<meta property=\"og:image:type\" content=\"image\/jpeg\" \/>\n<meta name=\"author\" content=\"Andreia Cunha | Lusa\" \/>\n<meta name=\"twitter:card\" content=\"summary_large_image\" \/>\n<meta name=\"twitter:creator\" content=\"@altominhoTV\" \/>\n<meta name=\"twitter:site\" content=\"@altominhoTV\" \/>\n<meta name=\"twitter:label1\" content=\"Escrito por\" \/>\n\t<meta name=\"twitter:data1\" content=\"Andreia Cunha | Lusa\" \/>\n\t<meta name=\"twitter:label2\" content=\"Tempo estimado de leitura\" \/>\n\t<meta name=\"twitter:data2\" content=\"3 minutos\" \/>\n<script type=\"application\/ld+json\" class=\"yoast-schema-graph\">{\"@context\":\"https:\\\/\\\/schema.org\",\"@graph\":[{\"@type\":\"Article\",\"@id\":\"https:\\\/\\\/www.altominho.tv\\\/site\\\/2019\\\/11\\\/04\\\/viana-do-castelo-inicia-reabilitacao-mais-importante-dos-ultimos-anos\\\/#article\",\"isPartOf\":{\"@id\":\"https:\\\/\\\/www.altominho.tv\\\/site\\\/2019\\\/11\\\/04\\\/viana-do-castelo-inicia-reabilitacao-mais-importante-dos-ultimos-anos\\\/\"},\"author\":{\"name\":\"Andreia Cunha | Lusa\",\"@id\":\"https:\\\/\\\/www.altominho.tv\\\/site\\\/#\\\/schema\\\/person\\\/dbaf181c01b51ff40c9f461a905d321e\"},\"headline\":\"Viana do Castelo inicia reabilita\u00e7\u00e3o \u201cmais importante dos \u00faltimos anos\u201d\",\"datePublished\":\"2019-11-04T17:17:11+00:00\",\"dateModified\":\"2019-11-04T17:17:16+00:00\",\"mainEntityOfPage\":{\"@id\":\"https:\\\/\\\/www.altominho.tv\\\/site\\\/2019\\\/11\\\/04\\\/viana-do-castelo-inicia-reabilitacao-mais-importante-dos-ultimos-anos\\\/\"},\"wordCount\":708,\"image\":{\"@id\":\"https:\\\/\\\/www.altominho.tv\\\/site\\\/2019\\\/11\\\/04\\\/viana-do-castelo-inicia-reabilitacao-mais-importante-dos-ultimos-anos\\\/#primaryimage\"},\"thumbnailUrl\":\"https:\\\/\\\/www.altominho.tv\\\/site\\\/wp-content\\\/uploads\\\/2019\\\/11\\\/josemaria.jpg\",\"keywords\":[\"Sociedade\"],\"articleSection\":[\"Viana do Castelo\"],\"inLanguage\":\"pt-PT\",\"copyrightYear\":\"2019\",\"copyrightHolder\":{\"@id\":\"https:\\\/\\\/www.altominho.tv\\\/site\\\/#organization\"}},{\"@type\":\"WebPage\",\"@id\":\"https:\\\/\\\/www.altominho.tv\\\/site\\\/2019\\\/11\\\/04\\\/viana-do-castelo-inicia-reabilitacao-mais-importante-dos-ultimos-anos\\\/\",\"url\":\"https:\\\/\\\/www.altominho.tv\\\/site\\\/2019\\\/11\\\/04\\\/viana-do-castelo-inicia-reabilitacao-mais-importante-dos-ultimos-anos\\\/\",\"name\":\"Viana do Castelo inicia reabilita\u00e7\u00e3o \u201cmais importante dos \u00faltimos anos\u201d\",\"isPartOf\":{\"@id\":\"https:\\\/\\\/www.altominho.tv\\\/site\\\/#website\"},\"primaryImageOfPage\":{\"@id\":\"https:\\\/\\\/www.altominho.tv\\\/site\\\/2019\\\/11\\\/04\\\/viana-do-castelo-inicia-reabilitacao-mais-importante-dos-ultimos-anos\\\/#primaryimage\"},\"image\":{\"@id\":\"https:\\\/\\\/www.altominho.tv\\\/site\\\/2019\\\/11\\\/04\\\/viana-do-castelo-inicia-reabilitacao-mais-importante-dos-ultimos-anos\\\/#primaryimage\"},\"thumbnailUrl\":\"https:\\\/\\\/www.altominho.tv\\\/site\\\/wp-content\\\/uploads\\\/2019\\\/11\\\/josemaria.jpg\",\"datePublished\":\"2019-11-04T17:17:11+00:00\",\"dateModified\":\"2019-11-04T17:17:16+00:00\",\"author\":{\"@id\":\"https:\\\/\\\/www.altominho.tv\\\/site\\\/#\\\/schema\\\/person\\\/dbaf181c01b51ff40c9f461a905d321e\"},\"breadcrumb\":{\"@id\":\"https:\\\/\\\/www.altominho.tv\\\/site\\\/2019\\\/11\\\/04\\\/viana-do-castelo-inicia-reabilitacao-mais-importante-dos-ultimos-anos\\\/#breadcrumb\"},\"inLanguage\":\"pt-PT\",\"potentialAction\":[{\"@type\":\"ReadAction\",\"target\":[\"https:\\\/\\\/www.altominho.tv\\\/site\\\/2019\\\/11\\\/04\\\/viana-do-castelo-inicia-reabilitacao-mais-importante-dos-ultimos-anos\\\/\"]}]},{\"@type\":\"ImageObject\",\"inLanguage\":\"pt-PT\",\"@id\":\"https:\\\/\\\/www.altominho.tv\\\/site\\\/2019\\\/11\\\/04\\\/viana-do-castelo-inicia-reabilitacao-mais-importante-dos-ultimos-anos\\\/#primaryimage\",\"url\":\"https:\\\/\\\/www.altominho.tv\\\/site\\\/wp-content\\\/uploads\\\/2019\\\/11\\\/josemaria.jpg\",\"contentUrl\":\"https:\\\/\\\/www.altominho.tv\\\/site\\\/wp-content\\\/uploads\\\/2019\\\/11\\\/josemaria.jpg\",\"width\":568,\"height\":320},{\"@type\":\"BreadcrumbList\",\"@id\":\"https:\\\/\\\/www.altominho.tv\\\/site\\\/2019\\\/11\\\/04\\\/viana-do-castelo-inicia-reabilitacao-mais-importante-dos-ultimos-anos\\\/#breadcrumb\",\"itemListElement\":[{\"@type\":\"ListItem\",\"position\":1,\"name\":\"In\u00edcio\",\"item\":\"https:\\\/\\\/www.altominho.tv\\\/site\\\/\"},{\"@type\":\"ListItem\",\"position\":2,\"name\":\"Viana do Castelo inicia reabilita\u00e7\u00e3o \u201cmais importante dos \u00faltimos anos\u201d\"}]},{\"@type\":\"WebSite\",\"@id\":\"https:\\\/\\\/www.altominho.tv\\\/site\\\/#website\",\"url\":\"https:\\\/\\\/www.altominho.tv\\\/site\\\/\",\"name\":\"Altominho.tv\",\"description\":\"A sua regi\u00e3o \u00e0 dist\u00e2ncia de um clique...\",\"potentialAction\":[{\"@type\":\"SearchAction\",\"target\":{\"@type\":\"EntryPoint\",\"urlTemplate\":\"https:\\\/\\\/www.altominho.tv\\\/site\\\/?s={search_term_string}\"},\"query-input\":{\"@type\":\"PropertyValueSpecification\",\"valueRequired\":true,\"valueName\":\"search_term_string\"}}],\"inLanguage\":\"pt-PT\"},{\"@type\":\"Person\",\"@id\":\"https:\\\/\\\/www.altominho.tv\\\/site\\\/#\\\/schema\\\/person\\\/dbaf181c01b51ff40c9f461a905d321e\",\"name\":\"Andreia Cunha | Lusa\",\"image\":{\"@type\":\"ImageObject\",\"inLanguage\":\"pt-PT\",\"@id\":\"https:\\\/\\\/www.altominho.tv\\\/site\\\/wp-content\\\/uploads\\\/2017\\\/11\\\/Andreia_Cunha-1-150x150.jpg\",\"url\":\"https:\\\/\\\/www.altominho.tv\\\/site\\\/wp-content\\\/uploads\\\/2017\\\/11\\\/Andreia_Cunha-1-150x150.jpg\",\"contentUrl\":\"https:\\\/\\\/www.altominho.tv\\\/site\\\/wp-content\\\/uploads\\\/2017\\\/11\\\/Andreia_Cunha-1-150x150.jpg\",\"caption\":\"Andreia Cunha | Lusa\"},\"sameAs\":[\"https:\\\/\\\/www.altominho.tv\\\/site\"],\"url\":\"https:\\\/\\\/www.altominho.tv\\\/site\\\/author\\\/andreiacunhalusa\\\/\"}]}<\/script>\n<!-- \/ Yoast SEO Premium plugin. -->","yoast_head_json":{"title":"Viana do Castelo inicia reabilita\u00e7\u00e3o \u201cmais importante dos \u00faltimos anos\u201d","robots":{"index":"index","follow":"follow","max-snippet":"max-snippet:-1","max-image-preview":"max-image-preview:large","max-video-preview":"max-video-preview:-1"},"canonical":"https:\/\/www.altominho.tv\/site\/2019\/11\/04\/viana-do-castelo-inicia-reabilitacao-mais-importante-dos-ultimos-anos\/","og_locale":"pt_PT","og_type":"article","og_title":"Viana do Castelo inicia reabilita\u00e7\u00e3o \u201cmais importante dos \u00faltimos anos\u201d","og_description":"O presidente da C\u00e2mara de Viana do Castelo congratulou-se, hoje, com o in\u00edcio da demoli\u00e7\u00e3o de um armaz\u00e9m abandonado h\u00e1 mais de tr\u00eas d\u00e9cadas na frente ribeirinha, considerando tratar-se do projeto de reabilita\u00e7\u00e3o &#8220;mais importante dos \u00faltimos anos&#8221;. &#8220;\u00c9 com muita satisfa\u00e7\u00e3o que vemos o in\u00edcio do processo de reabilita\u00e7\u00e3o e revitaliza\u00e7\u00e3o do centro hist\u00f3rico, [&hellip;]","og_url":"https:\/\/www.altominho.tv\/site\/2019\/11\/04\/viana-do-castelo-inicia-reabilitacao-mais-importante-dos-ultimos-anos\/","og_site_name":"Altominho.tv","article_publisher":"https:\/\/www.facebook.com\/altominhotv","article_published_time":"2019-11-04T17:17:11+00:00","article_modified_time":"2019-11-04T17:17:16+00:00","og_image":[{"width":568,"height":320,"url":"https:\/\/www.altominho.tv\/site\/wp-content\/uploads\/2019\/11\/josemaria.jpg","type":"image\/jpeg"}],"author":"Andreia Cunha | Lusa","twitter_card":"summary_large_image","twitter_creator":"@altominhoTV","twitter_site":"@altominhoTV","twitter_misc":{"Escrito por":"Andreia Cunha | Lusa","Tempo estimado de leitura":"3 minutos"},"schema":{"@context":"https:\/\/schema.org","@graph":[{"@type":"Article","@id":"https:\/\/www.altominho.tv\/site\/2019\/11\/04\/viana-do-castelo-inicia-reabilitacao-mais-importante-dos-ultimos-anos\/#article","isPartOf":{"@id":"https:\/\/www.altominho.tv\/site\/2019\/11\/04\/viana-do-castelo-inicia-reabilitacao-mais-importante-dos-ultimos-anos\/"},"author":{"name":"Andreia Cunha | Lusa","@id":"https:\/\/www.altominho.tv\/site\/#\/schema\/person\/dbaf181c01b51ff40c9f461a905d321e"},"headline":"Viana do Castelo inicia reabilita\u00e7\u00e3o \u201cmais importante dos \u00faltimos anos\u201d","datePublished":"2019-11-04T17:17:11+00:00","dateModified":"2019-11-04T17:17:16+00:00","mainEntityOfPage":{"@id":"https:\/\/www.altominho.tv\/site\/2019\/11\/04\/viana-do-castelo-inicia-reabilitacao-mais-importante-dos-ultimos-anos\/"},"wordCount":708,"image":{"@id":"https:\/\/www.altominho.tv\/site\/2019\/11\/04\/viana-do-castelo-inicia-reabilitacao-mais-importante-dos-ultimos-anos\/#primaryimage"},"thumbnailUrl":"https:\/\/www.altominho.tv\/site\/wp-content\/uploads\/2019\/11\/josemaria.jpg","keywords":["Sociedade"],"articleSection":["Viana do Castelo"],"inLanguage":"pt-PT","copyrightYear":"2019","copyrightHolder":{"@id":"https:\/\/www.altominho.tv\/site\/#organization"}},{"@type":"WebPage","@id":"https:\/\/www.altominho.tv\/site\/2019\/11\/04\/viana-do-castelo-inicia-reabilitacao-mais-importante-dos-ultimos-anos\/","url":"https:\/\/www.altominho.tv\/site\/2019\/11\/04\/viana-do-castelo-inicia-reabilitacao-mais-importante-dos-ultimos-anos\/","name":"Viana do Castelo inicia reabilita\u00e7\u00e3o \u201cmais importante dos \u00faltimos anos\u201d","isPartOf":{"@id":"https:\/\/www.altominho.tv\/site\/#website"},"primaryImageOfPage":{"@id":"https:\/\/www.altominho.tv\/site\/2019\/11\/04\/viana-do-castelo-inicia-reabilitacao-mais-importante-dos-ultimos-anos\/#primaryimage"},"image":{"@id":"https:\/\/www.altominho.tv\/site\/2019\/11\/04\/viana-do-castelo-inicia-reabilitacao-mais-importante-dos-ultimos-anos\/#primaryimage"},"thumbnailUrl":"https:\/\/www.altominho.tv\/site\/wp-content\/uploads\/2019\/11\/josemaria.jpg","datePublished":"2019-11-04T17:17:11+00:00","dateModified":"2019-11-04T17:17:16+00:00","author":{"@id":"https:\/\/www.altominho.tv\/site\/#\/schema\/person\/dbaf181c01b51ff40c9f461a905d321e"},"breadcrumb":{"@id":"https:\/\/www.altominho.tv\/site\/2019\/11\/04\/viana-do-castelo-inicia-reabilitacao-mais-importante-dos-ultimos-anos\/#breadcrumb"},"inLanguage":"pt-PT","potentialAction":[{"@type":"ReadAction","target":["https:\/\/www.altominho.tv\/site\/2019\/11\/04\/viana-do-castelo-inicia-reabilitacao-mais-importante-dos-ultimos-anos\/"]}]},{"@type":"ImageObject","inLanguage":"pt-PT","@id":"https:\/\/www.altominho.tv\/site\/2019\/11\/04\/viana-do-castelo-inicia-reabilitacao-mais-importante-dos-ultimos-anos\/#primaryimage","url":"https:\/\/www.altominho.tv\/site\/wp-content\/uploads\/2019\/11\/josemaria.jpg","contentUrl":"https:\/\/www.altominho.tv\/site\/wp-content\/uploads\/2019\/11\/josemaria.jpg","width":568,"height":320},{"@type":"BreadcrumbList","@id":"https:\/\/www.altominho.tv\/site\/2019\/11\/04\/viana-do-castelo-inicia-reabilitacao-mais-importante-dos-ultimos-anos\/#breadcrumb","itemListElement":[{"@type":"ListItem","position":1,"name":"In\u00edcio","item":"https:\/\/www.altominho.tv\/site\/"},{"@type":"ListItem","position":2,"name":"Viana do Castelo inicia reabilita\u00e7\u00e3o \u201cmais importante dos \u00faltimos anos\u201d"}]},{"@type":"WebSite","@id":"https:\/\/www.altominho.tv\/site\/#website","url":"https:\/\/www.altominho.tv\/site\/","name":"Altominho.tv","description":"A sua regi\u00e3o \u00e0 dist\u00e2ncia de um clique...","potentialAction":[{"@type":"SearchAction","target":{"@type":"EntryPoint","urlTemplate":"https:\/\/www.altominho.tv\/site\/?s={search_term_string}"},"query-input":{"@type":"PropertyValueSpecification","valueRequired":true,"valueName":"search_term_string"}}],"inLanguage":"pt-PT"},{"@type":"Person","@id":"https:\/\/www.altominho.tv\/site\/#\/schema\/person\/dbaf181c01b51ff40c9f461a905d321e","name":"Andreia Cunha | Lusa","image":{"@type":"ImageObject","inLanguage":"pt-PT","@id":"https:\/\/www.altominho.tv\/site\/wp-content\/uploads\/2017\/11\/Andreia_Cunha-1-150x150.jpg","url":"https:\/\/www.altominho.tv\/site\/wp-content\/uploads\/2017\/11\/Andreia_Cunha-1-150x150.jpg","contentUrl":"https:\/\/www.altominho.tv\/site\/wp-content\/uploads\/2017\/11\/Andreia_Cunha-1-150x150.jpg","caption":"Andreia Cunha | Lusa"},"sameAs":["https:\/\/www.altominho.tv\/site"],"url":"https:\/\/www.altominho.tv\/site\/author\/andreiacunhalusa\/"}]}},"_links":{"self":[{"href":"https:\/\/www.altominho.tv\/site\/wp-json\/wp\/v2\/posts\/36354","targetHints":{"allow":["GET"]}}],"collection":[{"href":"https:\/\/www.altominho.tv\/site\/wp-json\/wp\/v2\/posts"}],"about":[{"href":"https:\/\/www.altominho.tv\/site\/wp-json\/wp\/v2\/types\/post"}],"author":[{"embeddable":true,"href":"https:\/\/www.altominho.tv\/site\/wp-json\/wp\/v2\/users\/16"}],"replies":[{"embeddable":true,"href":"https:\/\/www.altominho.tv\/site\/wp-json\/wp\/v2\/comments?post=36354"}],"version-history":[{"count":0,"href":"https:\/\/www.altominho.tv\/site\/wp-json\/wp\/v2\/posts\/36354\/revisions"}],"wp:featuredmedia":[{"embeddable":true,"href":"https:\/\/www.altominho.tv\/site\/wp-json\/wp\/v2\/media\/36355"}],"wp:attachment":[{"href":"https:\/\/www.altominho.tv\/site\/wp-json\/wp\/v2\/media?parent=36354"}],"wp:term":[{"taxonomy":"category","embeddable":true,"href":"https:\/\/www.altominho.tv\/site\/wp-json\/wp\/v2\/categories?post=36354"},{"taxonomy":"post_tag","embeddable":true,"href":"https:\/\/www.altominho.tv\/site\/wp-json\/wp\/v2\/tags?post=36354"}],"curies":[{"name":"wp","href":"https:\/\/api.w.org\/{rel}","templated":true}]}}