{"id":36346,"date":"2019-11-04T16:04:54","date_gmt":"2019-11-04T16:04:54","guid":{"rendered":"http:\/\/www.altominho.tv\/site\/?p=36346"},"modified":"2019-11-04T16:04:59","modified_gmt":"2019-11-04T16:04:59","slug":"reparada-avaria-no-equipamento-de-tac-do-hospital-de-viana","status":"publish","type":"post","link":"https:\/\/www.altominho.tv\/site\/2019\/11\/04\/reparada-avaria-no-equipamento-de-tac-do-hospital-de-viana\/","title":{"rendered":"Reparada avaria no equipamento de TAC do hospital de Viana"},"content":{"rendered":"\n<p>O equipamento de TAC do hospital de Santa Luzia, em Viana do Castelo, voltou a funcionar no s\u00e1bado, pelas 16h00, depois de reparada uma avaria que, na quarta-feira, fez parar o aparelho, informou hoje aquela unidade.<\/p>\n\n\n\n<p>Segundo dados revelados hoje pelo presidente do conselho de administra\u00e7\u00e3o da Unidade Local de Sa\u00fade do Alto Minho (ULSAM), Franklim Ramos, durante o per\u00edodo paragem do aparelho de Tomografia Axial Computorizada (TAC), 68 doentes que necessitaram de realizar o exame foram transportados da unidade de Viana do Castelo para o hospital Conde de Bertiandos, em Ponte de Lima, a cerca de 30 quil\u00f3metros de dist\u00e2ncia, e regressaram \u00e0 unidade situada na capital do Alto Minho.<br><\/p>\n\n\n\n<p>Franklim Ramos referiu que, durante os quatro dias de inoper\u00e2ncia do aparelho TAC, foram encaminhados para a unidade de Ponte de Lima, cerca de 17 doentes por dia&#8221;.<br><\/p>\n\n\n\n<p>&#8220;Foram assegurados a todos os doentes cuidados assistenciais&#8221;, referiu.<br><\/p>\n\n\n\n<p>Na sexta-feira, em declara\u00e7\u00f5es \u00e0 Lusa, o presidente do conselho de administra\u00e7\u00e3o da ULSAM, Franklim Ramos explicou que as avarias frequentes daquele aparelho &#8220;relativamente novo, est\u00e3o relacionadas com a utiliza\u00e7\u00e3o intensiva, uma vez que \u00e9 a \u00fanica resposta aos pedidos com origem no servi\u00e7o de urg\u00eancia, consulta externa e internamento&#8221;.<br><\/p>\n\n\n\n<p>&#8220;O aparelho de TAC trabalha 24 horas por dia&#8221;, refor\u00e7ou Franklim Ramos.<br><\/p>\n\n\n\n<p>O respons\u00e1vel reafirmou a inten\u00e7\u00e3o de adquirir, no pr\u00f3ximo ano, mais um aparelho de TAC para o hospital de Viana do Castelo, tal como j\u00e1 tinha equacionado em agosto de 2018, quando confrontado com um requerimento da ex-deputada do CDS-PP na Assembleia da Rep\u00fablica, Ilda Ara\u00fajo Novo, ao Governo, sobre as avarias dos dois equipamentos de TAC dispon\u00edveis no distrito de Viana do Castelo.<br><\/p>\n\n\n\n<p>Na altura, o presidente do conselho de administra\u00e7\u00e3o da ULSAM adiantou &#8220;estar prevista no plano de investimentos para 2019, a aquisi\u00e7\u00e3o de um segundo TAC&#8221; para Viana do Castelo.<br><\/p>\n\n\n\n<p>Franklim Ramos admitiu os &#8220;transtornos&#8221; a que os doentes est\u00e3o sujeitos, mas sublinhou que &#8220;o importante \u00e9 que seja assegurada a assist\u00eancia em sa\u00fade&#8221;.<br><\/p>\n\n\n\n<p>&#8220;Se fosse um doente de Melga\u00e7o &#8211; a aproximadamente 100 quil\u00f3metros de dist\u00e2ncia de Viana do Castelo &#8211; tamb\u00e9m teria de vir ao hospital de Viana do Castelo ou a Ponte de Lima. Temos no\u00e7\u00e3o que causa transtornos aos doentes, mas continuamos a assegurar a assist\u00eancia em sa\u00fade, garantindo o transporte com acompanhamento m\u00e9dico&#8221;.<br><\/p>\n\n\n\n<p>A ULSAM integra os hospitais de Santa Luzia, em Viana do Castelo, e Conde de Bertiandos, em Ponte de Lima, 13 centros de sa\u00fade, uma unidade de sa\u00fade p\u00fablica e duas de convalescen\u00e7a, servindo uma popula\u00e7\u00e3o residente superior a 250 mil pessoas.<br><\/p>\n\n\n\n<p>No total, a ULSAM emprega mais de 2.500 profissionais, entre eles, 501 m\u00e9dicos e 892 enfermeiros.<br><\/p>\n","protected":false},"excerpt":{"rendered":"<p>O equipamento de TAC do hospital de Santa Luzia, em Viana do Castelo, voltou a funcionar no s\u00e1bado, pelas 16h00, depois de reparada uma avaria que, na quarta-feira, fez parar o aparelho, informou hoje aquela unidade. Segundo dados revelados hoje pelo presidente do conselho de administra\u00e7\u00e3o da Unidade Local de Sa\u00fade do Alto Minho (ULSAM), [&hellip;]<\/p>\n","protected":false},"author":16,"featured_media":36224,"comment_status":"closed","ping_status":"closed","sticky":false,"template":"","format":"standard","meta":{"_exactmetrics_skip_tracking":false,"_exactmetrics_sitenote_active":false,"_exactmetrics_sitenote_note":"","_exactmetrics_sitenote_category":0,"footnotes":""},"categories":[14],"tags":[26,27],"class_list":["post-36346","post","type-post","status-publish","format-standard","has-post-thumbnail","hentry","category-viana-do-castelo","tag-saude","tag-sociedade"],"yoast_head":"<!-- This site is optimized with the Yoast SEO Premium plugin v27.5 (Yoast SEO v27.5) - https:\/\/yoast.com\/product\/yoast-seo-premium-wordpress\/ -->\n<title>Reparada avaria no equipamento de TAC do hospital de Viana<\/title>\n<meta name=\"robots\" content=\"index, follow, max-snippet:-1, max-image-preview:large, max-video-preview:-1\" \/>\n<link rel=\"canonical\" href=\"https:\/\/www.altominho.tv\/site\/2019\/11\/04\/reparada-avaria-no-equipamento-de-tac-do-hospital-de-viana\/\" \/>\n<meta property=\"og:locale\" content=\"pt_PT\" \/>\n<meta property=\"og:type\" content=\"article\" \/>\n<meta property=\"og:title\" content=\"Reparada avaria no equipamento de TAC do hospital de Viana\" \/>\n<meta property=\"og:description\" content=\"O equipamento de TAC do hospital de Santa Luzia, em Viana do Castelo, voltou a funcionar no s\u00e1bado, pelas 16h00, depois de reparada uma avaria que, na quarta-feira, fez parar o aparelho, informou hoje aquela unidade. Segundo dados revelados hoje pelo presidente do conselho de administra\u00e7\u00e3o da Unidade Local de Sa\u00fade do Alto Minho (ULSAM), [&hellip;]\" \/>\n<meta property=\"og:url\" content=\"https:\/\/www.altominho.tv\/site\/2019\/11\/04\/reparada-avaria-no-equipamento-de-tac-do-hospital-de-viana\/\" \/>\n<meta property=\"og:site_name\" content=\"Altominho.tv\" \/>\n<meta property=\"article:publisher\" content=\"https:\/\/www.facebook.com\/altominhotv\" \/>\n<meta property=\"article:published_time\" content=\"2019-11-04T16:04:54+00:00\" \/>\n<meta property=\"article:modified_time\" content=\"2019-11-04T16:04:59+00:00\" \/>\n<meta property=\"og:image\" content=\"https:\/\/www.altominho.tv\/site\/wp-content\/uploads\/2019\/11\/Equipamento_TAC_2.jpg\" \/>\n\t<meta property=\"og:image:width\" content=\"900\" \/>\n\t<meta property=\"og:image:height\" content=\"600\" \/>\n\t<meta property=\"og:image:type\" content=\"image\/jpeg\" \/>\n<meta name=\"author\" content=\"Andreia Cunha | Lusa\" \/>\n<meta name=\"twitter:card\" content=\"summary_large_image\" \/>\n<meta name=\"twitter:creator\" content=\"@altominhoTV\" \/>\n<meta name=\"twitter:site\" content=\"@altominhoTV\" \/>\n<meta name=\"twitter:label1\" content=\"Escrito por\" \/>\n\t<meta name=\"twitter:data1\" content=\"Andreia Cunha | Lusa\" \/>\n\t<meta name=\"twitter:label2\" content=\"Tempo estimado de leitura\" \/>\n\t<meta name=\"twitter:data2\" content=\"2 minutos\" \/>\n<script type=\"application\/ld+json\" class=\"yoast-schema-graph\">{\"@context\":\"https:\\\/\\\/schema.org\",\"@graph\":[{\"@type\":\"Article\",\"@id\":\"https:\\\/\\\/www.altominho.tv\\\/site\\\/2019\\\/11\\\/04\\\/reparada-avaria-no-equipamento-de-tac-do-hospital-de-viana\\\/#article\",\"isPartOf\":{\"@id\":\"https:\\\/\\\/www.altominho.tv\\\/site\\\/2019\\\/11\\\/04\\\/reparada-avaria-no-equipamento-de-tac-do-hospital-de-viana\\\/\"},\"author\":{\"name\":\"Andreia Cunha | Lusa\",\"@id\":\"https:\\\/\\\/www.altominho.tv\\\/site\\\/#\\\/schema\\\/person\\\/dbaf181c01b51ff40c9f461a905d321e\"},\"headline\":\"Reparada avaria no equipamento de TAC do hospital de Viana\",\"datePublished\":\"2019-11-04T16:04:54+00:00\",\"dateModified\":\"2019-11-04T16:04:59+00:00\",\"mainEntityOfPage\":{\"@id\":\"https:\\\/\\\/www.altominho.tv\\\/site\\\/2019\\\/11\\\/04\\\/reparada-avaria-no-equipamento-de-tac-do-hospital-de-viana\\\/\"},\"wordCount\":472,\"image\":{\"@id\":\"https:\\\/\\\/www.altominho.tv\\\/site\\\/2019\\\/11\\\/04\\\/reparada-avaria-no-equipamento-de-tac-do-hospital-de-viana\\\/#primaryimage\"},\"thumbnailUrl\":\"https:\\\/\\\/www.altominho.tv\\\/site\\\/wp-content\\\/uploads\\\/2019\\\/11\\\/Equipamento_TAC_2.jpg\",\"keywords\":[\"Sa\u00fade\",\"Sociedade\"],\"articleSection\":[\"Viana do Castelo\"],\"inLanguage\":\"pt-PT\",\"copyrightYear\":\"2019\",\"copyrightHolder\":{\"@id\":\"https:\\\/\\\/www.altominho.tv\\\/site\\\/#organization\"}},{\"@type\":\"WebPage\",\"@id\":\"https:\\\/\\\/www.altominho.tv\\\/site\\\/2019\\\/11\\\/04\\\/reparada-avaria-no-equipamento-de-tac-do-hospital-de-viana\\\/\",\"url\":\"https:\\\/\\\/www.altominho.tv\\\/site\\\/2019\\\/11\\\/04\\\/reparada-avaria-no-equipamento-de-tac-do-hospital-de-viana\\\/\",\"name\":\"Reparada avaria no equipamento de TAC do hospital de Viana\",\"isPartOf\":{\"@id\":\"https:\\\/\\\/www.altominho.tv\\\/site\\\/#website\"},\"primaryImageOfPage\":{\"@id\":\"https:\\\/\\\/www.altominho.tv\\\/site\\\/2019\\\/11\\\/04\\\/reparada-avaria-no-equipamento-de-tac-do-hospital-de-viana\\\/#primaryimage\"},\"image\":{\"@id\":\"https:\\\/\\\/www.altominho.tv\\\/site\\\/2019\\\/11\\\/04\\\/reparada-avaria-no-equipamento-de-tac-do-hospital-de-viana\\\/#primaryimage\"},\"thumbnailUrl\":\"https:\\\/\\\/www.altominho.tv\\\/site\\\/wp-content\\\/uploads\\\/2019\\\/11\\\/Equipamento_TAC_2.jpg\",\"datePublished\":\"2019-11-04T16:04:54+00:00\",\"dateModified\":\"2019-11-04T16:04:59+00:00\",\"author\":{\"@id\":\"https:\\\/\\\/www.altominho.tv\\\/site\\\/#\\\/schema\\\/person\\\/dbaf181c01b51ff40c9f461a905d321e\"},\"breadcrumb\":{\"@id\":\"https:\\\/\\\/www.altominho.tv\\\/site\\\/2019\\\/11\\\/04\\\/reparada-avaria-no-equipamento-de-tac-do-hospital-de-viana\\\/#breadcrumb\"},\"inLanguage\":\"pt-PT\",\"potentialAction\":[{\"@type\":\"ReadAction\",\"target\":[\"https:\\\/\\\/www.altominho.tv\\\/site\\\/2019\\\/11\\\/04\\\/reparada-avaria-no-equipamento-de-tac-do-hospital-de-viana\\\/\"]}]},{\"@type\":\"ImageObject\",\"inLanguage\":\"pt-PT\",\"@id\":\"https:\\\/\\\/www.altominho.tv\\\/site\\\/2019\\\/11\\\/04\\\/reparada-avaria-no-equipamento-de-tac-do-hospital-de-viana\\\/#primaryimage\",\"url\":\"https:\\\/\\\/www.altominho.tv\\\/site\\\/wp-content\\\/uploads\\\/2019\\\/11\\\/Equipamento_TAC_2.jpg\",\"contentUrl\":\"https:\\\/\\\/www.altominho.tv\\\/site\\\/wp-content\\\/uploads\\\/2019\\\/11\\\/Equipamento_TAC_2.jpg\",\"width\":900,\"height\":600,\"caption\":\"Equipamento TAC\"},{\"@type\":\"BreadcrumbList\",\"@id\":\"https:\\\/\\\/www.altominho.tv\\\/site\\\/2019\\\/11\\\/04\\\/reparada-avaria-no-equipamento-de-tac-do-hospital-de-viana\\\/#breadcrumb\",\"itemListElement\":[{\"@type\":\"ListItem\",\"position\":1,\"name\":\"In\u00edcio\",\"item\":\"https:\\\/\\\/www.altominho.tv\\\/site\\\/\"},{\"@type\":\"ListItem\",\"position\":2,\"name\":\"Reparada avaria no equipamento de TAC do hospital de Viana\"}]},{\"@type\":\"WebSite\",\"@id\":\"https:\\\/\\\/www.altominho.tv\\\/site\\\/#website\",\"url\":\"https:\\\/\\\/www.altominho.tv\\\/site\\\/\",\"name\":\"Altominho.tv\",\"description\":\"A sua regi\u00e3o \u00e0 dist\u00e2ncia de um clique...\",\"potentialAction\":[{\"@type\":\"SearchAction\",\"target\":{\"@type\":\"EntryPoint\",\"urlTemplate\":\"https:\\\/\\\/www.altominho.tv\\\/site\\\/?s={search_term_string}\"},\"query-input\":{\"@type\":\"PropertyValueSpecification\",\"valueRequired\":true,\"valueName\":\"search_term_string\"}}],\"inLanguage\":\"pt-PT\"},{\"@type\":\"Person\",\"@id\":\"https:\\\/\\\/www.altominho.tv\\\/site\\\/#\\\/schema\\\/person\\\/dbaf181c01b51ff40c9f461a905d321e\",\"name\":\"Andreia Cunha | Lusa\",\"image\":{\"@type\":\"ImageObject\",\"inLanguage\":\"pt-PT\",\"@id\":\"https:\\\/\\\/www.altominho.tv\\\/site\\\/wp-content\\\/uploads\\\/2017\\\/11\\\/Andreia_Cunha-1-150x150.jpg\",\"url\":\"https:\\\/\\\/www.altominho.tv\\\/site\\\/wp-content\\\/uploads\\\/2017\\\/11\\\/Andreia_Cunha-1-150x150.jpg\",\"contentUrl\":\"https:\\\/\\\/www.altominho.tv\\\/site\\\/wp-content\\\/uploads\\\/2017\\\/11\\\/Andreia_Cunha-1-150x150.jpg\",\"caption\":\"Andreia Cunha | Lusa\"},\"sameAs\":[\"https:\\\/\\\/www.altominho.tv\\\/site\"],\"url\":\"https:\\\/\\\/www.altominho.tv\\\/site\\\/author\\\/andreiacunhalusa\\\/\"}]}<\/script>\n<!-- \/ Yoast SEO Premium plugin. -->","yoast_head_json":{"title":"Reparada avaria no equipamento de TAC do hospital de Viana","robots":{"index":"index","follow":"follow","max-snippet":"max-snippet:-1","max-image-preview":"max-image-preview:large","max-video-preview":"max-video-preview:-1"},"canonical":"https:\/\/www.altominho.tv\/site\/2019\/11\/04\/reparada-avaria-no-equipamento-de-tac-do-hospital-de-viana\/","og_locale":"pt_PT","og_type":"article","og_title":"Reparada avaria no equipamento de TAC do hospital de Viana","og_description":"O equipamento de TAC do hospital de Santa Luzia, em Viana do Castelo, voltou a funcionar no s\u00e1bado, pelas 16h00, depois de reparada uma avaria que, na quarta-feira, fez parar o aparelho, informou hoje aquela unidade. Segundo dados revelados hoje pelo presidente do conselho de administra\u00e7\u00e3o da Unidade Local de Sa\u00fade do Alto Minho (ULSAM), [&hellip;]","og_url":"https:\/\/www.altominho.tv\/site\/2019\/11\/04\/reparada-avaria-no-equipamento-de-tac-do-hospital-de-viana\/","og_site_name":"Altominho.tv","article_publisher":"https:\/\/www.facebook.com\/altominhotv","article_published_time":"2019-11-04T16:04:54+00:00","article_modified_time":"2019-11-04T16:04:59+00:00","og_image":[{"width":900,"height":600,"url":"https:\/\/www.altominho.tv\/site\/wp-content\/uploads\/2019\/11\/Equipamento_TAC_2.jpg","type":"image\/jpeg"}],"author":"Andreia Cunha | Lusa","twitter_card":"summary_large_image","twitter_creator":"@altominhoTV","twitter_site":"@altominhoTV","twitter_misc":{"Escrito por":"Andreia Cunha | Lusa","Tempo estimado de leitura":"2 minutos"},"schema":{"@context":"https:\/\/schema.org","@graph":[{"@type":"Article","@id":"https:\/\/www.altominho.tv\/site\/2019\/11\/04\/reparada-avaria-no-equipamento-de-tac-do-hospital-de-viana\/#article","isPartOf":{"@id":"https:\/\/www.altominho.tv\/site\/2019\/11\/04\/reparada-avaria-no-equipamento-de-tac-do-hospital-de-viana\/"},"author":{"name":"Andreia Cunha | Lusa","@id":"https:\/\/www.altominho.tv\/site\/#\/schema\/person\/dbaf181c01b51ff40c9f461a905d321e"},"headline":"Reparada avaria no equipamento de TAC do hospital de Viana","datePublished":"2019-11-04T16:04:54+00:00","dateModified":"2019-11-04T16:04:59+00:00","mainEntityOfPage":{"@id":"https:\/\/www.altominho.tv\/site\/2019\/11\/04\/reparada-avaria-no-equipamento-de-tac-do-hospital-de-viana\/"},"wordCount":472,"image":{"@id":"https:\/\/www.altominho.tv\/site\/2019\/11\/04\/reparada-avaria-no-equipamento-de-tac-do-hospital-de-viana\/#primaryimage"},"thumbnailUrl":"https:\/\/www.altominho.tv\/site\/wp-content\/uploads\/2019\/11\/Equipamento_TAC_2.jpg","keywords":["Sa\u00fade","Sociedade"],"articleSection":["Viana do Castelo"],"inLanguage":"pt-PT","copyrightYear":"2019","copyrightHolder":{"@id":"https:\/\/www.altominho.tv\/site\/#organization"}},{"@type":"WebPage","@id":"https:\/\/www.altominho.tv\/site\/2019\/11\/04\/reparada-avaria-no-equipamento-de-tac-do-hospital-de-viana\/","url":"https:\/\/www.altominho.tv\/site\/2019\/11\/04\/reparada-avaria-no-equipamento-de-tac-do-hospital-de-viana\/","name":"Reparada avaria no equipamento de TAC do hospital de Viana","isPartOf":{"@id":"https:\/\/www.altominho.tv\/site\/#website"},"primaryImageOfPage":{"@id":"https:\/\/www.altominho.tv\/site\/2019\/11\/04\/reparada-avaria-no-equipamento-de-tac-do-hospital-de-viana\/#primaryimage"},"image":{"@id":"https:\/\/www.altominho.tv\/site\/2019\/11\/04\/reparada-avaria-no-equipamento-de-tac-do-hospital-de-viana\/#primaryimage"},"thumbnailUrl":"https:\/\/www.altominho.tv\/site\/wp-content\/uploads\/2019\/11\/Equipamento_TAC_2.jpg","datePublished":"2019-11-04T16:04:54+00:00","dateModified":"2019-11-04T16:04:59+00:00","author":{"@id":"https:\/\/www.altominho.tv\/site\/#\/schema\/person\/dbaf181c01b51ff40c9f461a905d321e"},"breadcrumb":{"@id":"https:\/\/www.altominho.tv\/site\/2019\/11\/04\/reparada-avaria-no-equipamento-de-tac-do-hospital-de-viana\/#breadcrumb"},"inLanguage":"pt-PT","potentialAction":[{"@type":"ReadAction","target":["https:\/\/www.altominho.tv\/site\/2019\/11\/04\/reparada-avaria-no-equipamento-de-tac-do-hospital-de-viana\/"]}]},{"@type":"ImageObject","inLanguage":"pt-PT","@id":"https:\/\/www.altominho.tv\/site\/2019\/11\/04\/reparada-avaria-no-equipamento-de-tac-do-hospital-de-viana\/#primaryimage","url":"https:\/\/www.altominho.tv\/site\/wp-content\/uploads\/2019\/11\/Equipamento_TAC_2.jpg","contentUrl":"https:\/\/www.altominho.tv\/site\/wp-content\/uploads\/2019\/11\/Equipamento_TAC_2.jpg","width":900,"height":600,"caption":"Equipamento TAC"},{"@type":"BreadcrumbList","@id":"https:\/\/www.altominho.tv\/site\/2019\/11\/04\/reparada-avaria-no-equipamento-de-tac-do-hospital-de-viana\/#breadcrumb","itemListElement":[{"@type":"ListItem","position":1,"name":"In\u00edcio","item":"https:\/\/www.altominho.tv\/site\/"},{"@type":"ListItem","position":2,"name":"Reparada avaria no equipamento de TAC do hospital de Viana"}]},{"@type":"WebSite","@id":"https:\/\/www.altominho.tv\/site\/#website","url":"https:\/\/www.altominho.tv\/site\/","name":"Altominho.tv","description":"A sua regi\u00e3o \u00e0 dist\u00e2ncia de um clique...","potentialAction":[{"@type":"SearchAction","target":{"@type":"EntryPoint","urlTemplate":"https:\/\/www.altominho.tv\/site\/?s={search_term_string}"},"query-input":{"@type":"PropertyValueSpecification","valueRequired":true,"valueName":"search_term_string"}}],"inLanguage":"pt-PT"},{"@type":"Person","@id":"https:\/\/www.altominho.tv\/site\/#\/schema\/person\/dbaf181c01b51ff40c9f461a905d321e","name":"Andreia Cunha | Lusa","image":{"@type":"ImageObject","inLanguage":"pt-PT","@id":"https:\/\/www.altominho.tv\/site\/wp-content\/uploads\/2017\/11\/Andreia_Cunha-1-150x150.jpg","url":"https:\/\/www.altominho.tv\/site\/wp-content\/uploads\/2017\/11\/Andreia_Cunha-1-150x150.jpg","contentUrl":"https:\/\/www.altominho.tv\/site\/wp-content\/uploads\/2017\/11\/Andreia_Cunha-1-150x150.jpg","caption":"Andreia Cunha | Lusa"},"sameAs":["https:\/\/www.altominho.tv\/site"],"url":"https:\/\/www.altominho.tv\/site\/author\/andreiacunhalusa\/"}]}},"_links":{"self":[{"href":"https:\/\/www.altominho.tv\/site\/wp-json\/wp\/v2\/posts\/36346","targetHints":{"allow":["GET"]}}],"collection":[{"href":"https:\/\/www.altominho.tv\/site\/wp-json\/wp\/v2\/posts"}],"about":[{"href":"https:\/\/www.altominho.tv\/site\/wp-json\/wp\/v2\/types\/post"}],"author":[{"embeddable":true,"href":"https:\/\/www.altominho.tv\/site\/wp-json\/wp\/v2\/users\/16"}],"replies":[{"embeddable":true,"href":"https:\/\/www.altominho.tv\/site\/wp-json\/wp\/v2\/comments?post=36346"}],"version-history":[{"count":0,"href":"https:\/\/www.altominho.tv\/site\/wp-json\/wp\/v2\/posts\/36346\/revisions"}],"wp:featuredmedia":[{"embeddable":true,"href":"https:\/\/www.altominho.tv\/site\/wp-json\/wp\/v2\/media\/36224"}],"wp:attachment":[{"href":"https:\/\/www.altominho.tv\/site\/wp-json\/wp\/v2\/media?parent=36346"}],"wp:term":[{"taxonomy":"category","embeddable":true,"href":"https:\/\/www.altominho.tv\/site\/wp-json\/wp\/v2\/categories?post=36346"},{"taxonomy":"post_tag","embeddable":true,"href":"https:\/\/www.altominho.tv\/site\/wp-json\/wp\/v2\/tags?post=36346"}],"curies":[{"name":"wp","href":"https:\/\/api.w.org\/{rel}","templated":true}]}}