{"id":36343,"date":"2019-11-04T15:49:10","date_gmt":"2019-11-04T15:49:10","guid":{"rendered":"http:\/\/www.altominho.tv\/site\/?p=36343"},"modified":"2019-11-04T15:49:14","modified_gmt":"2019-11-04T15:49:14","slug":"acao-da-psp-bullying-e-para-fracos-sensibilizou-alunos-pais-e-auxiliares","status":"publish","type":"post","link":"https:\/\/www.altominho.tv\/site\/2019\/11\/04\/acao-da-psp-bullying-e-para-fracos-sensibilizou-alunos-pais-e-auxiliares\/","title":{"rendered":"A\u00e7\u00e3o da PSP \u201cBullying \u00e9 Para Fracos\u201d sensibilizou alunos, pais e auxiliares"},"content":{"rendered":"\n<p>O comando distrital da PSP Viana do Castelo informou hoje que a opera\u00e7\u00e3o \u201cBullying \u00e9 Para Fracos\u201d, realizada em escolas do primeiro ciclo ao ensino secund\u00e1rio, abrangeu 74 alunos, pais e auxiliares de a\u00e7\u00e3o educativa.<br><\/p>\n\n\n\n<p>Em comunicado, a PSP adiantou que a opera\u00e7\u00e3o, realizada entre 16 e 25 de outubro, envolveu seis agentes nas quatro a\u00e7\u00f5es de sensibiliza\u00e7\u00e3o efetuadas em tr\u00eas estabelecimentos de ensino, abrangendo alunos do 1.\u00ba, 2.\u00ba e 3.\u00ba ciclos de ensino b\u00e1sico e do ensino secund\u00e1rio.<br><\/p>\n\n\n\n<p>\u201cAs sess\u00f5es, em sala de aula, com recurso a apresenta\u00e7\u00f5es \u2018powerpoint\u2019 e v\u00eddeos apelativos, enfatizaram as tem\u00e1ticas da viol\u00eancia entre pares, com \u00eanfase no \u2018bullying\u2019, e tamb\u00e9m a abrangente \u00e1rea do \u2018cyber bullying\u2019\u201d, adianta a PSP.<br><\/p>\n\n\n\n<p>Na nota, o comando distrital adiantou terem sido efetuados \u201cdois contactos individuais, fruto da proximidade di\u00e1ria que o programa Escola Segura mant\u00e9m no terreno, regularmente\u201d. <\/p>\n","protected":false},"excerpt":{"rendered":"<p>O comando distrital da PSP Viana do Castelo informou hoje que a opera\u00e7\u00e3o \u201cBullying \u00e9 Para Fracos\u201d, realizada em escolas do primeiro ciclo ao ensino secund\u00e1rio, abrangeu 74 alunos, pais e auxiliares de a\u00e7\u00e3o educativa. Em comunicado, a PSP adiantou que a opera\u00e7\u00e3o, realizada entre 16 e 25 de outubro, envolveu seis agentes nas quatro [&hellip;]<\/p>\n","protected":false},"author":16,"featured_media":36344,"comment_status":"closed","ping_status":"closed","sticky":false,"template":"","format":"standard","meta":{"_exactmetrics_skip_tracking":false,"_exactmetrics_sitenote_active":false,"_exactmetrics_sitenote_note":"","_exactmetrics_sitenote_category":0,"footnotes":""},"categories":[14],"tags":[22,27],"class_list":["post-36343","post","type-post","status-publish","format-standard","has-post-thumbnail","hentry","category-viana-do-castelo","tag-educacao","tag-sociedade"],"yoast_head":"<!-- This site is optimized with the Yoast SEO Premium plugin v27.5 (Yoast SEO v27.5) - https:\/\/yoast.com\/product\/yoast-seo-premium-wordpress\/ -->\n<title>A\u00e7\u00e3o da PSP \u201cBullying \u00e9 Para Fracos\u201d sensibilizou alunos, pais e auxiliares<\/title>\n<meta name=\"robots\" content=\"index, follow, max-snippet:-1, max-image-preview:large, max-video-preview:-1\" \/>\n<link rel=\"canonical\" href=\"https:\/\/www.altominho.tv\/site\/2019\/11\/04\/acao-da-psp-bullying-e-para-fracos-sensibilizou-alunos-pais-e-auxiliares\/\" \/>\n<meta property=\"og:locale\" content=\"pt_PT\" \/>\n<meta property=\"og:type\" content=\"article\" \/>\n<meta property=\"og:title\" content=\"A\u00e7\u00e3o da PSP \u201cBullying \u00e9 Para Fracos\u201d sensibilizou alunos, pais e auxiliares\" \/>\n<meta property=\"og:description\" content=\"O comando distrital da PSP Viana do Castelo informou hoje que a opera\u00e7\u00e3o \u201cBullying \u00e9 Para Fracos\u201d, realizada em escolas do primeiro ciclo ao ensino secund\u00e1rio, abrangeu 74 alunos, pais e auxiliares de a\u00e7\u00e3o educativa. Em comunicado, a PSP adiantou que a opera\u00e7\u00e3o, realizada entre 16 e 25 de outubro, envolveu seis agentes nas quatro [&hellip;]\" \/>\n<meta property=\"og:url\" content=\"https:\/\/www.altominho.tv\/site\/2019\/11\/04\/acao-da-psp-bullying-e-para-fracos-sensibilizou-alunos-pais-e-auxiliares\/\" \/>\n<meta property=\"og:site_name\" content=\"Altominho.tv\" \/>\n<meta property=\"article:publisher\" content=\"https:\/\/www.facebook.com\/altominhotv\" \/>\n<meta property=\"article:published_time\" content=\"2019-11-04T15:49:10+00:00\" \/>\n<meta property=\"article:modified_time\" content=\"2019-11-04T15:49:14+00:00\" \/>\n<meta property=\"og:image\" content=\"https:\/\/www.altominho.tv\/site\/wp-content\/uploads\/2019\/11\/1-bullying.jpg\" \/>\n\t<meta property=\"og:image:width\" content=\"600\" \/>\n\t<meta property=\"og:image:height\" content=\"400\" \/>\n\t<meta property=\"og:image:type\" content=\"image\/jpeg\" \/>\n<meta name=\"author\" content=\"Andreia Cunha | Lusa\" \/>\n<meta name=\"twitter:card\" content=\"summary_large_image\" \/>\n<meta name=\"twitter:creator\" content=\"@altominhoTV\" \/>\n<meta name=\"twitter:site\" content=\"@altominhoTV\" \/>\n<meta name=\"twitter:label1\" content=\"Escrito por\" \/>\n\t<meta name=\"twitter:data1\" content=\"Andreia Cunha | Lusa\" \/>\n\t<meta name=\"twitter:label2\" content=\"Tempo estimado de leitura\" \/>\n\t<meta name=\"twitter:data2\" content=\"1 minuto\" \/>\n<script type=\"application\/ld+json\" class=\"yoast-schema-graph\">{\"@context\":\"https:\\\/\\\/schema.org\",\"@graph\":[{\"@type\":\"Article\",\"@id\":\"https:\\\/\\\/www.altominho.tv\\\/site\\\/2019\\\/11\\\/04\\\/acao-da-psp-bullying-e-para-fracos-sensibilizou-alunos-pais-e-auxiliares\\\/#article\",\"isPartOf\":{\"@id\":\"https:\\\/\\\/www.altominho.tv\\\/site\\\/2019\\\/11\\\/04\\\/acao-da-psp-bullying-e-para-fracos-sensibilizou-alunos-pais-e-auxiliares\\\/\"},\"author\":{\"name\":\"Andreia Cunha | Lusa\",\"@id\":\"https:\\\/\\\/www.altominho.tv\\\/site\\\/#\\\/schema\\\/person\\\/dbaf181c01b51ff40c9f461a905d321e\"},\"headline\":\"A\u00e7\u00e3o da PSP \u201cBullying \u00e9 Para Fracos\u201d sensibilizou alunos, pais e auxiliares\",\"datePublished\":\"2019-11-04T15:49:10+00:00\",\"dateModified\":\"2019-11-04T15:49:14+00:00\",\"mainEntityOfPage\":{\"@id\":\"https:\\\/\\\/www.altominho.tv\\\/site\\\/2019\\\/11\\\/04\\\/acao-da-psp-bullying-e-para-fracos-sensibilizou-alunos-pais-e-auxiliares\\\/\"},\"wordCount\":162,\"image\":{\"@id\":\"https:\\\/\\\/www.altominho.tv\\\/site\\\/2019\\\/11\\\/04\\\/acao-da-psp-bullying-e-para-fracos-sensibilizou-alunos-pais-e-auxiliares\\\/#primaryimage\"},\"thumbnailUrl\":\"https:\\\/\\\/www.altominho.tv\\\/site\\\/wp-content\\\/uploads\\\/2019\\\/11\\\/1-bullying.jpg\",\"keywords\":[\"Educa\u00e7\u00e3o\",\"Sociedade\"],\"articleSection\":[\"Viana do Castelo\"],\"inLanguage\":\"pt-PT\",\"copyrightYear\":\"2019\",\"copyrightHolder\":{\"@id\":\"https:\\\/\\\/www.altominho.tv\\\/site\\\/#organization\"}},{\"@type\":\"WebPage\",\"@id\":\"https:\\\/\\\/www.altominho.tv\\\/site\\\/2019\\\/11\\\/04\\\/acao-da-psp-bullying-e-para-fracos-sensibilizou-alunos-pais-e-auxiliares\\\/\",\"url\":\"https:\\\/\\\/www.altominho.tv\\\/site\\\/2019\\\/11\\\/04\\\/acao-da-psp-bullying-e-para-fracos-sensibilizou-alunos-pais-e-auxiliares\\\/\",\"name\":\"A\u00e7\u00e3o da PSP \u201cBullying \u00e9 Para Fracos\u201d sensibilizou alunos, pais e auxiliares\",\"isPartOf\":{\"@id\":\"https:\\\/\\\/www.altominho.tv\\\/site\\\/#website\"},\"primaryImageOfPage\":{\"@id\":\"https:\\\/\\\/www.altominho.tv\\\/site\\\/2019\\\/11\\\/04\\\/acao-da-psp-bullying-e-para-fracos-sensibilizou-alunos-pais-e-auxiliares\\\/#primaryimage\"},\"image\":{\"@id\":\"https:\\\/\\\/www.altominho.tv\\\/site\\\/2019\\\/11\\\/04\\\/acao-da-psp-bullying-e-para-fracos-sensibilizou-alunos-pais-e-auxiliares\\\/#primaryimage\"},\"thumbnailUrl\":\"https:\\\/\\\/www.altominho.tv\\\/site\\\/wp-content\\\/uploads\\\/2019\\\/11\\\/1-bullying.jpg\",\"datePublished\":\"2019-11-04T15:49:10+00:00\",\"dateModified\":\"2019-11-04T15:49:14+00:00\",\"author\":{\"@id\":\"https:\\\/\\\/www.altominho.tv\\\/site\\\/#\\\/schema\\\/person\\\/dbaf181c01b51ff40c9f461a905d321e\"},\"breadcrumb\":{\"@id\":\"https:\\\/\\\/www.altominho.tv\\\/site\\\/2019\\\/11\\\/04\\\/acao-da-psp-bullying-e-para-fracos-sensibilizou-alunos-pais-e-auxiliares\\\/#breadcrumb\"},\"inLanguage\":\"pt-PT\",\"potentialAction\":[{\"@type\":\"ReadAction\",\"target\":[\"https:\\\/\\\/www.altominho.tv\\\/site\\\/2019\\\/11\\\/04\\\/acao-da-psp-bullying-e-para-fracos-sensibilizou-alunos-pais-e-auxiliares\\\/\"]}]},{\"@type\":\"ImageObject\",\"inLanguage\":\"pt-PT\",\"@id\":\"https:\\\/\\\/www.altominho.tv\\\/site\\\/2019\\\/11\\\/04\\\/acao-da-psp-bullying-e-para-fracos-sensibilizou-alunos-pais-e-auxiliares\\\/#primaryimage\",\"url\":\"https:\\\/\\\/www.altominho.tv\\\/site\\\/wp-content\\\/uploads\\\/2019\\\/11\\\/1-bullying.jpg\",\"contentUrl\":\"https:\\\/\\\/www.altominho.tv\\\/site\\\/wp-content\\\/uploads\\\/2019\\\/11\\\/1-bullying.jpg\",\"width\":600,\"height\":400},{\"@type\":\"BreadcrumbList\",\"@id\":\"https:\\\/\\\/www.altominho.tv\\\/site\\\/2019\\\/11\\\/04\\\/acao-da-psp-bullying-e-para-fracos-sensibilizou-alunos-pais-e-auxiliares\\\/#breadcrumb\",\"itemListElement\":[{\"@type\":\"ListItem\",\"position\":1,\"name\":\"In\u00edcio\",\"item\":\"https:\\\/\\\/www.altominho.tv\\\/site\\\/\"},{\"@type\":\"ListItem\",\"position\":2,\"name\":\"A\u00e7\u00e3o da PSP \u201cBullying \u00e9 Para Fracos\u201d sensibilizou alunos, pais e auxiliares\"}]},{\"@type\":\"WebSite\",\"@id\":\"https:\\\/\\\/www.altominho.tv\\\/site\\\/#website\",\"url\":\"https:\\\/\\\/www.altominho.tv\\\/site\\\/\",\"name\":\"Altominho.tv\",\"description\":\"A sua regi\u00e3o \u00e0 dist\u00e2ncia de um clique...\",\"potentialAction\":[{\"@type\":\"SearchAction\",\"target\":{\"@type\":\"EntryPoint\",\"urlTemplate\":\"https:\\\/\\\/www.altominho.tv\\\/site\\\/?s={search_term_string}\"},\"query-input\":{\"@type\":\"PropertyValueSpecification\",\"valueRequired\":true,\"valueName\":\"search_term_string\"}}],\"inLanguage\":\"pt-PT\"},{\"@type\":\"Person\",\"@id\":\"https:\\\/\\\/www.altominho.tv\\\/site\\\/#\\\/schema\\\/person\\\/dbaf181c01b51ff40c9f461a905d321e\",\"name\":\"Andreia Cunha | Lusa\",\"image\":{\"@type\":\"ImageObject\",\"inLanguage\":\"pt-PT\",\"@id\":\"https:\\\/\\\/www.altominho.tv\\\/site\\\/wp-content\\\/uploads\\\/2017\\\/11\\\/Andreia_Cunha-1-150x150.jpg\",\"url\":\"https:\\\/\\\/www.altominho.tv\\\/site\\\/wp-content\\\/uploads\\\/2017\\\/11\\\/Andreia_Cunha-1-150x150.jpg\",\"contentUrl\":\"https:\\\/\\\/www.altominho.tv\\\/site\\\/wp-content\\\/uploads\\\/2017\\\/11\\\/Andreia_Cunha-1-150x150.jpg\",\"caption\":\"Andreia Cunha | Lusa\"},\"sameAs\":[\"https:\\\/\\\/www.altominho.tv\\\/site\"],\"url\":\"https:\\\/\\\/www.altominho.tv\\\/site\\\/author\\\/andreiacunhalusa\\\/\"}]}<\/script>\n<!-- \/ Yoast SEO Premium plugin. -->","yoast_head_json":{"title":"A\u00e7\u00e3o da PSP \u201cBullying \u00e9 Para Fracos\u201d sensibilizou alunos, pais e auxiliares","robots":{"index":"index","follow":"follow","max-snippet":"max-snippet:-1","max-image-preview":"max-image-preview:large","max-video-preview":"max-video-preview:-1"},"canonical":"https:\/\/www.altominho.tv\/site\/2019\/11\/04\/acao-da-psp-bullying-e-para-fracos-sensibilizou-alunos-pais-e-auxiliares\/","og_locale":"pt_PT","og_type":"article","og_title":"A\u00e7\u00e3o da PSP \u201cBullying \u00e9 Para Fracos\u201d sensibilizou alunos, pais e auxiliares","og_description":"O comando distrital da PSP Viana do Castelo informou hoje que a opera\u00e7\u00e3o \u201cBullying \u00e9 Para Fracos\u201d, realizada em escolas do primeiro ciclo ao ensino secund\u00e1rio, abrangeu 74 alunos, pais e auxiliares de a\u00e7\u00e3o educativa. Em comunicado, a PSP adiantou que a opera\u00e7\u00e3o, realizada entre 16 e 25 de outubro, envolveu seis agentes nas quatro [&hellip;]","og_url":"https:\/\/www.altominho.tv\/site\/2019\/11\/04\/acao-da-psp-bullying-e-para-fracos-sensibilizou-alunos-pais-e-auxiliares\/","og_site_name":"Altominho.tv","article_publisher":"https:\/\/www.facebook.com\/altominhotv","article_published_time":"2019-11-04T15:49:10+00:00","article_modified_time":"2019-11-04T15:49:14+00:00","og_image":[{"width":600,"height":400,"url":"https:\/\/www.altominho.tv\/site\/wp-content\/uploads\/2019\/11\/1-bullying.jpg","type":"image\/jpeg"}],"author":"Andreia Cunha | Lusa","twitter_card":"summary_large_image","twitter_creator":"@altominhoTV","twitter_site":"@altominhoTV","twitter_misc":{"Escrito por":"Andreia Cunha | Lusa","Tempo estimado de leitura":"1 minuto"},"schema":{"@context":"https:\/\/schema.org","@graph":[{"@type":"Article","@id":"https:\/\/www.altominho.tv\/site\/2019\/11\/04\/acao-da-psp-bullying-e-para-fracos-sensibilizou-alunos-pais-e-auxiliares\/#article","isPartOf":{"@id":"https:\/\/www.altominho.tv\/site\/2019\/11\/04\/acao-da-psp-bullying-e-para-fracos-sensibilizou-alunos-pais-e-auxiliares\/"},"author":{"name":"Andreia Cunha | Lusa","@id":"https:\/\/www.altominho.tv\/site\/#\/schema\/person\/dbaf181c01b51ff40c9f461a905d321e"},"headline":"A\u00e7\u00e3o da PSP \u201cBullying \u00e9 Para Fracos\u201d sensibilizou alunos, pais e auxiliares","datePublished":"2019-11-04T15:49:10+00:00","dateModified":"2019-11-04T15:49:14+00:00","mainEntityOfPage":{"@id":"https:\/\/www.altominho.tv\/site\/2019\/11\/04\/acao-da-psp-bullying-e-para-fracos-sensibilizou-alunos-pais-e-auxiliares\/"},"wordCount":162,"image":{"@id":"https:\/\/www.altominho.tv\/site\/2019\/11\/04\/acao-da-psp-bullying-e-para-fracos-sensibilizou-alunos-pais-e-auxiliares\/#primaryimage"},"thumbnailUrl":"https:\/\/www.altominho.tv\/site\/wp-content\/uploads\/2019\/11\/1-bullying.jpg","keywords":["Educa\u00e7\u00e3o","Sociedade"],"articleSection":["Viana do Castelo"],"inLanguage":"pt-PT","copyrightYear":"2019","copyrightHolder":{"@id":"https:\/\/www.altominho.tv\/site\/#organization"}},{"@type":"WebPage","@id":"https:\/\/www.altominho.tv\/site\/2019\/11\/04\/acao-da-psp-bullying-e-para-fracos-sensibilizou-alunos-pais-e-auxiliares\/","url":"https:\/\/www.altominho.tv\/site\/2019\/11\/04\/acao-da-psp-bullying-e-para-fracos-sensibilizou-alunos-pais-e-auxiliares\/","name":"A\u00e7\u00e3o da PSP \u201cBullying \u00e9 Para Fracos\u201d sensibilizou alunos, pais e auxiliares","isPartOf":{"@id":"https:\/\/www.altominho.tv\/site\/#website"},"primaryImageOfPage":{"@id":"https:\/\/www.altominho.tv\/site\/2019\/11\/04\/acao-da-psp-bullying-e-para-fracos-sensibilizou-alunos-pais-e-auxiliares\/#primaryimage"},"image":{"@id":"https:\/\/www.altominho.tv\/site\/2019\/11\/04\/acao-da-psp-bullying-e-para-fracos-sensibilizou-alunos-pais-e-auxiliares\/#primaryimage"},"thumbnailUrl":"https:\/\/www.altominho.tv\/site\/wp-content\/uploads\/2019\/11\/1-bullying.jpg","datePublished":"2019-11-04T15:49:10+00:00","dateModified":"2019-11-04T15:49:14+00:00","author":{"@id":"https:\/\/www.altominho.tv\/site\/#\/schema\/person\/dbaf181c01b51ff40c9f461a905d321e"},"breadcrumb":{"@id":"https:\/\/www.altominho.tv\/site\/2019\/11\/04\/acao-da-psp-bullying-e-para-fracos-sensibilizou-alunos-pais-e-auxiliares\/#breadcrumb"},"inLanguage":"pt-PT","potentialAction":[{"@type":"ReadAction","target":["https:\/\/www.altominho.tv\/site\/2019\/11\/04\/acao-da-psp-bullying-e-para-fracos-sensibilizou-alunos-pais-e-auxiliares\/"]}]},{"@type":"ImageObject","inLanguage":"pt-PT","@id":"https:\/\/www.altominho.tv\/site\/2019\/11\/04\/acao-da-psp-bullying-e-para-fracos-sensibilizou-alunos-pais-e-auxiliares\/#primaryimage","url":"https:\/\/www.altominho.tv\/site\/wp-content\/uploads\/2019\/11\/1-bullying.jpg","contentUrl":"https:\/\/www.altominho.tv\/site\/wp-content\/uploads\/2019\/11\/1-bullying.jpg","width":600,"height":400},{"@type":"BreadcrumbList","@id":"https:\/\/www.altominho.tv\/site\/2019\/11\/04\/acao-da-psp-bullying-e-para-fracos-sensibilizou-alunos-pais-e-auxiliares\/#breadcrumb","itemListElement":[{"@type":"ListItem","position":1,"name":"In\u00edcio","item":"https:\/\/www.altominho.tv\/site\/"},{"@type":"ListItem","position":2,"name":"A\u00e7\u00e3o da PSP \u201cBullying \u00e9 Para Fracos\u201d sensibilizou alunos, pais e auxiliares"}]},{"@type":"WebSite","@id":"https:\/\/www.altominho.tv\/site\/#website","url":"https:\/\/www.altominho.tv\/site\/","name":"Altominho.tv","description":"A sua regi\u00e3o \u00e0 dist\u00e2ncia de um clique...","potentialAction":[{"@type":"SearchAction","target":{"@type":"EntryPoint","urlTemplate":"https:\/\/www.altominho.tv\/site\/?s={search_term_string}"},"query-input":{"@type":"PropertyValueSpecification","valueRequired":true,"valueName":"search_term_string"}}],"inLanguage":"pt-PT"},{"@type":"Person","@id":"https:\/\/www.altominho.tv\/site\/#\/schema\/person\/dbaf181c01b51ff40c9f461a905d321e","name":"Andreia Cunha | Lusa","image":{"@type":"ImageObject","inLanguage":"pt-PT","@id":"https:\/\/www.altominho.tv\/site\/wp-content\/uploads\/2017\/11\/Andreia_Cunha-1-150x150.jpg","url":"https:\/\/www.altominho.tv\/site\/wp-content\/uploads\/2017\/11\/Andreia_Cunha-1-150x150.jpg","contentUrl":"https:\/\/www.altominho.tv\/site\/wp-content\/uploads\/2017\/11\/Andreia_Cunha-1-150x150.jpg","caption":"Andreia Cunha | Lusa"},"sameAs":["https:\/\/www.altominho.tv\/site"],"url":"https:\/\/www.altominho.tv\/site\/author\/andreiacunhalusa\/"}]}},"_links":{"self":[{"href":"https:\/\/www.altominho.tv\/site\/wp-json\/wp\/v2\/posts\/36343","targetHints":{"allow":["GET"]}}],"collection":[{"href":"https:\/\/www.altominho.tv\/site\/wp-json\/wp\/v2\/posts"}],"about":[{"href":"https:\/\/www.altominho.tv\/site\/wp-json\/wp\/v2\/types\/post"}],"author":[{"embeddable":true,"href":"https:\/\/www.altominho.tv\/site\/wp-json\/wp\/v2\/users\/16"}],"replies":[{"embeddable":true,"href":"https:\/\/www.altominho.tv\/site\/wp-json\/wp\/v2\/comments?post=36343"}],"version-history":[{"count":0,"href":"https:\/\/www.altominho.tv\/site\/wp-json\/wp\/v2\/posts\/36343\/revisions"}],"wp:featuredmedia":[{"embeddable":true,"href":"https:\/\/www.altominho.tv\/site\/wp-json\/wp\/v2\/media\/36344"}],"wp:attachment":[{"href":"https:\/\/www.altominho.tv\/site\/wp-json\/wp\/v2\/media?parent=36343"}],"wp:term":[{"taxonomy":"category","embeddable":true,"href":"https:\/\/www.altominho.tv\/site\/wp-json\/wp\/v2\/categories?post=36343"},{"taxonomy":"post_tag","embeddable":true,"href":"https:\/\/www.altominho.tv\/site\/wp-json\/wp\/v2\/tags?post=36343"}],"curies":[{"name":"wp","href":"https:\/\/api.w.org\/{rel}","templated":true}]}}