{"id":36193,"date":"2019-10-31T16:18:16","date_gmt":"2019-10-31T16:18:16","guid":{"rendered":"http:\/\/www.altominho.tv\/site\/?p=36193"},"modified":"2019-10-31T16:18:38","modified_gmt":"2019-10-31T16:18:38","slug":"pj-detem-terceiro-suspeito-de-assalto-a-mao-armada-em-ponte-de-lima","status":"publish","type":"post","link":"https:\/\/www.altominho.tv\/site\/2019\/10\/31\/pj-detem-terceiro-suspeito-de-assalto-a-mao-armada-em-ponte-de-lima\/","title":{"rendered":"PJ det\u00e9m terceiro suspeito de assalto \u00e0 m\u00e3o armada em Ponte de Lima"},"content":{"rendered":"<p>A Pol\u00edcia Judici\u00e1ria (PJ) deteve hoje no Porto o \u00faltimo de tr\u00eas suspeitos de assaltarem \u00e0 m\u00e3o armada, em junho, uma resid\u00eancia de Fornelos, Ponte de Lima, no distrito de Viana do Castelo, informou fonte policial.<\/p>\n<p>A deten\u00e7\u00e3o agora consumada \u201cculmina dilig\u00eancias de investiga\u00e7\u00e3o que conduziram \u00e0 identifica\u00e7\u00e3o, com a correspondente recolha de prova, dos tr\u00eas autores do crime\u201d, sendo que os dois restantes j\u00e1 estavam presos preventivamente \u00e0 ordem de outro processo, pelo crime de homic\u00eddio, indicou, em comunicado, a PJ de Braga.<\/p>\n<p>O assalto ocorreu ao princ\u00edpio da tarde de 07 de junho, altura em que os tr\u00eas homens \u201clograram apoderar-se de duas armas de fogo e muni\u00e7\u00f5es e de artefactos de ouro, alguns j\u00e1 recuperados\u201d, que se encontravam na resid\u00eancia de Fornelos.<\/p>\n<p>O suspeito agora detido, de 34 anos, aguardava, a meio da tarde de hoje, a sua apresenta\u00e7\u00e3o a um juiz de instru\u00e7\u00e3o criminal para fixa\u00e7\u00e3o das medidas de coa\u00e7\u00e3o tidas por adequadas.<\/p>\n<p>Na altura dos factos, a GNR de Ponte de Lima, a primeira for\u00e7a policial a lidar com o caso, referiu que os tr\u00eas homens dispararam &#8220;v\u00e1rios tiros&#8221; ao serem surpreendidos pelo propriet\u00e1rio da casa que estavam a assaltar.<\/p>\n<p>Aquela for\u00e7a policial adiantou que o propriet\u00e1rio da casa sofreu ferimentos ligeiros &#8220;por ter sido esmurrado por um dos assaltantes, durante a fuga&#8221;, tendo sido assistido no local.<\/p>\n<p>&#8220;Um dos tr\u00eas homens esmurrou o propriet\u00e1rio na cara para o imobilizar mais depressa, permitindo a fuga, na viatura, um Toyota Yaris, que tinham deixado em frente \u00e0 habita\u00e7\u00e3o&#8221;, especificou.<\/p>\n\n\n<p class=\"wp-block-paragraph\"><\/p>\n","protected":false},"excerpt":{"rendered":"<p>A Pol\u00edcia Judici\u00e1ria (PJ) deteve hoje no Porto o \u00faltimo de tr\u00eas suspeitos de assaltarem \u00e0 m\u00e3o armada, em junho, uma resid\u00eancia de Fornelos, Ponte de Lima, no distrito de Viana do Castelo, informou fonte policial. A deten\u00e7\u00e3o agora consumada \u201cculmina dilig\u00eancias de investiga\u00e7\u00e3o que conduziram \u00e0 identifica\u00e7\u00e3o, com a correspondente recolha de prova, dos [&hellip;]<\/p>\n","protected":false},"author":13,"featured_media":36194,"comment_status":"closed","ping_status":"closed","sticky":false,"template":"","format":"standard","meta":{"_exactmetrics_skip_tracking":false,"footnotes":""},"categories":[12],"tags":[27],"class_list":["post-36193","post","type-post","status-publish","format-standard","has-post-thumbnail","hentry","category-ponte-de-lima","tag-sociedade"],"yoast_head":"<!-- This site is optimized with the Yoast SEO Premium plugin v28.3 (Yoast SEO v28.3) - https:\/\/yoast.com\/product\/yoast-seo-premium-wordpress\/ -->\n<title>PJ det\u00e9m terceiro suspeito de assalto \u00e0 m\u00e3o armada em Ponte de Lima<\/title>\n<meta name=\"robots\" content=\"index, follow, max-snippet:-1, max-image-preview:large, max-video-preview:-1\" \/>\n<link rel=\"canonical\" href=\"https:\/\/www.altominho.tv\/site\/2019\/10\/31\/pj-detem-terceiro-suspeito-de-assalto-a-mao-armada-em-ponte-de-lima\/\" \/>\n<meta property=\"og:locale\" content=\"pt_PT\" \/>\n<meta property=\"og:type\" content=\"article\" \/>\n<meta property=\"og:title\" content=\"PJ det\u00e9m terceiro suspeito de assalto \u00e0 m\u00e3o armada em Ponte de Lima\" \/>\n<meta property=\"og:description\" content=\"A Pol\u00edcia Judici\u00e1ria (PJ) deteve hoje no Porto o \u00faltimo de tr\u00eas suspeitos de assaltarem \u00e0 m\u00e3o armada, em junho, uma resid\u00eancia de Fornelos, Ponte de Lima, no distrito de Viana do Castelo, informou fonte policial. A deten\u00e7\u00e3o agora consumada \u201cculmina dilig\u00eancias de investiga\u00e7\u00e3o que conduziram \u00e0 identifica\u00e7\u00e3o, com a correspondente recolha de prova, dos [&hellip;]\" \/>\n<meta property=\"og:url\" content=\"https:\/\/www.altominho.tv\/site\/2019\/10\/31\/pj-detem-terceiro-suspeito-de-assalto-a-mao-armada-em-ponte-de-lima\/\" \/>\n<meta property=\"og:site_name\" content=\"Altominho.tv\" \/>\n<meta property=\"article:publisher\" content=\"https:\/\/www.facebook.com\/altominhotv\" \/>\n<meta property=\"article:published_time\" content=\"2019-10-31T16:18:16+00:00\" \/>\n<meta property=\"article:modified_time\" content=\"2019-10-31T16:18:38+00:00\" \/>\n<meta property=\"og:image\" content=\"https:\/\/www.altominho.tv\/site\/wp-content\/uploads\/2019\/10\/Deten\u00e7\u00e3o-740x416.jpg\" \/>\n\t<meta property=\"og:image:width\" content=\"740\" \/>\n\t<meta property=\"og:image:height\" content=\"416\" \/>\n\t<meta property=\"og:image:type\" content=\"image\/jpeg\" \/>\n<meta name=\"author\" content=\"Lusa\" \/>\n<meta name=\"twitter:card\" content=\"summary_large_image\" \/>\n<meta name=\"twitter:creator\" content=\"@altominhoTV\" \/>\n<meta name=\"twitter:site\" content=\"@altominhoTV\" \/>\n<meta name=\"twitter:label1\" content=\"Escrito por\" \/>\n\t<meta name=\"twitter:data1\" content=\"Lusa\" \/>\n\t<meta name=\"twitter:label2\" content=\"Tempo estimado de leitura\" \/>\n\t<meta name=\"twitter:data2\" content=\"1 minuto\" \/>\n<script type=\"application\/ld+json\" class=\"yoast-schema-graph\">{\"@context\":\"https:\\\/\\\/schema.org\",\"@graph\":[{\"@type\":\"Article\",\"@id\":\"https:\\\/\\\/www.altominho.tv\\\/site\\\/2019\\\/10\\\/31\\\/pj-detem-terceiro-suspeito-de-assalto-a-mao-armada-em-ponte-de-lima\\\/#article\",\"isPartOf\":{\"@id\":\"https:\\\/\\\/www.altominho.tv\\\/site\\\/2019\\\/10\\\/31\\\/pj-detem-terceiro-suspeito-de-assalto-a-mao-armada-em-ponte-de-lima\\\/\"},\"author\":{\"name\":\"Lusa\",\"@id\":\"https:\\\/\\\/www.altominho.tv\\\/site\\\/#\\\/schema\\\/person\\\/63f693da3e1899361cbe955c46f3232e\"},\"headline\":\"PJ det\u00e9m terceiro suspeito de assalto \u00e0 m\u00e3o armada em Ponte de Lima\",\"datePublished\":\"2019-10-31T16:18:16+00:00\",\"dateModified\":\"2019-10-31T16:18:38+00:00\",\"mainEntityOfPage\":{\"@id\":\"https:\\\/\\\/www.altominho.tv\\\/site\\\/2019\\\/10\\\/31\\\/pj-detem-terceiro-suspeito-de-assalto-a-mao-armada-em-ponte-de-lima\\\/\"},\"wordCount\":289,\"image\":{\"@id\":\"https:\\\/\\\/www.altominho.tv\\\/site\\\/2019\\\/10\\\/31\\\/pj-detem-terceiro-suspeito-de-assalto-a-mao-armada-em-ponte-de-lima\\\/#primaryimage\"},\"thumbnailUrl\":\"https:\\\/\\\/www.altominho.tv\\\/site\\\/wp-content\\\/uploads\\\/2019\\\/10\\\/Deten\u00e7\u00e3o-740x416.jpg\",\"keywords\":[\"Sociedade\"],\"articleSection\":[\"Ponte de Lima\"],\"inLanguage\":\"pt-PT\",\"copyrightYear\":\"2019\",\"copyrightHolder\":{\"@id\":\"https:\\\/\\\/www.altominho.tv\\\/site\\\/#organization\"}},{\"@type\":\"WebPage\",\"@id\":\"https:\\\/\\\/www.altominho.tv\\\/site\\\/2019\\\/10\\\/31\\\/pj-detem-terceiro-suspeito-de-assalto-a-mao-armada-em-ponte-de-lima\\\/\",\"url\":\"https:\\\/\\\/www.altominho.tv\\\/site\\\/2019\\\/10\\\/31\\\/pj-detem-terceiro-suspeito-de-assalto-a-mao-armada-em-ponte-de-lima\\\/\",\"name\":\"PJ det\u00e9m terceiro suspeito de assalto \u00e0 m\u00e3o armada em Ponte de Lima\",\"isPartOf\":{\"@id\":\"https:\\\/\\\/www.altominho.tv\\\/site\\\/#website\"},\"primaryImageOfPage\":{\"@id\":\"https:\\\/\\\/www.altominho.tv\\\/site\\\/2019\\\/10\\\/31\\\/pj-detem-terceiro-suspeito-de-assalto-a-mao-armada-em-ponte-de-lima\\\/#primaryimage\"},\"image\":{\"@id\":\"https:\\\/\\\/www.altominho.tv\\\/site\\\/2019\\\/10\\\/31\\\/pj-detem-terceiro-suspeito-de-assalto-a-mao-armada-em-ponte-de-lima\\\/#primaryimage\"},\"thumbnailUrl\":\"https:\\\/\\\/www.altominho.tv\\\/site\\\/wp-content\\\/uploads\\\/2019\\\/10\\\/Deten\u00e7\u00e3o-740x416.jpg\",\"datePublished\":\"2019-10-31T16:18:16+00:00\",\"dateModified\":\"2019-10-31T16:18:38+00:00\",\"author\":{\"@id\":\"https:\\\/\\\/www.altominho.tv\\\/site\\\/#\\\/schema\\\/person\\\/63f693da3e1899361cbe955c46f3232e\"},\"breadcrumb\":{\"@id\":\"https:\\\/\\\/www.altominho.tv\\\/site\\\/2019\\\/10\\\/31\\\/pj-detem-terceiro-suspeito-de-assalto-a-mao-armada-em-ponte-de-lima\\\/#breadcrumb\"},\"inLanguage\":\"pt-PT\",\"potentialAction\":[{\"@type\":\"ReadAction\",\"target\":[\"https:\\\/\\\/www.altominho.tv\\\/site\\\/2019\\\/10\\\/31\\\/pj-detem-terceiro-suspeito-de-assalto-a-mao-armada-em-ponte-de-lima\\\/\"]}]},{\"@type\":\"ImageObject\",\"inLanguage\":\"pt-PT\",\"@id\":\"https:\\\/\\\/www.altominho.tv\\\/site\\\/2019\\\/10\\\/31\\\/pj-detem-terceiro-suspeito-de-assalto-a-mao-armada-em-ponte-de-lima\\\/#primaryimage\",\"url\":\"https:\\\/\\\/www.altominho.tv\\\/site\\\/wp-content\\\/uploads\\\/2019\\\/10\\\/Deten\u00e7\u00e3o-740x416.jpg\",\"contentUrl\":\"https:\\\/\\\/www.altominho.tv\\\/site\\\/wp-content\\\/uploads\\\/2019\\\/10\\\/Deten\u00e7\u00e3o-740x416.jpg\",\"width\":740,\"height\":416},{\"@type\":\"BreadcrumbList\",\"@id\":\"https:\\\/\\\/www.altominho.tv\\\/site\\\/2019\\\/10\\\/31\\\/pj-detem-terceiro-suspeito-de-assalto-a-mao-armada-em-ponte-de-lima\\\/#breadcrumb\",\"itemListElement\":[{\"@type\":\"ListItem\",\"position\":1,\"name\":\"In\u00edcio\",\"item\":\"https:\\\/\\\/www.altominho.tv\\\/site\\\/\"},{\"@type\":\"ListItem\",\"position\":2,\"name\":\"PJ det\u00e9m terceiro suspeito de assalto \u00e0 m\u00e3o armada em Ponte de Lima\"}]},{\"@type\":\"WebSite\",\"@id\":\"https:\\\/\\\/www.altominho.tv\\\/site\\\/#website\",\"url\":\"https:\\\/\\\/www.altominho.tv\\\/site\\\/\",\"name\":\"Altominho.tv\",\"description\":\"A sua regi\u00e3o \u00e0 dist\u00e2ncia de um clique...\",\"potentialAction\":[{\"@type\":\"SearchAction\",\"target\":{\"@type\":\"EntryPoint\",\"urlTemplate\":\"https:\\\/\\\/www.altominho.tv\\\/site\\\/?s={search_term_string}\"},\"query-input\":{\"@type\":\"PropertyValueSpecification\",\"valueRequired\":true,\"valueName\":\"search_term_string\"}}],\"inLanguage\":\"pt-PT\"},{\"@type\":\"Person\",\"@id\":\"https:\\\/\\\/www.altominho.tv\\\/site\\\/#\\\/schema\\\/person\\\/63f693da3e1899361cbe955c46f3232e\",\"name\":\"Lusa\",\"image\":{\"@type\":\"ImageObject\",\"inLanguage\":\"pt-PT\",\"@id\":\"https:\\\/\\\/www.altominho.tv\\\/site\\\/wp-content\\\/uploads\\\/2019\\\/08\\\/LUSA_Logo.gif\",\"url\":\"https:\\\/\\\/www.altominho.tv\\\/site\\\/wp-content\\\/uploads\\\/2019\\\/08\\\/LUSA_Logo.gif\",\"contentUrl\":\"https:\\\/\\\/www.altominho.tv\\\/site\\\/wp-content\\\/uploads\\\/2019\\\/08\\\/LUSA_Logo.gif\",\"caption\":\"Lusa\"},\"sameAs\":[\"http:\\\/\\\/\\\/\\\/www.altominho.tv\\\/site\"],\"url\":\"https:\\\/\\\/www.altominho.tv\\\/site\\\/author\\\/lusa\\\/\"}]}<\/script>\n<!-- \/ Yoast SEO Premium plugin. -->","yoast_head_json":{"title":"PJ det\u00e9m terceiro suspeito de assalto \u00e0 m\u00e3o armada em Ponte de Lima","robots":{"index":"index","follow":"follow","max-snippet":"max-snippet:-1","max-image-preview":"max-image-preview:large","max-video-preview":"max-video-preview:-1"},"canonical":"https:\/\/www.altominho.tv\/site\/2019\/10\/31\/pj-detem-terceiro-suspeito-de-assalto-a-mao-armada-em-ponte-de-lima\/","og_locale":"pt_PT","og_type":"article","og_title":"PJ det\u00e9m terceiro suspeito de assalto \u00e0 m\u00e3o armada em Ponte de Lima","og_description":"A Pol\u00edcia Judici\u00e1ria (PJ) deteve hoje no Porto o \u00faltimo de tr\u00eas suspeitos de assaltarem \u00e0 m\u00e3o armada, em junho, uma resid\u00eancia de Fornelos, Ponte de Lima, no distrito de Viana do Castelo, informou fonte policial. A deten\u00e7\u00e3o agora consumada \u201cculmina dilig\u00eancias de investiga\u00e7\u00e3o que conduziram \u00e0 identifica\u00e7\u00e3o, com a correspondente recolha de prova, dos [&hellip;]","og_url":"https:\/\/www.altominho.tv\/site\/2019\/10\/31\/pj-detem-terceiro-suspeito-de-assalto-a-mao-armada-em-ponte-de-lima\/","og_site_name":"Altominho.tv","article_publisher":"https:\/\/www.facebook.com\/altominhotv","article_published_time":"2019-10-31T16:18:16+00:00","article_modified_time":"2019-10-31T16:18:38+00:00","og_image":[{"width":740,"height":416,"url":"https:\/\/www.altominho.tv\/site\/wp-content\/uploads\/2019\/10\/Deten\u00e7\u00e3o-740x416.jpg","type":"image\/jpeg"}],"author":"Lusa","twitter_card":"summary_large_image","twitter_creator":"@altominhoTV","twitter_site":"@altominhoTV","twitter_misc":{"Escrito por":"Lusa","Tempo estimado de leitura":"1 minuto"},"schema":{"@context":"https:\/\/schema.org","@graph":[{"@type":"Article","@id":"https:\/\/www.altominho.tv\/site\/2019\/10\/31\/pj-detem-terceiro-suspeito-de-assalto-a-mao-armada-em-ponte-de-lima\/#article","isPartOf":{"@id":"https:\/\/www.altominho.tv\/site\/2019\/10\/31\/pj-detem-terceiro-suspeito-de-assalto-a-mao-armada-em-ponte-de-lima\/"},"author":{"name":"Lusa","@id":"https:\/\/www.altominho.tv\/site\/#\/schema\/person\/63f693da3e1899361cbe955c46f3232e"},"headline":"PJ det\u00e9m terceiro suspeito de assalto \u00e0 m\u00e3o armada em Ponte de Lima","datePublished":"2019-10-31T16:18:16+00:00","dateModified":"2019-10-31T16:18:38+00:00","mainEntityOfPage":{"@id":"https:\/\/www.altominho.tv\/site\/2019\/10\/31\/pj-detem-terceiro-suspeito-de-assalto-a-mao-armada-em-ponte-de-lima\/"},"wordCount":289,"image":{"@id":"https:\/\/www.altominho.tv\/site\/2019\/10\/31\/pj-detem-terceiro-suspeito-de-assalto-a-mao-armada-em-ponte-de-lima\/#primaryimage"},"thumbnailUrl":"https:\/\/www.altominho.tv\/site\/wp-content\/uploads\/2019\/10\/Deten\u00e7\u00e3o-740x416.jpg","keywords":["Sociedade"],"articleSection":["Ponte de Lima"],"inLanguage":"pt-PT","copyrightYear":"2019","copyrightHolder":{"@id":"https:\/\/www.altominho.tv\/site\/#organization"}},{"@type":"WebPage","@id":"https:\/\/www.altominho.tv\/site\/2019\/10\/31\/pj-detem-terceiro-suspeito-de-assalto-a-mao-armada-em-ponte-de-lima\/","url":"https:\/\/www.altominho.tv\/site\/2019\/10\/31\/pj-detem-terceiro-suspeito-de-assalto-a-mao-armada-em-ponte-de-lima\/","name":"PJ det\u00e9m terceiro suspeito de assalto \u00e0 m\u00e3o armada em Ponte de Lima","isPartOf":{"@id":"https:\/\/www.altominho.tv\/site\/#website"},"primaryImageOfPage":{"@id":"https:\/\/www.altominho.tv\/site\/2019\/10\/31\/pj-detem-terceiro-suspeito-de-assalto-a-mao-armada-em-ponte-de-lima\/#primaryimage"},"image":{"@id":"https:\/\/www.altominho.tv\/site\/2019\/10\/31\/pj-detem-terceiro-suspeito-de-assalto-a-mao-armada-em-ponte-de-lima\/#primaryimage"},"thumbnailUrl":"https:\/\/www.altominho.tv\/site\/wp-content\/uploads\/2019\/10\/Deten\u00e7\u00e3o-740x416.jpg","datePublished":"2019-10-31T16:18:16+00:00","dateModified":"2019-10-31T16:18:38+00:00","author":{"@id":"https:\/\/www.altominho.tv\/site\/#\/schema\/person\/63f693da3e1899361cbe955c46f3232e"},"breadcrumb":{"@id":"https:\/\/www.altominho.tv\/site\/2019\/10\/31\/pj-detem-terceiro-suspeito-de-assalto-a-mao-armada-em-ponte-de-lima\/#breadcrumb"},"inLanguage":"pt-PT","potentialAction":[{"@type":"ReadAction","target":["https:\/\/www.altominho.tv\/site\/2019\/10\/31\/pj-detem-terceiro-suspeito-de-assalto-a-mao-armada-em-ponte-de-lima\/"]}]},{"@type":"ImageObject","inLanguage":"pt-PT","@id":"https:\/\/www.altominho.tv\/site\/2019\/10\/31\/pj-detem-terceiro-suspeito-de-assalto-a-mao-armada-em-ponte-de-lima\/#primaryimage","url":"https:\/\/www.altominho.tv\/site\/wp-content\/uploads\/2019\/10\/Deten\u00e7\u00e3o-740x416.jpg","contentUrl":"https:\/\/www.altominho.tv\/site\/wp-content\/uploads\/2019\/10\/Deten\u00e7\u00e3o-740x416.jpg","width":740,"height":416},{"@type":"BreadcrumbList","@id":"https:\/\/www.altominho.tv\/site\/2019\/10\/31\/pj-detem-terceiro-suspeito-de-assalto-a-mao-armada-em-ponte-de-lima\/#breadcrumb","itemListElement":[{"@type":"ListItem","position":1,"name":"In\u00edcio","item":"https:\/\/www.altominho.tv\/site\/"},{"@type":"ListItem","position":2,"name":"PJ det\u00e9m terceiro suspeito de assalto \u00e0 m\u00e3o armada em Ponte de Lima"}]},{"@type":"WebSite","@id":"https:\/\/www.altominho.tv\/site\/#website","url":"https:\/\/www.altominho.tv\/site\/","name":"Altominho.tv","description":"A sua regi\u00e3o \u00e0 dist\u00e2ncia de um clique...","potentialAction":[{"@type":"SearchAction","target":{"@type":"EntryPoint","urlTemplate":"https:\/\/www.altominho.tv\/site\/?s={search_term_string}"},"query-input":{"@type":"PropertyValueSpecification","valueRequired":true,"valueName":"search_term_string"}}],"inLanguage":"pt-PT"},{"@type":"Person","@id":"https:\/\/www.altominho.tv\/site\/#\/schema\/person\/63f693da3e1899361cbe955c46f3232e","name":"Lusa","image":{"@type":"ImageObject","inLanguage":"pt-PT","@id":"https:\/\/www.altominho.tv\/site\/wp-content\/uploads\/2019\/08\/LUSA_Logo.gif","url":"https:\/\/www.altominho.tv\/site\/wp-content\/uploads\/2019\/08\/LUSA_Logo.gif","contentUrl":"https:\/\/www.altominho.tv\/site\/wp-content\/uploads\/2019\/08\/LUSA_Logo.gif","caption":"Lusa"},"sameAs":["http:\/\/\/\/www.altominho.tv\/site"],"url":"https:\/\/www.altominho.tv\/site\/author\/lusa\/"}]}},"_links":{"self":[{"href":"https:\/\/www.altominho.tv\/site\/wp-json\/wp\/v2\/posts\/36193","targetHints":{"allow":["GET"]}}],"collection":[{"href":"https:\/\/www.altominho.tv\/site\/wp-json\/wp\/v2\/posts"}],"about":[{"href":"https:\/\/www.altominho.tv\/site\/wp-json\/wp\/v2\/types\/post"}],"author":[{"embeddable":true,"href":"https:\/\/www.altominho.tv\/site\/wp-json\/wp\/v2\/users\/13"}],"replies":[{"embeddable":true,"href":"https:\/\/www.altominho.tv\/site\/wp-json\/wp\/v2\/comments?post=36193"}],"version-history":[{"count":0,"href":"https:\/\/www.altominho.tv\/site\/wp-json\/wp\/v2\/posts\/36193\/revisions"}],"wp:featuredmedia":[{"embeddable":true,"href":"https:\/\/www.altominho.tv\/site\/wp-json\/wp\/v2\/media\/36194"}],"wp:attachment":[{"href":"https:\/\/www.altominho.tv\/site\/wp-json\/wp\/v2\/media?parent=36193"}],"wp:term":[{"taxonomy":"category","embeddable":true,"href":"https:\/\/www.altominho.tv\/site\/wp-json\/wp\/v2\/categories?post=36193"},{"taxonomy":"post_tag","embeddable":true,"href":"https:\/\/www.altominho.tv\/site\/wp-json\/wp\/v2\/tags?post=36193"}],"curies":[{"name":"wp","href":"https:\/\/api.w.org\/{rel}","templated":true}]}}