{"id":36106,"date":"2019-10-29T20:37:20","date_gmt":"2019-10-29T20:37:20","guid":{"rendered":"http:\/\/www.altominho.tv\/site\/?p=36106"},"modified":"2019-10-29T20:37:22","modified_gmt":"2019-10-29T20:37:22","slug":"camara-de-moncao-apoia-alunos-no-acesso-ao-ensino-superior-publico","status":"publish","type":"post","link":"https:\/\/www.altominho.tv\/site\/2019\/10\/29\/camara-de-moncao-apoia-alunos-no-acesso-ao-ensino-superior-publico\/","title":{"rendered":"C\u00e2mara de Mon\u00e7\u00e3o apoia alunos no acesso ao ensino superior p\u00fablico"},"content":{"rendered":"<p><strong>Os estudantes do ensino superior, residentes em Mon\u00e7\u00e3o, v\u00e3o poder concorrer aos Incentivos \u00e0 Forma\u00e7\u00e3o de Quadros M\u00e9dios e Superiores \u201cJo\u00e3o Verde\u201d. As candidaturas abrem no dia 1 de novembro.<\/strong><\/p>\n<p>Segundo o munic\u00edpio, este apoio destina-se a &#8220;comparticipar a forma\u00e7\u00e3o superior de jovens mon\u00e7anenses oriundos de fam\u00edlias com dificuldades econ\u00f3micas&#8221;. Neste ano letivo, ser\u00e3o atribu\u00eddas at\u00e9 15 bolsas de estudo.<\/p>\n<p>&#8220;Os Incentivos \u00e0 Forma\u00e7\u00e3o de Quadros M\u00e9dios e Superiores \u201cJo\u00e3o Verde\u201d assumem-se como um importante instrumento de apoio para os agregados familiares com maiores dificuldades econ\u00f3micas, representando uma verdadeira igualdade de oportunidades para todos os jovens mon\u00e7anenses&#8221;, refere a autarquia na nota enviada \u00e0 imprensa.<\/p>\n<p>As bolsas s\u00e3o atribu\u00eddas aos alunos que conseguem os seus cursos no tempo m\u00ednimo estipulado e, caso se verifique reten\u00e7\u00e3o de ano, os incentivos s\u00e3o anulados.<\/p>\n<p>O formul\u00e1rio de candidatura pode ser solicitado no Balc\u00e3o \u00danico de Atendimento, edif\u00edcio do Loreto, ou descarregado do website do munic\u00edpio.<\/p>\n<p>As candidaturas devem ser entregues no Balc\u00e3o \u00danico de Atendimento, at\u00e9 ao dia 30 de novembro.<\/p>\n","protected":false},"excerpt":{"rendered":"<p>Os estudantes do ensino superior, residentes em Mon\u00e7\u00e3o, v\u00e3o poder concorrer aos Incentivos \u00e0 Forma\u00e7\u00e3o de Quadros M\u00e9dios e Superiores \u201cJo\u00e3o Verde\u201d. As candidaturas abrem no dia 1 de novembro. Segundo o munic\u00edpio, este apoio destina-se a &#8220;comparticipar a forma\u00e7\u00e3o superior de jovens mon\u00e7anenses oriundos de fam\u00edlias com dificuldades econ\u00f3micas&#8221;. Neste ano letivo, ser\u00e3o atribu\u00eddas [&hellip;]<\/p>\n","protected":false},"author":12,"featured_media":36107,"comment_status":"closed","ping_status":"closed","sticky":false,"template":"","format":"standard","meta":{"_exactmetrics_skip_tracking":false,"_exactmetrics_sitenote_active":false,"_exactmetrics_sitenote_note":"","_exactmetrics_sitenote_category":0,"footnotes":""},"categories":[9],"tags":[22],"class_list":["post-36106","post","type-post","status-publish","format-standard","has-post-thumbnail","hentry","category-moncao","tag-educacao"],"yoast_head":"<!-- This site is optimized with the Yoast SEO Premium plugin v27.5 (Yoast SEO v27.5) - https:\/\/yoast.com\/product\/yoast-seo-premium-wordpress\/ -->\n<title>C\u00e2mara de Mon\u00e7\u00e3o apoia alunos no acesso ao ensino superior p\u00fablico<\/title>\n<meta name=\"robots\" content=\"index, follow, max-snippet:-1, max-image-preview:large, max-video-preview:-1\" \/>\n<link rel=\"canonical\" href=\"https:\/\/www.altominho.tv\/site\/2019\/10\/29\/camara-de-moncao-apoia-alunos-no-acesso-ao-ensino-superior-publico\/\" \/>\n<meta property=\"og:locale\" content=\"pt_PT\" \/>\n<meta property=\"og:type\" content=\"article\" \/>\n<meta property=\"og:title\" content=\"C\u00e2mara de Mon\u00e7\u00e3o apoia alunos no acesso ao ensino superior p\u00fablico\" \/>\n<meta property=\"og:description\" content=\"Os estudantes do ensino superior, residentes em Mon\u00e7\u00e3o, v\u00e3o poder concorrer aos Incentivos \u00e0 Forma\u00e7\u00e3o de Quadros M\u00e9dios e Superiores \u201cJo\u00e3o Verde\u201d. As candidaturas abrem no dia 1 de novembro. Segundo o munic\u00edpio, este apoio destina-se a &#8220;comparticipar a forma\u00e7\u00e3o superior de jovens mon\u00e7anenses oriundos de fam\u00edlias com dificuldades econ\u00f3micas&#8221;. Neste ano letivo, ser\u00e3o atribu\u00eddas [&hellip;]\" \/>\n<meta property=\"og:url\" content=\"https:\/\/www.altominho.tv\/site\/2019\/10\/29\/camara-de-moncao-apoia-alunos-no-acesso-ao-ensino-superior-publico\/\" \/>\n<meta property=\"og:site_name\" content=\"Altominho.tv\" \/>\n<meta property=\"article:publisher\" content=\"https:\/\/www.facebook.com\/altominhotv\" \/>\n<meta property=\"article:published_time\" content=\"2019-10-29T20:37:20+00:00\" \/>\n<meta property=\"article:modified_time\" content=\"2019-10-29T20:37:22+00:00\" \/>\n<meta property=\"og:image\" content=\"https:\/\/www.altominho.tv\/site\/wp-content\/uploads\/2019\/10\/banter-snaps-9o8YdYGTT64-unsplash.jpg\" \/>\n\t<meta property=\"og:image:width\" content=\"2500\" \/>\n\t<meta property=\"og:image:height\" content=\"1667\" \/>\n\t<meta property=\"og:image:type\" content=\"image\/jpeg\" \/>\n<meta name=\"author\" content=\"Andreia Ferreira\" \/>\n<meta name=\"twitter:card\" content=\"summary_large_image\" \/>\n<meta name=\"twitter:creator\" content=\"@altominhoTV\" \/>\n<meta name=\"twitter:site\" content=\"@altominhoTV\" \/>\n<meta name=\"twitter:label1\" content=\"Escrito por\" \/>\n\t<meta name=\"twitter:data1\" content=\"Andreia Ferreira\" \/>\n\t<meta name=\"twitter:label2\" content=\"Tempo estimado de leitura\" \/>\n\t<meta name=\"twitter:data2\" content=\"1 minuto\" \/>\n<script type=\"application\/ld+json\" class=\"yoast-schema-graph\">{\"@context\":\"https:\\\/\\\/schema.org\",\"@graph\":[{\"@type\":\"Article\",\"@id\":\"https:\\\/\\\/www.altominho.tv\\\/site\\\/2019\\\/10\\\/29\\\/camara-de-moncao-apoia-alunos-no-acesso-ao-ensino-superior-publico\\\/#article\",\"isPartOf\":{\"@id\":\"https:\\\/\\\/www.altominho.tv\\\/site\\\/2019\\\/10\\\/29\\\/camara-de-moncao-apoia-alunos-no-acesso-ao-ensino-superior-publico\\\/\"},\"author\":{\"name\":\"Andreia Ferreira\",\"@id\":\"https:\\\/\\\/www.altominho.tv\\\/site\\\/#\\\/schema\\\/person\\\/d9be4265364723f14ea8e0d56a1d38cd\"},\"headline\":\"C\u00e2mara de Mon\u00e7\u00e3o apoia alunos no acesso ao ensino superior p\u00fablico\",\"datePublished\":\"2019-10-29T20:37:20+00:00\",\"dateModified\":\"2019-10-29T20:37:22+00:00\",\"mainEntityOfPage\":{\"@id\":\"https:\\\/\\\/www.altominho.tv\\\/site\\\/2019\\\/10\\\/29\\\/camara-de-moncao-apoia-alunos-no-acesso-ao-ensino-superior-publico\\\/\"},\"wordCount\":203,\"image\":{\"@id\":\"https:\\\/\\\/www.altominho.tv\\\/site\\\/2019\\\/10\\\/29\\\/camara-de-moncao-apoia-alunos-no-acesso-ao-ensino-superior-publico\\\/#primaryimage\"},\"thumbnailUrl\":\"https:\\\/\\\/www.altominho.tv\\\/site\\\/wp-content\\\/uploads\\\/2019\\\/10\\\/banter-snaps-9o8YdYGTT64-unsplash.jpg\",\"keywords\":[\"Educa\u00e7\u00e3o\"],\"articleSection\":[\"Mon\u00e7\u00e3o\"],\"inLanguage\":\"pt-PT\",\"copyrightYear\":\"2019\",\"copyrightHolder\":{\"@id\":\"https:\\\/\\\/www.altominho.tv\\\/site\\\/#organization\"}},{\"@type\":\"WebPage\",\"@id\":\"https:\\\/\\\/www.altominho.tv\\\/site\\\/2019\\\/10\\\/29\\\/camara-de-moncao-apoia-alunos-no-acesso-ao-ensino-superior-publico\\\/\",\"url\":\"https:\\\/\\\/www.altominho.tv\\\/site\\\/2019\\\/10\\\/29\\\/camara-de-moncao-apoia-alunos-no-acesso-ao-ensino-superior-publico\\\/\",\"name\":\"C\u00e2mara de Mon\u00e7\u00e3o apoia alunos no acesso ao ensino superior p\u00fablico\",\"isPartOf\":{\"@id\":\"https:\\\/\\\/www.altominho.tv\\\/site\\\/#website\"},\"primaryImageOfPage\":{\"@id\":\"https:\\\/\\\/www.altominho.tv\\\/site\\\/2019\\\/10\\\/29\\\/camara-de-moncao-apoia-alunos-no-acesso-ao-ensino-superior-publico\\\/#primaryimage\"},\"image\":{\"@id\":\"https:\\\/\\\/www.altominho.tv\\\/site\\\/2019\\\/10\\\/29\\\/camara-de-moncao-apoia-alunos-no-acesso-ao-ensino-superior-publico\\\/#primaryimage\"},\"thumbnailUrl\":\"https:\\\/\\\/www.altominho.tv\\\/site\\\/wp-content\\\/uploads\\\/2019\\\/10\\\/banter-snaps-9o8YdYGTT64-unsplash.jpg\",\"datePublished\":\"2019-10-29T20:37:20+00:00\",\"dateModified\":\"2019-10-29T20:37:22+00:00\",\"author\":{\"@id\":\"https:\\\/\\\/www.altominho.tv\\\/site\\\/#\\\/schema\\\/person\\\/d9be4265364723f14ea8e0d56a1d38cd\"},\"breadcrumb\":{\"@id\":\"https:\\\/\\\/www.altominho.tv\\\/site\\\/2019\\\/10\\\/29\\\/camara-de-moncao-apoia-alunos-no-acesso-ao-ensino-superior-publico\\\/#breadcrumb\"},\"inLanguage\":\"pt-PT\",\"potentialAction\":[{\"@type\":\"ReadAction\",\"target\":[\"https:\\\/\\\/www.altominho.tv\\\/site\\\/2019\\\/10\\\/29\\\/camara-de-moncao-apoia-alunos-no-acesso-ao-ensino-superior-publico\\\/\"]}]},{\"@type\":\"ImageObject\",\"inLanguage\":\"pt-PT\",\"@id\":\"https:\\\/\\\/www.altominho.tv\\\/site\\\/2019\\\/10\\\/29\\\/camara-de-moncao-apoia-alunos-no-acesso-ao-ensino-superior-publico\\\/#primaryimage\",\"url\":\"https:\\\/\\\/www.altominho.tv\\\/site\\\/wp-content\\\/uploads\\\/2019\\\/10\\\/banter-snaps-9o8YdYGTT64-unsplash.jpg\",\"contentUrl\":\"https:\\\/\\\/www.altominho.tv\\\/site\\\/wp-content\\\/uploads\\\/2019\\\/10\\\/banter-snaps-9o8YdYGTT64-unsplash.jpg\",\"width\":2500,\"height\":1667,\"caption\":\"UNSPLASH\"},{\"@type\":\"BreadcrumbList\",\"@id\":\"https:\\\/\\\/www.altominho.tv\\\/site\\\/2019\\\/10\\\/29\\\/camara-de-moncao-apoia-alunos-no-acesso-ao-ensino-superior-publico\\\/#breadcrumb\",\"itemListElement\":[{\"@type\":\"ListItem\",\"position\":1,\"name\":\"In\u00edcio\",\"item\":\"https:\\\/\\\/www.altominho.tv\\\/site\\\/\"},{\"@type\":\"ListItem\",\"position\":2,\"name\":\"C\u00e2mara de Mon\u00e7\u00e3o apoia alunos no acesso ao ensino superior p\u00fablico\"}]},{\"@type\":\"WebSite\",\"@id\":\"https:\\\/\\\/www.altominho.tv\\\/site\\\/#website\",\"url\":\"https:\\\/\\\/www.altominho.tv\\\/site\\\/\",\"name\":\"Altominho.tv\",\"description\":\"A sua regi\u00e3o \u00e0 dist\u00e2ncia de um clique...\",\"potentialAction\":[{\"@type\":\"SearchAction\",\"target\":{\"@type\":\"EntryPoint\",\"urlTemplate\":\"https:\\\/\\\/www.altominho.tv\\\/site\\\/?s={search_term_string}\"},\"query-input\":{\"@type\":\"PropertyValueSpecification\",\"valueRequired\":true,\"valueName\":\"search_term_string\"}}],\"inLanguage\":\"pt-PT\"},{\"@type\":\"Person\",\"@id\":\"https:\\\/\\\/www.altominho.tv\\\/site\\\/#\\\/schema\\\/person\\\/d9be4265364723f14ea8e0d56a1d38cd\",\"name\":\"Andreia Ferreira\",\"image\":{\"@type\":\"ImageObject\",\"inLanguage\":\"pt-PT\",\"@id\":\"https:\\\/\\\/www.altominho.tv\\\/site\\\/wp-content\\\/uploads\\\/2021\\\/01\\\/AndreiaFerreira-150x150.jpg\",\"url\":\"https:\\\/\\\/www.altominho.tv\\\/site\\\/wp-content\\\/uploads\\\/2021\\\/01\\\/AndreiaFerreira-150x150.jpg\",\"contentUrl\":\"https:\\\/\\\/www.altominho.tv\\\/site\\\/wp-content\\\/uploads\\\/2021\\\/01\\\/AndreiaFerreira-150x150.jpg\",\"caption\":\"Andreia Ferreira\"},\"url\":\"https:\\\/\\\/www.altominho.tv\\\/site\\\/author\\\/andreiaferreira\\\/\"}]}<\/script>\n<!-- \/ Yoast SEO Premium plugin. -->","yoast_head_json":{"title":"C\u00e2mara de Mon\u00e7\u00e3o apoia alunos no acesso ao ensino superior p\u00fablico","robots":{"index":"index","follow":"follow","max-snippet":"max-snippet:-1","max-image-preview":"max-image-preview:large","max-video-preview":"max-video-preview:-1"},"canonical":"https:\/\/www.altominho.tv\/site\/2019\/10\/29\/camara-de-moncao-apoia-alunos-no-acesso-ao-ensino-superior-publico\/","og_locale":"pt_PT","og_type":"article","og_title":"C\u00e2mara de Mon\u00e7\u00e3o apoia alunos no acesso ao ensino superior p\u00fablico","og_description":"Os estudantes do ensino superior, residentes em Mon\u00e7\u00e3o, v\u00e3o poder concorrer aos Incentivos \u00e0 Forma\u00e7\u00e3o de Quadros M\u00e9dios e Superiores \u201cJo\u00e3o Verde\u201d. As candidaturas abrem no dia 1 de novembro. Segundo o munic\u00edpio, este apoio destina-se a &#8220;comparticipar a forma\u00e7\u00e3o superior de jovens mon\u00e7anenses oriundos de fam\u00edlias com dificuldades econ\u00f3micas&#8221;. Neste ano letivo, ser\u00e3o atribu\u00eddas [&hellip;]","og_url":"https:\/\/www.altominho.tv\/site\/2019\/10\/29\/camara-de-moncao-apoia-alunos-no-acesso-ao-ensino-superior-publico\/","og_site_name":"Altominho.tv","article_publisher":"https:\/\/www.facebook.com\/altominhotv","article_published_time":"2019-10-29T20:37:20+00:00","article_modified_time":"2019-10-29T20:37:22+00:00","og_image":[{"width":2500,"height":1667,"url":"https:\/\/www.altominho.tv\/site\/wp-content\/uploads\/2019\/10\/banter-snaps-9o8YdYGTT64-unsplash.jpg","type":"image\/jpeg"}],"author":"Andreia Ferreira","twitter_card":"summary_large_image","twitter_creator":"@altominhoTV","twitter_site":"@altominhoTV","twitter_misc":{"Escrito por":"Andreia Ferreira","Tempo estimado de leitura":"1 minuto"},"schema":{"@context":"https:\/\/schema.org","@graph":[{"@type":"Article","@id":"https:\/\/www.altominho.tv\/site\/2019\/10\/29\/camara-de-moncao-apoia-alunos-no-acesso-ao-ensino-superior-publico\/#article","isPartOf":{"@id":"https:\/\/www.altominho.tv\/site\/2019\/10\/29\/camara-de-moncao-apoia-alunos-no-acesso-ao-ensino-superior-publico\/"},"author":{"name":"Andreia Ferreira","@id":"https:\/\/www.altominho.tv\/site\/#\/schema\/person\/d9be4265364723f14ea8e0d56a1d38cd"},"headline":"C\u00e2mara de Mon\u00e7\u00e3o apoia alunos no acesso ao ensino superior p\u00fablico","datePublished":"2019-10-29T20:37:20+00:00","dateModified":"2019-10-29T20:37:22+00:00","mainEntityOfPage":{"@id":"https:\/\/www.altominho.tv\/site\/2019\/10\/29\/camara-de-moncao-apoia-alunos-no-acesso-ao-ensino-superior-publico\/"},"wordCount":203,"image":{"@id":"https:\/\/www.altominho.tv\/site\/2019\/10\/29\/camara-de-moncao-apoia-alunos-no-acesso-ao-ensino-superior-publico\/#primaryimage"},"thumbnailUrl":"https:\/\/www.altominho.tv\/site\/wp-content\/uploads\/2019\/10\/banter-snaps-9o8YdYGTT64-unsplash.jpg","keywords":["Educa\u00e7\u00e3o"],"articleSection":["Mon\u00e7\u00e3o"],"inLanguage":"pt-PT","copyrightYear":"2019","copyrightHolder":{"@id":"https:\/\/www.altominho.tv\/site\/#organization"}},{"@type":"WebPage","@id":"https:\/\/www.altominho.tv\/site\/2019\/10\/29\/camara-de-moncao-apoia-alunos-no-acesso-ao-ensino-superior-publico\/","url":"https:\/\/www.altominho.tv\/site\/2019\/10\/29\/camara-de-moncao-apoia-alunos-no-acesso-ao-ensino-superior-publico\/","name":"C\u00e2mara de Mon\u00e7\u00e3o apoia alunos no acesso ao ensino superior p\u00fablico","isPartOf":{"@id":"https:\/\/www.altominho.tv\/site\/#website"},"primaryImageOfPage":{"@id":"https:\/\/www.altominho.tv\/site\/2019\/10\/29\/camara-de-moncao-apoia-alunos-no-acesso-ao-ensino-superior-publico\/#primaryimage"},"image":{"@id":"https:\/\/www.altominho.tv\/site\/2019\/10\/29\/camara-de-moncao-apoia-alunos-no-acesso-ao-ensino-superior-publico\/#primaryimage"},"thumbnailUrl":"https:\/\/www.altominho.tv\/site\/wp-content\/uploads\/2019\/10\/banter-snaps-9o8YdYGTT64-unsplash.jpg","datePublished":"2019-10-29T20:37:20+00:00","dateModified":"2019-10-29T20:37:22+00:00","author":{"@id":"https:\/\/www.altominho.tv\/site\/#\/schema\/person\/d9be4265364723f14ea8e0d56a1d38cd"},"breadcrumb":{"@id":"https:\/\/www.altominho.tv\/site\/2019\/10\/29\/camara-de-moncao-apoia-alunos-no-acesso-ao-ensino-superior-publico\/#breadcrumb"},"inLanguage":"pt-PT","potentialAction":[{"@type":"ReadAction","target":["https:\/\/www.altominho.tv\/site\/2019\/10\/29\/camara-de-moncao-apoia-alunos-no-acesso-ao-ensino-superior-publico\/"]}]},{"@type":"ImageObject","inLanguage":"pt-PT","@id":"https:\/\/www.altominho.tv\/site\/2019\/10\/29\/camara-de-moncao-apoia-alunos-no-acesso-ao-ensino-superior-publico\/#primaryimage","url":"https:\/\/www.altominho.tv\/site\/wp-content\/uploads\/2019\/10\/banter-snaps-9o8YdYGTT64-unsplash.jpg","contentUrl":"https:\/\/www.altominho.tv\/site\/wp-content\/uploads\/2019\/10\/banter-snaps-9o8YdYGTT64-unsplash.jpg","width":2500,"height":1667,"caption":"UNSPLASH"},{"@type":"BreadcrumbList","@id":"https:\/\/www.altominho.tv\/site\/2019\/10\/29\/camara-de-moncao-apoia-alunos-no-acesso-ao-ensino-superior-publico\/#breadcrumb","itemListElement":[{"@type":"ListItem","position":1,"name":"In\u00edcio","item":"https:\/\/www.altominho.tv\/site\/"},{"@type":"ListItem","position":2,"name":"C\u00e2mara de Mon\u00e7\u00e3o apoia alunos no acesso ao ensino superior p\u00fablico"}]},{"@type":"WebSite","@id":"https:\/\/www.altominho.tv\/site\/#website","url":"https:\/\/www.altominho.tv\/site\/","name":"Altominho.tv","description":"A sua regi\u00e3o \u00e0 dist\u00e2ncia de um clique...","potentialAction":[{"@type":"SearchAction","target":{"@type":"EntryPoint","urlTemplate":"https:\/\/www.altominho.tv\/site\/?s={search_term_string}"},"query-input":{"@type":"PropertyValueSpecification","valueRequired":true,"valueName":"search_term_string"}}],"inLanguage":"pt-PT"},{"@type":"Person","@id":"https:\/\/www.altominho.tv\/site\/#\/schema\/person\/d9be4265364723f14ea8e0d56a1d38cd","name":"Andreia Ferreira","image":{"@type":"ImageObject","inLanguage":"pt-PT","@id":"https:\/\/www.altominho.tv\/site\/wp-content\/uploads\/2021\/01\/AndreiaFerreira-150x150.jpg","url":"https:\/\/www.altominho.tv\/site\/wp-content\/uploads\/2021\/01\/AndreiaFerreira-150x150.jpg","contentUrl":"https:\/\/www.altominho.tv\/site\/wp-content\/uploads\/2021\/01\/AndreiaFerreira-150x150.jpg","caption":"Andreia Ferreira"},"url":"https:\/\/www.altominho.tv\/site\/author\/andreiaferreira\/"}]}},"_links":{"self":[{"href":"https:\/\/www.altominho.tv\/site\/wp-json\/wp\/v2\/posts\/36106","targetHints":{"allow":["GET"]}}],"collection":[{"href":"https:\/\/www.altominho.tv\/site\/wp-json\/wp\/v2\/posts"}],"about":[{"href":"https:\/\/www.altominho.tv\/site\/wp-json\/wp\/v2\/types\/post"}],"author":[{"embeddable":true,"href":"https:\/\/www.altominho.tv\/site\/wp-json\/wp\/v2\/users\/12"}],"replies":[{"embeddable":true,"href":"https:\/\/www.altominho.tv\/site\/wp-json\/wp\/v2\/comments?post=36106"}],"version-history":[{"count":0,"href":"https:\/\/www.altominho.tv\/site\/wp-json\/wp\/v2\/posts\/36106\/revisions"}],"wp:featuredmedia":[{"embeddable":true,"href":"https:\/\/www.altominho.tv\/site\/wp-json\/wp\/v2\/media\/36107"}],"wp:attachment":[{"href":"https:\/\/www.altominho.tv\/site\/wp-json\/wp\/v2\/media?parent=36106"}],"wp:term":[{"taxonomy":"category","embeddable":true,"href":"https:\/\/www.altominho.tv\/site\/wp-json\/wp\/v2\/categories?post=36106"},{"taxonomy":"post_tag","embeddable":true,"href":"https:\/\/www.altominho.tv\/site\/wp-json\/wp\/v2\/tags?post=36106"}],"curies":[{"name":"wp","href":"https:\/\/api.w.org\/{rel}","templated":true}]}}