{"id":36079,"date":"2019-10-29T13:14:24","date_gmt":"2019-10-29T13:14:24","guid":{"rendered":"http:\/\/www.altominho.tv\/site\/?p=36079"},"modified":"2019-10-29T13:14:28","modified_gmt":"2019-10-29T13:14:28","slug":"gnr-investiga-morte-das-duas-lontras-encontradas-no-rio-lima","status":"publish","type":"post","link":"https:\/\/www.altominho.tv\/site\/2019\/10\/29\/gnr-investiga-morte-das-duas-lontras-encontradas-no-rio-lima\/","title":{"rendered":"GNR investiga morte das duas lontras encontradas no rio Lima"},"content":{"rendered":"<p>O Servi\u00e7o de Prote\u00e7\u00e3o da Natureza e do Ambiente (SEPNA) da GNR est\u00e1 a investigar as causas da morte de duas lontras encontradas no rio Lima, em Ponte de Lima.<\/p>\n<p>Segundo fonte do Comando Territorial da GNR de Viana do Castelo, o caso foi detetado no domingo, &#8220;havendo suspeitas de que as lontras tenham sido envenenadas&#8221;.<\/p>\n<p>A fonte adiantou que os animais foram &#8220;recolhidos pelo N\u00facleo de Apoio T\u00e9cnico (NAT) da GNR para preserva\u00e7\u00e3o de eventuais vest\u00edgios de veneno&#8221;, sendo que &#8220;o auto de not\u00edcia foi elaborado pelo N\u00facleo de Prote\u00e7\u00e3o Ambiental do destacamento territorial de Arcos de Valdevez&#8221;.<\/p>\n<p>&#8220;O auto de not\u00edcia foi remetido para o SEPNA do Comando Territorial da GNR de Viana do Castelo que investigar\u00e1 o caso&#8221;, especificou a fonte.<\/p>\n<p>Contactada pela ag\u00eancia Lusa, a vice-presidente da C\u00e2mara de Ponte de Lima, que det\u00e9m a pasta do Ambiente, Mecia Martins, referiu que &#8220;as duas lontras foram detetadas, no domingo, por um funcion\u00e1rio da autarquia que, de imediato, acionou as autoridades&#8221;.<\/p>\n<p>Os animais foram encontrados junto \u00e0 ecovia do rio Lima, um percurso com uma extens\u00e3o de cerca de 70 quil\u00f3metros que passa pelos concelhos de Viana do Castelo, Ponte de Lima, Ponte da Barca e Arcos de Valdevez.<\/p>\n<p>As lontras foram detetadas &#8220;por baixo da ponte romana da vila, numa zona designada de Al\u00e9m do Rio-Arcozelo&#8221;.<\/p>\n<p>Mecia Martins adiantou tratar-se do &#8220;primeiro caso&#8221; do g\u00e9nero registado no concelho, onde a presen\u00e7a das lontras de tornou &#8220;normal&#8221;. &#8220;Desde h\u00e1 cinco anos que \u00e9 cada vez mais frequente v\u00ea-las no rio. Sempre houve um relacionamento saud\u00e1vel entre a popula\u00e7\u00e3o e a comunidade de lontras, tal como aconteceu, h\u00e1 uns anos, com os patos bravos&#8221;, destacou.<\/p>\n\n\n<p class=\"wp-block-paragraph\"><\/p>\n","protected":false},"excerpt":{"rendered":"<p>O Servi\u00e7o de Prote\u00e7\u00e3o da Natureza e do Ambiente (SEPNA) da GNR est\u00e1 a investigar as causas da morte de duas lontras encontradas no rio Lima, em Ponte de Lima. Segundo fonte do Comando Territorial da GNR de Viana do Castelo, o caso foi detetado no domingo, &#8220;havendo suspeitas de que as lontras tenham sido [&hellip;]<\/p>\n","protected":false},"author":13,"featured_media":36081,"comment_status":"closed","ping_status":"closed","sticky":false,"template":"","format":"standard","meta":{"_exactmetrics_skip_tracking":false,"footnotes":""},"categories":[12],"tags":[27],"class_list":["post-36079","post","type-post","status-publish","format-standard","has-post-thumbnail","hentry","category-ponte-de-lima","tag-sociedade"],"yoast_head":"<!-- This site is optimized with the Yoast SEO Premium plugin v28.3 (Yoast SEO v28.3) - https:\/\/yoast.com\/product\/yoast-seo-premium-wordpress\/ -->\n<title>GNR investiga morte das duas lontras encontradas no rio Lima<\/title>\n<meta name=\"robots\" content=\"index, follow, max-snippet:-1, max-image-preview:large, max-video-preview:-1\" \/>\n<link rel=\"canonical\" href=\"https:\/\/www.altominho.tv\/site\/2019\/10\/29\/gnr-investiga-morte-das-duas-lontras-encontradas-no-rio-lima\/\" \/>\n<meta property=\"og:locale\" content=\"pt_PT\" \/>\n<meta property=\"og:type\" content=\"article\" \/>\n<meta property=\"og:title\" content=\"GNR investiga morte das duas lontras encontradas no rio Lima\" \/>\n<meta property=\"og:description\" content=\"O Servi\u00e7o de Prote\u00e7\u00e3o da Natureza e do Ambiente (SEPNA) da GNR est\u00e1 a investigar as causas da morte de duas lontras encontradas no rio Lima, em Ponte de Lima. Segundo fonte do Comando Territorial da GNR de Viana do Castelo, o caso foi detetado no domingo, &#8220;havendo suspeitas de que as lontras tenham sido [&hellip;]\" \/>\n<meta property=\"og:url\" content=\"https:\/\/www.altominho.tv\/site\/2019\/10\/29\/gnr-investiga-morte-das-duas-lontras-encontradas-no-rio-lima\/\" \/>\n<meta property=\"og:site_name\" content=\"Altominho.tv\" \/>\n<meta property=\"article:publisher\" content=\"https:\/\/www.facebook.com\/altominhotv\" \/>\n<meta property=\"article:published_time\" content=\"2019-10-29T13:14:24+00:00\" \/>\n<meta property=\"article:modified_time\" content=\"2019-10-29T13:14:28+00:00\" \/>\n<meta property=\"og:image\" content=\"https:\/\/www.altominho.tv\/site\/wp-content\/uploads\/2019\/10\/Lontra.jpg\" \/>\n\t<meta property=\"og:image:width\" content=\"931\" \/>\n\t<meta property=\"og:image:height\" content=\"524\" \/>\n\t<meta property=\"og:image:type\" content=\"image\/jpeg\" \/>\n<meta name=\"author\" content=\"Lusa\" \/>\n<meta name=\"twitter:card\" content=\"summary_large_image\" \/>\n<meta name=\"twitter:creator\" content=\"@altominhoTV\" \/>\n<meta name=\"twitter:site\" content=\"@altominhoTV\" \/>\n<meta name=\"twitter:label1\" content=\"Escrito por\" \/>\n\t<meta name=\"twitter:data1\" content=\"Lusa\" \/>\n\t<meta name=\"twitter:label2\" content=\"Tempo estimado de leitura\" \/>\n\t<meta name=\"twitter:data2\" content=\"1 minuto\" \/>\n<script type=\"application\/ld+json\" class=\"yoast-schema-graph\">{\"@context\":\"https:\\\/\\\/schema.org\",\"@graph\":[{\"@type\":\"Article\",\"@id\":\"https:\\\/\\\/www.altominho.tv\\\/site\\\/2019\\\/10\\\/29\\\/gnr-investiga-morte-das-duas-lontras-encontradas-no-rio-lima\\\/#article\",\"isPartOf\":{\"@id\":\"https:\\\/\\\/www.altominho.tv\\\/site\\\/2019\\\/10\\\/29\\\/gnr-investiga-morte-das-duas-lontras-encontradas-no-rio-lima\\\/\"},\"author\":{\"name\":\"Lusa\",\"@id\":\"https:\\\/\\\/www.altominho.tv\\\/site\\\/#\\\/schema\\\/person\\\/63f693da3e1899361cbe955c46f3232e\"},\"headline\":\"GNR investiga morte das duas lontras encontradas no rio Lima\",\"datePublished\":\"2019-10-29T13:14:24+00:00\",\"dateModified\":\"2019-10-29T13:14:28+00:00\",\"mainEntityOfPage\":{\"@id\":\"https:\\\/\\\/www.altominho.tv\\\/site\\\/2019\\\/10\\\/29\\\/gnr-investiga-morte-das-duas-lontras-encontradas-no-rio-lima\\\/\"},\"wordCount\":306,\"image\":{\"@id\":\"https:\\\/\\\/www.altominho.tv\\\/site\\\/2019\\\/10\\\/29\\\/gnr-investiga-morte-das-duas-lontras-encontradas-no-rio-lima\\\/#primaryimage\"},\"thumbnailUrl\":\"https:\\\/\\\/www.altominho.tv\\\/site\\\/wp-content\\\/uploads\\\/2019\\\/10\\\/Lontra.jpg\",\"keywords\":[\"Sociedade\"],\"articleSection\":[\"Ponte de Lima\"],\"inLanguage\":\"pt-PT\",\"copyrightYear\":\"2019\",\"copyrightHolder\":{\"@id\":\"https:\\\/\\\/www.altominho.tv\\\/site\\\/#organization\"}},{\"@type\":\"WebPage\",\"@id\":\"https:\\\/\\\/www.altominho.tv\\\/site\\\/2019\\\/10\\\/29\\\/gnr-investiga-morte-das-duas-lontras-encontradas-no-rio-lima\\\/\",\"url\":\"https:\\\/\\\/www.altominho.tv\\\/site\\\/2019\\\/10\\\/29\\\/gnr-investiga-morte-das-duas-lontras-encontradas-no-rio-lima\\\/\",\"name\":\"GNR investiga morte das duas lontras encontradas no rio Lima\",\"isPartOf\":{\"@id\":\"https:\\\/\\\/www.altominho.tv\\\/site\\\/#website\"},\"primaryImageOfPage\":{\"@id\":\"https:\\\/\\\/www.altominho.tv\\\/site\\\/2019\\\/10\\\/29\\\/gnr-investiga-morte-das-duas-lontras-encontradas-no-rio-lima\\\/#primaryimage\"},\"image\":{\"@id\":\"https:\\\/\\\/www.altominho.tv\\\/site\\\/2019\\\/10\\\/29\\\/gnr-investiga-morte-das-duas-lontras-encontradas-no-rio-lima\\\/#primaryimage\"},\"thumbnailUrl\":\"https:\\\/\\\/www.altominho.tv\\\/site\\\/wp-content\\\/uploads\\\/2019\\\/10\\\/Lontra.jpg\",\"datePublished\":\"2019-10-29T13:14:24+00:00\",\"dateModified\":\"2019-10-29T13:14:28+00:00\",\"author\":{\"@id\":\"https:\\\/\\\/www.altominho.tv\\\/site\\\/#\\\/schema\\\/person\\\/63f693da3e1899361cbe955c46f3232e\"},\"breadcrumb\":{\"@id\":\"https:\\\/\\\/www.altominho.tv\\\/site\\\/2019\\\/10\\\/29\\\/gnr-investiga-morte-das-duas-lontras-encontradas-no-rio-lima\\\/#breadcrumb\"},\"inLanguage\":\"pt-PT\",\"potentialAction\":[{\"@type\":\"ReadAction\",\"target\":[\"https:\\\/\\\/www.altominho.tv\\\/site\\\/2019\\\/10\\\/29\\\/gnr-investiga-morte-das-duas-lontras-encontradas-no-rio-lima\\\/\"]}]},{\"@type\":\"ImageObject\",\"inLanguage\":\"pt-PT\",\"@id\":\"https:\\\/\\\/www.altominho.tv\\\/site\\\/2019\\\/10\\\/29\\\/gnr-investiga-morte-das-duas-lontras-encontradas-no-rio-lima\\\/#primaryimage\",\"url\":\"https:\\\/\\\/www.altominho.tv\\\/site\\\/wp-content\\\/uploads\\\/2019\\\/10\\\/Lontra.jpg\",\"contentUrl\":\"https:\\\/\\\/www.altominho.tv\\\/site\\\/wp-content\\\/uploads\\\/2019\\\/10\\\/Lontra.jpg\",\"width\":931,\"height\":524,\"caption\":\"PIXABAY\"},{\"@type\":\"BreadcrumbList\",\"@id\":\"https:\\\/\\\/www.altominho.tv\\\/site\\\/2019\\\/10\\\/29\\\/gnr-investiga-morte-das-duas-lontras-encontradas-no-rio-lima\\\/#breadcrumb\",\"itemListElement\":[{\"@type\":\"ListItem\",\"position\":1,\"name\":\"In\u00edcio\",\"item\":\"https:\\\/\\\/www.altominho.tv\\\/site\\\/\"},{\"@type\":\"ListItem\",\"position\":2,\"name\":\"GNR investiga morte das duas lontras encontradas no rio Lima\"}]},{\"@type\":\"WebSite\",\"@id\":\"https:\\\/\\\/www.altominho.tv\\\/site\\\/#website\",\"url\":\"https:\\\/\\\/www.altominho.tv\\\/site\\\/\",\"name\":\"Altominho.tv\",\"description\":\"A sua regi\u00e3o \u00e0 dist\u00e2ncia de um clique...\",\"potentialAction\":[{\"@type\":\"SearchAction\",\"target\":{\"@type\":\"EntryPoint\",\"urlTemplate\":\"https:\\\/\\\/www.altominho.tv\\\/site\\\/?s={search_term_string}\"},\"query-input\":{\"@type\":\"PropertyValueSpecification\",\"valueRequired\":true,\"valueName\":\"search_term_string\"}}],\"inLanguage\":\"pt-PT\"},{\"@type\":\"Person\",\"@id\":\"https:\\\/\\\/www.altominho.tv\\\/site\\\/#\\\/schema\\\/person\\\/63f693da3e1899361cbe955c46f3232e\",\"name\":\"Lusa\",\"image\":{\"@type\":\"ImageObject\",\"inLanguage\":\"pt-PT\",\"@id\":\"https:\\\/\\\/www.altominho.tv\\\/site\\\/wp-content\\\/uploads\\\/2019\\\/08\\\/LUSA_Logo.gif\",\"url\":\"https:\\\/\\\/www.altominho.tv\\\/site\\\/wp-content\\\/uploads\\\/2019\\\/08\\\/LUSA_Logo.gif\",\"contentUrl\":\"https:\\\/\\\/www.altominho.tv\\\/site\\\/wp-content\\\/uploads\\\/2019\\\/08\\\/LUSA_Logo.gif\",\"caption\":\"Lusa\"},\"sameAs\":[\"http:\\\/\\\/\\\/\\\/www.altominho.tv\\\/site\"],\"url\":\"https:\\\/\\\/www.altominho.tv\\\/site\\\/author\\\/lusa\\\/\"}]}<\/script>\n<!-- \/ Yoast SEO Premium plugin. -->","yoast_head_json":{"title":"GNR investiga morte das duas lontras encontradas no rio Lima","robots":{"index":"index","follow":"follow","max-snippet":"max-snippet:-1","max-image-preview":"max-image-preview:large","max-video-preview":"max-video-preview:-1"},"canonical":"https:\/\/www.altominho.tv\/site\/2019\/10\/29\/gnr-investiga-morte-das-duas-lontras-encontradas-no-rio-lima\/","og_locale":"pt_PT","og_type":"article","og_title":"GNR investiga morte das duas lontras encontradas no rio Lima","og_description":"O Servi\u00e7o de Prote\u00e7\u00e3o da Natureza e do Ambiente (SEPNA) da GNR est\u00e1 a investigar as causas da morte de duas lontras encontradas no rio Lima, em Ponte de Lima. Segundo fonte do Comando Territorial da GNR de Viana do Castelo, o caso foi detetado no domingo, &#8220;havendo suspeitas de que as lontras tenham sido [&hellip;]","og_url":"https:\/\/www.altominho.tv\/site\/2019\/10\/29\/gnr-investiga-morte-das-duas-lontras-encontradas-no-rio-lima\/","og_site_name":"Altominho.tv","article_publisher":"https:\/\/www.facebook.com\/altominhotv","article_published_time":"2019-10-29T13:14:24+00:00","article_modified_time":"2019-10-29T13:14:28+00:00","og_image":[{"width":931,"height":524,"url":"https:\/\/www.altominho.tv\/site\/wp-content\/uploads\/2019\/10\/Lontra.jpg","type":"image\/jpeg"}],"author":"Lusa","twitter_card":"summary_large_image","twitter_creator":"@altominhoTV","twitter_site":"@altominhoTV","twitter_misc":{"Escrito por":"Lusa","Tempo estimado de leitura":"1 minuto"},"schema":{"@context":"https:\/\/schema.org","@graph":[{"@type":"Article","@id":"https:\/\/www.altominho.tv\/site\/2019\/10\/29\/gnr-investiga-morte-das-duas-lontras-encontradas-no-rio-lima\/#article","isPartOf":{"@id":"https:\/\/www.altominho.tv\/site\/2019\/10\/29\/gnr-investiga-morte-das-duas-lontras-encontradas-no-rio-lima\/"},"author":{"name":"Lusa","@id":"https:\/\/www.altominho.tv\/site\/#\/schema\/person\/63f693da3e1899361cbe955c46f3232e"},"headline":"GNR investiga morte das duas lontras encontradas no rio Lima","datePublished":"2019-10-29T13:14:24+00:00","dateModified":"2019-10-29T13:14:28+00:00","mainEntityOfPage":{"@id":"https:\/\/www.altominho.tv\/site\/2019\/10\/29\/gnr-investiga-morte-das-duas-lontras-encontradas-no-rio-lima\/"},"wordCount":306,"image":{"@id":"https:\/\/www.altominho.tv\/site\/2019\/10\/29\/gnr-investiga-morte-das-duas-lontras-encontradas-no-rio-lima\/#primaryimage"},"thumbnailUrl":"https:\/\/www.altominho.tv\/site\/wp-content\/uploads\/2019\/10\/Lontra.jpg","keywords":["Sociedade"],"articleSection":["Ponte de Lima"],"inLanguage":"pt-PT","copyrightYear":"2019","copyrightHolder":{"@id":"https:\/\/www.altominho.tv\/site\/#organization"}},{"@type":"WebPage","@id":"https:\/\/www.altominho.tv\/site\/2019\/10\/29\/gnr-investiga-morte-das-duas-lontras-encontradas-no-rio-lima\/","url":"https:\/\/www.altominho.tv\/site\/2019\/10\/29\/gnr-investiga-morte-das-duas-lontras-encontradas-no-rio-lima\/","name":"GNR investiga morte das duas lontras encontradas no rio Lima","isPartOf":{"@id":"https:\/\/www.altominho.tv\/site\/#website"},"primaryImageOfPage":{"@id":"https:\/\/www.altominho.tv\/site\/2019\/10\/29\/gnr-investiga-morte-das-duas-lontras-encontradas-no-rio-lima\/#primaryimage"},"image":{"@id":"https:\/\/www.altominho.tv\/site\/2019\/10\/29\/gnr-investiga-morte-das-duas-lontras-encontradas-no-rio-lima\/#primaryimage"},"thumbnailUrl":"https:\/\/www.altominho.tv\/site\/wp-content\/uploads\/2019\/10\/Lontra.jpg","datePublished":"2019-10-29T13:14:24+00:00","dateModified":"2019-10-29T13:14:28+00:00","author":{"@id":"https:\/\/www.altominho.tv\/site\/#\/schema\/person\/63f693da3e1899361cbe955c46f3232e"},"breadcrumb":{"@id":"https:\/\/www.altominho.tv\/site\/2019\/10\/29\/gnr-investiga-morte-das-duas-lontras-encontradas-no-rio-lima\/#breadcrumb"},"inLanguage":"pt-PT","potentialAction":[{"@type":"ReadAction","target":["https:\/\/www.altominho.tv\/site\/2019\/10\/29\/gnr-investiga-morte-das-duas-lontras-encontradas-no-rio-lima\/"]}]},{"@type":"ImageObject","inLanguage":"pt-PT","@id":"https:\/\/www.altominho.tv\/site\/2019\/10\/29\/gnr-investiga-morte-das-duas-lontras-encontradas-no-rio-lima\/#primaryimage","url":"https:\/\/www.altominho.tv\/site\/wp-content\/uploads\/2019\/10\/Lontra.jpg","contentUrl":"https:\/\/www.altominho.tv\/site\/wp-content\/uploads\/2019\/10\/Lontra.jpg","width":931,"height":524,"caption":"PIXABAY"},{"@type":"BreadcrumbList","@id":"https:\/\/www.altominho.tv\/site\/2019\/10\/29\/gnr-investiga-morte-das-duas-lontras-encontradas-no-rio-lima\/#breadcrumb","itemListElement":[{"@type":"ListItem","position":1,"name":"In\u00edcio","item":"https:\/\/www.altominho.tv\/site\/"},{"@type":"ListItem","position":2,"name":"GNR investiga morte das duas lontras encontradas no rio Lima"}]},{"@type":"WebSite","@id":"https:\/\/www.altominho.tv\/site\/#website","url":"https:\/\/www.altominho.tv\/site\/","name":"Altominho.tv","description":"A sua regi\u00e3o \u00e0 dist\u00e2ncia de um clique...","potentialAction":[{"@type":"SearchAction","target":{"@type":"EntryPoint","urlTemplate":"https:\/\/www.altominho.tv\/site\/?s={search_term_string}"},"query-input":{"@type":"PropertyValueSpecification","valueRequired":true,"valueName":"search_term_string"}}],"inLanguage":"pt-PT"},{"@type":"Person","@id":"https:\/\/www.altominho.tv\/site\/#\/schema\/person\/63f693da3e1899361cbe955c46f3232e","name":"Lusa","image":{"@type":"ImageObject","inLanguage":"pt-PT","@id":"https:\/\/www.altominho.tv\/site\/wp-content\/uploads\/2019\/08\/LUSA_Logo.gif","url":"https:\/\/www.altominho.tv\/site\/wp-content\/uploads\/2019\/08\/LUSA_Logo.gif","contentUrl":"https:\/\/www.altominho.tv\/site\/wp-content\/uploads\/2019\/08\/LUSA_Logo.gif","caption":"Lusa"},"sameAs":["http:\/\/\/\/www.altominho.tv\/site"],"url":"https:\/\/www.altominho.tv\/site\/author\/lusa\/"}]}},"_links":{"self":[{"href":"https:\/\/www.altominho.tv\/site\/wp-json\/wp\/v2\/posts\/36079","targetHints":{"allow":["GET"]}}],"collection":[{"href":"https:\/\/www.altominho.tv\/site\/wp-json\/wp\/v2\/posts"}],"about":[{"href":"https:\/\/www.altominho.tv\/site\/wp-json\/wp\/v2\/types\/post"}],"author":[{"embeddable":true,"href":"https:\/\/www.altominho.tv\/site\/wp-json\/wp\/v2\/users\/13"}],"replies":[{"embeddable":true,"href":"https:\/\/www.altominho.tv\/site\/wp-json\/wp\/v2\/comments?post=36079"}],"version-history":[{"count":0,"href":"https:\/\/www.altominho.tv\/site\/wp-json\/wp\/v2\/posts\/36079\/revisions"}],"wp:featuredmedia":[{"embeddable":true,"href":"https:\/\/www.altominho.tv\/site\/wp-json\/wp\/v2\/media\/36081"}],"wp:attachment":[{"href":"https:\/\/www.altominho.tv\/site\/wp-json\/wp\/v2\/media?parent=36079"}],"wp:term":[{"taxonomy":"category","embeddable":true,"href":"https:\/\/www.altominho.tv\/site\/wp-json\/wp\/v2\/categories?post=36079"},{"taxonomy":"post_tag","embeddable":true,"href":"https:\/\/www.altominho.tv\/site\/wp-json\/wp\/v2\/tags?post=36079"}],"curies":[{"name":"wp","href":"https:\/\/api.w.org\/{rel}","templated":true}]}}