{"id":36067,"date":"2019-10-29T13:00:32","date_gmt":"2019-10-29T13:00:32","guid":{"rendered":"http:\/\/www.altominho.tv\/site\/?p=36067"},"modified":"2019-10-29T15:58:54","modified_gmt":"2019-10-29T15:58:54","slug":"chamas-destroem-veiculos-de-combate-a-incendios-rurais-em-ponte-de-lima","status":"publish","type":"post","link":"https:\/\/www.altominho.tv\/site\/2019\/10\/29\/chamas-destroem-veiculos-de-combate-a-incendios-rurais-em-ponte-de-lima\/","title":{"rendered":"Chamas destroem ve\u00edculos de combate a inc\u00eandios rurais em Ponte de Lima"},"content":{"rendered":"<p>Dois ve\u00edculos de combate a inc\u00eandios rurais foram destru\u00eddos pelas chamas em Moreira do Lima, concelho de Ponte de Lima, durante a madrugada desta ter\u00e7a-feira.<\/p>\n<p>Segundo a not\u00edcia avan\u00e7ada pelo <a href=\"\/\/www.diariodominho.pt\/2019\/10\/29\/duas-viaturas-de-combate-as-incendios-rurais-destruidas-pelas-chamas-pj-investiga\/\" target=\"_blank\" rel=\"noopener noreferrer\">Di\u00e1rio do Minho<\/a>, o inc\u00eandio destruiu uma viatura ligeira e outra pesada que pertencem a uma das equipas da AFOCELCA &#8211; Agrupamento Complementar de Empresas de Prote\u00e7\u00e3o Contra Inc\u00eandios que integram o dispositivo de combate aos inc\u00eandios florestais do distrito de Viana do Castelo.<\/p>\n<p>O jornal adianta ainda que ficou destru\u00edda uma terceira viatura, uma carrinha ligeira que servia para transportar os operacionais da empresa. A casa de apoio onde se encontravam os elementos de servi\u00e7o foi tamb\u00e9m atingida pelas chamas, mas n\u00e3o houve registo de feridos.<\/p>\n<p>O alerta foi dado \u00e0s 03h15 e ao local ocorreram oito operacionais e tr\u00eas viaturas dos Bombeiros Volunt\u00e1rios de Ponte de Lima, que<span style=\"font-size: inherit\"> conseguiram evitar que as chamas destru\u00edssem por completo a habita\u00e7\u00e3o.<\/span><\/p>\n<p>A GNR de Ponte de Lima esteve no local a registar a ocorr\u00eancia, tendo sido tamb\u00e9m acionada a Pol\u00edcia Judici\u00e1ria de Braga por suspeita de m\u00e3o criminosa.<\/p>\n","protected":false},"excerpt":{"rendered":"<p>Dois ve\u00edculos de combate a inc\u00eandios rurais foram destru\u00eddos pelas chamas em Moreira do Lima, concelho de Ponte de Lima, durante a madrugada desta ter\u00e7a-feira. Segundo a not\u00edcia avan\u00e7ada pelo Di\u00e1rio do Minho, o inc\u00eandio destruiu uma viatura ligeira e outra pesada que pertencem a uma das equipas da AFOCELCA &#8211; Agrupamento Complementar de Empresas [&hellip;]<\/p>\n","protected":false},"author":12,"featured_media":36075,"comment_status":"closed","ping_status":"closed","sticky":false,"template":"","format":"standard","meta":{"_exactmetrics_skip_tracking":false,"_exactmetrics_sitenote_active":false,"_exactmetrics_sitenote_note":"","_exactmetrics_sitenote_category":0,"footnotes":""},"categories":[12],"tags":[27],"class_list":["post-36067","post","type-post","status-publish","format-standard","has-post-thumbnail","hentry","category-ponte-de-lima","tag-sociedade"],"yoast_head":"<!-- This site is optimized with the Yoast SEO Premium plugin v27.5 (Yoast SEO v27.5) - https:\/\/yoast.com\/product\/yoast-seo-premium-wordpress\/ -->\n<title>Chamas destroem ve\u00edculos de combate a inc\u00eandios rurais em Ponte de Lima<\/title>\n<meta name=\"robots\" content=\"index, follow, max-snippet:-1, max-image-preview:large, max-video-preview:-1\" \/>\n<link rel=\"canonical\" href=\"https:\/\/www.altominho.tv\/site\/2019\/10\/29\/chamas-destroem-veiculos-de-combate-a-incendios-rurais-em-ponte-de-lima\/\" \/>\n<meta property=\"og:locale\" content=\"pt_PT\" \/>\n<meta property=\"og:type\" content=\"article\" \/>\n<meta property=\"og:title\" content=\"Chamas destroem ve\u00edculos de combate a inc\u00eandios rurais em Ponte de Lima\" \/>\n<meta property=\"og:description\" content=\"Dois ve\u00edculos de combate a inc\u00eandios rurais foram destru\u00eddos pelas chamas em Moreira do Lima, concelho de Ponte de Lima, durante a madrugada desta ter\u00e7a-feira. Segundo a not\u00edcia avan\u00e7ada pelo Di\u00e1rio do Minho, o inc\u00eandio destruiu uma viatura ligeira e outra pesada que pertencem a uma das equipas da AFOCELCA &#8211; Agrupamento Complementar de Empresas [&hellip;]\" \/>\n<meta property=\"og:url\" content=\"https:\/\/www.altominho.tv\/site\/2019\/10\/29\/chamas-destroem-veiculos-de-combate-a-incendios-rurais-em-ponte-de-lima\/\" \/>\n<meta property=\"og:site_name\" content=\"Altominho.tv\" \/>\n<meta property=\"article:publisher\" content=\"https:\/\/www.facebook.com\/altominhotv\" \/>\n<meta property=\"article:published_time\" content=\"2019-10-29T13:00:32+00:00\" \/>\n<meta property=\"article:modified_time\" content=\"2019-10-29T15:58:54+00:00\" \/>\n<meta property=\"og:image\" content=\"https:\/\/www.altominho.tv\/site\/wp-content\/uploads\/2019\/10\/Inc\u00eandio.png\" \/>\n\t<meta property=\"og:image:width\" content=\"640\" \/>\n\t<meta property=\"og:image:height\" content=\"396\" \/>\n\t<meta property=\"og:image:type\" content=\"image\/png\" \/>\n<meta name=\"author\" content=\"Andreia Ferreira\" \/>\n<meta name=\"twitter:card\" content=\"summary_large_image\" \/>\n<meta name=\"twitter:creator\" content=\"@altominhoTV\" \/>\n<meta name=\"twitter:site\" content=\"@altominhoTV\" \/>\n<meta name=\"twitter:label1\" content=\"Escrito por\" \/>\n\t<meta name=\"twitter:data1\" content=\"Andreia Ferreira\" \/>\n\t<meta name=\"twitter:label2\" content=\"Tempo estimado de leitura\" \/>\n\t<meta name=\"twitter:data2\" content=\"1 minuto\" \/>\n<script type=\"application\/ld+json\" class=\"yoast-schema-graph\">{\"@context\":\"https:\\\/\\\/schema.org\",\"@graph\":[{\"@type\":\"Article\",\"@id\":\"https:\\\/\\\/www.altominho.tv\\\/site\\\/2019\\\/10\\\/29\\\/chamas-destroem-veiculos-de-combate-a-incendios-rurais-em-ponte-de-lima\\\/#article\",\"isPartOf\":{\"@id\":\"https:\\\/\\\/www.altominho.tv\\\/site\\\/2019\\\/10\\\/29\\\/chamas-destroem-veiculos-de-combate-a-incendios-rurais-em-ponte-de-lima\\\/\"},\"author\":{\"name\":\"Andreia Ferreira\",\"@id\":\"https:\\\/\\\/www.altominho.tv\\\/site\\\/#\\\/schema\\\/person\\\/d9be4265364723f14ea8e0d56a1d38cd\"},\"headline\":\"Chamas destroem ve\u00edculos de combate a inc\u00eandios rurais em Ponte de Lima\",\"datePublished\":\"2019-10-29T13:00:32+00:00\",\"dateModified\":\"2019-10-29T15:58:54+00:00\",\"mainEntityOfPage\":{\"@id\":\"https:\\\/\\\/www.altominho.tv\\\/site\\\/2019\\\/10\\\/29\\\/chamas-destroem-veiculos-de-combate-a-incendios-rurais-em-ponte-de-lima\\\/\"},\"wordCount\":215,\"image\":{\"@id\":\"https:\\\/\\\/www.altominho.tv\\\/site\\\/2019\\\/10\\\/29\\\/chamas-destroem-veiculos-de-combate-a-incendios-rurais-em-ponte-de-lima\\\/#primaryimage\"},\"thumbnailUrl\":\"https:\\\/\\\/www.altominho.tv\\\/site\\\/wp-content\\\/uploads\\\/2019\\\/10\\\/Inc\u00eandio.png\",\"keywords\":[\"Sociedade\"],\"articleSection\":[\"Ponte de Lima\"],\"inLanguage\":\"pt-PT\",\"copyrightYear\":\"2019\",\"copyrightHolder\":{\"@id\":\"https:\\\/\\\/www.altominho.tv\\\/site\\\/#organization\"}},{\"@type\":\"WebPage\",\"@id\":\"https:\\\/\\\/www.altominho.tv\\\/site\\\/2019\\\/10\\\/29\\\/chamas-destroem-veiculos-de-combate-a-incendios-rurais-em-ponte-de-lima\\\/\",\"url\":\"https:\\\/\\\/www.altominho.tv\\\/site\\\/2019\\\/10\\\/29\\\/chamas-destroem-veiculos-de-combate-a-incendios-rurais-em-ponte-de-lima\\\/\",\"name\":\"Chamas destroem ve\u00edculos de combate a inc\u00eandios rurais em Ponte de Lima\",\"isPartOf\":{\"@id\":\"https:\\\/\\\/www.altominho.tv\\\/site\\\/#website\"},\"primaryImageOfPage\":{\"@id\":\"https:\\\/\\\/www.altominho.tv\\\/site\\\/2019\\\/10\\\/29\\\/chamas-destroem-veiculos-de-combate-a-incendios-rurais-em-ponte-de-lima\\\/#primaryimage\"},\"image\":{\"@id\":\"https:\\\/\\\/www.altominho.tv\\\/site\\\/2019\\\/10\\\/29\\\/chamas-destroem-veiculos-de-combate-a-incendios-rurais-em-ponte-de-lima\\\/#primaryimage\"},\"thumbnailUrl\":\"https:\\\/\\\/www.altominho.tv\\\/site\\\/wp-content\\\/uploads\\\/2019\\\/10\\\/Inc\u00eandio.png\",\"datePublished\":\"2019-10-29T13:00:32+00:00\",\"dateModified\":\"2019-10-29T15:58:54+00:00\",\"author\":{\"@id\":\"https:\\\/\\\/www.altominho.tv\\\/site\\\/#\\\/schema\\\/person\\\/d9be4265364723f14ea8e0d56a1d38cd\"},\"breadcrumb\":{\"@id\":\"https:\\\/\\\/www.altominho.tv\\\/site\\\/2019\\\/10\\\/29\\\/chamas-destroem-veiculos-de-combate-a-incendios-rurais-em-ponte-de-lima\\\/#breadcrumb\"},\"inLanguage\":\"pt-PT\",\"potentialAction\":[{\"@type\":\"ReadAction\",\"target\":[\"https:\\\/\\\/www.altominho.tv\\\/site\\\/2019\\\/10\\\/29\\\/chamas-destroem-veiculos-de-combate-a-incendios-rurais-em-ponte-de-lima\\\/\"]}]},{\"@type\":\"ImageObject\",\"inLanguage\":\"pt-PT\",\"@id\":\"https:\\\/\\\/www.altominho.tv\\\/site\\\/2019\\\/10\\\/29\\\/chamas-destroem-veiculos-de-combate-a-incendios-rurais-em-ponte-de-lima\\\/#primaryimage\",\"url\":\"https:\\\/\\\/www.altominho.tv\\\/site\\\/wp-content\\\/uploads\\\/2019\\\/10\\\/Inc\u00eandio.png\",\"contentUrl\":\"https:\\\/\\\/www.altominho.tv\\\/site\\\/wp-content\\\/uploads\\\/2019\\\/10\\\/Inc\u00eandio.png\",\"width\":640,\"height\":396,\"caption\":\"DR\"},{\"@type\":\"BreadcrumbList\",\"@id\":\"https:\\\/\\\/www.altominho.tv\\\/site\\\/2019\\\/10\\\/29\\\/chamas-destroem-veiculos-de-combate-a-incendios-rurais-em-ponte-de-lima\\\/#breadcrumb\",\"itemListElement\":[{\"@type\":\"ListItem\",\"position\":1,\"name\":\"In\u00edcio\",\"item\":\"https:\\\/\\\/www.altominho.tv\\\/site\\\/\"},{\"@type\":\"ListItem\",\"position\":2,\"name\":\"Chamas destroem ve\u00edculos de combate a inc\u00eandios rurais em Ponte de Lima\"}]},{\"@type\":\"WebSite\",\"@id\":\"https:\\\/\\\/www.altominho.tv\\\/site\\\/#website\",\"url\":\"https:\\\/\\\/www.altominho.tv\\\/site\\\/\",\"name\":\"Altominho.tv\",\"description\":\"A sua regi\u00e3o \u00e0 dist\u00e2ncia de um clique...\",\"potentialAction\":[{\"@type\":\"SearchAction\",\"target\":{\"@type\":\"EntryPoint\",\"urlTemplate\":\"https:\\\/\\\/www.altominho.tv\\\/site\\\/?s={search_term_string}\"},\"query-input\":{\"@type\":\"PropertyValueSpecification\",\"valueRequired\":true,\"valueName\":\"search_term_string\"}}],\"inLanguage\":\"pt-PT\"},{\"@type\":\"Person\",\"@id\":\"https:\\\/\\\/www.altominho.tv\\\/site\\\/#\\\/schema\\\/person\\\/d9be4265364723f14ea8e0d56a1d38cd\",\"name\":\"Andreia Ferreira\",\"image\":{\"@type\":\"ImageObject\",\"inLanguage\":\"pt-PT\",\"@id\":\"https:\\\/\\\/www.altominho.tv\\\/site\\\/wp-content\\\/uploads\\\/2021\\\/01\\\/AndreiaFerreira-150x150.jpg\",\"url\":\"https:\\\/\\\/www.altominho.tv\\\/site\\\/wp-content\\\/uploads\\\/2021\\\/01\\\/AndreiaFerreira-150x150.jpg\",\"contentUrl\":\"https:\\\/\\\/www.altominho.tv\\\/site\\\/wp-content\\\/uploads\\\/2021\\\/01\\\/AndreiaFerreira-150x150.jpg\",\"caption\":\"Andreia Ferreira\"},\"url\":\"https:\\\/\\\/www.altominho.tv\\\/site\\\/author\\\/andreiaferreira\\\/\"}]}<\/script>\n<!-- \/ Yoast SEO Premium plugin. -->","yoast_head_json":{"title":"Chamas destroem ve\u00edculos de combate a inc\u00eandios rurais em Ponte de Lima","robots":{"index":"index","follow":"follow","max-snippet":"max-snippet:-1","max-image-preview":"max-image-preview:large","max-video-preview":"max-video-preview:-1"},"canonical":"https:\/\/www.altominho.tv\/site\/2019\/10\/29\/chamas-destroem-veiculos-de-combate-a-incendios-rurais-em-ponte-de-lima\/","og_locale":"pt_PT","og_type":"article","og_title":"Chamas destroem ve\u00edculos de combate a inc\u00eandios rurais em Ponte de Lima","og_description":"Dois ve\u00edculos de combate a inc\u00eandios rurais foram destru\u00eddos pelas chamas em Moreira do Lima, concelho de Ponte de Lima, durante a madrugada desta ter\u00e7a-feira. Segundo a not\u00edcia avan\u00e7ada pelo Di\u00e1rio do Minho, o inc\u00eandio destruiu uma viatura ligeira e outra pesada que pertencem a uma das equipas da AFOCELCA &#8211; Agrupamento Complementar de Empresas [&hellip;]","og_url":"https:\/\/www.altominho.tv\/site\/2019\/10\/29\/chamas-destroem-veiculos-de-combate-a-incendios-rurais-em-ponte-de-lima\/","og_site_name":"Altominho.tv","article_publisher":"https:\/\/www.facebook.com\/altominhotv","article_published_time":"2019-10-29T13:00:32+00:00","article_modified_time":"2019-10-29T15:58:54+00:00","og_image":[{"width":640,"height":396,"url":"https:\/\/www.altominho.tv\/site\/wp-content\/uploads\/2019\/10\/Inc\u00eandio.png","type":"image\/png"}],"author":"Andreia Ferreira","twitter_card":"summary_large_image","twitter_creator":"@altominhoTV","twitter_site":"@altominhoTV","twitter_misc":{"Escrito por":"Andreia Ferreira","Tempo estimado de leitura":"1 minuto"},"schema":{"@context":"https:\/\/schema.org","@graph":[{"@type":"Article","@id":"https:\/\/www.altominho.tv\/site\/2019\/10\/29\/chamas-destroem-veiculos-de-combate-a-incendios-rurais-em-ponte-de-lima\/#article","isPartOf":{"@id":"https:\/\/www.altominho.tv\/site\/2019\/10\/29\/chamas-destroem-veiculos-de-combate-a-incendios-rurais-em-ponte-de-lima\/"},"author":{"name":"Andreia Ferreira","@id":"https:\/\/www.altominho.tv\/site\/#\/schema\/person\/d9be4265364723f14ea8e0d56a1d38cd"},"headline":"Chamas destroem ve\u00edculos de combate a inc\u00eandios rurais em Ponte de Lima","datePublished":"2019-10-29T13:00:32+00:00","dateModified":"2019-10-29T15:58:54+00:00","mainEntityOfPage":{"@id":"https:\/\/www.altominho.tv\/site\/2019\/10\/29\/chamas-destroem-veiculos-de-combate-a-incendios-rurais-em-ponte-de-lima\/"},"wordCount":215,"image":{"@id":"https:\/\/www.altominho.tv\/site\/2019\/10\/29\/chamas-destroem-veiculos-de-combate-a-incendios-rurais-em-ponte-de-lima\/#primaryimage"},"thumbnailUrl":"https:\/\/www.altominho.tv\/site\/wp-content\/uploads\/2019\/10\/Inc\u00eandio.png","keywords":["Sociedade"],"articleSection":["Ponte de Lima"],"inLanguage":"pt-PT","copyrightYear":"2019","copyrightHolder":{"@id":"https:\/\/www.altominho.tv\/site\/#organization"}},{"@type":"WebPage","@id":"https:\/\/www.altominho.tv\/site\/2019\/10\/29\/chamas-destroem-veiculos-de-combate-a-incendios-rurais-em-ponte-de-lima\/","url":"https:\/\/www.altominho.tv\/site\/2019\/10\/29\/chamas-destroem-veiculos-de-combate-a-incendios-rurais-em-ponte-de-lima\/","name":"Chamas destroem ve\u00edculos de combate a inc\u00eandios rurais em Ponte de Lima","isPartOf":{"@id":"https:\/\/www.altominho.tv\/site\/#website"},"primaryImageOfPage":{"@id":"https:\/\/www.altominho.tv\/site\/2019\/10\/29\/chamas-destroem-veiculos-de-combate-a-incendios-rurais-em-ponte-de-lima\/#primaryimage"},"image":{"@id":"https:\/\/www.altominho.tv\/site\/2019\/10\/29\/chamas-destroem-veiculos-de-combate-a-incendios-rurais-em-ponte-de-lima\/#primaryimage"},"thumbnailUrl":"https:\/\/www.altominho.tv\/site\/wp-content\/uploads\/2019\/10\/Inc\u00eandio.png","datePublished":"2019-10-29T13:00:32+00:00","dateModified":"2019-10-29T15:58:54+00:00","author":{"@id":"https:\/\/www.altominho.tv\/site\/#\/schema\/person\/d9be4265364723f14ea8e0d56a1d38cd"},"breadcrumb":{"@id":"https:\/\/www.altominho.tv\/site\/2019\/10\/29\/chamas-destroem-veiculos-de-combate-a-incendios-rurais-em-ponte-de-lima\/#breadcrumb"},"inLanguage":"pt-PT","potentialAction":[{"@type":"ReadAction","target":["https:\/\/www.altominho.tv\/site\/2019\/10\/29\/chamas-destroem-veiculos-de-combate-a-incendios-rurais-em-ponte-de-lima\/"]}]},{"@type":"ImageObject","inLanguage":"pt-PT","@id":"https:\/\/www.altominho.tv\/site\/2019\/10\/29\/chamas-destroem-veiculos-de-combate-a-incendios-rurais-em-ponte-de-lima\/#primaryimage","url":"https:\/\/www.altominho.tv\/site\/wp-content\/uploads\/2019\/10\/Inc\u00eandio.png","contentUrl":"https:\/\/www.altominho.tv\/site\/wp-content\/uploads\/2019\/10\/Inc\u00eandio.png","width":640,"height":396,"caption":"DR"},{"@type":"BreadcrumbList","@id":"https:\/\/www.altominho.tv\/site\/2019\/10\/29\/chamas-destroem-veiculos-de-combate-a-incendios-rurais-em-ponte-de-lima\/#breadcrumb","itemListElement":[{"@type":"ListItem","position":1,"name":"In\u00edcio","item":"https:\/\/www.altominho.tv\/site\/"},{"@type":"ListItem","position":2,"name":"Chamas destroem ve\u00edculos de combate a inc\u00eandios rurais em Ponte de Lima"}]},{"@type":"WebSite","@id":"https:\/\/www.altominho.tv\/site\/#website","url":"https:\/\/www.altominho.tv\/site\/","name":"Altominho.tv","description":"A sua regi\u00e3o \u00e0 dist\u00e2ncia de um clique...","potentialAction":[{"@type":"SearchAction","target":{"@type":"EntryPoint","urlTemplate":"https:\/\/www.altominho.tv\/site\/?s={search_term_string}"},"query-input":{"@type":"PropertyValueSpecification","valueRequired":true,"valueName":"search_term_string"}}],"inLanguage":"pt-PT"},{"@type":"Person","@id":"https:\/\/www.altominho.tv\/site\/#\/schema\/person\/d9be4265364723f14ea8e0d56a1d38cd","name":"Andreia Ferreira","image":{"@type":"ImageObject","inLanguage":"pt-PT","@id":"https:\/\/www.altominho.tv\/site\/wp-content\/uploads\/2021\/01\/AndreiaFerreira-150x150.jpg","url":"https:\/\/www.altominho.tv\/site\/wp-content\/uploads\/2021\/01\/AndreiaFerreira-150x150.jpg","contentUrl":"https:\/\/www.altominho.tv\/site\/wp-content\/uploads\/2021\/01\/AndreiaFerreira-150x150.jpg","caption":"Andreia Ferreira"},"url":"https:\/\/www.altominho.tv\/site\/author\/andreiaferreira\/"}]}},"_links":{"self":[{"href":"https:\/\/www.altominho.tv\/site\/wp-json\/wp\/v2\/posts\/36067","targetHints":{"allow":["GET"]}}],"collection":[{"href":"https:\/\/www.altominho.tv\/site\/wp-json\/wp\/v2\/posts"}],"about":[{"href":"https:\/\/www.altominho.tv\/site\/wp-json\/wp\/v2\/types\/post"}],"author":[{"embeddable":true,"href":"https:\/\/www.altominho.tv\/site\/wp-json\/wp\/v2\/users\/12"}],"replies":[{"embeddable":true,"href":"https:\/\/www.altominho.tv\/site\/wp-json\/wp\/v2\/comments?post=36067"}],"version-history":[{"count":0,"href":"https:\/\/www.altominho.tv\/site\/wp-json\/wp\/v2\/posts\/36067\/revisions"}],"wp:featuredmedia":[{"embeddable":true,"href":"https:\/\/www.altominho.tv\/site\/wp-json\/wp\/v2\/media\/36075"}],"wp:attachment":[{"href":"https:\/\/www.altominho.tv\/site\/wp-json\/wp\/v2\/media?parent=36067"}],"wp:term":[{"taxonomy":"category","embeddable":true,"href":"https:\/\/www.altominho.tv\/site\/wp-json\/wp\/v2\/categories?post=36067"},{"taxonomy":"post_tag","embeddable":true,"href":"https:\/\/www.altominho.tv\/site\/wp-json\/wp\/v2\/tags?post=36067"}],"curies":[{"name":"wp","href":"https:\/\/api.w.org\/{rel}","templated":true}]}}