{"id":36051,"date":"2019-10-29T10:53:25","date_gmt":"2019-10-29T10:53:25","guid":{"rendered":"http:\/\/www.altominho.tv\/site\/?p=36051"},"modified":"2019-10-29T10:53:28","modified_gmt":"2019-10-29T10:53:28","slug":"alvarinhos-da-adega-de-moncao-ganham-ouro-em-zurique","status":"publish","type":"post","link":"https:\/\/www.altominho.tv\/site\/2019\/10\/29\/alvarinhos-da-adega-de-moncao-ganham-ouro-em-zurique\/","title":{"rendered":"Alvarinhos da Adega de Mon\u00e7\u00e3o ganham ouro em Zurique"},"content":{"rendered":"<p>Os vinhos Deu la Deu Reserva 2017 e Deu La Deu Terra\u00e7os 2016, produzidos pela Adega de Mon\u00e7\u00e3o, conquistaram a medalha Albari\u00f1o de Oro na VIII edi\u00e7\u00e3o do Concurso Internacional Albari\u00f1os Al Mundo Zurich 2019.<\/p>\n<p>Em comunicado, a Adega Cooperativa de Mon\u00e7\u00e3o disse tratar-se da maior montra internacional do Alvarinho, organizado pela Uni\u00f3n Espa\u00f1ola de Catadores, e que tem como principal objetivo &#8220;dar a conhecer aos principais mercados vin\u00edcolas mundiais a excel\u00eancia da produ\u00e7\u00e3o das regi\u00f5es onde esta casta assume o protagonismo\u201d.<\/p>\n<p>O presidente da dire\u00e7\u00e3o da Adega de Mon\u00e7\u00e3o, Armando Fontainhas, citado naquela nota, disse que as distin\u00e7\u00f5es alcan\u00e7adas representam \u201cmais um marco na hist\u00f3ria de uma institui\u00e7\u00e3o que deixa um enorme legado no setor vin\u00edcola\u201d.<\/p>\n<p>&#8220;Estamos todos de parab\u00e9ns \u2013 s\u00f3cios e colaboradores -, mas sobretudo a regi\u00e3o de Mon\u00e7\u00e3o e Melga\u00e7o que re\u00fane caracter\u00edsticas \u00fanicas, que nos permitem alcan\u00e7ar este sucesso\u201d, concluiu o respons\u00e1vel.<\/p>\n<p>Os vinhos em prova, origin\u00e1rios de Espanha e Portugal, s\u00e3o avaliados por um j\u00fari constitu\u00eddo por <em>sommeliers<\/em>, jornalistas, prescritores e respons\u00e1veis de compras.<\/p>\n\n\n<p class=\"wp-block-paragraph\"><\/p>\n","protected":false},"excerpt":{"rendered":"<p>Os vinhos Deu la Deu Reserva 2017 e Deu La Deu Terra\u00e7os 2016, produzidos pela Adega de Mon\u00e7\u00e3o, conquistaram a medalha Albari\u00f1o de Oro na VIII edi\u00e7\u00e3o do Concurso Internacional Albari\u00f1os Al Mundo Zurich 2019. Em comunicado, a Adega Cooperativa de Mon\u00e7\u00e3o disse tratar-se da maior montra internacional do Alvarinho, organizado pela Uni\u00f3n Espa\u00f1ola de [&hellip;]<\/p>\n","protected":false},"author":12,"featured_media":36052,"comment_status":"closed","ping_status":"closed","sticky":false,"template":"","format":"standard","meta":{"_exactmetrics_skip_tracking":false,"footnotes":""},"categories":[9],"tags":[27],"class_list":["post-36051","post","type-post","status-publish","format-standard","has-post-thumbnail","hentry","category-moncao","tag-sociedade"],"yoast_head":"<!-- This site is optimized with the Yoast SEO Premium plugin v28.3 (Yoast SEO v28.3) - https:\/\/yoast.com\/product\/yoast-seo-premium-wordpress\/ -->\n<title>Alvarinhos da Adega de Mon\u00e7\u00e3o ganham ouro em Zurique<\/title>\n<meta name=\"robots\" content=\"index, follow, max-snippet:-1, max-image-preview:large, max-video-preview:-1\" \/>\n<link rel=\"canonical\" href=\"https:\/\/www.altominho.tv\/site\/2019\/10\/29\/alvarinhos-da-adega-de-moncao-ganham-ouro-em-zurique\/\" \/>\n<meta property=\"og:locale\" content=\"pt_PT\" \/>\n<meta property=\"og:type\" content=\"article\" \/>\n<meta property=\"og:title\" content=\"Alvarinhos da Adega de Mon\u00e7\u00e3o ganham ouro em Zurique\" \/>\n<meta property=\"og:description\" content=\"Os vinhos Deu la Deu Reserva 2017 e Deu La Deu Terra\u00e7os 2016, produzidos pela Adega de Mon\u00e7\u00e3o, conquistaram a medalha Albari\u00f1o de Oro na VIII edi\u00e7\u00e3o do Concurso Internacional Albari\u00f1os Al Mundo Zurich 2019. Em comunicado, a Adega Cooperativa de Mon\u00e7\u00e3o disse tratar-se da maior montra internacional do Alvarinho, organizado pela Uni\u00f3n Espa\u00f1ola de [&hellip;]\" \/>\n<meta property=\"og:url\" content=\"https:\/\/www.altominho.tv\/site\/2019\/10\/29\/alvarinhos-da-adega-de-moncao-ganham-ouro-em-zurique\/\" \/>\n<meta property=\"og:site_name\" content=\"Altominho.tv\" \/>\n<meta property=\"article:publisher\" content=\"https:\/\/www.facebook.com\/altominhotv\" \/>\n<meta property=\"article:published_time\" content=\"2019-10-29T10:53:25+00:00\" \/>\n<meta property=\"article:modified_time\" content=\"2019-10-29T10:53:28+00:00\" \/>\n<meta property=\"og:image\" content=\"https:\/\/www.altominho.tv\/site\/wp-content\/uploads\/2019\/10\/Adega-2k-post-prod2-0-01-03-10-1024x429.jpg\" \/>\n\t<meta property=\"og:image:width\" content=\"1024\" \/>\n\t<meta property=\"og:image:height\" content=\"429\" \/>\n\t<meta property=\"og:image:type\" content=\"image\/jpeg\" \/>\n<meta name=\"author\" content=\"Andreia Ferreira\" \/>\n<meta name=\"twitter:card\" content=\"summary_large_image\" \/>\n<meta name=\"twitter:creator\" content=\"@altominhoTV\" \/>\n<meta name=\"twitter:site\" content=\"@altominhoTV\" \/>\n<meta name=\"twitter:label1\" content=\"Escrito por\" \/>\n\t<meta name=\"twitter:data1\" content=\"Andreia Ferreira\" \/>\n\t<meta name=\"twitter:label2\" content=\"Tempo estimado de leitura\" \/>\n\t<meta name=\"twitter:data2\" content=\"1 minuto\" \/>\n<script type=\"application\/ld+json\" class=\"yoast-schema-graph\">{\"@context\":\"https:\\\/\\\/schema.org\",\"@graph\":[{\"@type\":\"Article\",\"@id\":\"https:\\\/\\\/www.altominho.tv\\\/site\\\/2019\\\/10\\\/29\\\/alvarinhos-da-adega-de-moncao-ganham-ouro-em-zurique\\\/#article\",\"isPartOf\":{\"@id\":\"https:\\\/\\\/www.altominho.tv\\\/site\\\/2019\\\/10\\\/29\\\/alvarinhos-da-adega-de-moncao-ganham-ouro-em-zurique\\\/\"},\"author\":{\"name\":\"Andreia Ferreira\",\"@id\":\"https:\\\/\\\/www.altominho.tv\\\/site\\\/#\\\/schema\\\/person\\\/d9be4265364723f14ea8e0d56a1d38cd\"},\"headline\":\"Alvarinhos da Adega de Mon\u00e7\u00e3o ganham ouro em Zurique\",\"datePublished\":\"2019-10-29T10:53:25+00:00\",\"dateModified\":\"2019-10-29T10:53:28+00:00\",\"mainEntityOfPage\":{\"@id\":\"https:\\\/\\\/www.altominho.tv\\\/site\\\/2019\\\/10\\\/29\\\/alvarinhos-da-adega-de-moncao-ganham-ouro-em-zurique\\\/\"},\"wordCount\":209,\"image\":{\"@id\":\"https:\\\/\\\/www.altominho.tv\\\/site\\\/2019\\\/10\\\/29\\\/alvarinhos-da-adega-de-moncao-ganham-ouro-em-zurique\\\/#primaryimage\"},\"thumbnailUrl\":\"https:\\\/\\\/www.altominho.tv\\\/site\\\/wp-content\\\/uploads\\\/2019\\\/10\\\/Adega-2k-post-prod2-0-01-03-10-1024x429.jpg\",\"keywords\":[\"Sociedade\"],\"articleSection\":[\"Mon\u00e7\u00e3o\"],\"inLanguage\":\"pt-PT\",\"copyrightYear\":\"2019\",\"copyrightHolder\":{\"@id\":\"https:\\\/\\\/www.altominho.tv\\\/site\\\/#organization\"}},{\"@type\":\"WebPage\",\"@id\":\"https:\\\/\\\/www.altominho.tv\\\/site\\\/2019\\\/10\\\/29\\\/alvarinhos-da-adega-de-moncao-ganham-ouro-em-zurique\\\/\",\"url\":\"https:\\\/\\\/www.altominho.tv\\\/site\\\/2019\\\/10\\\/29\\\/alvarinhos-da-adega-de-moncao-ganham-ouro-em-zurique\\\/\",\"name\":\"Alvarinhos da Adega de Mon\u00e7\u00e3o ganham ouro em Zurique\",\"isPartOf\":{\"@id\":\"https:\\\/\\\/www.altominho.tv\\\/site\\\/#website\"},\"primaryImageOfPage\":{\"@id\":\"https:\\\/\\\/www.altominho.tv\\\/site\\\/2019\\\/10\\\/29\\\/alvarinhos-da-adega-de-moncao-ganham-ouro-em-zurique\\\/#primaryimage\"},\"image\":{\"@id\":\"https:\\\/\\\/www.altominho.tv\\\/site\\\/2019\\\/10\\\/29\\\/alvarinhos-da-adega-de-moncao-ganham-ouro-em-zurique\\\/#primaryimage\"},\"thumbnailUrl\":\"https:\\\/\\\/www.altominho.tv\\\/site\\\/wp-content\\\/uploads\\\/2019\\\/10\\\/Adega-2k-post-prod2-0-01-03-10-1024x429.jpg\",\"datePublished\":\"2019-10-29T10:53:25+00:00\",\"dateModified\":\"2019-10-29T10:53:28+00:00\",\"author\":{\"@id\":\"https:\\\/\\\/www.altominho.tv\\\/site\\\/#\\\/schema\\\/person\\\/d9be4265364723f14ea8e0d56a1d38cd\"},\"breadcrumb\":{\"@id\":\"https:\\\/\\\/www.altominho.tv\\\/site\\\/2019\\\/10\\\/29\\\/alvarinhos-da-adega-de-moncao-ganham-ouro-em-zurique\\\/#breadcrumb\"},\"inLanguage\":\"pt-PT\",\"potentialAction\":[{\"@type\":\"ReadAction\",\"target\":[\"https:\\\/\\\/www.altominho.tv\\\/site\\\/2019\\\/10\\\/29\\\/alvarinhos-da-adega-de-moncao-ganham-ouro-em-zurique\\\/\"]}]},{\"@type\":\"ImageObject\",\"inLanguage\":\"pt-PT\",\"@id\":\"https:\\\/\\\/www.altominho.tv\\\/site\\\/2019\\\/10\\\/29\\\/alvarinhos-da-adega-de-moncao-ganham-ouro-em-zurique\\\/#primaryimage\",\"url\":\"https:\\\/\\\/www.altominho.tv\\\/site\\\/wp-content\\\/uploads\\\/2019\\\/10\\\/Adega-2k-post-prod2-0-01-03-10-1024x429.jpg\",\"contentUrl\":\"https:\\\/\\\/www.altominho.tv\\\/site\\\/wp-content\\\/uploads\\\/2019\\\/10\\\/Adega-2k-post-prod2-0-01-03-10-1024x429.jpg\",\"width\":1024,\"height\":429},{\"@type\":\"BreadcrumbList\",\"@id\":\"https:\\\/\\\/www.altominho.tv\\\/site\\\/2019\\\/10\\\/29\\\/alvarinhos-da-adega-de-moncao-ganham-ouro-em-zurique\\\/#breadcrumb\",\"itemListElement\":[{\"@type\":\"ListItem\",\"position\":1,\"name\":\"In\u00edcio\",\"item\":\"https:\\\/\\\/www.altominho.tv\\\/site\\\/\"},{\"@type\":\"ListItem\",\"position\":2,\"name\":\"Alvarinhos da Adega de Mon\u00e7\u00e3o ganham ouro em Zurique\"}]},{\"@type\":\"WebSite\",\"@id\":\"https:\\\/\\\/www.altominho.tv\\\/site\\\/#website\",\"url\":\"https:\\\/\\\/www.altominho.tv\\\/site\\\/\",\"name\":\"Altominho.tv\",\"description\":\"A sua regi\u00e3o \u00e0 dist\u00e2ncia de um clique...\",\"potentialAction\":[{\"@type\":\"SearchAction\",\"target\":{\"@type\":\"EntryPoint\",\"urlTemplate\":\"https:\\\/\\\/www.altominho.tv\\\/site\\\/?s={search_term_string}\"},\"query-input\":{\"@type\":\"PropertyValueSpecification\",\"valueRequired\":true,\"valueName\":\"search_term_string\"}}],\"inLanguage\":\"pt-PT\"},{\"@type\":\"Person\",\"@id\":\"https:\\\/\\\/www.altominho.tv\\\/site\\\/#\\\/schema\\\/person\\\/d9be4265364723f14ea8e0d56a1d38cd\",\"name\":\"Andreia Ferreira\",\"image\":{\"@type\":\"ImageObject\",\"inLanguage\":\"pt-PT\",\"@id\":\"https:\\\/\\\/www.altominho.tv\\\/site\\\/wp-content\\\/uploads\\\/2021\\\/01\\\/AndreiaFerreira-150x150.jpg\",\"url\":\"https:\\\/\\\/www.altominho.tv\\\/site\\\/wp-content\\\/uploads\\\/2021\\\/01\\\/AndreiaFerreira-150x150.jpg\",\"contentUrl\":\"https:\\\/\\\/www.altominho.tv\\\/site\\\/wp-content\\\/uploads\\\/2021\\\/01\\\/AndreiaFerreira-150x150.jpg\",\"caption\":\"Andreia Ferreira\"},\"url\":\"https:\\\/\\\/www.altominho.tv\\\/site\\\/author\\\/andreiaferreira\\\/\"}]}<\/script>\n<!-- \/ Yoast SEO Premium plugin. -->","yoast_head_json":{"title":"Alvarinhos da Adega de Mon\u00e7\u00e3o ganham ouro em Zurique","robots":{"index":"index","follow":"follow","max-snippet":"max-snippet:-1","max-image-preview":"max-image-preview:large","max-video-preview":"max-video-preview:-1"},"canonical":"https:\/\/www.altominho.tv\/site\/2019\/10\/29\/alvarinhos-da-adega-de-moncao-ganham-ouro-em-zurique\/","og_locale":"pt_PT","og_type":"article","og_title":"Alvarinhos da Adega de Mon\u00e7\u00e3o ganham ouro em Zurique","og_description":"Os vinhos Deu la Deu Reserva 2017 e Deu La Deu Terra\u00e7os 2016, produzidos pela Adega de Mon\u00e7\u00e3o, conquistaram a medalha Albari\u00f1o de Oro na VIII edi\u00e7\u00e3o do Concurso Internacional Albari\u00f1os Al Mundo Zurich 2019. Em comunicado, a Adega Cooperativa de Mon\u00e7\u00e3o disse tratar-se da maior montra internacional do Alvarinho, organizado pela Uni\u00f3n Espa\u00f1ola de [&hellip;]","og_url":"https:\/\/www.altominho.tv\/site\/2019\/10\/29\/alvarinhos-da-adega-de-moncao-ganham-ouro-em-zurique\/","og_site_name":"Altominho.tv","article_publisher":"https:\/\/www.facebook.com\/altominhotv","article_published_time":"2019-10-29T10:53:25+00:00","article_modified_time":"2019-10-29T10:53:28+00:00","og_image":[{"width":1024,"height":429,"url":"https:\/\/www.altominho.tv\/site\/wp-content\/uploads\/2019\/10\/Adega-2k-post-prod2-0-01-03-10-1024x429.jpg","type":"image\/jpeg"}],"author":"Andreia Ferreira","twitter_card":"summary_large_image","twitter_creator":"@altominhoTV","twitter_site":"@altominhoTV","twitter_misc":{"Escrito por":"Andreia Ferreira","Tempo estimado de leitura":"1 minuto"},"schema":{"@context":"https:\/\/schema.org","@graph":[{"@type":"Article","@id":"https:\/\/www.altominho.tv\/site\/2019\/10\/29\/alvarinhos-da-adega-de-moncao-ganham-ouro-em-zurique\/#article","isPartOf":{"@id":"https:\/\/www.altominho.tv\/site\/2019\/10\/29\/alvarinhos-da-adega-de-moncao-ganham-ouro-em-zurique\/"},"author":{"name":"Andreia Ferreira","@id":"https:\/\/www.altominho.tv\/site\/#\/schema\/person\/d9be4265364723f14ea8e0d56a1d38cd"},"headline":"Alvarinhos da Adega de Mon\u00e7\u00e3o ganham ouro em Zurique","datePublished":"2019-10-29T10:53:25+00:00","dateModified":"2019-10-29T10:53:28+00:00","mainEntityOfPage":{"@id":"https:\/\/www.altominho.tv\/site\/2019\/10\/29\/alvarinhos-da-adega-de-moncao-ganham-ouro-em-zurique\/"},"wordCount":209,"image":{"@id":"https:\/\/www.altominho.tv\/site\/2019\/10\/29\/alvarinhos-da-adega-de-moncao-ganham-ouro-em-zurique\/#primaryimage"},"thumbnailUrl":"https:\/\/www.altominho.tv\/site\/wp-content\/uploads\/2019\/10\/Adega-2k-post-prod2-0-01-03-10-1024x429.jpg","keywords":["Sociedade"],"articleSection":["Mon\u00e7\u00e3o"],"inLanguage":"pt-PT","copyrightYear":"2019","copyrightHolder":{"@id":"https:\/\/www.altominho.tv\/site\/#organization"}},{"@type":"WebPage","@id":"https:\/\/www.altominho.tv\/site\/2019\/10\/29\/alvarinhos-da-adega-de-moncao-ganham-ouro-em-zurique\/","url":"https:\/\/www.altominho.tv\/site\/2019\/10\/29\/alvarinhos-da-adega-de-moncao-ganham-ouro-em-zurique\/","name":"Alvarinhos da Adega de Mon\u00e7\u00e3o ganham ouro em Zurique","isPartOf":{"@id":"https:\/\/www.altominho.tv\/site\/#website"},"primaryImageOfPage":{"@id":"https:\/\/www.altominho.tv\/site\/2019\/10\/29\/alvarinhos-da-adega-de-moncao-ganham-ouro-em-zurique\/#primaryimage"},"image":{"@id":"https:\/\/www.altominho.tv\/site\/2019\/10\/29\/alvarinhos-da-adega-de-moncao-ganham-ouro-em-zurique\/#primaryimage"},"thumbnailUrl":"https:\/\/www.altominho.tv\/site\/wp-content\/uploads\/2019\/10\/Adega-2k-post-prod2-0-01-03-10-1024x429.jpg","datePublished":"2019-10-29T10:53:25+00:00","dateModified":"2019-10-29T10:53:28+00:00","author":{"@id":"https:\/\/www.altominho.tv\/site\/#\/schema\/person\/d9be4265364723f14ea8e0d56a1d38cd"},"breadcrumb":{"@id":"https:\/\/www.altominho.tv\/site\/2019\/10\/29\/alvarinhos-da-adega-de-moncao-ganham-ouro-em-zurique\/#breadcrumb"},"inLanguage":"pt-PT","potentialAction":[{"@type":"ReadAction","target":["https:\/\/www.altominho.tv\/site\/2019\/10\/29\/alvarinhos-da-adega-de-moncao-ganham-ouro-em-zurique\/"]}]},{"@type":"ImageObject","inLanguage":"pt-PT","@id":"https:\/\/www.altominho.tv\/site\/2019\/10\/29\/alvarinhos-da-adega-de-moncao-ganham-ouro-em-zurique\/#primaryimage","url":"https:\/\/www.altominho.tv\/site\/wp-content\/uploads\/2019\/10\/Adega-2k-post-prod2-0-01-03-10-1024x429.jpg","contentUrl":"https:\/\/www.altominho.tv\/site\/wp-content\/uploads\/2019\/10\/Adega-2k-post-prod2-0-01-03-10-1024x429.jpg","width":1024,"height":429},{"@type":"BreadcrumbList","@id":"https:\/\/www.altominho.tv\/site\/2019\/10\/29\/alvarinhos-da-adega-de-moncao-ganham-ouro-em-zurique\/#breadcrumb","itemListElement":[{"@type":"ListItem","position":1,"name":"In\u00edcio","item":"https:\/\/www.altominho.tv\/site\/"},{"@type":"ListItem","position":2,"name":"Alvarinhos da Adega de Mon\u00e7\u00e3o ganham ouro em Zurique"}]},{"@type":"WebSite","@id":"https:\/\/www.altominho.tv\/site\/#website","url":"https:\/\/www.altominho.tv\/site\/","name":"Altominho.tv","description":"A sua regi\u00e3o \u00e0 dist\u00e2ncia de um clique...","potentialAction":[{"@type":"SearchAction","target":{"@type":"EntryPoint","urlTemplate":"https:\/\/www.altominho.tv\/site\/?s={search_term_string}"},"query-input":{"@type":"PropertyValueSpecification","valueRequired":true,"valueName":"search_term_string"}}],"inLanguage":"pt-PT"},{"@type":"Person","@id":"https:\/\/www.altominho.tv\/site\/#\/schema\/person\/d9be4265364723f14ea8e0d56a1d38cd","name":"Andreia Ferreira","image":{"@type":"ImageObject","inLanguage":"pt-PT","@id":"https:\/\/www.altominho.tv\/site\/wp-content\/uploads\/2021\/01\/AndreiaFerreira-150x150.jpg","url":"https:\/\/www.altominho.tv\/site\/wp-content\/uploads\/2021\/01\/AndreiaFerreira-150x150.jpg","contentUrl":"https:\/\/www.altominho.tv\/site\/wp-content\/uploads\/2021\/01\/AndreiaFerreira-150x150.jpg","caption":"Andreia Ferreira"},"url":"https:\/\/www.altominho.tv\/site\/author\/andreiaferreira\/"}]}},"_links":{"self":[{"href":"https:\/\/www.altominho.tv\/site\/wp-json\/wp\/v2\/posts\/36051","targetHints":{"allow":["GET"]}}],"collection":[{"href":"https:\/\/www.altominho.tv\/site\/wp-json\/wp\/v2\/posts"}],"about":[{"href":"https:\/\/www.altominho.tv\/site\/wp-json\/wp\/v2\/types\/post"}],"author":[{"embeddable":true,"href":"https:\/\/www.altominho.tv\/site\/wp-json\/wp\/v2\/users\/12"}],"replies":[{"embeddable":true,"href":"https:\/\/www.altominho.tv\/site\/wp-json\/wp\/v2\/comments?post=36051"}],"version-history":[{"count":0,"href":"https:\/\/www.altominho.tv\/site\/wp-json\/wp\/v2\/posts\/36051\/revisions"}],"wp:featuredmedia":[{"embeddable":true,"href":"https:\/\/www.altominho.tv\/site\/wp-json\/wp\/v2\/media\/36052"}],"wp:attachment":[{"href":"https:\/\/www.altominho.tv\/site\/wp-json\/wp\/v2\/media?parent=36051"}],"wp:term":[{"taxonomy":"category","embeddable":true,"href":"https:\/\/www.altominho.tv\/site\/wp-json\/wp\/v2\/categories?post=36051"},{"taxonomy":"post_tag","embeddable":true,"href":"https:\/\/www.altominho.tv\/site\/wp-json\/wp\/v2\/tags?post=36051"}],"curies":[{"name":"wp","href":"https:\/\/api.w.org\/{rel}","templated":true}]}}