{"id":35827,"date":"2019-10-22T17:09:58","date_gmt":"2019-10-22T16:09:58","guid":{"rendered":"http:\/\/www.altominho.tv\/site\/?p=35827"},"modified":"2019-10-22T17:11:34","modified_gmt":"2019-10-22T16:11:34","slug":"movimento-de-mercadoria-no-porto-de-viana-do-castelo-aumenta-19","status":"publish","type":"post","link":"https:\/\/www.altominho.tv\/site\/2019\/10\/22\/movimento-de-mercadoria-no-porto-de-viana-do-castelo-aumenta-19\/","title":{"rendered":"Movimento de mercadoria no porto de Viana do Castelo aumenta 19%"},"content":{"rendered":"<p>O porto de Viana do Castelo movimentou, at\u00e9 setembro, 308 mil toneladas de mercadoria, um aumento de 19% face a 2018, sendo que &#8220;a m\u00e9dia mensal superou as expetativas&#8221; ao registar um acr\u00e9scimo de 26% no mesmo per\u00edodo.<\/p>\n<p>Em comunicado, a Administra\u00e7\u00e3o dos Portos do Douro, Leix\u00f5es e Viana do Castelo (APDL) adiantou que &#8220;os gran\u00e9is s\u00f3lidos registaram um aumento consider\u00e1vel, com 124 mil toneladas, que corresponderam a um crescimento de 112% face ao per\u00edodo hom\u00f3logo&#8221;.<\/p>\n<p>Segundo a APDL, &#8220;entre as principais mercadorias movimentadas no porto de Viana do Castelo destacam-se os agroalimentares que registaram um aumento de 51 mil toneladas (+537%), tornando-se na principal mercadoria importada atrav\u00e9s infraestrutura portu\u00e1ria&#8221;.<\/p>\n<p>&#8220;Desde o in\u00edcio do ano, o Porto de Viana do Castelo tem assistido a um crescimento sucessivo da movimenta\u00e7\u00e3o de mercadorias. Entramos agora no \u00faltimo trimestre do ano com grande expectativa para o fecho de 2019. Esta infraestrutura portu\u00e1ria tem conseguido criar um dinamismo muito interessante para a economia da regi\u00e3o e do pa\u00eds&#8221;, destacou a administra\u00e7\u00e3o da APDL.<\/p>\n<p>Segundo a APDL, o porto situado na capital do Alto Minho &#8220;tem um papel preponderante no desenvolvimento socioecon\u00f3mico da regi\u00e3o&#8221;.<\/p>\n","protected":false},"excerpt":{"rendered":"<p>O porto de Viana do Castelo movimentou, at\u00e9 setembro, 308 mil toneladas de mercadoria, um aumento de 19% face a 2018, sendo que &#8220;a m\u00e9dia mensal superou as expetativas&#8221; ao registar um acr\u00e9scimo de 26% no mesmo per\u00edodo. Em comunicado, a Administra\u00e7\u00e3o dos Portos do Douro, Leix\u00f5es e Viana do Castelo (APDL) adiantou que &#8220;os [&hellip;]<\/p>\n","protected":false},"author":13,"featured_media":35828,"comment_status":"closed","ping_status":"closed","sticky":false,"template":"","format":"standard","meta":{"_exactmetrics_skip_tracking":false,"_exactmetrics_sitenote_active":false,"_exactmetrics_sitenote_note":"","_exactmetrics_sitenote_category":0,"footnotes":""},"categories":[14],"tags":[21],"class_list":["post-35827","post","type-post","status-publish","format-standard","has-post-thumbnail","hentry","category-viana-do-castelo","tag-economia"],"yoast_head":"<!-- This site is optimized with the Yoast SEO Premium plugin v27.5 (Yoast SEO v27.5) - https:\/\/yoast.com\/product\/yoast-seo-premium-wordpress\/ -->\n<title>Movimento de mercadoria no porto de Viana do Castelo aumenta 19%<\/title>\n<meta name=\"robots\" content=\"index, follow, max-snippet:-1, max-image-preview:large, max-video-preview:-1\" \/>\n<link rel=\"canonical\" href=\"https:\/\/www.altominho.tv\/site\/2019\/10\/22\/movimento-de-mercadoria-no-porto-de-viana-do-castelo-aumenta-19\/\" \/>\n<meta property=\"og:locale\" content=\"pt_PT\" \/>\n<meta property=\"og:type\" content=\"article\" \/>\n<meta property=\"og:title\" content=\"Movimento de mercadoria no porto de Viana do Castelo aumenta 19%\" \/>\n<meta property=\"og:description\" content=\"O porto de Viana do Castelo movimentou, at\u00e9 setembro, 308 mil toneladas de mercadoria, um aumento de 19% face a 2018, sendo que &#8220;a m\u00e9dia mensal superou as expetativas&#8221; ao registar um acr\u00e9scimo de 26% no mesmo per\u00edodo. Em comunicado, a Administra\u00e7\u00e3o dos Portos do Douro, Leix\u00f5es e Viana do Castelo (APDL) adiantou que &#8220;os [&hellip;]\" \/>\n<meta property=\"og:url\" content=\"https:\/\/www.altominho.tv\/site\/2019\/10\/22\/movimento-de-mercadoria-no-porto-de-viana-do-castelo-aumenta-19\/\" \/>\n<meta property=\"og:site_name\" content=\"Altominho.tv\" \/>\n<meta property=\"article:publisher\" content=\"https:\/\/www.facebook.com\/altominhotv\" \/>\n<meta property=\"article:published_time\" content=\"2019-10-22T16:09:58+00:00\" \/>\n<meta property=\"article:modified_time\" content=\"2019-10-22T16:11:34+00:00\" \/>\n<meta property=\"og:image\" content=\"https:\/\/www.altominho.tv\/site\/wp-content\/uploads\/2019\/10\/cropped-PVC-1-740x416.jpg\" \/>\n\t<meta property=\"og:image:width\" content=\"740\" \/>\n\t<meta property=\"og:image:height\" content=\"416\" \/>\n\t<meta property=\"og:image:type\" content=\"image\/jpeg\" \/>\n<meta name=\"author\" content=\"Lusa\" \/>\n<meta name=\"twitter:card\" content=\"summary_large_image\" \/>\n<meta name=\"twitter:creator\" content=\"@altominhoTV\" \/>\n<meta name=\"twitter:site\" content=\"@altominhoTV\" \/>\n<meta name=\"twitter:label1\" content=\"Escrito por\" \/>\n\t<meta name=\"twitter:data1\" content=\"Lusa\" \/>\n\t<meta name=\"twitter:label2\" content=\"Tempo estimado de leitura\" \/>\n\t<meta name=\"twitter:data2\" content=\"1 minuto\" \/>\n<script type=\"application\/ld+json\" class=\"yoast-schema-graph\">{\"@context\":\"https:\\\/\\\/schema.org\",\"@graph\":[{\"@type\":\"Article\",\"@id\":\"https:\\\/\\\/www.altominho.tv\\\/site\\\/2019\\\/10\\\/22\\\/movimento-de-mercadoria-no-porto-de-viana-do-castelo-aumenta-19\\\/#article\",\"isPartOf\":{\"@id\":\"https:\\\/\\\/www.altominho.tv\\\/site\\\/2019\\\/10\\\/22\\\/movimento-de-mercadoria-no-porto-de-viana-do-castelo-aumenta-19\\\/\"},\"author\":{\"name\":\"Lusa\",\"@id\":\"https:\\\/\\\/www.altominho.tv\\\/site\\\/#\\\/schema\\\/person\\\/63f693da3e1899361cbe955c46f3232e\"},\"headline\":\"Movimento de mercadoria no porto de Viana do Castelo aumenta 19%\",\"datePublished\":\"2019-10-22T16:09:58+00:00\",\"dateModified\":\"2019-10-22T16:11:34+00:00\",\"mainEntityOfPage\":{\"@id\":\"https:\\\/\\\/www.altominho.tv\\\/site\\\/2019\\\/10\\\/22\\\/movimento-de-mercadoria-no-porto-de-viana-do-castelo-aumenta-19\\\/\"},\"wordCount\":210,\"image\":{\"@id\":\"https:\\\/\\\/www.altominho.tv\\\/site\\\/2019\\\/10\\\/22\\\/movimento-de-mercadoria-no-porto-de-viana-do-castelo-aumenta-19\\\/#primaryimage\"},\"thumbnailUrl\":\"https:\\\/\\\/www.altominho.tv\\\/site\\\/wp-content\\\/uploads\\\/2019\\\/10\\\/cropped-PVC-1-740x416.jpg\",\"keywords\":[\"Economia\"],\"articleSection\":[\"Viana do Castelo\"],\"inLanguage\":\"pt-PT\",\"copyrightYear\":\"2019\",\"copyrightHolder\":{\"@id\":\"https:\\\/\\\/www.altominho.tv\\\/site\\\/#organization\"}},{\"@type\":\"WebPage\",\"@id\":\"https:\\\/\\\/www.altominho.tv\\\/site\\\/2019\\\/10\\\/22\\\/movimento-de-mercadoria-no-porto-de-viana-do-castelo-aumenta-19\\\/\",\"url\":\"https:\\\/\\\/www.altominho.tv\\\/site\\\/2019\\\/10\\\/22\\\/movimento-de-mercadoria-no-porto-de-viana-do-castelo-aumenta-19\\\/\",\"name\":\"Movimento de mercadoria no porto de Viana do Castelo aumenta 19%\",\"isPartOf\":{\"@id\":\"https:\\\/\\\/www.altominho.tv\\\/site\\\/#website\"},\"primaryImageOfPage\":{\"@id\":\"https:\\\/\\\/www.altominho.tv\\\/site\\\/2019\\\/10\\\/22\\\/movimento-de-mercadoria-no-porto-de-viana-do-castelo-aumenta-19\\\/#primaryimage\"},\"image\":{\"@id\":\"https:\\\/\\\/www.altominho.tv\\\/site\\\/2019\\\/10\\\/22\\\/movimento-de-mercadoria-no-porto-de-viana-do-castelo-aumenta-19\\\/#primaryimage\"},\"thumbnailUrl\":\"https:\\\/\\\/www.altominho.tv\\\/site\\\/wp-content\\\/uploads\\\/2019\\\/10\\\/cropped-PVC-1-740x416.jpg\",\"datePublished\":\"2019-10-22T16:09:58+00:00\",\"dateModified\":\"2019-10-22T16:11:34+00:00\",\"author\":{\"@id\":\"https:\\\/\\\/www.altominho.tv\\\/site\\\/#\\\/schema\\\/person\\\/63f693da3e1899361cbe955c46f3232e\"},\"breadcrumb\":{\"@id\":\"https:\\\/\\\/www.altominho.tv\\\/site\\\/2019\\\/10\\\/22\\\/movimento-de-mercadoria-no-porto-de-viana-do-castelo-aumenta-19\\\/#breadcrumb\"},\"inLanguage\":\"pt-PT\",\"potentialAction\":[{\"@type\":\"ReadAction\",\"target\":[\"https:\\\/\\\/www.altominho.tv\\\/site\\\/2019\\\/10\\\/22\\\/movimento-de-mercadoria-no-porto-de-viana-do-castelo-aumenta-19\\\/\"]}]},{\"@type\":\"ImageObject\",\"inLanguage\":\"pt-PT\",\"@id\":\"https:\\\/\\\/www.altominho.tv\\\/site\\\/2019\\\/10\\\/22\\\/movimento-de-mercadoria-no-porto-de-viana-do-castelo-aumenta-19\\\/#primaryimage\",\"url\":\"https:\\\/\\\/www.altominho.tv\\\/site\\\/wp-content\\\/uploads\\\/2019\\\/10\\\/cropped-PVC-1-740x416.jpg\",\"contentUrl\":\"https:\\\/\\\/www.altominho.tv\\\/site\\\/wp-content\\\/uploads\\\/2019\\\/10\\\/cropped-PVC-1-740x416.jpg\",\"width\":740,\"height\":416},{\"@type\":\"BreadcrumbList\",\"@id\":\"https:\\\/\\\/www.altominho.tv\\\/site\\\/2019\\\/10\\\/22\\\/movimento-de-mercadoria-no-porto-de-viana-do-castelo-aumenta-19\\\/#breadcrumb\",\"itemListElement\":[{\"@type\":\"ListItem\",\"position\":1,\"name\":\"In\u00edcio\",\"item\":\"https:\\\/\\\/www.altominho.tv\\\/site\\\/\"},{\"@type\":\"ListItem\",\"position\":2,\"name\":\"Movimento de mercadoria no porto de Viana do Castelo aumenta 19%\"}]},{\"@type\":\"WebSite\",\"@id\":\"https:\\\/\\\/www.altominho.tv\\\/site\\\/#website\",\"url\":\"https:\\\/\\\/www.altominho.tv\\\/site\\\/\",\"name\":\"Altominho.tv\",\"description\":\"A sua regi\u00e3o \u00e0 dist\u00e2ncia de um clique...\",\"potentialAction\":[{\"@type\":\"SearchAction\",\"target\":{\"@type\":\"EntryPoint\",\"urlTemplate\":\"https:\\\/\\\/www.altominho.tv\\\/site\\\/?s={search_term_string}\"},\"query-input\":{\"@type\":\"PropertyValueSpecification\",\"valueRequired\":true,\"valueName\":\"search_term_string\"}}],\"inLanguage\":\"pt-PT\"},{\"@type\":\"Person\",\"@id\":\"https:\\\/\\\/www.altominho.tv\\\/site\\\/#\\\/schema\\\/person\\\/63f693da3e1899361cbe955c46f3232e\",\"name\":\"Lusa\",\"image\":{\"@type\":\"ImageObject\",\"inLanguage\":\"pt-PT\",\"@id\":\"https:\\\/\\\/www.altominho.tv\\\/site\\\/wp-content\\\/uploads\\\/2019\\\/08\\\/LUSA_Logo.gif\",\"url\":\"https:\\\/\\\/www.altominho.tv\\\/site\\\/wp-content\\\/uploads\\\/2019\\\/08\\\/LUSA_Logo.gif\",\"contentUrl\":\"https:\\\/\\\/www.altominho.tv\\\/site\\\/wp-content\\\/uploads\\\/2019\\\/08\\\/LUSA_Logo.gif\",\"caption\":\"Lusa\"},\"sameAs\":[\"http:\\\/\\\/\\\/\\\/www.altominho.tv\\\/site\"],\"url\":\"https:\\\/\\\/www.altominho.tv\\\/site\\\/author\\\/lusa\\\/\"}]}<\/script>\n<!-- \/ Yoast SEO Premium plugin. -->","yoast_head_json":{"title":"Movimento de mercadoria no porto de Viana do Castelo aumenta 19%","robots":{"index":"index","follow":"follow","max-snippet":"max-snippet:-1","max-image-preview":"max-image-preview:large","max-video-preview":"max-video-preview:-1"},"canonical":"https:\/\/www.altominho.tv\/site\/2019\/10\/22\/movimento-de-mercadoria-no-porto-de-viana-do-castelo-aumenta-19\/","og_locale":"pt_PT","og_type":"article","og_title":"Movimento de mercadoria no porto de Viana do Castelo aumenta 19%","og_description":"O porto de Viana do Castelo movimentou, at\u00e9 setembro, 308 mil toneladas de mercadoria, um aumento de 19% face a 2018, sendo que &#8220;a m\u00e9dia mensal superou as expetativas&#8221; ao registar um acr\u00e9scimo de 26% no mesmo per\u00edodo. Em comunicado, a Administra\u00e7\u00e3o dos Portos do Douro, Leix\u00f5es e Viana do Castelo (APDL) adiantou que &#8220;os [&hellip;]","og_url":"https:\/\/www.altominho.tv\/site\/2019\/10\/22\/movimento-de-mercadoria-no-porto-de-viana-do-castelo-aumenta-19\/","og_site_name":"Altominho.tv","article_publisher":"https:\/\/www.facebook.com\/altominhotv","article_published_time":"2019-10-22T16:09:58+00:00","article_modified_time":"2019-10-22T16:11:34+00:00","og_image":[{"width":740,"height":416,"url":"https:\/\/www.altominho.tv\/site\/wp-content\/uploads\/2019\/10\/cropped-PVC-1-740x416.jpg","type":"image\/jpeg"}],"author":"Lusa","twitter_card":"summary_large_image","twitter_creator":"@altominhoTV","twitter_site":"@altominhoTV","twitter_misc":{"Escrito por":"Lusa","Tempo estimado de leitura":"1 minuto"},"schema":{"@context":"https:\/\/schema.org","@graph":[{"@type":"Article","@id":"https:\/\/www.altominho.tv\/site\/2019\/10\/22\/movimento-de-mercadoria-no-porto-de-viana-do-castelo-aumenta-19\/#article","isPartOf":{"@id":"https:\/\/www.altominho.tv\/site\/2019\/10\/22\/movimento-de-mercadoria-no-porto-de-viana-do-castelo-aumenta-19\/"},"author":{"name":"Lusa","@id":"https:\/\/www.altominho.tv\/site\/#\/schema\/person\/63f693da3e1899361cbe955c46f3232e"},"headline":"Movimento de mercadoria no porto de Viana do Castelo aumenta 19%","datePublished":"2019-10-22T16:09:58+00:00","dateModified":"2019-10-22T16:11:34+00:00","mainEntityOfPage":{"@id":"https:\/\/www.altominho.tv\/site\/2019\/10\/22\/movimento-de-mercadoria-no-porto-de-viana-do-castelo-aumenta-19\/"},"wordCount":210,"image":{"@id":"https:\/\/www.altominho.tv\/site\/2019\/10\/22\/movimento-de-mercadoria-no-porto-de-viana-do-castelo-aumenta-19\/#primaryimage"},"thumbnailUrl":"https:\/\/www.altominho.tv\/site\/wp-content\/uploads\/2019\/10\/cropped-PVC-1-740x416.jpg","keywords":["Economia"],"articleSection":["Viana do Castelo"],"inLanguage":"pt-PT","copyrightYear":"2019","copyrightHolder":{"@id":"https:\/\/www.altominho.tv\/site\/#organization"}},{"@type":"WebPage","@id":"https:\/\/www.altominho.tv\/site\/2019\/10\/22\/movimento-de-mercadoria-no-porto-de-viana-do-castelo-aumenta-19\/","url":"https:\/\/www.altominho.tv\/site\/2019\/10\/22\/movimento-de-mercadoria-no-porto-de-viana-do-castelo-aumenta-19\/","name":"Movimento de mercadoria no porto de Viana do Castelo aumenta 19%","isPartOf":{"@id":"https:\/\/www.altominho.tv\/site\/#website"},"primaryImageOfPage":{"@id":"https:\/\/www.altominho.tv\/site\/2019\/10\/22\/movimento-de-mercadoria-no-porto-de-viana-do-castelo-aumenta-19\/#primaryimage"},"image":{"@id":"https:\/\/www.altominho.tv\/site\/2019\/10\/22\/movimento-de-mercadoria-no-porto-de-viana-do-castelo-aumenta-19\/#primaryimage"},"thumbnailUrl":"https:\/\/www.altominho.tv\/site\/wp-content\/uploads\/2019\/10\/cropped-PVC-1-740x416.jpg","datePublished":"2019-10-22T16:09:58+00:00","dateModified":"2019-10-22T16:11:34+00:00","author":{"@id":"https:\/\/www.altominho.tv\/site\/#\/schema\/person\/63f693da3e1899361cbe955c46f3232e"},"breadcrumb":{"@id":"https:\/\/www.altominho.tv\/site\/2019\/10\/22\/movimento-de-mercadoria-no-porto-de-viana-do-castelo-aumenta-19\/#breadcrumb"},"inLanguage":"pt-PT","potentialAction":[{"@type":"ReadAction","target":["https:\/\/www.altominho.tv\/site\/2019\/10\/22\/movimento-de-mercadoria-no-porto-de-viana-do-castelo-aumenta-19\/"]}]},{"@type":"ImageObject","inLanguage":"pt-PT","@id":"https:\/\/www.altominho.tv\/site\/2019\/10\/22\/movimento-de-mercadoria-no-porto-de-viana-do-castelo-aumenta-19\/#primaryimage","url":"https:\/\/www.altominho.tv\/site\/wp-content\/uploads\/2019\/10\/cropped-PVC-1-740x416.jpg","contentUrl":"https:\/\/www.altominho.tv\/site\/wp-content\/uploads\/2019\/10\/cropped-PVC-1-740x416.jpg","width":740,"height":416},{"@type":"BreadcrumbList","@id":"https:\/\/www.altominho.tv\/site\/2019\/10\/22\/movimento-de-mercadoria-no-porto-de-viana-do-castelo-aumenta-19\/#breadcrumb","itemListElement":[{"@type":"ListItem","position":1,"name":"In\u00edcio","item":"https:\/\/www.altominho.tv\/site\/"},{"@type":"ListItem","position":2,"name":"Movimento de mercadoria no porto de Viana do Castelo aumenta 19%"}]},{"@type":"WebSite","@id":"https:\/\/www.altominho.tv\/site\/#website","url":"https:\/\/www.altominho.tv\/site\/","name":"Altominho.tv","description":"A sua regi\u00e3o \u00e0 dist\u00e2ncia de um clique...","potentialAction":[{"@type":"SearchAction","target":{"@type":"EntryPoint","urlTemplate":"https:\/\/www.altominho.tv\/site\/?s={search_term_string}"},"query-input":{"@type":"PropertyValueSpecification","valueRequired":true,"valueName":"search_term_string"}}],"inLanguage":"pt-PT"},{"@type":"Person","@id":"https:\/\/www.altominho.tv\/site\/#\/schema\/person\/63f693da3e1899361cbe955c46f3232e","name":"Lusa","image":{"@type":"ImageObject","inLanguage":"pt-PT","@id":"https:\/\/www.altominho.tv\/site\/wp-content\/uploads\/2019\/08\/LUSA_Logo.gif","url":"https:\/\/www.altominho.tv\/site\/wp-content\/uploads\/2019\/08\/LUSA_Logo.gif","contentUrl":"https:\/\/www.altominho.tv\/site\/wp-content\/uploads\/2019\/08\/LUSA_Logo.gif","caption":"Lusa"},"sameAs":["http:\/\/\/\/www.altominho.tv\/site"],"url":"https:\/\/www.altominho.tv\/site\/author\/lusa\/"}]}},"_links":{"self":[{"href":"https:\/\/www.altominho.tv\/site\/wp-json\/wp\/v2\/posts\/35827","targetHints":{"allow":["GET"]}}],"collection":[{"href":"https:\/\/www.altominho.tv\/site\/wp-json\/wp\/v2\/posts"}],"about":[{"href":"https:\/\/www.altominho.tv\/site\/wp-json\/wp\/v2\/types\/post"}],"author":[{"embeddable":true,"href":"https:\/\/www.altominho.tv\/site\/wp-json\/wp\/v2\/users\/13"}],"replies":[{"embeddable":true,"href":"https:\/\/www.altominho.tv\/site\/wp-json\/wp\/v2\/comments?post=35827"}],"version-history":[{"count":0,"href":"https:\/\/www.altominho.tv\/site\/wp-json\/wp\/v2\/posts\/35827\/revisions"}],"wp:featuredmedia":[{"embeddable":true,"href":"https:\/\/www.altominho.tv\/site\/wp-json\/wp\/v2\/media\/35828"}],"wp:attachment":[{"href":"https:\/\/www.altominho.tv\/site\/wp-json\/wp\/v2\/media?parent=35827"}],"wp:term":[{"taxonomy":"category","embeddable":true,"href":"https:\/\/www.altominho.tv\/site\/wp-json\/wp\/v2\/categories?post=35827"},{"taxonomy":"post_tag","embeddable":true,"href":"https:\/\/www.altominho.tv\/site\/wp-json\/wp\/v2\/tags?post=35827"}],"curies":[{"name":"wp","href":"https:\/\/api.w.org\/{rel}","templated":true}]}}