{"id":35807,"date":"2019-10-22T16:19:16","date_gmt":"2019-10-22T15:19:16","guid":{"rendered":"http:\/\/www.altominho.tv\/site\/?p=35807"},"modified":"2019-10-22T16:19:21","modified_gmt":"2019-10-22T15:19:21","slug":"eurocidade-cerveira-tomino-promove-desporto-para-todos-no-parque-de-lazer-do-castelinho","status":"publish","type":"post","link":"https:\/\/www.altominho.tv\/site\/2019\/10\/22\/eurocidade-cerveira-tomino-promove-desporto-para-todos-no-parque-de-lazer-do-castelinho\/","title":{"rendered":"Eurocidade Cerveira-Tomi\u00f1o promove &#8220;Desporto para Todos&#8221; no parque de lazer do Castelinho"},"content":{"rendered":"<p>A eurocidade Cerveira-Tomi\u00f1o promove, no domingo, a iniciativa &#8220;Desporto para Todos\u201d no parque de lazer do Castelinho, em Vila Nova de Cerveira.<\/p>\n<p>Em comunicado, a eurocidade constitu\u00edda pelos dois munic\u00edpios vizinhos adiantou que a jornada vai incluir jogos desportivos e tradicionais, caminhada de pequena rota (passeio) e aula de pilates.<\/p>\n<p>A iniciativa vai decorrer entre as 09h00 e as 12h00, sendo a participa\u00e7\u00e3o na jornada &#8220;Desporto e Amizade&#8221; gratuita, mas sujeita a inscri\u00e7\u00e3o pr\u00e9via.<\/p>\n<p>Mais de 400 pessoas t\u00eam participado no programa \u201cDesporto para Todos\u201d, iniciado em setembro de 2018, para promover estilos de vida saud\u00e1veis.<\/p>\n<p>As atividades desportivas est\u00e3o integradas na Agenda Estrat\u00e9gica para a Coopera\u00e7\u00e3o Transfronteiri\u00e7a Amizade Cerveira-Tomi\u00f1o, projeto cofinanciado em 75% pelo Programa INTERREG VA POCTEP, com fundos FEDER da Uni\u00e3o Europeia.<\/p>\n","protected":false},"excerpt":{"rendered":"<p>A eurocidade Cerveira-Tomi\u00f1o promove, no domingo, a iniciativa &#8220;Desporto para Todos\u201d no parque de lazer do Castelinho, em Vila Nova de Cerveira. Em comunicado, a eurocidade constitu\u00edda pelos dois munic\u00edpios vizinhos adiantou que a jornada vai incluir jogos desportivos e tradicionais, caminhada de pequena rota (passeio) e aula de pilates. A iniciativa vai decorrer entre [&hellip;]<\/p>\n","protected":false},"author":12,"featured_media":35818,"comment_status":"closed","ping_status":"closed","sticky":false,"template":"","format":"standard","meta":{"_exactmetrics_skip_tracking":false,"_exactmetrics_sitenote_active":false,"_exactmetrics_sitenote_note":"","_exactmetrics_sitenote_category":0,"footnotes":""},"categories":[15],"tags":[20],"class_list":["post-35807","post","type-post","status-publish","format-standard","has-post-thumbnail","hentry","category-vila-nova-de-cerveira","tag-desporto"],"yoast_head":"<!-- This site is optimized with the Yoast SEO Premium plugin v27.5 (Yoast SEO v27.5) - https:\/\/yoast.com\/product\/yoast-seo-premium-wordpress\/ -->\n<title>Eurocidade Cerveira-Tomi\u00f1o promove &quot;Desporto para Todos&quot; no parque de lazer do Castelinho<\/title>\n<meta name=\"robots\" content=\"index, follow, max-snippet:-1, max-image-preview:large, max-video-preview:-1\" \/>\n<link rel=\"canonical\" href=\"https:\/\/www.altominho.tv\/site\/2019\/10\/22\/eurocidade-cerveira-tomino-promove-desporto-para-todos-no-parque-de-lazer-do-castelinho\/\" \/>\n<meta property=\"og:locale\" content=\"pt_PT\" \/>\n<meta property=\"og:type\" content=\"article\" \/>\n<meta property=\"og:title\" content=\"Eurocidade Cerveira-Tomi\u00f1o promove &quot;Desporto para Todos&quot; no parque de lazer do Castelinho\" \/>\n<meta property=\"og:description\" content=\"A eurocidade Cerveira-Tomi\u00f1o promove, no domingo, a iniciativa &#8220;Desporto para Todos\u201d no parque de lazer do Castelinho, em Vila Nova de Cerveira. Em comunicado, a eurocidade constitu\u00edda pelos dois munic\u00edpios vizinhos adiantou que a jornada vai incluir jogos desportivos e tradicionais, caminhada de pequena rota (passeio) e aula de pilates. A iniciativa vai decorrer entre [&hellip;]\" \/>\n<meta property=\"og:url\" content=\"https:\/\/www.altominho.tv\/site\/2019\/10\/22\/eurocidade-cerveira-tomino-promove-desporto-para-todos-no-parque-de-lazer-do-castelinho\/\" \/>\n<meta property=\"og:site_name\" content=\"Altominho.tv\" \/>\n<meta property=\"article:publisher\" content=\"https:\/\/www.facebook.com\/altominhotv\" \/>\n<meta property=\"article:published_time\" content=\"2019-10-22T15:19:16+00:00\" \/>\n<meta property=\"article:modified_time\" content=\"2019-10-22T15:19:21+00:00\" \/>\n<meta property=\"og:image\" content=\"https:\/\/www.altominho.tv\/site\/wp-content\/uploads\/2019\/10\/Untitled-1.png\" \/>\n\t<meta property=\"og:image:width\" content=\"952\" \/>\n\t<meta property=\"og:image:height\" content=\"468\" \/>\n\t<meta property=\"og:image:type\" content=\"image\/png\" \/>\n<meta name=\"author\" content=\"Andreia Ferreira\" \/>\n<meta name=\"twitter:card\" content=\"summary_large_image\" \/>\n<meta name=\"twitter:creator\" content=\"@altominhoTV\" \/>\n<meta name=\"twitter:site\" content=\"@altominhoTV\" \/>\n<meta name=\"twitter:label1\" content=\"Escrito por\" \/>\n\t<meta name=\"twitter:data1\" content=\"Andreia Ferreira\" \/>\n\t<meta name=\"twitter:label2\" content=\"Tempo estimado de leitura\" \/>\n\t<meta name=\"twitter:data2\" content=\"1 minuto\" \/>\n<script type=\"application\/ld+json\" class=\"yoast-schema-graph\">{\"@context\":\"https:\\\/\\\/schema.org\",\"@graph\":[{\"@type\":\"Article\",\"@id\":\"https:\\\/\\\/www.altominho.tv\\\/site\\\/2019\\\/10\\\/22\\\/eurocidade-cerveira-tomino-promove-desporto-para-todos-no-parque-de-lazer-do-castelinho\\\/#article\",\"isPartOf\":{\"@id\":\"https:\\\/\\\/www.altominho.tv\\\/site\\\/2019\\\/10\\\/22\\\/eurocidade-cerveira-tomino-promove-desporto-para-todos-no-parque-de-lazer-do-castelinho\\\/\"},\"author\":{\"name\":\"Andreia Ferreira\",\"@id\":\"https:\\\/\\\/www.altominho.tv\\\/site\\\/#\\\/schema\\\/person\\\/d9be4265364723f14ea8e0d56a1d38cd\"},\"headline\":\"Eurocidade Cerveira-Tomi\u00f1o promove &#8220;Desporto para Todos&#8221; no parque de lazer do Castelinho\",\"datePublished\":\"2019-10-22T15:19:16+00:00\",\"dateModified\":\"2019-10-22T15:19:21+00:00\",\"mainEntityOfPage\":{\"@id\":\"https:\\\/\\\/www.altominho.tv\\\/site\\\/2019\\\/10\\\/22\\\/eurocidade-cerveira-tomino-promove-desporto-para-todos-no-parque-de-lazer-do-castelinho\\\/\"},\"wordCount\":149,\"image\":{\"@id\":\"https:\\\/\\\/www.altominho.tv\\\/site\\\/2019\\\/10\\\/22\\\/eurocidade-cerveira-tomino-promove-desporto-para-todos-no-parque-de-lazer-do-castelinho\\\/#primaryimage\"},\"thumbnailUrl\":\"https:\\\/\\\/www.altominho.tv\\\/site\\\/wp-content\\\/uploads\\\/2019\\\/10\\\/Untitled-1.png\",\"keywords\":[\"Desporto\"],\"articleSection\":[\"Vila Nova de Cerveira\"],\"inLanguage\":\"pt-PT\",\"copyrightYear\":\"2019\",\"copyrightHolder\":{\"@id\":\"https:\\\/\\\/www.altominho.tv\\\/site\\\/#organization\"}},{\"@type\":\"WebPage\",\"@id\":\"https:\\\/\\\/www.altominho.tv\\\/site\\\/2019\\\/10\\\/22\\\/eurocidade-cerveira-tomino-promove-desporto-para-todos-no-parque-de-lazer-do-castelinho\\\/\",\"url\":\"https:\\\/\\\/www.altominho.tv\\\/site\\\/2019\\\/10\\\/22\\\/eurocidade-cerveira-tomino-promove-desporto-para-todos-no-parque-de-lazer-do-castelinho\\\/\",\"name\":\"Eurocidade Cerveira-Tomi\u00f1o promove \\\"Desporto para Todos\\\" no parque de lazer do Castelinho\",\"isPartOf\":{\"@id\":\"https:\\\/\\\/www.altominho.tv\\\/site\\\/#website\"},\"primaryImageOfPage\":{\"@id\":\"https:\\\/\\\/www.altominho.tv\\\/site\\\/2019\\\/10\\\/22\\\/eurocidade-cerveira-tomino-promove-desporto-para-todos-no-parque-de-lazer-do-castelinho\\\/#primaryimage\"},\"image\":{\"@id\":\"https:\\\/\\\/www.altominho.tv\\\/site\\\/2019\\\/10\\\/22\\\/eurocidade-cerveira-tomino-promove-desporto-para-todos-no-parque-de-lazer-do-castelinho\\\/#primaryimage\"},\"thumbnailUrl\":\"https:\\\/\\\/www.altominho.tv\\\/site\\\/wp-content\\\/uploads\\\/2019\\\/10\\\/Untitled-1.png\",\"datePublished\":\"2019-10-22T15:19:16+00:00\",\"dateModified\":\"2019-10-22T15:19:21+00:00\",\"author\":{\"@id\":\"https:\\\/\\\/www.altominho.tv\\\/site\\\/#\\\/schema\\\/person\\\/d9be4265364723f14ea8e0d56a1d38cd\"},\"breadcrumb\":{\"@id\":\"https:\\\/\\\/www.altominho.tv\\\/site\\\/2019\\\/10\\\/22\\\/eurocidade-cerveira-tomino-promove-desporto-para-todos-no-parque-de-lazer-do-castelinho\\\/#breadcrumb\"},\"inLanguage\":\"pt-PT\",\"potentialAction\":[{\"@type\":\"ReadAction\",\"target\":[\"https:\\\/\\\/www.altominho.tv\\\/site\\\/2019\\\/10\\\/22\\\/eurocidade-cerveira-tomino-promove-desporto-para-todos-no-parque-de-lazer-do-castelinho\\\/\"]}]},{\"@type\":\"ImageObject\",\"inLanguage\":\"pt-PT\",\"@id\":\"https:\\\/\\\/www.altominho.tv\\\/site\\\/2019\\\/10\\\/22\\\/eurocidade-cerveira-tomino-promove-desporto-para-todos-no-parque-de-lazer-do-castelinho\\\/#primaryimage\",\"url\":\"https:\\\/\\\/www.altominho.tv\\\/site\\\/wp-content\\\/uploads\\\/2019\\\/10\\\/Untitled-1.png\",\"contentUrl\":\"https:\\\/\\\/www.altominho.tv\\\/site\\\/wp-content\\\/uploads\\\/2019\\\/10\\\/Untitled-1.png\",\"width\":952,\"height\":468},{\"@type\":\"BreadcrumbList\",\"@id\":\"https:\\\/\\\/www.altominho.tv\\\/site\\\/2019\\\/10\\\/22\\\/eurocidade-cerveira-tomino-promove-desporto-para-todos-no-parque-de-lazer-do-castelinho\\\/#breadcrumb\",\"itemListElement\":[{\"@type\":\"ListItem\",\"position\":1,\"name\":\"In\u00edcio\",\"item\":\"https:\\\/\\\/www.altominho.tv\\\/site\\\/\"},{\"@type\":\"ListItem\",\"position\":2,\"name\":\"Eurocidade Cerveira-Tomi\u00f1o promove &#8220;Desporto para Todos&#8221; no parque de lazer do Castelinho\"}]},{\"@type\":\"WebSite\",\"@id\":\"https:\\\/\\\/www.altominho.tv\\\/site\\\/#website\",\"url\":\"https:\\\/\\\/www.altominho.tv\\\/site\\\/\",\"name\":\"Altominho.tv\",\"description\":\"A sua regi\u00e3o \u00e0 dist\u00e2ncia de um clique...\",\"potentialAction\":[{\"@type\":\"SearchAction\",\"target\":{\"@type\":\"EntryPoint\",\"urlTemplate\":\"https:\\\/\\\/www.altominho.tv\\\/site\\\/?s={search_term_string}\"},\"query-input\":{\"@type\":\"PropertyValueSpecification\",\"valueRequired\":true,\"valueName\":\"search_term_string\"}}],\"inLanguage\":\"pt-PT\"},{\"@type\":\"Person\",\"@id\":\"https:\\\/\\\/www.altominho.tv\\\/site\\\/#\\\/schema\\\/person\\\/d9be4265364723f14ea8e0d56a1d38cd\",\"name\":\"Andreia Ferreira\",\"image\":{\"@type\":\"ImageObject\",\"inLanguage\":\"pt-PT\",\"@id\":\"https:\\\/\\\/www.altominho.tv\\\/site\\\/wp-content\\\/uploads\\\/2021\\\/01\\\/AndreiaFerreira-150x150.jpg\",\"url\":\"https:\\\/\\\/www.altominho.tv\\\/site\\\/wp-content\\\/uploads\\\/2021\\\/01\\\/AndreiaFerreira-150x150.jpg\",\"contentUrl\":\"https:\\\/\\\/www.altominho.tv\\\/site\\\/wp-content\\\/uploads\\\/2021\\\/01\\\/AndreiaFerreira-150x150.jpg\",\"caption\":\"Andreia Ferreira\"},\"url\":\"https:\\\/\\\/www.altominho.tv\\\/site\\\/author\\\/andreiaferreira\\\/\"}]}<\/script>\n<!-- \/ Yoast SEO Premium plugin. -->","yoast_head_json":{"title":"Eurocidade Cerveira-Tomi\u00f1o promove \"Desporto para Todos\" no parque de lazer do Castelinho","robots":{"index":"index","follow":"follow","max-snippet":"max-snippet:-1","max-image-preview":"max-image-preview:large","max-video-preview":"max-video-preview:-1"},"canonical":"https:\/\/www.altominho.tv\/site\/2019\/10\/22\/eurocidade-cerveira-tomino-promove-desporto-para-todos-no-parque-de-lazer-do-castelinho\/","og_locale":"pt_PT","og_type":"article","og_title":"Eurocidade Cerveira-Tomi\u00f1o promove \"Desporto para Todos\" no parque de lazer do Castelinho","og_description":"A eurocidade Cerveira-Tomi\u00f1o promove, no domingo, a iniciativa &#8220;Desporto para Todos\u201d no parque de lazer do Castelinho, em Vila Nova de Cerveira. Em comunicado, a eurocidade constitu\u00edda pelos dois munic\u00edpios vizinhos adiantou que a jornada vai incluir jogos desportivos e tradicionais, caminhada de pequena rota (passeio) e aula de pilates. A iniciativa vai decorrer entre [&hellip;]","og_url":"https:\/\/www.altominho.tv\/site\/2019\/10\/22\/eurocidade-cerveira-tomino-promove-desporto-para-todos-no-parque-de-lazer-do-castelinho\/","og_site_name":"Altominho.tv","article_publisher":"https:\/\/www.facebook.com\/altominhotv","article_published_time":"2019-10-22T15:19:16+00:00","article_modified_time":"2019-10-22T15:19:21+00:00","og_image":[{"width":952,"height":468,"url":"https:\/\/www.altominho.tv\/site\/wp-content\/uploads\/2019\/10\/Untitled-1.png","type":"image\/png"}],"author":"Andreia Ferreira","twitter_card":"summary_large_image","twitter_creator":"@altominhoTV","twitter_site":"@altominhoTV","twitter_misc":{"Escrito por":"Andreia Ferreira","Tempo estimado de leitura":"1 minuto"},"schema":{"@context":"https:\/\/schema.org","@graph":[{"@type":"Article","@id":"https:\/\/www.altominho.tv\/site\/2019\/10\/22\/eurocidade-cerveira-tomino-promove-desporto-para-todos-no-parque-de-lazer-do-castelinho\/#article","isPartOf":{"@id":"https:\/\/www.altominho.tv\/site\/2019\/10\/22\/eurocidade-cerveira-tomino-promove-desporto-para-todos-no-parque-de-lazer-do-castelinho\/"},"author":{"name":"Andreia Ferreira","@id":"https:\/\/www.altominho.tv\/site\/#\/schema\/person\/d9be4265364723f14ea8e0d56a1d38cd"},"headline":"Eurocidade Cerveira-Tomi\u00f1o promove &#8220;Desporto para Todos&#8221; no parque de lazer do Castelinho","datePublished":"2019-10-22T15:19:16+00:00","dateModified":"2019-10-22T15:19:21+00:00","mainEntityOfPage":{"@id":"https:\/\/www.altominho.tv\/site\/2019\/10\/22\/eurocidade-cerveira-tomino-promove-desporto-para-todos-no-parque-de-lazer-do-castelinho\/"},"wordCount":149,"image":{"@id":"https:\/\/www.altominho.tv\/site\/2019\/10\/22\/eurocidade-cerveira-tomino-promove-desporto-para-todos-no-parque-de-lazer-do-castelinho\/#primaryimage"},"thumbnailUrl":"https:\/\/www.altominho.tv\/site\/wp-content\/uploads\/2019\/10\/Untitled-1.png","keywords":["Desporto"],"articleSection":["Vila Nova de Cerveira"],"inLanguage":"pt-PT","copyrightYear":"2019","copyrightHolder":{"@id":"https:\/\/www.altominho.tv\/site\/#organization"}},{"@type":"WebPage","@id":"https:\/\/www.altominho.tv\/site\/2019\/10\/22\/eurocidade-cerveira-tomino-promove-desporto-para-todos-no-parque-de-lazer-do-castelinho\/","url":"https:\/\/www.altominho.tv\/site\/2019\/10\/22\/eurocidade-cerveira-tomino-promove-desporto-para-todos-no-parque-de-lazer-do-castelinho\/","name":"Eurocidade Cerveira-Tomi\u00f1o promove \"Desporto para Todos\" no parque de lazer do Castelinho","isPartOf":{"@id":"https:\/\/www.altominho.tv\/site\/#website"},"primaryImageOfPage":{"@id":"https:\/\/www.altominho.tv\/site\/2019\/10\/22\/eurocidade-cerveira-tomino-promove-desporto-para-todos-no-parque-de-lazer-do-castelinho\/#primaryimage"},"image":{"@id":"https:\/\/www.altominho.tv\/site\/2019\/10\/22\/eurocidade-cerveira-tomino-promove-desporto-para-todos-no-parque-de-lazer-do-castelinho\/#primaryimage"},"thumbnailUrl":"https:\/\/www.altominho.tv\/site\/wp-content\/uploads\/2019\/10\/Untitled-1.png","datePublished":"2019-10-22T15:19:16+00:00","dateModified":"2019-10-22T15:19:21+00:00","author":{"@id":"https:\/\/www.altominho.tv\/site\/#\/schema\/person\/d9be4265364723f14ea8e0d56a1d38cd"},"breadcrumb":{"@id":"https:\/\/www.altominho.tv\/site\/2019\/10\/22\/eurocidade-cerveira-tomino-promove-desporto-para-todos-no-parque-de-lazer-do-castelinho\/#breadcrumb"},"inLanguage":"pt-PT","potentialAction":[{"@type":"ReadAction","target":["https:\/\/www.altominho.tv\/site\/2019\/10\/22\/eurocidade-cerveira-tomino-promove-desporto-para-todos-no-parque-de-lazer-do-castelinho\/"]}]},{"@type":"ImageObject","inLanguage":"pt-PT","@id":"https:\/\/www.altominho.tv\/site\/2019\/10\/22\/eurocidade-cerveira-tomino-promove-desporto-para-todos-no-parque-de-lazer-do-castelinho\/#primaryimage","url":"https:\/\/www.altominho.tv\/site\/wp-content\/uploads\/2019\/10\/Untitled-1.png","contentUrl":"https:\/\/www.altominho.tv\/site\/wp-content\/uploads\/2019\/10\/Untitled-1.png","width":952,"height":468},{"@type":"BreadcrumbList","@id":"https:\/\/www.altominho.tv\/site\/2019\/10\/22\/eurocidade-cerveira-tomino-promove-desporto-para-todos-no-parque-de-lazer-do-castelinho\/#breadcrumb","itemListElement":[{"@type":"ListItem","position":1,"name":"In\u00edcio","item":"https:\/\/www.altominho.tv\/site\/"},{"@type":"ListItem","position":2,"name":"Eurocidade Cerveira-Tomi\u00f1o promove &#8220;Desporto para Todos&#8221; no parque de lazer do Castelinho"}]},{"@type":"WebSite","@id":"https:\/\/www.altominho.tv\/site\/#website","url":"https:\/\/www.altominho.tv\/site\/","name":"Altominho.tv","description":"A sua regi\u00e3o \u00e0 dist\u00e2ncia de um clique...","potentialAction":[{"@type":"SearchAction","target":{"@type":"EntryPoint","urlTemplate":"https:\/\/www.altominho.tv\/site\/?s={search_term_string}"},"query-input":{"@type":"PropertyValueSpecification","valueRequired":true,"valueName":"search_term_string"}}],"inLanguage":"pt-PT"},{"@type":"Person","@id":"https:\/\/www.altominho.tv\/site\/#\/schema\/person\/d9be4265364723f14ea8e0d56a1d38cd","name":"Andreia Ferreira","image":{"@type":"ImageObject","inLanguage":"pt-PT","@id":"https:\/\/www.altominho.tv\/site\/wp-content\/uploads\/2021\/01\/AndreiaFerreira-150x150.jpg","url":"https:\/\/www.altominho.tv\/site\/wp-content\/uploads\/2021\/01\/AndreiaFerreira-150x150.jpg","contentUrl":"https:\/\/www.altominho.tv\/site\/wp-content\/uploads\/2021\/01\/AndreiaFerreira-150x150.jpg","caption":"Andreia Ferreira"},"url":"https:\/\/www.altominho.tv\/site\/author\/andreiaferreira\/"}]}},"_links":{"self":[{"href":"https:\/\/www.altominho.tv\/site\/wp-json\/wp\/v2\/posts\/35807","targetHints":{"allow":["GET"]}}],"collection":[{"href":"https:\/\/www.altominho.tv\/site\/wp-json\/wp\/v2\/posts"}],"about":[{"href":"https:\/\/www.altominho.tv\/site\/wp-json\/wp\/v2\/types\/post"}],"author":[{"embeddable":true,"href":"https:\/\/www.altominho.tv\/site\/wp-json\/wp\/v2\/users\/12"}],"replies":[{"embeddable":true,"href":"https:\/\/www.altominho.tv\/site\/wp-json\/wp\/v2\/comments?post=35807"}],"version-history":[{"count":0,"href":"https:\/\/www.altominho.tv\/site\/wp-json\/wp\/v2\/posts\/35807\/revisions"}],"wp:featuredmedia":[{"embeddable":true,"href":"https:\/\/www.altominho.tv\/site\/wp-json\/wp\/v2\/media\/35818"}],"wp:attachment":[{"href":"https:\/\/www.altominho.tv\/site\/wp-json\/wp\/v2\/media?parent=35807"}],"wp:term":[{"taxonomy":"category","embeddable":true,"href":"https:\/\/www.altominho.tv\/site\/wp-json\/wp\/v2\/categories?post=35807"},{"taxonomy":"post_tag","embeddable":true,"href":"https:\/\/www.altominho.tv\/site\/wp-json\/wp\/v2\/tags?post=35807"}],"curies":[{"name":"wp","href":"https:\/\/api.w.org\/{rel}","templated":true}]}}