{"id":35685,"date":"2019-10-21T11:36:42","date_gmt":"2019-10-21T10:36:42","guid":{"rendered":"http:\/\/www.altominho.tv\/site\/?p=35685"},"modified":"2019-10-21T11:36:44","modified_gmt":"2019-10-21T10:36:44","slug":"iniciada-em-viana-do-castelo-instalacao-de-primeiro-parque-eolico-flutuante-da-europa","status":"publish","type":"post","link":"https:\/\/www.altominho.tv\/site\/2019\/10\/21\/iniciada-em-viana-do-castelo-instalacao-de-primeiro-parque-eolico-flutuante-da-europa\/","title":{"rendered":"Iniciada em Viana do Castelo instala\u00e7\u00e3o de primeiro parque e\u00f3lico flutuante da Europa"},"content":{"rendered":"<p>A primeira plataforma flutuante do projeto Windfloat Atlantic, primeiro parque e\u00f3lico da Europa continental, j\u00e1 est\u00e1 a ser transportada para alto mar, onde ficar\u00e1 instalada a 20 quil\u00f3metros de Viana do Castelo.<\/p>\n<p>Em causa est\u00e1 o Windfloat Atlantic (WFA), um projeto de uma central e\u00f3lica &#8216;offshore&#8217; (no mar), em Viana do Castelo, or\u00e7ado em 125 milh\u00f5es de euros, coordenado pela EDP, atrav\u00e9s da EDP Renov\u00e1veis, e que integra o parceiro tecnol\u00f3gico Principle Power, a Repsol, a capital de risco Portugal Ventures e a metal\u00fargica A. Silva Matos.<\/p>\n<p>Em comunicado enviado hoje \u00e0 imprensa, a EDP adiantou que &#8220;a estrutura, que saiu do porto de Ferrol, na Galiza, Espanha, em dire\u00e7\u00e3o a Viana do Castelo, tem a maior turbina e\u00f3lica \u2018offshore&#8217; do mundo assente numa plataforma flutuante&#8221;, sendo a primeira de &#8220;tr\u00eas torres e\u00f3licas&#8221; a instalar a 20 quil\u00f3metros da costa da capital do Alto Minho, numa zona em que a profundidade da \u00e1gua alcan\u00e7a os 100 metros.<\/p>\n<p>&#8220;Quando estiverem prontas para entrar em fase operacional, as tr\u00eas estruturas flutuantes v\u00e3o medir 30 metros de altura e ter\u00e3o uma dist\u00e2ncia de 50 metros entre si&#8221;, especifica a empresa.<\/p>\n<p>Segundo a EDP, &#8220;duas das plataformas foram fabricadas no porto de Set\u00fabal, em Portugal, e a terceira nos portos de Avil\u00e9s e Ferrol, em Espanha&#8221;.<\/p>\n<p>&#8220;O Windfloat Atlantic inclui tecnologia de ponta que minimiza o impacto ambiental e permite produzir energia e\u00f3lica em alto mar em \u00e1guas profundas, como \u00e9 o caso da costa portuguesa&#8221;, explica a empresa que integra a Windplus, cons\u00f3rcio titular da Utiliza\u00e7\u00e3o do Espa\u00e7o Mar\u00edtimo Nacional para a instala\u00e7\u00e3o daquele projeto.<\/p>\n<p>Segundo a nota, &#8220;nos pr\u00f3ximos meses, as duas outras plataformas ser\u00e3o tamb\u00e9m transportadas para a localiza\u00e7\u00e3o final, para completar o parque e\u00f3lico que ter\u00e1 uma capacidade instalada de 25 megawatt (MW), capaz de produzir eletricidade suficiente para abastecer cerca de 60 mil habita\u00e7\u00f5es por ano&#8221;.<\/p>\n<p>O WindFloat Atlantic utiliza tecnologia &#8220;de ponta&#8221;, fornecida pela Principle Power, que vai permitir a instala\u00e7\u00e3o das plataformas flutuantes em \u00e1guas profundas, antes inacess\u00edveis, com o aproveitamento de abundantes recursos e\u00f3licos.<\/p>\n<p>O projeto \u00e9 apoiado por entidades p\u00fablicas e privadas e \u00e9 financiado pela Comiss\u00e3o Europeia, pelo Governo portugu\u00eas e pelo Banco Europeu de Investimento (BEI).<\/p>\n<p>Segundo a EDP, este projeto &#8220;vai acelerar a implementa\u00e7\u00e3o comercial de tecnologia inovadora WindFloat, que aproveita a abund\u00e2ncia dos recursos e\u00f3licos em \u00e1guas profundas, at\u00e9 agora inacess\u00edveis, constituindo-se um marco importante para o setor, por ser o primeiro parque e\u00f3lico flutuante semi-submers\u00edvel do mundo&#8221;.<\/p>\n<p>As tr\u00eas turbinas e\u00f3licas alicer\u00e7adas em estruturas flutuantes, ficar\u00e3o &#8220;presas apenas por correntes ao leito do mar&#8221;.<\/p>\n<p>&#8220;Esta tecnologia tem amplos benef\u00edcios que aumentam a sua acessibilidade e melhoram o custo-benef\u00edcio, incluindo a possibilidade de a montagem ser feita em terra, numa doca seca, sem ser necess\u00e1rio recorrer a reboques especializados&#8221;, acrescenta.<\/p>\n<p>Segundo o cons\u00f3rcio respons\u00e1vel pelo parque e\u00f3lico flutuante, o projeto tem tamb\u00e9m o benef\u00edcio de n\u00e3o depender das complexas opera\u00e7\u00f5es que s\u00e3o necess\u00e1rias para instalar estruturas tradicionais fixas ao fundo do mar, como nos parques e\u00f3licos \u2018offshore\u2019 tradicionais.<\/p>\n<p>&#8220;O transporte da primeira das tr\u00eas estruturas \u00e9 um marco importante neste projeto, j\u00e1 que conseguiu evitar a necessidade de ter um rebocador especificamente constru\u00eddo para este projeto. Este benef\u00edcio, a somar ao processo simples de ancoragem, torna poss\u00edvel replicar esta iniciativa noutras \u00e1reas geogr\u00e1ficas e facilita a fase de comissionamento de um projeto semelhante, independentemente dos limites geogr\u00e1ficos&#8221;, revela o cons\u00f3rcio.<\/p>\n\n\n<p><\/p>\n","protected":false},"excerpt":{"rendered":"<p>A primeira plataforma flutuante do projeto Windfloat Atlantic, primeiro parque e\u00f3lico da Europa continental, j\u00e1 est\u00e1 a ser transportada para alto mar, onde ficar\u00e1 instalada a 20 quil\u00f3metros de Viana do Castelo. Em causa est\u00e1 o Windfloat Atlantic (WFA), um projeto de uma central e\u00f3lica &#8216;offshore&#8217; (no mar), em Viana do Castelo, or\u00e7ado em 125 [&hellip;]<\/p>\n","protected":false},"author":13,"featured_media":35686,"comment_status":"closed","ping_status":"closed","sticky":false,"template":"","format":"standard","meta":{"_exactmetrics_skip_tracking":false,"_exactmetrics_sitenote_active":false,"_exactmetrics_sitenote_note":"","_exactmetrics_sitenote_category":0,"footnotes":""},"categories":[14],"tags":[27],"class_list":["post-35685","post","type-post","status-publish","format-standard","has-post-thumbnail","hentry","category-viana-do-castelo","tag-sociedade"],"yoast_head":"<!-- This site is optimized with the Yoast SEO Premium plugin v27.5 (Yoast SEO v27.5) - https:\/\/yoast.com\/product\/yoast-seo-premium-wordpress\/ -->\n<title>Iniciada em Viana do Castelo instala\u00e7\u00e3o de primeiro parque e\u00f3lico flutuante da Europa<\/title>\n<meta name=\"robots\" content=\"index, follow, max-snippet:-1, max-image-preview:large, max-video-preview:-1\" \/>\n<link rel=\"canonical\" href=\"https:\/\/www.altominho.tv\/site\/2019\/10\/21\/iniciada-em-viana-do-castelo-instalacao-de-primeiro-parque-eolico-flutuante-da-europa\/\" \/>\n<meta property=\"og:locale\" content=\"pt_PT\" \/>\n<meta property=\"og:type\" content=\"article\" \/>\n<meta property=\"og:title\" content=\"Iniciada em Viana do Castelo instala\u00e7\u00e3o de primeiro parque e\u00f3lico flutuante da Europa\" \/>\n<meta property=\"og:description\" content=\"A primeira plataforma flutuante do projeto Windfloat Atlantic, primeiro parque e\u00f3lico da Europa continental, j\u00e1 est\u00e1 a ser transportada para alto mar, onde ficar\u00e1 instalada a 20 quil\u00f3metros de Viana do Castelo. Em causa est\u00e1 o Windfloat Atlantic (WFA), um projeto de uma central e\u00f3lica &#8216;offshore&#8217; (no mar), em Viana do Castelo, or\u00e7ado em 125 [&hellip;]\" \/>\n<meta property=\"og:url\" content=\"https:\/\/www.altominho.tv\/site\/2019\/10\/21\/iniciada-em-viana-do-castelo-instalacao-de-primeiro-parque-eolico-flutuante-da-europa\/\" \/>\n<meta property=\"og:site_name\" content=\"Altominho.tv\" \/>\n<meta property=\"article:publisher\" content=\"https:\/\/www.facebook.com\/altominhotv\" \/>\n<meta property=\"article:published_time\" content=\"2019-10-21T10:36:42+00:00\" \/>\n<meta property=\"article:modified_time\" content=\"2019-10-21T10:36:44+00:00\" \/>\n<meta property=\"og:image\" content=\"https:\/\/www.altominho.tv\/site\/wp-content\/uploads\/2019\/10\/cropped-windfloat.png\" \/>\n\t<meta property=\"og:image:width\" content=\"668\" \/>\n\t<meta property=\"og:image:height\" content=\"376\" \/>\n\t<meta property=\"og:image:type\" content=\"image\/png\" \/>\n<meta name=\"author\" content=\"Lusa\" \/>\n<meta name=\"twitter:card\" content=\"summary_large_image\" \/>\n<meta name=\"twitter:creator\" content=\"@altominhoTV\" \/>\n<meta name=\"twitter:site\" content=\"@altominhoTV\" \/>\n<meta name=\"twitter:label1\" content=\"Escrito por\" \/>\n\t<meta name=\"twitter:data1\" content=\"Lusa\" \/>\n\t<meta name=\"twitter:label2\" content=\"Tempo estimado de leitura\" \/>\n\t<meta name=\"twitter:data2\" content=\"3 minutos\" \/>\n<script type=\"application\/ld+json\" class=\"yoast-schema-graph\">{\"@context\":\"https:\\\/\\\/schema.org\",\"@graph\":[{\"@type\":\"Article\",\"@id\":\"https:\\\/\\\/www.altominho.tv\\\/site\\\/2019\\\/10\\\/21\\\/iniciada-em-viana-do-castelo-instalacao-de-primeiro-parque-eolico-flutuante-da-europa\\\/#article\",\"isPartOf\":{\"@id\":\"https:\\\/\\\/www.altominho.tv\\\/site\\\/2019\\\/10\\\/21\\\/iniciada-em-viana-do-castelo-instalacao-de-primeiro-parque-eolico-flutuante-da-europa\\\/\"},\"author\":{\"name\":\"Lusa\",\"@id\":\"https:\\\/\\\/www.altominho.tv\\\/site\\\/#\\\/schema\\\/person\\\/63f693da3e1899361cbe955c46f3232e\"},\"headline\":\"Iniciada em Viana do Castelo instala\u00e7\u00e3o de primeiro parque e\u00f3lico flutuante da Europa\",\"datePublished\":\"2019-10-21T10:36:42+00:00\",\"dateModified\":\"2019-10-21T10:36:44+00:00\",\"mainEntityOfPage\":{\"@id\":\"https:\\\/\\\/www.altominho.tv\\\/site\\\/2019\\\/10\\\/21\\\/iniciada-em-viana-do-castelo-instalacao-de-primeiro-parque-eolico-flutuante-da-europa\\\/\"},\"wordCount\":630,\"image\":{\"@id\":\"https:\\\/\\\/www.altominho.tv\\\/site\\\/2019\\\/10\\\/21\\\/iniciada-em-viana-do-castelo-instalacao-de-primeiro-parque-eolico-flutuante-da-europa\\\/#primaryimage\"},\"thumbnailUrl\":\"https:\\\/\\\/www.altominho.tv\\\/site\\\/wp-content\\\/uploads\\\/2019\\\/10\\\/cropped-windfloat.png\",\"keywords\":[\"Sociedade\"],\"articleSection\":[\"Viana do Castelo\"],\"inLanguage\":\"pt-PT\",\"copyrightYear\":\"2019\",\"copyrightHolder\":{\"@id\":\"https:\\\/\\\/www.altominho.tv\\\/site\\\/#organization\"}},{\"@type\":\"WebPage\",\"@id\":\"https:\\\/\\\/www.altominho.tv\\\/site\\\/2019\\\/10\\\/21\\\/iniciada-em-viana-do-castelo-instalacao-de-primeiro-parque-eolico-flutuante-da-europa\\\/\",\"url\":\"https:\\\/\\\/www.altominho.tv\\\/site\\\/2019\\\/10\\\/21\\\/iniciada-em-viana-do-castelo-instalacao-de-primeiro-parque-eolico-flutuante-da-europa\\\/\",\"name\":\"Iniciada em Viana do Castelo instala\u00e7\u00e3o de primeiro parque e\u00f3lico flutuante da Europa\",\"isPartOf\":{\"@id\":\"https:\\\/\\\/www.altominho.tv\\\/site\\\/#website\"},\"primaryImageOfPage\":{\"@id\":\"https:\\\/\\\/www.altominho.tv\\\/site\\\/2019\\\/10\\\/21\\\/iniciada-em-viana-do-castelo-instalacao-de-primeiro-parque-eolico-flutuante-da-europa\\\/#primaryimage\"},\"image\":{\"@id\":\"https:\\\/\\\/www.altominho.tv\\\/site\\\/2019\\\/10\\\/21\\\/iniciada-em-viana-do-castelo-instalacao-de-primeiro-parque-eolico-flutuante-da-europa\\\/#primaryimage\"},\"thumbnailUrl\":\"https:\\\/\\\/www.altominho.tv\\\/site\\\/wp-content\\\/uploads\\\/2019\\\/10\\\/cropped-windfloat.png\",\"datePublished\":\"2019-10-21T10:36:42+00:00\",\"dateModified\":\"2019-10-21T10:36:44+00:00\",\"author\":{\"@id\":\"https:\\\/\\\/www.altominho.tv\\\/site\\\/#\\\/schema\\\/person\\\/63f693da3e1899361cbe955c46f3232e\"},\"breadcrumb\":{\"@id\":\"https:\\\/\\\/www.altominho.tv\\\/site\\\/2019\\\/10\\\/21\\\/iniciada-em-viana-do-castelo-instalacao-de-primeiro-parque-eolico-flutuante-da-europa\\\/#breadcrumb\"},\"inLanguage\":\"pt-PT\",\"potentialAction\":[{\"@type\":\"ReadAction\",\"target\":[\"https:\\\/\\\/www.altominho.tv\\\/site\\\/2019\\\/10\\\/21\\\/iniciada-em-viana-do-castelo-instalacao-de-primeiro-parque-eolico-flutuante-da-europa\\\/\"]}]},{\"@type\":\"ImageObject\",\"inLanguage\":\"pt-PT\",\"@id\":\"https:\\\/\\\/www.altominho.tv\\\/site\\\/2019\\\/10\\\/21\\\/iniciada-em-viana-do-castelo-instalacao-de-primeiro-parque-eolico-flutuante-da-europa\\\/#primaryimage\",\"url\":\"https:\\\/\\\/www.altominho.tv\\\/site\\\/wp-content\\\/uploads\\\/2019\\\/10\\\/cropped-windfloat.png\",\"contentUrl\":\"https:\\\/\\\/www.altominho.tv\\\/site\\\/wp-content\\\/uploads\\\/2019\\\/10\\\/cropped-windfloat.png\",\"width\":668,\"height\":376},{\"@type\":\"BreadcrumbList\",\"@id\":\"https:\\\/\\\/www.altominho.tv\\\/site\\\/2019\\\/10\\\/21\\\/iniciada-em-viana-do-castelo-instalacao-de-primeiro-parque-eolico-flutuante-da-europa\\\/#breadcrumb\",\"itemListElement\":[{\"@type\":\"ListItem\",\"position\":1,\"name\":\"In\u00edcio\",\"item\":\"https:\\\/\\\/www.altominho.tv\\\/site\\\/\"},{\"@type\":\"ListItem\",\"position\":2,\"name\":\"Iniciada em Viana do Castelo instala\u00e7\u00e3o de primeiro parque e\u00f3lico flutuante da Europa\"}]},{\"@type\":\"WebSite\",\"@id\":\"https:\\\/\\\/www.altominho.tv\\\/site\\\/#website\",\"url\":\"https:\\\/\\\/www.altominho.tv\\\/site\\\/\",\"name\":\"Altominho.tv\",\"description\":\"A sua regi\u00e3o \u00e0 dist\u00e2ncia de um clique...\",\"potentialAction\":[{\"@type\":\"SearchAction\",\"target\":{\"@type\":\"EntryPoint\",\"urlTemplate\":\"https:\\\/\\\/www.altominho.tv\\\/site\\\/?s={search_term_string}\"},\"query-input\":{\"@type\":\"PropertyValueSpecification\",\"valueRequired\":true,\"valueName\":\"search_term_string\"}}],\"inLanguage\":\"pt-PT\"},{\"@type\":\"Person\",\"@id\":\"https:\\\/\\\/www.altominho.tv\\\/site\\\/#\\\/schema\\\/person\\\/63f693da3e1899361cbe955c46f3232e\",\"name\":\"Lusa\",\"image\":{\"@type\":\"ImageObject\",\"inLanguage\":\"pt-PT\",\"@id\":\"https:\\\/\\\/www.altominho.tv\\\/site\\\/wp-content\\\/uploads\\\/2019\\\/08\\\/LUSA_Logo.gif\",\"url\":\"https:\\\/\\\/www.altominho.tv\\\/site\\\/wp-content\\\/uploads\\\/2019\\\/08\\\/LUSA_Logo.gif\",\"contentUrl\":\"https:\\\/\\\/www.altominho.tv\\\/site\\\/wp-content\\\/uploads\\\/2019\\\/08\\\/LUSA_Logo.gif\",\"caption\":\"Lusa\"},\"sameAs\":[\"http:\\\/\\\/\\\/\\\/www.altominho.tv\\\/site\"],\"url\":\"https:\\\/\\\/www.altominho.tv\\\/site\\\/author\\\/lusa\\\/\"}]}<\/script>\n<!-- \/ Yoast SEO Premium plugin. -->","yoast_head_json":{"title":"Iniciada em Viana do Castelo instala\u00e7\u00e3o de primeiro parque e\u00f3lico flutuante da Europa","robots":{"index":"index","follow":"follow","max-snippet":"max-snippet:-1","max-image-preview":"max-image-preview:large","max-video-preview":"max-video-preview:-1"},"canonical":"https:\/\/www.altominho.tv\/site\/2019\/10\/21\/iniciada-em-viana-do-castelo-instalacao-de-primeiro-parque-eolico-flutuante-da-europa\/","og_locale":"pt_PT","og_type":"article","og_title":"Iniciada em Viana do Castelo instala\u00e7\u00e3o de primeiro parque e\u00f3lico flutuante da Europa","og_description":"A primeira plataforma flutuante do projeto Windfloat Atlantic, primeiro parque e\u00f3lico da Europa continental, j\u00e1 est\u00e1 a ser transportada para alto mar, onde ficar\u00e1 instalada a 20 quil\u00f3metros de Viana do Castelo. Em causa est\u00e1 o Windfloat Atlantic (WFA), um projeto de uma central e\u00f3lica &#8216;offshore&#8217; (no mar), em Viana do Castelo, or\u00e7ado em 125 [&hellip;]","og_url":"https:\/\/www.altominho.tv\/site\/2019\/10\/21\/iniciada-em-viana-do-castelo-instalacao-de-primeiro-parque-eolico-flutuante-da-europa\/","og_site_name":"Altominho.tv","article_publisher":"https:\/\/www.facebook.com\/altominhotv","article_published_time":"2019-10-21T10:36:42+00:00","article_modified_time":"2019-10-21T10:36:44+00:00","og_image":[{"width":668,"height":376,"url":"https:\/\/www.altominho.tv\/site\/wp-content\/uploads\/2019\/10\/cropped-windfloat.png","type":"image\/png"}],"author":"Lusa","twitter_card":"summary_large_image","twitter_creator":"@altominhoTV","twitter_site":"@altominhoTV","twitter_misc":{"Escrito por":"Lusa","Tempo estimado de leitura":"3 minutos"},"schema":{"@context":"https:\/\/schema.org","@graph":[{"@type":"Article","@id":"https:\/\/www.altominho.tv\/site\/2019\/10\/21\/iniciada-em-viana-do-castelo-instalacao-de-primeiro-parque-eolico-flutuante-da-europa\/#article","isPartOf":{"@id":"https:\/\/www.altominho.tv\/site\/2019\/10\/21\/iniciada-em-viana-do-castelo-instalacao-de-primeiro-parque-eolico-flutuante-da-europa\/"},"author":{"name":"Lusa","@id":"https:\/\/www.altominho.tv\/site\/#\/schema\/person\/63f693da3e1899361cbe955c46f3232e"},"headline":"Iniciada em Viana do Castelo instala\u00e7\u00e3o de primeiro parque e\u00f3lico flutuante da Europa","datePublished":"2019-10-21T10:36:42+00:00","dateModified":"2019-10-21T10:36:44+00:00","mainEntityOfPage":{"@id":"https:\/\/www.altominho.tv\/site\/2019\/10\/21\/iniciada-em-viana-do-castelo-instalacao-de-primeiro-parque-eolico-flutuante-da-europa\/"},"wordCount":630,"image":{"@id":"https:\/\/www.altominho.tv\/site\/2019\/10\/21\/iniciada-em-viana-do-castelo-instalacao-de-primeiro-parque-eolico-flutuante-da-europa\/#primaryimage"},"thumbnailUrl":"https:\/\/www.altominho.tv\/site\/wp-content\/uploads\/2019\/10\/cropped-windfloat.png","keywords":["Sociedade"],"articleSection":["Viana do Castelo"],"inLanguage":"pt-PT","copyrightYear":"2019","copyrightHolder":{"@id":"https:\/\/www.altominho.tv\/site\/#organization"}},{"@type":"WebPage","@id":"https:\/\/www.altominho.tv\/site\/2019\/10\/21\/iniciada-em-viana-do-castelo-instalacao-de-primeiro-parque-eolico-flutuante-da-europa\/","url":"https:\/\/www.altominho.tv\/site\/2019\/10\/21\/iniciada-em-viana-do-castelo-instalacao-de-primeiro-parque-eolico-flutuante-da-europa\/","name":"Iniciada em Viana do Castelo instala\u00e7\u00e3o de primeiro parque e\u00f3lico flutuante da Europa","isPartOf":{"@id":"https:\/\/www.altominho.tv\/site\/#website"},"primaryImageOfPage":{"@id":"https:\/\/www.altominho.tv\/site\/2019\/10\/21\/iniciada-em-viana-do-castelo-instalacao-de-primeiro-parque-eolico-flutuante-da-europa\/#primaryimage"},"image":{"@id":"https:\/\/www.altominho.tv\/site\/2019\/10\/21\/iniciada-em-viana-do-castelo-instalacao-de-primeiro-parque-eolico-flutuante-da-europa\/#primaryimage"},"thumbnailUrl":"https:\/\/www.altominho.tv\/site\/wp-content\/uploads\/2019\/10\/cropped-windfloat.png","datePublished":"2019-10-21T10:36:42+00:00","dateModified":"2019-10-21T10:36:44+00:00","author":{"@id":"https:\/\/www.altominho.tv\/site\/#\/schema\/person\/63f693da3e1899361cbe955c46f3232e"},"breadcrumb":{"@id":"https:\/\/www.altominho.tv\/site\/2019\/10\/21\/iniciada-em-viana-do-castelo-instalacao-de-primeiro-parque-eolico-flutuante-da-europa\/#breadcrumb"},"inLanguage":"pt-PT","potentialAction":[{"@type":"ReadAction","target":["https:\/\/www.altominho.tv\/site\/2019\/10\/21\/iniciada-em-viana-do-castelo-instalacao-de-primeiro-parque-eolico-flutuante-da-europa\/"]}]},{"@type":"ImageObject","inLanguage":"pt-PT","@id":"https:\/\/www.altominho.tv\/site\/2019\/10\/21\/iniciada-em-viana-do-castelo-instalacao-de-primeiro-parque-eolico-flutuante-da-europa\/#primaryimage","url":"https:\/\/www.altominho.tv\/site\/wp-content\/uploads\/2019\/10\/cropped-windfloat.png","contentUrl":"https:\/\/www.altominho.tv\/site\/wp-content\/uploads\/2019\/10\/cropped-windfloat.png","width":668,"height":376},{"@type":"BreadcrumbList","@id":"https:\/\/www.altominho.tv\/site\/2019\/10\/21\/iniciada-em-viana-do-castelo-instalacao-de-primeiro-parque-eolico-flutuante-da-europa\/#breadcrumb","itemListElement":[{"@type":"ListItem","position":1,"name":"In\u00edcio","item":"https:\/\/www.altominho.tv\/site\/"},{"@type":"ListItem","position":2,"name":"Iniciada em Viana do Castelo instala\u00e7\u00e3o de primeiro parque e\u00f3lico flutuante da Europa"}]},{"@type":"WebSite","@id":"https:\/\/www.altominho.tv\/site\/#website","url":"https:\/\/www.altominho.tv\/site\/","name":"Altominho.tv","description":"A sua regi\u00e3o \u00e0 dist\u00e2ncia de um clique...","potentialAction":[{"@type":"SearchAction","target":{"@type":"EntryPoint","urlTemplate":"https:\/\/www.altominho.tv\/site\/?s={search_term_string}"},"query-input":{"@type":"PropertyValueSpecification","valueRequired":true,"valueName":"search_term_string"}}],"inLanguage":"pt-PT"},{"@type":"Person","@id":"https:\/\/www.altominho.tv\/site\/#\/schema\/person\/63f693da3e1899361cbe955c46f3232e","name":"Lusa","image":{"@type":"ImageObject","inLanguage":"pt-PT","@id":"https:\/\/www.altominho.tv\/site\/wp-content\/uploads\/2019\/08\/LUSA_Logo.gif","url":"https:\/\/www.altominho.tv\/site\/wp-content\/uploads\/2019\/08\/LUSA_Logo.gif","contentUrl":"https:\/\/www.altominho.tv\/site\/wp-content\/uploads\/2019\/08\/LUSA_Logo.gif","caption":"Lusa"},"sameAs":["http:\/\/\/\/www.altominho.tv\/site"],"url":"https:\/\/www.altominho.tv\/site\/author\/lusa\/"}]}},"_links":{"self":[{"href":"https:\/\/www.altominho.tv\/site\/wp-json\/wp\/v2\/posts\/35685","targetHints":{"allow":["GET"]}}],"collection":[{"href":"https:\/\/www.altominho.tv\/site\/wp-json\/wp\/v2\/posts"}],"about":[{"href":"https:\/\/www.altominho.tv\/site\/wp-json\/wp\/v2\/types\/post"}],"author":[{"embeddable":true,"href":"https:\/\/www.altominho.tv\/site\/wp-json\/wp\/v2\/users\/13"}],"replies":[{"embeddable":true,"href":"https:\/\/www.altominho.tv\/site\/wp-json\/wp\/v2\/comments?post=35685"}],"version-history":[{"count":0,"href":"https:\/\/www.altominho.tv\/site\/wp-json\/wp\/v2\/posts\/35685\/revisions"}],"wp:featuredmedia":[{"embeddable":true,"href":"https:\/\/www.altominho.tv\/site\/wp-json\/wp\/v2\/media\/35686"}],"wp:attachment":[{"href":"https:\/\/www.altominho.tv\/site\/wp-json\/wp\/v2\/media?parent=35685"}],"wp:term":[{"taxonomy":"category","embeddable":true,"href":"https:\/\/www.altominho.tv\/site\/wp-json\/wp\/v2\/categories?post=35685"},{"taxonomy":"post_tag","embeddable":true,"href":"https:\/\/www.altominho.tv\/site\/wp-json\/wp\/v2\/tags?post=35685"}],"curies":[{"name":"wp","href":"https:\/\/api.w.org\/{rel}","templated":true}]}}