{"id":35537,"date":"2019-10-17T11:07:12","date_gmt":"2019-10-17T10:07:12","guid":{"rendered":"http:\/\/www.altominho.tv\/site\/?p=35537"},"modified":"2019-10-17T11:07:16","modified_gmt":"2019-10-17T10:07:16","slug":"cim-alto-minho-debate-politicas-de-demografia-territorio-e-descentralizacao","status":"publish","type":"post","link":"https:\/\/www.altominho.tv\/site\/2019\/10\/17\/cim-alto-minho-debate-politicas-de-demografia-territorio-e-descentralizacao\/","title":{"rendered":"CIM Alto Minho debate \u201cPol\u00edticas de demografia, territ\u00f3rio e descentraliza\u00e7\u00e3o&#8221;"},"content":{"rendered":"<p>O ciclo de confer\u00eancias promovido pela Comunidade Intermunicipal do Alto Minho (CIM Alto Minho) prossegue no dia 29 de outubro, em Vila Nova de Cerveira, desta vez com o tema \u201cPol\u00edticas de demografia, territ\u00f3rio e descentraliza\u00e7\u00e3o: Balan\u00e7o 2014-2020, Perspetivas &amp; Propostas de A\u00e7\u00e3o Alto Minho 2030\u201d.<\/p>\n<p>Esta nona <span class=\"il\">confer\u00eancia ir\u00e1 decorrer na Biblioteca Municipal de Vila Nova de Cerveira, a partir das 17h15, contando com a presen\u00e7a de Fernando Cabodeira, que abordar\u00e1 o tema<\/span> &#8220;Prospetiva Demogr\u00e1fica e Social no Alto Minho 2030&#8221;; de Cristina Guimar\u00e3es, da Comiss\u00e3o de Coordena\u00e7\u00e3o e Desenvolvimento Regional Norte (CCDR-N), que falar\u00e1 sobre o &#8220;PNPOT, PROT Norte e Planos Municipais de Ordenamento do Territ\u00f3rio: Balan\u00e7o e A\u00e7\u00f5es Priorit\u00e1rias&#8221;; de Fernando Alexandre, da Universidade do Minho, que far\u00e1 uma apresenta\u00e7\u00e3o sobre as &#8220;Assimetrias e Converg\u00eancia Regional: Implica\u00e7\u00f5es para a Descentraliza\u00e7\u00e3o e Desconcentra\u00e7\u00e3o do Estado em Portugal&#8221;; de Maria Jo\u00e3o Rauch, cuja interven\u00e7\u00e3o tem como foco a &#8220;Atra\u00e7\u00e3o e Fixa\u00e7\u00e3o de Talentos no Alto Minho&#8221;; e ainda est\u00e1 prevista a participa\u00e7\u00e3o de um representante da Ag\u00eancia para a Moderniza\u00e7\u00e3o Administrativa, com uma comunica\u00e7\u00e3o sobre o &#8220;E-Gov e Simplex: Balan\u00e7o e A\u00e7\u00f5es Priorit\u00e1rias&#8221;.<\/p>\n<p><span style=\"font-size: inherit\">O presidente da C\u00e2mara Municipal de Vila Nova de Cerveira, Fernando Nogueira, far\u00e1 a sess\u00e3o de abertura e o presidente da CIM Alto Minho, Jos\u00e9 Maria Costa, a sess\u00e3o de encerramento.\u00a0<\/span><\/p>\n<p>O programa completo da\u00a0<span class=\"il\">confer\u00eancia<\/span>, bem como o formul\u00e1rio de inscri\u00e7\u00e3o encontram-se dispon\u00edveis no <a href=\"http:\/\/www.cim-altominho.pt\" target=\"_blank\" rel=\"noopener noreferrer\">site<\/a> da\u00a0<span class=\"il\">CIM Alto Minho.<\/span><\/p>\n<p>O objetivo deste ciclo de\u00a0<span class=\"il\">confer\u00eancias<\/span> \u00e9 &#8220;promover o debate e a reflex\u00e3o coletiva sobre as prioridades de desenvolvimento e as principais iniciativas\/projetos a concretizar neste espa\u00e7o regional no horizonte 2030&#8221;.<\/p>\n","protected":false},"excerpt":{"rendered":"<p>O ciclo de confer\u00eancias promovido pela Comunidade Intermunicipal do Alto Minho (CIM Alto Minho) prossegue no dia 29 de outubro, em Vila Nova de Cerveira, desta vez com o tema \u201cPol\u00edticas de demografia, territ\u00f3rio e descentraliza\u00e7\u00e3o: Balan\u00e7o 2014-2020, Perspetivas &amp; Propostas de A\u00e7\u00e3o Alto Minho 2030\u201d. Esta nona confer\u00eancia ir\u00e1 decorrer na Biblioteca Municipal de [&hellip;]<\/p>\n","protected":false},"author":12,"featured_media":35538,"comment_status":"closed","ping_status":"closed","sticky":false,"template":"","format":"standard","meta":{"_exactmetrics_skip_tracking":false,"_exactmetrics_sitenote_active":false,"_exactmetrics_sitenote_note":"","_exactmetrics_sitenote_category":0,"footnotes":""},"categories":[15],"tags":[27],"class_list":["post-35537","post","type-post","status-publish","format-standard","has-post-thumbnail","hentry","category-vila-nova-de-cerveira","tag-sociedade"],"yoast_head":"<!-- This site is optimized with the Yoast SEO Premium plugin v27.5 (Yoast SEO v27.5) - https:\/\/yoast.com\/product\/yoast-seo-premium-wordpress\/ -->\n<title>CIM Alto Minho debate \u201cPol\u00edticas de demografia, territ\u00f3rio e descentraliza\u00e7\u00e3o&quot;<\/title>\n<meta name=\"robots\" content=\"index, follow, max-snippet:-1, max-image-preview:large, max-video-preview:-1\" \/>\n<link rel=\"canonical\" href=\"https:\/\/www.altominho.tv\/site\/2019\/10\/17\/cim-alto-minho-debate-politicas-de-demografia-territorio-e-descentralizacao\/\" \/>\n<meta property=\"og:locale\" content=\"pt_PT\" \/>\n<meta property=\"og:type\" content=\"article\" \/>\n<meta property=\"og:title\" content=\"CIM Alto Minho debate \u201cPol\u00edticas de demografia, territ\u00f3rio e descentraliza\u00e7\u00e3o&quot;\" \/>\n<meta property=\"og:description\" content=\"O ciclo de confer\u00eancias promovido pela Comunidade Intermunicipal do Alto Minho (CIM Alto Minho) prossegue no dia 29 de outubro, em Vila Nova de Cerveira, desta vez com o tema \u201cPol\u00edticas de demografia, territ\u00f3rio e descentraliza\u00e7\u00e3o: Balan\u00e7o 2014-2020, Perspetivas &amp; Propostas de A\u00e7\u00e3o Alto Minho 2030\u201d. Esta nona confer\u00eancia ir\u00e1 decorrer na Biblioteca Municipal de [&hellip;]\" \/>\n<meta property=\"og:url\" content=\"https:\/\/www.altominho.tv\/site\/2019\/10\/17\/cim-alto-minho-debate-politicas-de-demografia-territorio-e-descentralizacao\/\" \/>\n<meta property=\"og:site_name\" content=\"Altominho.tv\" \/>\n<meta property=\"article:publisher\" content=\"https:\/\/www.facebook.com\/altominhotv\" \/>\n<meta property=\"article:published_time\" content=\"2019-10-17T10:07:12+00:00\" \/>\n<meta property=\"article:modified_time\" content=\"2019-10-17T10:07:16+00:00\" \/>\n<meta property=\"og:image\" content=\"https:\/\/www.altominho.tv\/site\/wp-content\/uploads\/2019\/10\/192_1_1000_500.jpg\" \/>\n\t<meta property=\"og:image:width\" content=\"1000\" \/>\n\t<meta property=\"og:image:height\" content=\"500\" \/>\n\t<meta property=\"og:image:type\" content=\"image\/jpeg\" \/>\n<meta name=\"author\" content=\"Andreia Ferreira\" \/>\n<meta name=\"twitter:card\" content=\"summary_large_image\" \/>\n<meta name=\"twitter:creator\" content=\"@altominhoTV\" \/>\n<meta name=\"twitter:site\" content=\"@altominhoTV\" \/>\n<meta name=\"twitter:label1\" content=\"Escrito por\" \/>\n\t<meta name=\"twitter:data1\" content=\"Andreia Ferreira\" \/>\n\t<meta name=\"twitter:label2\" content=\"Tempo estimado de leitura\" \/>\n\t<meta name=\"twitter:data2\" content=\"2 minutos\" \/>\n<script type=\"application\/ld+json\" class=\"yoast-schema-graph\">{\"@context\":\"https:\\\/\\\/schema.org\",\"@graph\":[{\"@type\":\"Article\",\"@id\":\"https:\\\/\\\/www.altominho.tv\\\/site\\\/2019\\\/10\\\/17\\\/cim-alto-minho-debate-politicas-de-demografia-territorio-e-descentralizacao\\\/#article\",\"isPartOf\":{\"@id\":\"https:\\\/\\\/www.altominho.tv\\\/site\\\/2019\\\/10\\\/17\\\/cim-alto-minho-debate-politicas-de-demografia-territorio-e-descentralizacao\\\/\"},\"author\":{\"name\":\"Andreia Ferreira\",\"@id\":\"https:\\\/\\\/www.altominho.tv\\\/site\\\/#\\\/schema\\\/person\\\/d9be4265364723f14ea8e0d56a1d38cd\"},\"headline\":\"CIM Alto Minho debate \u201cPol\u00edticas de demografia, territ\u00f3rio e descentraliza\u00e7\u00e3o&#8221;\",\"datePublished\":\"2019-10-17T10:07:12+00:00\",\"dateModified\":\"2019-10-17T10:07:16+00:00\",\"mainEntityOfPage\":{\"@id\":\"https:\\\/\\\/www.altominho.tv\\\/site\\\/2019\\\/10\\\/17\\\/cim-alto-minho-debate-politicas-de-demografia-territorio-e-descentralizacao\\\/\"},\"wordCount\":316,\"image\":{\"@id\":\"https:\\\/\\\/www.altominho.tv\\\/site\\\/2019\\\/10\\\/17\\\/cim-alto-minho-debate-politicas-de-demografia-territorio-e-descentralizacao\\\/#primaryimage\"},\"thumbnailUrl\":\"https:\\\/\\\/www.altominho.tv\\\/site\\\/wp-content\\\/uploads\\\/2019\\\/10\\\/192_1_1000_500.jpg\",\"keywords\":[\"Sociedade\"],\"articleSection\":[\"Vila Nova de Cerveira\"],\"inLanguage\":\"pt-PT\",\"copyrightYear\":\"2019\",\"copyrightHolder\":{\"@id\":\"https:\\\/\\\/www.altominho.tv\\\/site\\\/#organization\"}},{\"@type\":\"WebPage\",\"@id\":\"https:\\\/\\\/www.altominho.tv\\\/site\\\/2019\\\/10\\\/17\\\/cim-alto-minho-debate-politicas-de-demografia-territorio-e-descentralizacao\\\/\",\"url\":\"https:\\\/\\\/www.altominho.tv\\\/site\\\/2019\\\/10\\\/17\\\/cim-alto-minho-debate-politicas-de-demografia-territorio-e-descentralizacao\\\/\",\"name\":\"CIM Alto Minho debate \u201cPol\u00edticas de demografia, territ\u00f3rio e descentraliza\u00e7\u00e3o\\\"\",\"isPartOf\":{\"@id\":\"https:\\\/\\\/www.altominho.tv\\\/site\\\/#website\"},\"primaryImageOfPage\":{\"@id\":\"https:\\\/\\\/www.altominho.tv\\\/site\\\/2019\\\/10\\\/17\\\/cim-alto-minho-debate-politicas-de-demografia-territorio-e-descentralizacao\\\/#primaryimage\"},\"image\":{\"@id\":\"https:\\\/\\\/www.altominho.tv\\\/site\\\/2019\\\/10\\\/17\\\/cim-alto-minho-debate-politicas-de-demografia-territorio-e-descentralizacao\\\/#primaryimage\"},\"thumbnailUrl\":\"https:\\\/\\\/www.altominho.tv\\\/site\\\/wp-content\\\/uploads\\\/2019\\\/10\\\/192_1_1000_500.jpg\",\"datePublished\":\"2019-10-17T10:07:12+00:00\",\"dateModified\":\"2019-10-17T10:07:16+00:00\",\"author\":{\"@id\":\"https:\\\/\\\/www.altominho.tv\\\/site\\\/#\\\/schema\\\/person\\\/d9be4265364723f14ea8e0d56a1d38cd\"},\"breadcrumb\":{\"@id\":\"https:\\\/\\\/www.altominho.tv\\\/site\\\/2019\\\/10\\\/17\\\/cim-alto-minho-debate-politicas-de-demografia-territorio-e-descentralizacao\\\/#breadcrumb\"},\"inLanguage\":\"pt-PT\",\"potentialAction\":[{\"@type\":\"ReadAction\",\"target\":[\"https:\\\/\\\/www.altominho.tv\\\/site\\\/2019\\\/10\\\/17\\\/cim-alto-minho-debate-politicas-de-demografia-territorio-e-descentralizacao\\\/\"]}]},{\"@type\":\"ImageObject\",\"inLanguage\":\"pt-PT\",\"@id\":\"https:\\\/\\\/www.altominho.tv\\\/site\\\/2019\\\/10\\\/17\\\/cim-alto-minho-debate-politicas-de-demografia-territorio-e-descentralizacao\\\/#primaryimage\",\"url\":\"https:\\\/\\\/www.altominho.tv\\\/site\\\/wp-content\\\/uploads\\\/2019\\\/10\\\/192_1_1000_500.jpg\",\"contentUrl\":\"https:\\\/\\\/www.altominho.tv\\\/site\\\/wp-content\\\/uploads\\\/2019\\\/10\\\/192_1_1000_500.jpg\",\"width\":1000,\"height\":500},{\"@type\":\"BreadcrumbList\",\"@id\":\"https:\\\/\\\/www.altominho.tv\\\/site\\\/2019\\\/10\\\/17\\\/cim-alto-minho-debate-politicas-de-demografia-territorio-e-descentralizacao\\\/#breadcrumb\",\"itemListElement\":[{\"@type\":\"ListItem\",\"position\":1,\"name\":\"In\u00edcio\",\"item\":\"https:\\\/\\\/www.altominho.tv\\\/site\\\/\"},{\"@type\":\"ListItem\",\"position\":2,\"name\":\"CIM Alto Minho debate \u201cPol\u00edticas de demografia, territ\u00f3rio e descentraliza\u00e7\u00e3o&#8221;\"}]},{\"@type\":\"WebSite\",\"@id\":\"https:\\\/\\\/www.altominho.tv\\\/site\\\/#website\",\"url\":\"https:\\\/\\\/www.altominho.tv\\\/site\\\/\",\"name\":\"Altominho.tv\",\"description\":\"A sua regi\u00e3o \u00e0 dist\u00e2ncia de um clique...\",\"potentialAction\":[{\"@type\":\"SearchAction\",\"target\":{\"@type\":\"EntryPoint\",\"urlTemplate\":\"https:\\\/\\\/www.altominho.tv\\\/site\\\/?s={search_term_string}\"},\"query-input\":{\"@type\":\"PropertyValueSpecification\",\"valueRequired\":true,\"valueName\":\"search_term_string\"}}],\"inLanguage\":\"pt-PT\"},{\"@type\":\"Person\",\"@id\":\"https:\\\/\\\/www.altominho.tv\\\/site\\\/#\\\/schema\\\/person\\\/d9be4265364723f14ea8e0d56a1d38cd\",\"name\":\"Andreia Ferreira\",\"image\":{\"@type\":\"ImageObject\",\"inLanguage\":\"pt-PT\",\"@id\":\"https:\\\/\\\/www.altominho.tv\\\/site\\\/wp-content\\\/uploads\\\/2021\\\/01\\\/AndreiaFerreira-150x150.jpg\",\"url\":\"https:\\\/\\\/www.altominho.tv\\\/site\\\/wp-content\\\/uploads\\\/2021\\\/01\\\/AndreiaFerreira-150x150.jpg\",\"contentUrl\":\"https:\\\/\\\/www.altominho.tv\\\/site\\\/wp-content\\\/uploads\\\/2021\\\/01\\\/AndreiaFerreira-150x150.jpg\",\"caption\":\"Andreia Ferreira\"},\"url\":\"https:\\\/\\\/www.altominho.tv\\\/site\\\/author\\\/andreiaferreira\\\/\"}]}<\/script>\n<!-- \/ Yoast SEO Premium plugin. -->","yoast_head_json":{"title":"CIM Alto Minho debate \u201cPol\u00edticas de demografia, territ\u00f3rio e descentraliza\u00e7\u00e3o\"","robots":{"index":"index","follow":"follow","max-snippet":"max-snippet:-1","max-image-preview":"max-image-preview:large","max-video-preview":"max-video-preview:-1"},"canonical":"https:\/\/www.altominho.tv\/site\/2019\/10\/17\/cim-alto-minho-debate-politicas-de-demografia-territorio-e-descentralizacao\/","og_locale":"pt_PT","og_type":"article","og_title":"CIM Alto Minho debate \u201cPol\u00edticas de demografia, territ\u00f3rio e descentraliza\u00e7\u00e3o\"","og_description":"O ciclo de confer\u00eancias promovido pela Comunidade Intermunicipal do Alto Minho (CIM Alto Minho) prossegue no dia 29 de outubro, em Vila Nova de Cerveira, desta vez com o tema \u201cPol\u00edticas de demografia, territ\u00f3rio e descentraliza\u00e7\u00e3o: Balan\u00e7o 2014-2020, Perspetivas &amp; Propostas de A\u00e7\u00e3o Alto Minho 2030\u201d. Esta nona confer\u00eancia ir\u00e1 decorrer na Biblioteca Municipal de [&hellip;]","og_url":"https:\/\/www.altominho.tv\/site\/2019\/10\/17\/cim-alto-minho-debate-politicas-de-demografia-territorio-e-descentralizacao\/","og_site_name":"Altominho.tv","article_publisher":"https:\/\/www.facebook.com\/altominhotv","article_published_time":"2019-10-17T10:07:12+00:00","article_modified_time":"2019-10-17T10:07:16+00:00","og_image":[{"width":1000,"height":500,"url":"https:\/\/www.altominho.tv\/site\/wp-content\/uploads\/2019\/10\/192_1_1000_500.jpg","type":"image\/jpeg"}],"author":"Andreia Ferreira","twitter_card":"summary_large_image","twitter_creator":"@altominhoTV","twitter_site":"@altominhoTV","twitter_misc":{"Escrito por":"Andreia Ferreira","Tempo estimado de leitura":"2 minutos"},"schema":{"@context":"https:\/\/schema.org","@graph":[{"@type":"Article","@id":"https:\/\/www.altominho.tv\/site\/2019\/10\/17\/cim-alto-minho-debate-politicas-de-demografia-territorio-e-descentralizacao\/#article","isPartOf":{"@id":"https:\/\/www.altominho.tv\/site\/2019\/10\/17\/cim-alto-minho-debate-politicas-de-demografia-territorio-e-descentralizacao\/"},"author":{"name":"Andreia Ferreira","@id":"https:\/\/www.altominho.tv\/site\/#\/schema\/person\/d9be4265364723f14ea8e0d56a1d38cd"},"headline":"CIM Alto Minho debate \u201cPol\u00edticas de demografia, territ\u00f3rio e descentraliza\u00e7\u00e3o&#8221;","datePublished":"2019-10-17T10:07:12+00:00","dateModified":"2019-10-17T10:07:16+00:00","mainEntityOfPage":{"@id":"https:\/\/www.altominho.tv\/site\/2019\/10\/17\/cim-alto-minho-debate-politicas-de-demografia-territorio-e-descentralizacao\/"},"wordCount":316,"image":{"@id":"https:\/\/www.altominho.tv\/site\/2019\/10\/17\/cim-alto-minho-debate-politicas-de-demografia-territorio-e-descentralizacao\/#primaryimage"},"thumbnailUrl":"https:\/\/www.altominho.tv\/site\/wp-content\/uploads\/2019\/10\/192_1_1000_500.jpg","keywords":["Sociedade"],"articleSection":["Vila Nova de Cerveira"],"inLanguage":"pt-PT","copyrightYear":"2019","copyrightHolder":{"@id":"https:\/\/www.altominho.tv\/site\/#organization"}},{"@type":"WebPage","@id":"https:\/\/www.altominho.tv\/site\/2019\/10\/17\/cim-alto-minho-debate-politicas-de-demografia-territorio-e-descentralizacao\/","url":"https:\/\/www.altominho.tv\/site\/2019\/10\/17\/cim-alto-minho-debate-politicas-de-demografia-territorio-e-descentralizacao\/","name":"CIM Alto Minho debate \u201cPol\u00edticas de demografia, territ\u00f3rio e descentraliza\u00e7\u00e3o\"","isPartOf":{"@id":"https:\/\/www.altominho.tv\/site\/#website"},"primaryImageOfPage":{"@id":"https:\/\/www.altominho.tv\/site\/2019\/10\/17\/cim-alto-minho-debate-politicas-de-demografia-territorio-e-descentralizacao\/#primaryimage"},"image":{"@id":"https:\/\/www.altominho.tv\/site\/2019\/10\/17\/cim-alto-minho-debate-politicas-de-demografia-territorio-e-descentralizacao\/#primaryimage"},"thumbnailUrl":"https:\/\/www.altominho.tv\/site\/wp-content\/uploads\/2019\/10\/192_1_1000_500.jpg","datePublished":"2019-10-17T10:07:12+00:00","dateModified":"2019-10-17T10:07:16+00:00","author":{"@id":"https:\/\/www.altominho.tv\/site\/#\/schema\/person\/d9be4265364723f14ea8e0d56a1d38cd"},"breadcrumb":{"@id":"https:\/\/www.altominho.tv\/site\/2019\/10\/17\/cim-alto-minho-debate-politicas-de-demografia-territorio-e-descentralizacao\/#breadcrumb"},"inLanguage":"pt-PT","potentialAction":[{"@type":"ReadAction","target":["https:\/\/www.altominho.tv\/site\/2019\/10\/17\/cim-alto-minho-debate-politicas-de-demografia-territorio-e-descentralizacao\/"]}]},{"@type":"ImageObject","inLanguage":"pt-PT","@id":"https:\/\/www.altominho.tv\/site\/2019\/10\/17\/cim-alto-minho-debate-politicas-de-demografia-territorio-e-descentralizacao\/#primaryimage","url":"https:\/\/www.altominho.tv\/site\/wp-content\/uploads\/2019\/10\/192_1_1000_500.jpg","contentUrl":"https:\/\/www.altominho.tv\/site\/wp-content\/uploads\/2019\/10\/192_1_1000_500.jpg","width":1000,"height":500},{"@type":"BreadcrumbList","@id":"https:\/\/www.altominho.tv\/site\/2019\/10\/17\/cim-alto-minho-debate-politicas-de-demografia-territorio-e-descentralizacao\/#breadcrumb","itemListElement":[{"@type":"ListItem","position":1,"name":"In\u00edcio","item":"https:\/\/www.altominho.tv\/site\/"},{"@type":"ListItem","position":2,"name":"CIM Alto Minho debate \u201cPol\u00edticas de demografia, territ\u00f3rio e descentraliza\u00e7\u00e3o&#8221;"}]},{"@type":"WebSite","@id":"https:\/\/www.altominho.tv\/site\/#website","url":"https:\/\/www.altominho.tv\/site\/","name":"Altominho.tv","description":"A sua regi\u00e3o \u00e0 dist\u00e2ncia de um clique...","potentialAction":[{"@type":"SearchAction","target":{"@type":"EntryPoint","urlTemplate":"https:\/\/www.altominho.tv\/site\/?s={search_term_string}"},"query-input":{"@type":"PropertyValueSpecification","valueRequired":true,"valueName":"search_term_string"}}],"inLanguage":"pt-PT"},{"@type":"Person","@id":"https:\/\/www.altominho.tv\/site\/#\/schema\/person\/d9be4265364723f14ea8e0d56a1d38cd","name":"Andreia Ferreira","image":{"@type":"ImageObject","inLanguage":"pt-PT","@id":"https:\/\/www.altominho.tv\/site\/wp-content\/uploads\/2021\/01\/AndreiaFerreira-150x150.jpg","url":"https:\/\/www.altominho.tv\/site\/wp-content\/uploads\/2021\/01\/AndreiaFerreira-150x150.jpg","contentUrl":"https:\/\/www.altominho.tv\/site\/wp-content\/uploads\/2021\/01\/AndreiaFerreira-150x150.jpg","caption":"Andreia Ferreira"},"url":"https:\/\/www.altominho.tv\/site\/author\/andreiaferreira\/"}]}},"_links":{"self":[{"href":"https:\/\/www.altominho.tv\/site\/wp-json\/wp\/v2\/posts\/35537","targetHints":{"allow":["GET"]}}],"collection":[{"href":"https:\/\/www.altominho.tv\/site\/wp-json\/wp\/v2\/posts"}],"about":[{"href":"https:\/\/www.altominho.tv\/site\/wp-json\/wp\/v2\/types\/post"}],"author":[{"embeddable":true,"href":"https:\/\/www.altominho.tv\/site\/wp-json\/wp\/v2\/users\/12"}],"replies":[{"embeddable":true,"href":"https:\/\/www.altominho.tv\/site\/wp-json\/wp\/v2\/comments?post=35537"}],"version-history":[{"count":0,"href":"https:\/\/www.altominho.tv\/site\/wp-json\/wp\/v2\/posts\/35537\/revisions"}],"wp:featuredmedia":[{"embeddable":true,"href":"https:\/\/www.altominho.tv\/site\/wp-json\/wp\/v2\/media\/35538"}],"wp:attachment":[{"href":"https:\/\/www.altominho.tv\/site\/wp-json\/wp\/v2\/media?parent=35537"}],"wp:term":[{"taxonomy":"category","embeddable":true,"href":"https:\/\/www.altominho.tv\/site\/wp-json\/wp\/v2\/categories?post=35537"},{"taxonomy":"post_tag","embeddable":true,"href":"https:\/\/www.altominho.tv\/site\/wp-json\/wp\/v2\/tags?post=35537"}],"curies":[{"name":"wp","href":"https:\/\/api.w.org\/{rel}","templated":true}]}}