{"id":35184,"date":"2019-10-09T14:00:56","date_gmt":"2019-10-09T13:00:56","guid":{"rendered":"http:\/\/www.altominho.tv\/site\/?p=35184"},"modified":"2019-10-09T14:05:04","modified_gmt":"2019-10-09T13:05:04","slug":"capitania-de-viana-atenta-a-caso-de-pescadores-indonesios-alojados-em-armazens","status":"publish","type":"post","link":"https:\/\/www.altominho.tv\/site\/2019\/10\/09\/capitania-de-viana-atenta-a-caso-de-pescadores-indonesios-alojados-em-armazens\/","title":{"rendered":"Capitania de Viana \u201catenta\u201d a caso de pescadores indon\u00e9sios alojados em armaz\u00e9ns"},"content":{"rendered":"<p>O capit\u00e3o do porto e comandante da Pol\u00edcia Mar\u00edtima (PM) de Viana do Castelo disse, esta quarta-feira, estar &#8220;atento&#8221; \u00e0 resolu\u00e7\u00e3o do caso que envolve pescadores indon\u00e9sios alojados em armaz\u00e9ns constru\u00eddos com fundos comunit\u00e1rios, destinados a guardar aprestos de pesca.<\/p>\n<p>No dia 01 de outubro, a capitania elaborou um <a href=\"\/\/www.altominho.tv\/site\/2019\/10\/01\/capitania-de-viana-deteta-pescadores-indonesios-alojados-em-armazens-de-aprestos\/\">auto de not\u00edcia<\/a>, na sequ\u00eancia de &#8220;uma den\u00fancia&#8221; que dava conta que tripula\u00e7\u00f5es de diferentes embarca\u00e7\u00f5es, que se encontravam nos armaz\u00e9ns de aprestos, e que foi remetido &#8220;as entidades competentes em raz\u00e3o da mat\u00e9ria e do espa\u00e7o&#8221;.<\/p>\n<p>Sameiro Matias referiu \u00e0 Lusa que &#8220;a situa\u00e7\u00e3o estar\u00e1 a ser resolvida pelas entidades competentes, sendo certo que durante a opera\u00e7\u00e3o de fiscaliza\u00e7\u00e3o efetuada pela PM, na noite de 30 de setembro, os armadores foram informados de que os trabalhadores n\u00e3o podiam permanecer alojados naqueles armaz\u00e9ns&#8221;.<\/p>\n<p>O capit\u00e3o acrescentou que se a &#8220;situa\u00e7\u00e3o se prolongar no tempo, tomar\u00e1 as medidas que considerar adequadas \u00e0 sua resolu\u00e7\u00e3o&#8221;.<\/p>\n<p>Em causa est\u00e3o 20 armaz\u00e9ns de aprestos da cidade, or\u00e7ados em 2,2 milh\u00f5es de euros, inaugurados em 2016 e reclamados durante mais de uma d\u00e9cada pela comunidade piscat\u00f3ria local.<\/p>\n<p>A interven\u00e7\u00e3o foi comparticipada por fundos comunit\u00e1rios e nacionais em cerca de 1,7 milh\u00f5es de euros, cabendo \u00e0 cooperativa de pescadores assegurar o montante restante.<\/p>\n<p>A Lusa enviou, por escrito, pedidos de esclarecimento ao Servi\u00e7o de Estrangeiros e Fronteiras (SEF) e \u00e0 Administra\u00e7\u00e3o dos Portos do Douro, Leix\u00f5es e Viana do Castelo (APDL), ainda sem resposta.<\/p>\n<p>Em resposta escrita ao pedido de esclarecimento enviado pela Lusa, a DocaPesca informou ter sido notificada do &#8220;um auto de not\u00edcia da PM de Viana do Castelo, emitido em 01 de outubro, sobre a identifica\u00e7\u00e3o de um conjunto de membros de tripula\u00e7\u00f5es de diferentes embarca\u00e7\u00f5es, que se encontravam nos armaz\u00e9ns de aprestos em \u00e1rea subconcessionada \u00e0 Vianapesca e de sua propriedade at\u00e9 ao final da subconcess\u00e3o&#8221;.<\/p>\n<p>A DocaPesca adiantou que &#8220;na sequ\u00eancia da rece\u00e7\u00e3o do auto de not\u00edcia, foram solicitados esclarecimentos \u00e0 Vianapesca, aguardando-se a respetiva resposta&#8221;.<\/p>\n<p>&#8220;Os armaz\u00e9ns em causa encontram-se instalados numa \u00e1rea de dom\u00ednio p\u00fablico mar\u00edtimo concessionado pela APDL e subconcessionado \u00e0 Vianapesca, pelo prazo de 25 anos, para a constru\u00e7\u00e3o de armaz\u00e9ns de aprestos de apoio ao porto de pesca de Viana do Castelo, sendo essa entidade a respons\u00e1vel pela gest\u00e3o da ocupa\u00e7\u00e3o dos mesmos e pela cobran\u00e7a da respetiva utiliza\u00e7\u00e3o&#8221;, explicou a DocaPesca.<\/p>\n<p>Contactado pela Lusa, o diretor de Viana do Castelo da Autoridade para as Condi\u00e7\u00f5es do Trabalho (ACT), Joaquim Silva, disse que aquela entidade j\u00e1 participou em a\u00e7\u00f5es realizadas por outras entidades naqueles armaz\u00e9ns.<\/p>\n<p>Segundo Joaquim Silva, &#8220;em novembro de 2018, a delega\u00e7\u00e3o de Viana do Castelo da ACT integrou uma a\u00e7\u00e3o alargada, coordenada pela Unidade de Controlo Costeiro da GNR, onde participaram a PM, o SEF e a Autoridade de Seguran\u00e7a Alimentar e Econ\u00f3mica (ASAE)&#8221;.<\/p>\n<p>Em fevereiro, &#8220;uma equipa da ACT participou, em parceria com o Instituto de Emprego e Forma\u00e7\u00e3o Profissional (IEFP), numa a\u00e7\u00e3o de forma\u00e7\u00e3o realizada junto dos armadores relacionada com recrutamento internacional de trabalhadores&#8221;.<\/p>\n<p>Na ocasi\u00e3o, segundo o diretor da ACT de Viana do Castelo, &#8220;n\u00e3o foi detetada nenhuma situa\u00e7\u00e3o irregular entre os trabalhadores contratados pelos armadores locais&#8221;.<\/p>\n<p>O respons\u00e1vel referiu que &#8220;apesar da a\u00e7\u00e3o da ACT visar as condi\u00e7\u00f5es de trabalho, na altura, a equipa que esteve no local reportou a exist\u00eancia de condi\u00e7\u00f5es de alojamento minimamente dignas para os trabalhadores detetados&#8221;.<\/p>\n<p>&#8220;\u00c9 sempre uma preocupa\u00e7\u00e3o da ACT verificar se os trabalhadores est\u00e3o em condi\u00e7\u00f5es de alojamento minimamente dignas. Neste caso, na a\u00e7\u00e3o efetuada h\u00e1 oito meses, a informa\u00e7\u00e3o recolhida \u00e9 que houve, por parte dos empregadores uma tentativa de criar condi\u00e7\u00f5es para alojar os trabalhadores&#8221;, sustentou.<\/p>\n<p>O investimento na constru\u00e7\u00e3o dos armaz\u00e9ns resultou de uma candidatura apresentada em 2013 pela cooperativa de pescadores VianaPesca, com mais de 560 empresas de pesca associadas, ao Programa Operacional da Pesca (PROMAR), e aprovada em abril de 2015. Os armaz\u00e9ns foram inaugurados em fevereiro de 2016 pela ministra do Mar, Ana Paula Vitorino.<\/p>\n<p>A empreitada incluiu a constru\u00e7\u00e3o de 20 novas estruturas, em terrenos situados junto ao novo porto de pesca da cidade, gerido pela Docapesca, bem como os acessos rodovi\u00e1rios, e as infraestruturas de apoio.<\/p>\n<p>Com cerca de meia centena de embarca\u00e7\u00f5es, a comunidade piscat\u00f3ria &#8220;h\u00e1 muito&#8221; que reclamava a constru\u00e7\u00e3o dos novos armaz\u00e9ns que permitiram a reabilita\u00e7\u00e3o da zona junto \u00e0s instala\u00e7\u00f5es da Docapesca, dando cumprimento ao estabelecido no Plano de Pormenor da Frente Ribeirinha.<\/p>\n\n\n<p><\/p>\n","protected":false},"excerpt":{"rendered":"<p>O capit\u00e3o do porto e comandante da Pol\u00edcia Mar\u00edtima (PM) de Viana do Castelo disse, esta quarta-feira, estar &#8220;atento&#8221; \u00e0 resolu\u00e7\u00e3o do caso que envolve pescadores indon\u00e9sios alojados em armaz\u00e9ns constru\u00eddos com fundos comunit\u00e1rios, destinados a guardar aprestos de pesca. No dia 01 de outubro, a capitania elaborou um auto de not\u00edcia, na sequ\u00eancia de [&hellip;]<\/p>\n","protected":false},"author":13,"featured_media":34767,"comment_status":"closed","ping_status":"closed","sticky":false,"template":"","format":"standard","meta":{"_exactmetrics_skip_tracking":false,"_exactmetrics_sitenote_active":false,"_exactmetrics_sitenote_note":"","_exactmetrics_sitenote_category":0,"footnotes":""},"categories":[14],"tags":[27],"class_list":["post-35184","post","type-post","status-publish","format-standard","has-post-thumbnail","hentry","category-viana-do-castelo","tag-sociedade"],"yoast_head":"<!-- This site is optimized with the Yoast SEO Premium plugin v27.5 (Yoast SEO v27.5) - https:\/\/yoast.com\/product\/yoast-seo-premium-wordpress\/ -->\n<title>Capitania de Viana \u201catenta\u201d a caso de pescadores indon\u00e9sios alojados em armaz\u00e9ns<\/title>\n<meta name=\"robots\" content=\"index, follow, max-snippet:-1, max-image-preview:large, max-video-preview:-1\" \/>\n<link rel=\"canonical\" href=\"https:\/\/www.altominho.tv\/site\/2019\/10\/09\/capitania-de-viana-atenta-a-caso-de-pescadores-indonesios-alojados-em-armazens\/\" \/>\n<meta property=\"og:locale\" content=\"pt_PT\" \/>\n<meta property=\"og:type\" content=\"article\" \/>\n<meta property=\"og:title\" content=\"Capitania de Viana \u201catenta\u201d a caso de pescadores indon\u00e9sios alojados em armaz\u00e9ns\" \/>\n<meta property=\"og:description\" content=\"O capit\u00e3o do porto e comandante da Pol\u00edcia Mar\u00edtima (PM) de Viana do Castelo disse, esta quarta-feira, estar &#8220;atento&#8221; \u00e0 resolu\u00e7\u00e3o do caso que envolve pescadores indon\u00e9sios alojados em armaz\u00e9ns constru\u00eddos com fundos comunit\u00e1rios, destinados a guardar aprestos de pesca. No dia 01 de outubro, a capitania elaborou um auto de not\u00edcia, na sequ\u00eancia de [&hellip;]\" \/>\n<meta property=\"og:url\" content=\"https:\/\/www.altominho.tv\/site\/2019\/10\/09\/capitania-de-viana-atenta-a-caso-de-pescadores-indonesios-alojados-em-armazens\/\" \/>\n<meta property=\"og:site_name\" content=\"Altominho.tv\" \/>\n<meta property=\"article:publisher\" content=\"https:\/\/www.facebook.com\/altominhotv\" \/>\n<meta property=\"article:published_time\" content=\"2019-10-09T13:00:56+00:00\" \/>\n<meta property=\"article:modified_time\" content=\"2019-10-09T13:05:04+00:00\" \/>\n<meta property=\"og:image\" content=\"https:\/\/www.altominho.tv\/site\/wp-content\/uploads\/2019\/10\/Capitania.jpg\" \/>\n\t<meta property=\"og:image:width\" content=\"1123\" \/>\n\t<meta property=\"og:image:height\" content=\"758\" \/>\n\t<meta property=\"og:image:type\" content=\"image\/jpeg\" \/>\n<meta name=\"author\" content=\"Lusa\" \/>\n<meta name=\"twitter:card\" content=\"summary_large_image\" \/>\n<meta name=\"twitter:creator\" content=\"@altominhoTV\" \/>\n<meta name=\"twitter:site\" content=\"@altominhoTV\" \/>\n<meta name=\"twitter:label1\" content=\"Escrito por\" \/>\n\t<meta name=\"twitter:data1\" content=\"Lusa\" \/>\n\t<meta name=\"twitter:label2\" content=\"Tempo estimado de leitura\" \/>\n\t<meta name=\"twitter:data2\" content=\"4 minutos\" \/>\n<script type=\"application\/ld+json\" class=\"yoast-schema-graph\">{\"@context\":\"https:\\\/\\\/schema.org\",\"@graph\":[{\"@type\":\"Article\",\"@id\":\"https:\\\/\\\/www.altominho.tv\\\/site\\\/2019\\\/10\\\/09\\\/capitania-de-viana-atenta-a-caso-de-pescadores-indonesios-alojados-em-armazens\\\/#article\",\"isPartOf\":{\"@id\":\"https:\\\/\\\/www.altominho.tv\\\/site\\\/2019\\\/10\\\/09\\\/capitania-de-viana-atenta-a-caso-de-pescadores-indonesios-alojados-em-armazens\\\/\"},\"author\":{\"name\":\"Lusa\",\"@id\":\"https:\\\/\\\/www.altominho.tv\\\/site\\\/#\\\/schema\\\/person\\\/63f693da3e1899361cbe955c46f3232e\"},\"headline\":\"Capitania de Viana \u201catenta\u201d a caso de pescadores indon\u00e9sios alojados em armaz\u00e9ns\",\"datePublished\":\"2019-10-09T13:00:56+00:00\",\"dateModified\":\"2019-10-09T13:05:04+00:00\",\"mainEntityOfPage\":{\"@id\":\"https:\\\/\\\/www.altominho.tv\\\/site\\\/2019\\\/10\\\/09\\\/capitania-de-viana-atenta-a-caso-de-pescadores-indonesios-alojados-em-armazens\\\/\"},\"wordCount\":805,\"image\":{\"@id\":\"https:\\\/\\\/www.altominho.tv\\\/site\\\/2019\\\/10\\\/09\\\/capitania-de-viana-atenta-a-caso-de-pescadores-indonesios-alojados-em-armazens\\\/#primaryimage\"},\"thumbnailUrl\":\"https:\\\/\\\/www.altominho.tv\\\/site\\\/wp-content\\\/uploads\\\/2019\\\/10\\\/Capitania.jpg\",\"keywords\":[\"Sociedade\"],\"articleSection\":[\"Viana do Castelo\"],\"inLanguage\":\"pt-PT\",\"copyrightYear\":\"2019\",\"copyrightHolder\":{\"@id\":\"https:\\\/\\\/www.altominho.tv\\\/site\\\/#organization\"}},{\"@type\":\"WebPage\",\"@id\":\"https:\\\/\\\/www.altominho.tv\\\/site\\\/2019\\\/10\\\/09\\\/capitania-de-viana-atenta-a-caso-de-pescadores-indonesios-alojados-em-armazens\\\/\",\"url\":\"https:\\\/\\\/www.altominho.tv\\\/site\\\/2019\\\/10\\\/09\\\/capitania-de-viana-atenta-a-caso-de-pescadores-indonesios-alojados-em-armazens\\\/\",\"name\":\"Capitania de Viana \u201catenta\u201d a caso de pescadores indon\u00e9sios alojados em armaz\u00e9ns\",\"isPartOf\":{\"@id\":\"https:\\\/\\\/www.altominho.tv\\\/site\\\/#website\"},\"primaryImageOfPage\":{\"@id\":\"https:\\\/\\\/www.altominho.tv\\\/site\\\/2019\\\/10\\\/09\\\/capitania-de-viana-atenta-a-caso-de-pescadores-indonesios-alojados-em-armazens\\\/#primaryimage\"},\"image\":{\"@id\":\"https:\\\/\\\/www.altominho.tv\\\/site\\\/2019\\\/10\\\/09\\\/capitania-de-viana-atenta-a-caso-de-pescadores-indonesios-alojados-em-armazens\\\/#primaryimage\"},\"thumbnailUrl\":\"https:\\\/\\\/www.altominho.tv\\\/site\\\/wp-content\\\/uploads\\\/2019\\\/10\\\/Capitania.jpg\",\"datePublished\":\"2019-10-09T13:00:56+00:00\",\"dateModified\":\"2019-10-09T13:05:04+00:00\",\"author\":{\"@id\":\"https:\\\/\\\/www.altominho.tv\\\/site\\\/#\\\/schema\\\/person\\\/63f693da3e1899361cbe955c46f3232e\"},\"breadcrumb\":{\"@id\":\"https:\\\/\\\/www.altominho.tv\\\/site\\\/2019\\\/10\\\/09\\\/capitania-de-viana-atenta-a-caso-de-pescadores-indonesios-alojados-em-armazens\\\/#breadcrumb\"},\"inLanguage\":\"pt-PT\",\"potentialAction\":[{\"@type\":\"ReadAction\",\"target\":[\"https:\\\/\\\/www.altominho.tv\\\/site\\\/2019\\\/10\\\/09\\\/capitania-de-viana-atenta-a-caso-de-pescadores-indonesios-alojados-em-armazens\\\/\"]}]},{\"@type\":\"ImageObject\",\"inLanguage\":\"pt-PT\",\"@id\":\"https:\\\/\\\/www.altominho.tv\\\/site\\\/2019\\\/10\\\/09\\\/capitania-de-viana-atenta-a-caso-de-pescadores-indonesios-alojados-em-armazens\\\/#primaryimage\",\"url\":\"https:\\\/\\\/www.altominho.tv\\\/site\\\/wp-content\\\/uploads\\\/2019\\\/10\\\/Capitania.jpg\",\"contentUrl\":\"https:\\\/\\\/www.altominho.tv\\\/site\\\/wp-content\\\/uploads\\\/2019\\\/10\\\/Capitania.jpg\",\"width\":1123,\"height\":758},{\"@type\":\"BreadcrumbList\",\"@id\":\"https:\\\/\\\/www.altominho.tv\\\/site\\\/2019\\\/10\\\/09\\\/capitania-de-viana-atenta-a-caso-de-pescadores-indonesios-alojados-em-armazens\\\/#breadcrumb\",\"itemListElement\":[{\"@type\":\"ListItem\",\"position\":1,\"name\":\"In\u00edcio\",\"item\":\"https:\\\/\\\/www.altominho.tv\\\/site\\\/\"},{\"@type\":\"ListItem\",\"position\":2,\"name\":\"Capitania de Viana \u201catenta\u201d a caso de pescadores indon\u00e9sios alojados em armaz\u00e9ns\"}]},{\"@type\":\"WebSite\",\"@id\":\"https:\\\/\\\/www.altominho.tv\\\/site\\\/#website\",\"url\":\"https:\\\/\\\/www.altominho.tv\\\/site\\\/\",\"name\":\"Altominho.tv\",\"description\":\"A sua regi\u00e3o \u00e0 dist\u00e2ncia de um clique...\",\"potentialAction\":[{\"@type\":\"SearchAction\",\"target\":{\"@type\":\"EntryPoint\",\"urlTemplate\":\"https:\\\/\\\/www.altominho.tv\\\/site\\\/?s={search_term_string}\"},\"query-input\":{\"@type\":\"PropertyValueSpecification\",\"valueRequired\":true,\"valueName\":\"search_term_string\"}}],\"inLanguage\":\"pt-PT\"},{\"@type\":\"Person\",\"@id\":\"https:\\\/\\\/www.altominho.tv\\\/site\\\/#\\\/schema\\\/person\\\/63f693da3e1899361cbe955c46f3232e\",\"name\":\"Lusa\",\"image\":{\"@type\":\"ImageObject\",\"inLanguage\":\"pt-PT\",\"@id\":\"https:\\\/\\\/www.altominho.tv\\\/site\\\/wp-content\\\/uploads\\\/2019\\\/08\\\/LUSA_Logo.gif\",\"url\":\"https:\\\/\\\/www.altominho.tv\\\/site\\\/wp-content\\\/uploads\\\/2019\\\/08\\\/LUSA_Logo.gif\",\"contentUrl\":\"https:\\\/\\\/www.altominho.tv\\\/site\\\/wp-content\\\/uploads\\\/2019\\\/08\\\/LUSA_Logo.gif\",\"caption\":\"Lusa\"},\"sameAs\":[\"http:\\\/\\\/\\\/\\\/www.altominho.tv\\\/site\"],\"url\":\"https:\\\/\\\/www.altominho.tv\\\/site\\\/author\\\/lusa\\\/\"}]}<\/script>\n<!-- \/ Yoast SEO Premium plugin. -->","yoast_head_json":{"title":"Capitania de Viana \u201catenta\u201d a caso de pescadores indon\u00e9sios alojados em armaz\u00e9ns","robots":{"index":"index","follow":"follow","max-snippet":"max-snippet:-1","max-image-preview":"max-image-preview:large","max-video-preview":"max-video-preview:-1"},"canonical":"https:\/\/www.altominho.tv\/site\/2019\/10\/09\/capitania-de-viana-atenta-a-caso-de-pescadores-indonesios-alojados-em-armazens\/","og_locale":"pt_PT","og_type":"article","og_title":"Capitania de Viana \u201catenta\u201d a caso de pescadores indon\u00e9sios alojados em armaz\u00e9ns","og_description":"O capit\u00e3o do porto e comandante da Pol\u00edcia Mar\u00edtima (PM) de Viana do Castelo disse, esta quarta-feira, estar &#8220;atento&#8221; \u00e0 resolu\u00e7\u00e3o do caso que envolve pescadores indon\u00e9sios alojados em armaz\u00e9ns constru\u00eddos com fundos comunit\u00e1rios, destinados a guardar aprestos de pesca. No dia 01 de outubro, a capitania elaborou um auto de not\u00edcia, na sequ\u00eancia de [&hellip;]","og_url":"https:\/\/www.altominho.tv\/site\/2019\/10\/09\/capitania-de-viana-atenta-a-caso-de-pescadores-indonesios-alojados-em-armazens\/","og_site_name":"Altominho.tv","article_publisher":"https:\/\/www.facebook.com\/altominhotv","article_published_time":"2019-10-09T13:00:56+00:00","article_modified_time":"2019-10-09T13:05:04+00:00","og_image":[{"width":1123,"height":758,"url":"https:\/\/www.altominho.tv\/site\/wp-content\/uploads\/2019\/10\/Capitania.jpg","type":"image\/jpeg"}],"author":"Lusa","twitter_card":"summary_large_image","twitter_creator":"@altominhoTV","twitter_site":"@altominhoTV","twitter_misc":{"Escrito por":"Lusa","Tempo estimado de leitura":"4 minutos"},"schema":{"@context":"https:\/\/schema.org","@graph":[{"@type":"Article","@id":"https:\/\/www.altominho.tv\/site\/2019\/10\/09\/capitania-de-viana-atenta-a-caso-de-pescadores-indonesios-alojados-em-armazens\/#article","isPartOf":{"@id":"https:\/\/www.altominho.tv\/site\/2019\/10\/09\/capitania-de-viana-atenta-a-caso-de-pescadores-indonesios-alojados-em-armazens\/"},"author":{"name":"Lusa","@id":"https:\/\/www.altominho.tv\/site\/#\/schema\/person\/63f693da3e1899361cbe955c46f3232e"},"headline":"Capitania de Viana \u201catenta\u201d a caso de pescadores indon\u00e9sios alojados em armaz\u00e9ns","datePublished":"2019-10-09T13:00:56+00:00","dateModified":"2019-10-09T13:05:04+00:00","mainEntityOfPage":{"@id":"https:\/\/www.altominho.tv\/site\/2019\/10\/09\/capitania-de-viana-atenta-a-caso-de-pescadores-indonesios-alojados-em-armazens\/"},"wordCount":805,"image":{"@id":"https:\/\/www.altominho.tv\/site\/2019\/10\/09\/capitania-de-viana-atenta-a-caso-de-pescadores-indonesios-alojados-em-armazens\/#primaryimage"},"thumbnailUrl":"https:\/\/www.altominho.tv\/site\/wp-content\/uploads\/2019\/10\/Capitania.jpg","keywords":["Sociedade"],"articleSection":["Viana do Castelo"],"inLanguage":"pt-PT","copyrightYear":"2019","copyrightHolder":{"@id":"https:\/\/www.altominho.tv\/site\/#organization"}},{"@type":"WebPage","@id":"https:\/\/www.altominho.tv\/site\/2019\/10\/09\/capitania-de-viana-atenta-a-caso-de-pescadores-indonesios-alojados-em-armazens\/","url":"https:\/\/www.altominho.tv\/site\/2019\/10\/09\/capitania-de-viana-atenta-a-caso-de-pescadores-indonesios-alojados-em-armazens\/","name":"Capitania de Viana \u201catenta\u201d a caso de pescadores indon\u00e9sios alojados em armaz\u00e9ns","isPartOf":{"@id":"https:\/\/www.altominho.tv\/site\/#website"},"primaryImageOfPage":{"@id":"https:\/\/www.altominho.tv\/site\/2019\/10\/09\/capitania-de-viana-atenta-a-caso-de-pescadores-indonesios-alojados-em-armazens\/#primaryimage"},"image":{"@id":"https:\/\/www.altominho.tv\/site\/2019\/10\/09\/capitania-de-viana-atenta-a-caso-de-pescadores-indonesios-alojados-em-armazens\/#primaryimage"},"thumbnailUrl":"https:\/\/www.altominho.tv\/site\/wp-content\/uploads\/2019\/10\/Capitania.jpg","datePublished":"2019-10-09T13:00:56+00:00","dateModified":"2019-10-09T13:05:04+00:00","author":{"@id":"https:\/\/www.altominho.tv\/site\/#\/schema\/person\/63f693da3e1899361cbe955c46f3232e"},"breadcrumb":{"@id":"https:\/\/www.altominho.tv\/site\/2019\/10\/09\/capitania-de-viana-atenta-a-caso-de-pescadores-indonesios-alojados-em-armazens\/#breadcrumb"},"inLanguage":"pt-PT","potentialAction":[{"@type":"ReadAction","target":["https:\/\/www.altominho.tv\/site\/2019\/10\/09\/capitania-de-viana-atenta-a-caso-de-pescadores-indonesios-alojados-em-armazens\/"]}]},{"@type":"ImageObject","inLanguage":"pt-PT","@id":"https:\/\/www.altominho.tv\/site\/2019\/10\/09\/capitania-de-viana-atenta-a-caso-de-pescadores-indonesios-alojados-em-armazens\/#primaryimage","url":"https:\/\/www.altominho.tv\/site\/wp-content\/uploads\/2019\/10\/Capitania.jpg","contentUrl":"https:\/\/www.altominho.tv\/site\/wp-content\/uploads\/2019\/10\/Capitania.jpg","width":1123,"height":758},{"@type":"BreadcrumbList","@id":"https:\/\/www.altominho.tv\/site\/2019\/10\/09\/capitania-de-viana-atenta-a-caso-de-pescadores-indonesios-alojados-em-armazens\/#breadcrumb","itemListElement":[{"@type":"ListItem","position":1,"name":"In\u00edcio","item":"https:\/\/www.altominho.tv\/site\/"},{"@type":"ListItem","position":2,"name":"Capitania de Viana \u201catenta\u201d a caso de pescadores indon\u00e9sios alojados em armaz\u00e9ns"}]},{"@type":"WebSite","@id":"https:\/\/www.altominho.tv\/site\/#website","url":"https:\/\/www.altominho.tv\/site\/","name":"Altominho.tv","description":"A sua regi\u00e3o \u00e0 dist\u00e2ncia de um clique...","potentialAction":[{"@type":"SearchAction","target":{"@type":"EntryPoint","urlTemplate":"https:\/\/www.altominho.tv\/site\/?s={search_term_string}"},"query-input":{"@type":"PropertyValueSpecification","valueRequired":true,"valueName":"search_term_string"}}],"inLanguage":"pt-PT"},{"@type":"Person","@id":"https:\/\/www.altominho.tv\/site\/#\/schema\/person\/63f693da3e1899361cbe955c46f3232e","name":"Lusa","image":{"@type":"ImageObject","inLanguage":"pt-PT","@id":"https:\/\/www.altominho.tv\/site\/wp-content\/uploads\/2019\/08\/LUSA_Logo.gif","url":"https:\/\/www.altominho.tv\/site\/wp-content\/uploads\/2019\/08\/LUSA_Logo.gif","contentUrl":"https:\/\/www.altominho.tv\/site\/wp-content\/uploads\/2019\/08\/LUSA_Logo.gif","caption":"Lusa"},"sameAs":["http:\/\/\/\/www.altominho.tv\/site"],"url":"https:\/\/www.altominho.tv\/site\/author\/lusa\/"}]}},"_links":{"self":[{"href":"https:\/\/www.altominho.tv\/site\/wp-json\/wp\/v2\/posts\/35184","targetHints":{"allow":["GET"]}}],"collection":[{"href":"https:\/\/www.altominho.tv\/site\/wp-json\/wp\/v2\/posts"}],"about":[{"href":"https:\/\/www.altominho.tv\/site\/wp-json\/wp\/v2\/types\/post"}],"author":[{"embeddable":true,"href":"https:\/\/www.altominho.tv\/site\/wp-json\/wp\/v2\/users\/13"}],"replies":[{"embeddable":true,"href":"https:\/\/www.altominho.tv\/site\/wp-json\/wp\/v2\/comments?post=35184"}],"version-history":[{"count":0,"href":"https:\/\/www.altominho.tv\/site\/wp-json\/wp\/v2\/posts\/35184\/revisions"}],"wp:featuredmedia":[{"embeddable":true,"href":"https:\/\/www.altominho.tv\/site\/wp-json\/wp\/v2\/media\/34767"}],"wp:attachment":[{"href":"https:\/\/www.altominho.tv\/site\/wp-json\/wp\/v2\/media?parent=35184"}],"wp:term":[{"taxonomy":"category","embeddable":true,"href":"https:\/\/www.altominho.tv\/site\/wp-json\/wp\/v2\/categories?post=35184"},{"taxonomy":"post_tag","embeddable":true,"href":"https:\/\/www.altominho.tv\/site\/wp-json\/wp\/v2\/tags?post=35184"}],"curies":[{"name":"wp","href":"https:\/\/api.w.org\/{rel}","templated":true}]}}