{"id":34841,"date":"2019-10-02T14:54:08","date_gmt":"2019-10-02T13:54:08","guid":{"rendered":"http:\/\/www.altominho.tv\/site\/?p=34841"},"modified":"2019-10-02T14:54:10","modified_gmt":"2019-10-02T13:54:10","slug":"ministerio-publico-investiga-contas-das-feiras-novas-de-ponte-de-lima","status":"publish","type":"post","link":"https:\/\/www.altominho.tv\/site\/2019\/10\/02\/ministerio-publico-investiga-contas-das-feiras-novas-de-ponte-de-lima\/","title":{"rendered":"Minist\u00e9rio P\u00fablico investiga contas das Feiras Novas de Ponte de Lima"},"content":{"rendered":"<p>O Minist\u00e9rio P\u00fablico (MP) de Viana do Castelo est\u00e1 a investigar alegadas irregularidades nas contas da Associa\u00e7\u00e3o Concelhia das Feiras Novas, respons\u00e1vel pela organiza\u00e7\u00e3o daquela romaria de Ponte de Lima, disse hoje \u00e0 Lusa fonte judicial.<\/p>\n<p>De acordo com a mesma fonte, &#8220;a participa\u00e7\u00e3o deu entrada no MP de Ponte de Lima no dia 13 de setembro, tendo sido remetida, no mesmo dia, por raz\u00f5es materiais, para o MP de Viana do Castelo&#8221;.<\/p>\n<p>A fonte acrescentou que &#8220;a participa\u00e7\u00e3o foi formalizada por Jorge Silva, presidente da comiss\u00e3o pol\u00edtica concelhia do PS de Ponte de Lima contra a C\u00e2mara de Ponte de Lima, funcion\u00e1rios do munic\u00edpio e a Associa\u00e7\u00e3o Concelhia das Feiras Novas&#8221;.<\/p>\n<p>A participa\u00e7\u00e3o resultou de uma entrevista que a vice-presidente do executivo municipal, Mecia Martins, concedeu, em agosto, ao Jornal Alto Minho, com o t\u00edtulo &#8220;Mecia Martins quer que a Judici\u00e1ria descubra a quem pagam os feirantes nas Feiras Novas&#8221;.<\/p>\n<p>&#8220;Nessa entrevista, a vice-presidente denuncia uma s\u00e9rie de situa\u00e7\u00f5es e condutas que envolvem a C\u00e2mara de Ponte de Lima, seus funcion\u00e1rios e a Associa\u00e7\u00e3o Concelhia das Feiras Novas, da qual o munic\u00edpio \u00e9 o principal associado, que indiciam o cometimento de crimes p\u00fablicos&#8221;, l\u00ea-se na participa\u00e7\u00e3o.<\/p>\n<p>Para sustentar a queixa apresentada, o PS aponta as declara\u00e7\u00f5es da vice-presidente que classificou o caso como &#8220;grave&#8221;, defendendo que &#8220;a Pol\u00edcia Judici\u00e1ria e as Finan\u00e7as deviam olhar para ele com outros olhos&#8221; por envolver &#8220;muito dinheiro&#8221;.<\/p>\n<p>\u00c0 ag\u00eancia Lusa, a presidente daquela associa\u00e7\u00e3o, e vereadora a meio tempo na C\u00e2mara de Ponte de Lima (de maioria CDS-PP), afirmou &#8220;n\u00e3o ter sido contactada pelo MP&#8221;, escusando-se, &#8220;nesta fase&#8221;, a prestar mais declara\u00e7\u00f5es sobre o assunto.<\/p>\n<p>Contactado pelo CDS-PP, o presidente da autarquia, Victor Mendes, disse n\u00e3o ter &#8220;nada a comentar&#8221;.<\/p>\n<p>J\u00e1 o l\u00edder da concelhia socialista, Jorge Silva, disse que &#8220;daquela entrevista resultam factos que configuram crimes que t\u00eam de ser investigados&#8221;, que voltaram a ser discutidos na \u00faltima assembleia municipal, realizada no s\u00e1bado.<\/p>\n<p>&#8220;O PS solicitou ao executivo informa\u00e7\u00e3o sobre as contas da Associa\u00e7\u00e3o Concelhia das Feiras Novas. J\u00e1 nos forneceram alguns dados, mas faltam documentos de suporte. Sabemos que as contas de 2017 e 2018 foram aprovadas \u00e0 pressa. As de 2017 no dia 02 de setembro e, as de 2018, no dia 24 do mesmo m\u00eas&#8221;, especificou.<\/p>\n<p>Jorge Silva adiantou que a associa\u00e7\u00e3o que organiza a romaria &#8220;n\u00e3o aprovou os planos de atividades de 2017 e 2018, contrariando a pol\u00edtica do munic\u00edpio de atribuir apoios a coletividades com esses documentos aprovados&#8221;.<\/p>\n<p>Na edi\u00e7\u00e3o de 19 de agosto, o jornal Alto Minho referia que &#8220;a vice-presidente da C\u00e2mara Municipal de Ponte de Lima votou favoravelmente a autoriza\u00e7\u00e3o de explora\u00e7\u00e3o dos parques de estacionamento para a Associa\u00e7\u00e3o Concelhia das Feiras Novas durante o per\u00edodo das festas, que decorreram entre 04 e 09 de setembro, mas apresentou uma declara\u00e7\u00e3o de voto&#8221;.<\/p>\n<p>No documento &#8220;exigiu que seja apresentado o relat\u00f3rio de contas da explora\u00e7\u00e3o do mesmo, afirmando ainda n\u00e3o terem sido apresentados os dos anos de 2017 e 2018&#8221;.<\/p>\n<p>&#8220;\u00c9 uma situa\u00e7\u00e3o que a mim me incomoda. Tem que vir tudo discriminado. N\u00e3o posso compactuar em atirar o dinheiro do povo para dentro de um saco preto. N\u00e3o contem comigo para isso. Temos de ser respons\u00e1veis. J\u00e1 falei muitas vezes internamente, votei favoravelmente, dei um voto de confian\u00e7a, mas deixei bem claro que o caminho vai ter de ser este, porque se o caminho n\u00e3o for este n\u00e3o contem mais com o meu voto favor\u00e1vel para a Associa\u00e7\u00e3o Concelhia das Feiras Novas&#8221;, sustentou a vice-presidente, na entrevista, explicando os motivos da sua posi\u00e7\u00e3o.<\/p>\n","protected":false},"excerpt":{"rendered":"<p>O Minist\u00e9rio P\u00fablico (MP) de Viana do Castelo est\u00e1 a investigar alegadas irregularidades nas contas da Associa\u00e7\u00e3o Concelhia das Feiras Novas, respons\u00e1vel pela organiza\u00e7\u00e3o daquela romaria de Ponte de Lima, disse hoje \u00e0 Lusa fonte judicial. De acordo com a mesma fonte, &#8220;a participa\u00e7\u00e3o deu entrada no MP de Ponte de Lima no dia 13 [&hellip;]<\/p>\n","protected":false},"author":13,"featured_media":34842,"comment_status":"closed","ping_status":"closed","sticky":false,"template":"","format":"standard","meta":{"_exactmetrics_skip_tracking":false,"_exactmetrics_sitenote_active":false,"_exactmetrics_sitenote_note":"","_exactmetrics_sitenote_category":0,"footnotes":""},"categories":[12],"tags":[27],"class_list":["post-34841","post","type-post","status-publish","format-standard","has-post-thumbnail","hentry","category-ponte-de-lima","tag-sociedade"],"yoast_head":"<!-- This site is optimized with the Yoast SEO Premium plugin v27.5 (Yoast SEO v27.5) - https:\/\/yoast.com\/product\/yoast-seo-premium-wordpress\/ -->\n<title>Minist\u00e9rio P\u00fablico investiga contas das Feiras Novas de Ponte de Lima<\/title>\n<meta name=\"robots\" content=\"index, follow, max-snippet:-1, max-image-preview:large, max-video-preview:-1\" \/>\n<link rel=\"canonical\" href=\"https:\/\/www.altominho.tv\/site\/2019\/10\/02\/ministerio-publico-investiga-contas-das-feiras-novas-de-ponte-de-lima\/\" \/>\n<meta property=\"og:locale\" content=\"pt_PT\" \/>\n<meta property=\"og:type\" content=\"article\" \/>\n<meta property=\"og:title\" content=\"Minist\u00e9rio P\u00fablico investiga contas das Feiras Novas de Ponte de Lima\" \/>\n<meta property=\"og:description\" content=\"O Minist\u00e9rio P\u00fablico (MP) de Viana do Castelo est\u00e1 a investigar alegadas irregularidades nas contas da Associa\u00e7\u00e3o Concelhia das Feiras Novas, respons\u00e1vel pela organiza\u00e7\u00e3o daquela romaria de Ponte de Lima, disse hoje \u00e0 Lusa fonte judicial. De acordo com a mesma fonte, &#8220;a participa\u00e7\u00e3o deu entrada no MP de Ponte de Lima no dia 13 [&hellip;]\" \/>\n<meta property=\"og:url\" content=\"https:\/\/www.altominho.tv\/site\/2019\/10\/02\/ministerio-publico-investiga-contas-das-feiras-novas-de-ponte-de-lima\/\" \/>\n<meta property=\"og:site_name\" content=\"Altominho.tv\" \/>\n<meta property=\"article:publisher\" content=\"https:\/\/www.facebook.com\/altominhotv\" \/>\n<meta property=\"article:published_time\" content=\"2019-10-02T13:54:08+00:00\" \/>\n<meta property=\"article:modified_time\" content=\"2019-10-02T13:54:10+00:00\" \/>\n<meta property=\"og:image\" content=\"https:\/\/www.altominho.tv\/site\/wp-content\/uploads\/2019\/10\/cropped-fn-740x416.jpg\" \/>\n\t<meta property=\"og:image:width\" content=\"740\" \/>\n\t<meta property=\"og:image:height\" content=\"416\" \/>\n\t<meta property=\"og:image:type\" content=\"image\/jpeg\" \/>\n<meta name=\"author\" content=\"Lusa\" \/>\n<meta name=\"twitter:card\" content=\"summary_large_image\" \/>\n<meta name=\"twitter:creator\" content=\"@altominhoTV\" \/>\n<meta name=\"twitter:site\" content=\"@altominhoTV\" \/>\n<meta name=\"twitter:label1\" content=\"Escrito por\" \/>\n\t<meta name=\"twitter:data1\" content=\"Lusa\" \/>\n\t<meta name=\"twitter:label2\" content=\"Tempo estimado de leitura\" \/>\n\t<meta name=\"twitter:data2\" content=\"3 minutos\" \/>\n<script type=\"application\/ld+json\" class=\"yoast-schema-graph\">{\"@context\":\"https:\\\/\\\/schema.org\",\"@graph\":[{\"@type\":\"Article\",\"@id\":\"https:\\\/\\\/www.altominho.tv\\\/site\\\/2019\\\/10\\\/02\\\/ministerio-publico-investiga-contas-das-feiras-novas-de-ponte-de-lima\\\/#article\",\"isPartOf\":{\"@id\":\"https:\\\/\\\/www.altominho.tv\\\/site\\\/2019\\\/10\\\/02\\\/ministerio-publico-investiga-contas-das-feiras-novas-de-ponte-de-lima\\\/\"},\"author\":{\"name\":\"Lusa\",\"@id\":\"https:\\\/\\\/www.altominho.tv\\\/site\\\/#\\\/schema\\\/person\\\/63f693da3e1899361cbe955c46f3232e\"},\"headline\":\"Minist\u00e9rio P\u00fablico investiga contas das Feiras Novas de Ponte de Lima\",\"datePublished\":\"2019-10-02T13:54:08+00:00\",\"dateModified\":\"2019-10-02T13:54:10+00:00\",\"mainEntityOfPage\":{\"@id\":\"https:\\\/\\\/www.altominho.tv\\\/site\\\/2019\\\/10\\\/02\\\/ministerio-publico-investiga-contas-das-feiras-novas-de-ponte-de-lima\\\/\"},\"wordCount\":649,\"image\":{\"@id\":\"https:\\\/\\\/www.altominho.tv\\\/site\\\/2019\\\/10\\\/02\\\/ministerio-publico-investiga-contas-das-feiras-novas-de-ponte-de-lima\\\/#primaryimage\"},\"thumbnailUrl\":\"https:\\\/\\\/www.altominho.tv\\\/site\\\/wp-content\\\/uploads\\\/2019\\\/10\\\/cropped-fn-740x416.jpg\",\"keywords\":[\"Sociedade\"],\"articleSection\":[\"Ponte de Lima\"],\"inLanguage\":\"pt-PT\",\"copyrightYear\":\"2019\",\"copyrightHolder\":{\"@id\":\"https:\\\/\\\/www.altominho.tv\\\/site\\\/#organization\"}},{\"@type\":\"WebPage\",\"@id\":\"https:\\\/\\\/www.altominho.tv\\\/site\\\/2019\\\/10\\\/02\\\/ministerio-publico-investiga-contas-das-feiras-novas-de-ponte-de-lima\\\/\",\"url\":\"https:\\\/\\\/www.altominho.tv\\\/site\\\/2019\\\/10\\\/02\\\/ministerio-publico-investiga-contas-das-feiras-novas-de-ponte-de-lima\\\/\",\"name\":\"Minist\u00e9rio P\u00fablico investiga contas das Feiras Novas de Ponte de Lima\",\"isPartOf\":{\"@id\":\"https:\\\/\\\/www.altominho.tv\\\/site\\\/#website\"},\"primaryImageOfPage\":{\"@id\":\"https:\\\/\\\/www.altominho.tv\\\/site\\\/2019\\\/10\\\/02\\\/ministerio-publico-investiga-contas-das-feiras-novas-de-ponte-de-lima\\\/#primaryimage\"},\"image\":{\"@id\":\"https:\\\/\\\/www.altominho.tv\\\/site\\\/2019\\\/10\\\/02\\\/ministerio-publico-investiga-contas-das-feiras-novas-de-ponte-de-lima\\\/#primaryimage\"},\"thumbnailUrl\":\"https:\\\/\\\/www.altominho.tv\\\/site\\\/wp-content\\\/uploads\\\/2019\\\/10\\\/cropped-fn-740x416.jpg\",\"datePublished\":\"2019-10-02T13:54:08+00:00\",\"dateModified\":\"2019-10-02T13:54:10+00:00\",\"author\":{\"@id\":\"https:\\\/\\\/www.altominho.tv\\\/site\\\/#\\\/schema\\\/person\\\/63f693da3e1899361cbe955c46f3232e\"},\"breadcrumb\":{\"@id\":\"https:\\\/\\\/www.altominho.tv\\\/site\\\/2019\\\/10\\\/02\\\/ministerio-publico-investiga-contas-das-feiras-novas-de-ponte-de-lima\\\/#breadcrumb\"},\"inLanguage\":\"pt-PT\",\"potentialAction\":[{\"@type\":\"ReadAction\",\"target\":[\"https:\\\/\\\/www.altominho.tv\\\/site\\\/2019\\\/10\\\/02\\\/ministerio-publico-investiga-contas-das-feiras-novas-de-ponte-de-lima\\\/\"]}]},{\"@type\":\"ImageObject\",\"inLanguage\":\"pt-PT\",\"@id\":\"https:\\\/\\\/www.altominho.tv\\\/site\\\/2019\\\/10\\\/02\\\/ministerio-publico-investiga-contas-das-feiras-novas-de-ponte-de-lima\\\/#primaryimage\",\"url\":\"https:\\\/\\\/www.altominho.tv\\\/site\\\/wp-content\\\/uploads\\\/2019\\\/10\\\/cropped-fn-740x416.jpg\",\"contentUrl\":\"https:\\\/\\\/www.altominho.tv\\\/site\\\/wp-content\\\/uploads\\\/2019\\\/10\\\/cropped-fn-740x416.jpg\",\"width\":740,\"height\":416},{\"@type\":\"BreadcrumbList\",\"@id\":\"https:\\\/\\\/www.altominho.tv\\\/site\\\/2019\\\/10\\\/02\\\/ministerio-publico-investiga-contas-das-feiras-novas-de-ponte-de-lima\\\/#breadcrumb\",\"itemListElement\":[{\"@type\":\"ListItem\",\"position\":1,\"name\":\"In\u00edcio\",\"item\":\"https:\\\/\\\/www.altominho.tv\\\/site\\\/\"},{\"@type\":\"ListItem\",\"position\":2,\"name\":\"Minist\u00e9rio P\u00fablico investiga contas das Feiras Novas de Ponte de Lima\"}]},{\"@type\":\"WebSite\",\"@id\":\"https:\\\/\\\/www.altominho.tv\\\/site\\\/#website\",\"url\":\"https:\\\/\\\/www.altominho.tv\\\/site\\\/\",\"name\":\"Altominho.tv\",\"description\":\"A sua regi\u00e3o \u00e0 dist\u00e2ncia de um clique...\",\"potentialAction\":[{\"@type\":\"SearchAction\",\"target\":{\"@type\":\"EntryPoint\",\"urlTemplate\":\"https:\\\/\\\/www.altominho.tv\\\/site\\\/?s={search_term_string}\"},\"query-input\":{\"@type\":\"PropertyValueSpecification\",\"valueRequired\":true,\"valueName\":\"search_term_string\"}}],\"inLanguage\":\"pt-PT\"},{\"@type\":\"Person\",\"@id\":\"https:\\\/\\\/www.altominho.tv\\\/site\\\/#\\\/schema\\\/person\\\/63f693da3e1899361cbe955c46f3232e\",\"name\":\"Lusa\",\"image\":{\"@type\":\"ImageObject\",\"inLanguage\":\"pt-PT\",\"@id\":\"https:\\\/\\\/www.altominho.tv\\\/site\\\/wp-content\\\/uploads\\\/2019\\\/08\\\/LUSA_Logo.gif\",\"url\":\"https:\\\/\\\/www.altominho.tv\\\/site\\\/wp-content\\\/uploads\\\/2019\\\/08\\\/LUSA_Logo.gif\",\"contentUrl\":\"https:\\\/\\\/www.altominho.tv\\\/site\\\/wp-content\\\/uploads\\\/2019\\\/08\\\/LUSA_Logo.gif\",\"caption\":\"Lusa\"},\"sameAs\":[\"http:\\\/\\\/\\\/\\\/www.altominho.tv\\\/site\"],\"url\":\"https:\\\/\\\/www.altominho.tv\\\/site\\\/author\\\/lusa\\\/\"}]}<\/script>\n<!-- \/ Yoast SEO Premium plugin. -->","yoast_head_json":{"title":"Minist\u00e9rio P\u00fablico investiga contas das Feiras Novas de Ponte de Lima","robots":{"index":"index","follow":"follow","max-snippet":"max-snippet:-1","max-image-preview":"max-image-preview:large","max-video-preview":"max-video-preview:-1"},"canonical":"https:\/\/www.altominho.tv\/site\/2019\/10\/02\/ministerio-publico-investiga-contas-das-feiras-novas-de-ponte-de-lima\/","og_locale":"pt_PT","og_type":"article","og_title":"Minist\u00e9rio P\u00fablico investiga contas das Feiras Novas de Ponte de Lima","og_description":"O Minist\u00e9rio P\u00fablico (MP) de Viana do Castelo est\u00e1 a investigar alegadas irregularidades nas contas da Associa\u00e7\u00e3o Concelhia das Feiras Novas, respons\u00e1vel pela organiza\u00e7\u00e3o daquela romaria de Ponte de Lima, disse hoje \u00e0 Lusa fonte judicial. De acordo com a mesma fonte, &#8220;a participa\u00e7\u00e3o deu entrada no MP de Ponte de Lima no dia 13 [&hellip;]","og_url":"https:\/\/www.altominho.tv\/site\/2019\/10\/02\/ministerio-publico-investiga-contas-das-feiras-novas-de-ponte-de-lima\/","og_site_name":"Altominho.tv","article_publisher":"https:\/\/www.facebook.com\/altominhotv","article_published_time":"2019-10-02T13:54:08+00:00","article_modified_time":"2019-10-02T13:54:10+00:00","og_image":[{"width":740,"height":416,"url":"https:\/\/www.altominho.tv\/site\/wp-content\/uploads\/2019\/10\/cropped-fn-740x416.jpg","type":"image\/jpeg"}],"author":"Lusa","twitter_card":"summary_large_image","twitter_creator":"@altominhoTV","twitter_site":"@altominhoTV","twitter_misc":{"Escrito por":"Lusa","Tempo estimado de leitura":"3 minutos"},"schema":{"@context":"https:\/\/schema.org","@graph":[{"@type":"Article","@id":"https:\/\/www.altominho.tv\/site\/2019\/10\/02\/ministerio-publico-investiga-contas-das-feiras-novas-de-ponte-de-lima\/#article","isPartOf":{"@id":"https:\/\/www.altominho.tv\/site\/2019\/10\/02\/ministerio-publico-investiga-contas-das-feiras-novas-de-ponte-de-lima\/"},"author":{"name":"Lusa","@id":"https:\/\/www.altominho.tv\/site\/#\/schema\/person\/63f693da3e1899361cbe955c46f3232e"},"headline":"Minist\u00e9rio P\u00fablico investiga contas das Feiras Novas de Ponte de Lima","datePublished":"2019-10-02T13:54:08+00:00","dateModified":"2019-10-02T13:54:10+00:00","mainEntityOfPage":{"@id":"https:\/\/www.altominho.tv\/site\/2019\/10\/02\/ministerio-publico-investiga-contas-das-feiras-novas-de-ponte-de-lima\/"},"wordCount":649,"image":{"@id":"https:\/\/www.altominho.tv\/site\/2019\/10\/02\/ministerio-publico-investiga-contas-das-feiras-novas-de-ponte-de-lima\/#primaryimage"},"thumbnailUrl":"https:\/\/www.altominho.tv\/site\/wp-content\/uploads\/2019\/10\/cropped-fn-740x416.jpg","keywords":["Sociedade"],"articleSection":["Ponte de Lima"],"inLanguage":"pt-PT","copyrightYear":"2019","copyrightHolder":{"@id":"https:\/\/www.altominho.tv\/site\/#organization"}},{"@type":"WebPage","@id":"https:\/\/www.altominho.tv\/site\/2019\/10\/02\/ministerio-publico-investiga-contas-das-feiras-novas-de-ponte-de-lima\/","url":"https:\/\/www.altominho.tv\/site\/2019\/10\/02\/ministerio-publico-investiga-contas-das-feiras-novas-de-ponte-de-lima\/","name":"Minist\u00e9rio P\u00fablico investiga contas das Feiras Novas de Ponte de Lima","isPartOf":{"@id":"https:\/\/www.altominho.tv\/site\/#website"},"primaryImageOfPage":{"@id":"https:\/\/www.altominho.tv\/site\/2019\/10\/02\/ministerio-publico-investiga-contas-das-feiras-novas-de-ponte-de-lima\/#primaryimage"},"image":{"@id":"https:\/\/www.altominho.tv\/site\/2019\/10\/02\/ministerio-publico-investiga-contas-das-feiras-novas-de-ponte-de-lima\/#primaryimage"},"thumbnailUrl":"https:\/\/www.altominho.tv\/site\/wp-content\/uploads\/2019\/10\/cropped-fn-740x416.jpg","datePublished":"2019-10-02T13:54:08+00:00","dateModified":"2019-10-02T13:54:10+00:00","author":{"@id":"https:\/\/www.altominho.tv\/site\/#\/schema\/person\/63f693da3e1899361cbe955c46f3232e"},"breadcrumb":{"@id":"https:\/\/www.altominho.tv\/site\/2019\/10\/02\/ministerio-publico-investiga-contas-das-feiras-novas-de-ponte-de-lima\/#breadcrumb"},"inLanguage":"pt-PT","potentialAction":[{"@type":"ReadAction","target":["https:\/\/www.altominho.tv\/site\/2019\/10\/02\/ministerio-publico-investiga-contas-das-feiras-novas-de-ponte-de-lima\/"]}]},{"@type":"ImageObject","inLanguage":"pt-PT","@id":"https:\/\/www.altominho.tv\/site\/2019\/10\/02\/ministerio-publico-investiga-contas-das-feiras-novas-de-ponte-de-lima\/#primaryimage","url":"https:\/\/www.altominho.tv\/site\/wp-content\/uploads\/2019\/10\/cropped-fn-740x416.jpg","contentUrl":"https:\/\/www.altominho.tv\/site\/wp-content\/uploads\/2019\/10\/cropped-fn-740x416.jpg","width":740,"height":416},{"@type":"BreadcrumbList","@id":"https:\/\/www.altominho.tv\/site\/2019\/10\/02\/ministerio-publico-investiga-contas-das-feiras-novas-de-ponte-de-lima\/#breadcrumb","itemListElement":[{"@type":"ListItem","position":1,"name":"In\u00edcio","item":"https:\/\/www.altominho.tv\/site\/"},{"@type":"ListItem","position":2,"name":"Minist\u00e9rio P\u00fablico investiga contas das Feiras Novas de Ponte de Lima"}]},{"@type":"WebSite","@id":"https:\/\/www.altominho.tv\/site\/#website","url":"https:\/\/www.altominho.tv\/site\/","name":"Altominho.tv","description":"A sua regi\u00e3o \u00e0 dist\u00e2ncia de um clique...","potentialAction":[{"@type":"SearchAction","target":{"@type":"EntryPoint","urlTemplate":"https:\/\/www.altominho.tv\/site\/?s={search_term_string}"},"query-input":{"@type":"PropertyValueSpecification","valueRequired":true,"valueName":"search_term_string"}}],"inLanguage":"pt-PT"},{"@type":"Person","@id":"https:\/\/www.altominho.tv\/site\/#\/schema\/person\/63f693da3e1899361cbe955c46f3232e","name":"Lusa","image":{"@type":"ImageObject","inLanguage":"pt-PT","@id":"https:\/\/www.altominho.tv\/site\/wp-content\/uploads\/2019\/08\/LUSA_Logo.gif","url":"https:\/\/www.altominho.tv\/site\/wp-content\/uploads\/2019\/08\/LUSA_Logo.gif","contentUrl":"https:\/\/www.altominho.tv\/site\/wp-content\/uploads\/2019\/08\/LUSA_Logo.gif","caption":"Lusa"},"sameAs":["http:\/\/\/\/www.altominho.tv\/site"],"url":"https:\/\/www.altominho.tv\/site\/author\/lusa\/"}]}},"_links":{"self":[{"href":"https:\/\/www.altominho.tv\/site\/wp-json\/wp\/v2\/posts\/34841","targetHints":{"allow":["GET"]}}],"collection":[{"href":"https:\/\/www.altominho.tv\/site\/wp-json\/wp\/v2\/posts"}],"about":[{"href":"https:\/\/www.altominho.tv\/site\/wp-json\/wp\/v2\/types\/post"}],"author":[{"embeddable":true,"href":"https:\/\/www.altominho.tv\/site\/wp-json\/wp\/v2\/users\/13"}],"replies":[{"embeddable":true,"href":"https:\/\/www.altominho.tv\/site\/wp-json\/wp\/v2\/comments?post=34841"}],"version-history":[{"count":0,"href":"https:\/\/www.altominho.tv\/site\/wp-json\/wp\/v2\/posts\/34841\/revisions"}],"wp:featuredmedia":[{"embeddable":true,"href":"https:\/\/www.altominho.tv\/site\/wp-json\/wp\/v2\/media\/34842"}],"wp:attachment":[{"href":"https:\/\/www.altominho.tv\/site\/wp-json\/wp\/v2\/media?parent=34841"}],"wp:term":[{"taxonomy":"category","embeddable":true,"href":"https:\/\/www.altominho.tv\/site\/wp-json\/wp\/v2\/categories?post=34841"},{"taxonomy":"post_tag","embeddable":true,"href":"https:\/\/www.altominho.tv\/site\/wp-json\/wp\/v2\/tags?post=34841"}],"curies":[{"name":"wp","href":"https:\/\/api.w.org\/{rel}","templated":true}]}}