{"id":34818,"date":"2019-10-02T12:17:36","date_gmt":"2019-10-02T11:17:36","guid":{"rendered":"http:\/\/www.altominho.tv\/site\/?p=34818"},"modified":"2019-10-02T12:20:59","modified_gmt":"2019-10-02T11:20:59","slug":"festival-de-teatro-regressa-em-novembro-com-mais-de-uma-dezena-de-espetaculos","status":"publish","type":"post","link":"https:\/\/www.altominho.tv\/site\/2019\/10\/02\/festival-de-teatro-regressa-em-novembro-com-mais-de-uma-dezena-de-espetaculos\/","title":{"rendered":"Festival de Teatro regressa em novembro com mais de uma dezena de espet\u00e1culos"},"content":{"rendered":"<p>O Teatro Municipal S\u00e1 de Miranda vai ser palco de mais de uma dezena de espet\u00e1culos durante a terceira edi\u00e7\u00e3o do festival de Teatro de Viana do Castelo, que decorre entre os dias 10 e 18 de novembro.<\/p>\n<p>A pe\u00e7a &#8220;O Circo Rataplan apresenta: A Farsa do Mestre Pathelin&#8221; tem estreia nacional, em Viana do Castelo, na abertura do festival. O espet\u00e1culo, a primeira cocria\u00e7\u00e3o do Teatro do Noroeste &#8211; CDV, companhia profissional de Viana do Castelo, e do Teatro da Comuna, de Lisboa, tem dramaturgia e encena\u00e7\u00e3o de Jo\u00e3o Mota e interpreta\u00e7\u00e3o de Alexandre Cal\u00e7ada, Carlos Paulo, Elisabete Pinto, Hugo Franco, Maria Ana Filipe, Miguel Serm\u00e3o e Tiago Fernandes.<\/p>\n<p>Em comunicado, a organiza\u00e7\u00e3o do festival, a cargo do Teatro do Noroeste &#8211; CDV, destacou o espet\u00e1culo &#8220;Veneno&#8221;, de Albano Jer\u00f3nimo, no dia 16 de novembro.<\/p>\n<p>A programa\u00e7\u00e3o inclui, no dia 18 de novembro, em matin\u00e9, o &#8220;Romance da Raposa&#8221;, pela Companhia de Teatro de Almada, com encena\u00e7\u00e3o de Teresa Gafeira.<\/p>\n<p>O festival termina com o espet\u00e1culo de \u2018stand-up&#8217; &#8220;Depois do Medo&#8221;, de Bruno Nogueira.<\/p>\n<p>A pe\u00e7a &#8220;Bocage: O mais honesto homem para se amar&#8221; da Magiabrangente Produ\u00e7\u00f5es, com Rita Ribeiro, o &#8220;Cart\u00e3o de Embarque&#8221;, pela Companhia de Artes Performativas Em Movimento, e o Teatro Art&#8217;Imagem com a pe\u00e7a &#8220;Os anos que abalaram o nosso mundo&#8221;, s\u00e3o outros dos destaques da programa\u00e7\u00e3o apontados pela organiza\u00e7\u00e3o.<\/p>\n<p>&#8220;Os cruzamentos disciplinares ter\u00e3o express\u00e3o com diversos espet\u00e1culos que combinam t\u00e9cnicas como o \u2018clown&#8217;, a dan\u00e7a e as artes visuais. O Teatro do Montemuro e o Absolute Theater, de Inglaterra, apresentam \u2018Os 4 Clowns do Apocalipse\u2019, o Teatro Plage o espet\u00e1culo para beb\u00e9s \u2018De c\u00e1 para l\u00e1\u2019 e o espanhol Enrique Mend\u00e9z, da companhia Jean-Philippe Kikolas, mostra o espet\u00e1culo circense \u2018Sin Remite\u2019\u201d, especifica ainda a nota.<\/p>\n<p>A com\u00e9dia hist\u00f3rica &#8220;Duelo a muerte del Marqu\u00e9s de Pickman (y lo que aconteci\u00f3 despu\u00e9s con su cad\u00e1ver)&#8221;, do Teatro La Fundici\u00f3n de Sevilla, e &#8220;La vida de los salmones&#8221;, espet\u00e1culo de dan\u00e7a para fam\u00edlia do Karlik Danza Teatro, de C\u00e1ceres, s\u00e3o as duas propostas espanholas que integram a programa\u00e7\u00e3o.<\/p>\n<p>A companhia residente no teatro municipal de Viana do Castelo, al\u00e9m da cocria\u00e7\u00e3o que abre o festival, vai apresentar os espet\u00e1culos &#8220;Rottweiler&#8221;, com encena\u00e7\u00e3o de Ricardo Sim\u00f5es, e &#8220;Bojador&#8221;, dirigido por Ana Perfeito.<\/p>\n<p>O Festival de Teatro de Viana do Castelo &#8220;conta, em todos os espet\u00e1culos, com v\u00e1rias respostas para pessoas com defici\u00eancia. Entre elas, o Teatro do Noroeste-CDV aponta a \u2018Ver com as M\u00e3os\u2019 (reconhecimento de palco para espetadores cegos ou com baixa vis\u00e3o), e a \u2018Gestu\u2019 (tradu\u00e7\u00e3o simult\u00e2nea em L\u00edngua Gestual Portuguesa)&#8221;.<\/p>\n<p>A programa\u00e7\u00e3o inclui &#8220;o Digestivo\u201d (conversas p\u00f3s-espet\u00e1culo com os encenadores e int\u00e9rpretes) e, este ano pela primeira vez, \u201cSess\u00f5es Descontra\u00eddas\u201d (espet\u00e1culos em ambiente mais tolerante quanto ao ru\u00eddo, para fam\u00edlias e indiv\u00edduos com caracter\u00edsticas comportamentais e de comunica\u00e7\u00e3o espec\u00edficas).<\/p>\n<p>Os bilhetes est\u00e3o dispon\u00edveis para venda no Teatro Municipal S\u00e1 de Miranda, com pre\u00e7os que variam entre os quatro e os dez euros.<\/p>\n<p>O passe do festival custa dez euros e garante um desconto de 70% no bilhete para todos os espet\u00e1culos, podendo ser adquirido a partir do dia 08 de outubro.<\/p>\n","protected":false},"excerpt":{"rendered":"<p>O Teatro Municipal S\u00e1 de Miranda vai ser palco de mais de uma dezena de espet\u00e1culos durante a terceira edi\u00e7\u00e3o do festival de Teatro de Viana do Castelo, que decorre entre os dias 10 e 18 de novembro. A pe\u00e7a &#8220;O Circo Rataplan apresenta: A Farsa do Mestre Pathelin&#8221; tem estreia nacional, em Viana do [&hellip;]<\/p>\n","protected":false},"author":15,"featured_media":34819,"comment_status":"closed","ping_status":"closed","sticky":false,"template":"","format":"standard","meta":{"_exactmetrics_skip_tracking":false,"_exactmetrics_sitenote_active":false,"_exactmetrics_sitenote_note":"","_exactmetrics_sitenote_category":0,"footnotes":""},"categories":[14],"tags":[19],"class_list":["post-34818","post","type-post","status-publish","format-standard","has-post-thumbnail","hentry","category-viana-do-castelo","tag-cultura"],"yoast_head":"<!-- This site is optimized with the Yoast SEO Premium plugin v27.5 (Yoast SEO v27.5) - https:\/\/yoast.com\/product\/yoast-seo-premium-wordpress\/ -->\n<title>Festival de Teatro regressa em novembro com mais de uma dezena de espet\u00e1culos<\/title>\n<meta name=\"robots\" content=\"index, follow, max-snippet:-1, max-image-preview:large, max-video-preview:-1\" \/>\n<link rel=\"canonical\" href=\"https:\/\/www.altominho.tv\/site\/2019\/10\/02\/festival-de-teatro-regressa-em-novembro-com-mais-de-uma-dezena-de-espetaculos\/\" \/>\n<meta property=\"og:locale\" content=\"pt_PT\" \/>\n<meta property=\"og:type\" content=\"article\" \/>\n<meta property=\"og:title\" content=\"Festival de Teatro regressa em novembro com mais de uma dezena de espet\u00e1culos\" \/>\n<meta property=\"og:description\" content=\"O Teatro Municipal S\u00e1 de Miranda vai ser palco de mais de uma dezena de espet\u00e1culos durante a terceira edi\u00e7\u00e3o do festival de Teatro de Viana do Castelo, que decorre entre os dias 10 e 18 de novembro. A pe\u00e7a &#8220;O Circo Rataplan apresenta: A Farsa do Mestre Pathelin&#8221; tem estreia nacional, em Viana do [&hellip;]\" \/>\n<meta property=\"og:url\" content=\"https:\/\/www.altominho.tv\/site\/2019\/10\/02\/festival-de-teatro-regressa-em-novembro-com-mais-de-uma-dezena-de-espetaculos\/\" \/>\n<meta property=\"og:site_name\" content=\"Altominho.tv\" \/>\n<meta property=\"article:publisher\" content=\"https:\/\/www.facebook.com\/altominhotv\" \/>\n<meta property=\"article:published_time\" content=\"2019-10-02T11:17:36+00:00\" \/>\n<meta property=\"article:modified_time\" content=\"2019-10-02T11:20:59+00:00\" \/>\n<meta property=\"og:image\" content=\"https:\/\/www.altominho.tv\/site\/wp-content\/uploads\/2019\/10\/Teatro.jpg\" \/>\n\t<meta property=\"og:image:width\" content=\"5760\" \/>\n\t<meta property=\"og:image:height\" content=\"3840\" \/>\n\t<meta property=\"og:image:type\" content=\"image\/jpeg\" \/>\n<meta name=\"author\" content=\"Andreia Ferreira | Lusa\" \/>\n<meta name=\"twitter:card\" content=\"summary_large_image\" \/>\n<meta name=\"twitter:creator\" content=\"@altominhoTV\" \/>\n<meta name=\"twitter:site\" content=\"@altominhoTV\" \/>\n<meta name=\"twitter:label1\" content=\"Escrito por\" \/>\n\t<meta name=\"twitter:data1\" content=\"Andreia Ferreira | Lusa\" \/>\n\t<meta name=\"twitter:label2\" content=\"Tempo estimado de leitura\" \/>\n\t<meta name=\"twitter:data2\" content=\"3 minutos\" \/>\n<script type=\"application\/ld+json\" class=\"yoast-schema-graph\">{\"@context\":\"https:\\\/\\\/schema.org\",\"@graph\":[{\"@type\":\"Article\",\"@id\":\"https:\\\/\\\/www.altominho.tv\\\/site\\\/2019\\\/10\\\/02\\\/festival-de-teatro-regressa-em-novembro-com-mais-de-uma-dezena-de-espetaculos\\\/#article\",\"isPartOf\":{\"@id\":\"https:\\\/\\\/www.altominho.tv\\\/site\\\/2019\\\/10\\\/02\\\/festival-de-teatro-regressa-em-novembro-com-mais-de-uma-dezena-de-espetaculos\\\/\"},\"author\":{\"name\":\"Andreia Ferreira | Lusa\",\"@id\":\"https:\\\/\\\/www.altominho.tv\\\/site\\\/#\\\/schema\\\/person\\\/a0bff6dc1041aadd46fa81887444b017\"},\"headline\":\"Festival de Teatro regressa em novembro com mais de uma dezena de espet\u00e1culos\",\"datePublished\":\"2019-10-02T11:17:36+00:00\",\"dateModified\":\"2019-10-02T11:20:59+00:00\",\"mainEntityOfPage\":{\"@id\":\"https:\\\/\\\/www.altominho.tv\\\/site\\\/2019\\\/10\\\/02\\\/festival-de-teatro-regressa-em-novembro-com-mais-de-uma-dezena-de-espetaculos\\\/\"},\"wordCount\":597,\"image\":{\"@id\":\"https:\\\/\\\/www.altominho.tv\\\/site\\\/2019\\\/10\\\/02\\\/festival-de-teatro-regressa-em-novembro-com-mais-de-uma-dezena-de-espetaculos\\\/#primaryimage\"},\"thumbnailUrl\":\"https:\\\/\\\/www.altominho.tv\\\/site\\\/wp-content\\\/uploads\\\/2019\\\/10\\\/Teatro.jpg\",\"keywords\":[\"Cultura\"],\"articleSection\":[\"Viana do Castelo\"],\"inLanguage\":\"pt-PT\",\"copyrightYear\":\"2019\",\"copyrightHolder\":{\"@id\":\"https:\\\/\\\/www.altominho.tv\\\/site\\\/#organization\"}},{\"@type\":\"WebPage\",\"@id\":\"https:\\\/\\\/www.altominho.tv\\\/site\\\/2019\\\/10\\\/02\\\/festival-de-teatro-regressa-em-novembro-com-mais-de-uma-dezena-de-espetaculos\\\/\",\"url\":\"https:\\\/\\\/www.altominho.tv\\\/site\\\/2019\\\/10\\\/02\\\/festival-de-teatro-regressa-em-novembro-com-mais-de-uma-dezena-de-espetaculos\\\/\",\"name\":\"Festival de Teatro regressa em novembro com mais de uma dezena de espet\u00e1culos\",\"isPartOf\":{\"@id\":\"https:\\\/\\\/www.altominho.tv\\\/site\\\/#website\"},\"primaryImageOfPage\":{\"@id\":\"https:\\\/\\\/www.altominho.tv\\\/site\\\/2019\\\/10\\\/02\\\/festival-de-teatro-regressa-em-novembro-com-mais-de-uma-dezena-de-espetaculos\\\/#primaryimage\"},\"image\":{\"@id\":\"https:\\\/\\\/www.altominho.tv\\\/site\\\/2019\\\/10\\\/02\\\/festival-de-teatro-regressa-em-novembro-com-mais-de-uma-dezena-de-espetaculos\\\/#primaryimage\"},\"thumbnailUrl\":\"https:\\\/\\\/www.altominho.tv\\\/site\\\/wp-content\\\/uploads\\\/2019\\\/10\\\/Teatro.jpg\",\"datePublished\":\"2019-10-02T11:17:36+00:00\",\"dateModified\":\"2019-10-02T11:20:59+00:00\",\"author\":{\"@id\":\"https:\\\/\\\/www.altominho.tv\\\/site\\\/#\\\/schema\\\/person\\\/a0bff6dc1041aadd46fa81887444b017\"},\"breadcrumb\":{\"@id\":\"https:\\\/\\\/www.altominho.tv\\\/site\\\/2019\\\/10\\\/02\\\/festival-de-teatro-regressa-em-novembro-com-mais-de-uma-dezena-de-espetaculos\\\/#breadcrumb\"},\"inLanguage\":\"pt-PT\",\"potentialAction\":[{\"@type\":\"ReadAction\",\"target\":[\"https:\\\/\\\/www.altominho.tv\\\/site\\\/2019\\\/10\\\/02\\\/festival-de-teatro-regressa-em-novembro-com-mais-de-uma-dezena-de-espetaculos\\\/\"]}]},{\"@type\":\"ImageObject\",\"inLanguage\":\"pt-PT\",\"@id\":\"https:\\\/\\\/www.altominho.tv\\\/site\\\/2019\\\/10\\\/02\\\/festival-de-teatro-regressa-em-novembro-com-mais-de-uma-dezena-de-espetaculos\\\/#primaryimage\",\"url\":\"https:\\\/\\\/www.altominho.tv\\\/site\\\/wp-content\\\/uploads\\\/2019\\\/10\\\/Teatro.jpg\",\"contentUrl\":\"https:\\\/\\\/www.altominho.tv\\\/site\\\/wp-content\\\/uploads\\\/2019\\\/10\\\/Teatro.jpg\",\"width\":5760,\"height\":3840,\"caption\":\"CDV\"},{\"@type\":\"BreadcrumbList\",\"@id\":\"https:\\\/\\\/www.altominho.tv\\\/site\\\/2019\\\/10\\\/02\\\/festival-de-teatro-regressa-em-novembro-com-mais-de-uma-dezena-de-espetaculos\\\/#breadcrumb\",\"itemListElement\":[{\"@type\":\"ListItem\",\"position\":1,\"name\":\"In\u00edcio\",\"item\":\"https:\\\/\\\/www.altominho.tv\\\/site\\\/\"},{\"@type\":\"ListItem\",\"position\":2,\"name\":\"Festival de Teatro regressa em novembro com mais de uma dezena de espet\u00e1culos\"}]},{\"@type\":\"WebSite\",\"@id\":\"https:\\\/\\\/www.altominho.tv\\\/site\\\/#website\",\"url\":\"https:\\\/\\\/www.altominho.tv\\\/site\\\/\",\"name\":\"Altominho.tv\",\"description\":\"A sua regi\u00e3o \u00e0 dist\u00e2ncia de um clique...\",\"potentialAction\":[{\"@type\":\"SearchAction\",\"target\":{\"@type\":\"EntryPoint\",\"urlTemplate\":\"https:\\\/\\\/www.altominho.tv\\\/site\\\/?s={search_term_string}\"},\"query-input\":{\"@type\":\"PropertyValueSpecification\",\"valueRequired\":true,\"valueName\":\"search_term_string\"}}],\"inLanguage\":\"pt-PT\"},{\"@type\":\"Person\",\"@id\":\"https:\\\/\\\/www.altominho.tv\\\/site\\\/#\\\/schema\\\/person\\\/a0bff6dc1041aadd46fa81887444b017\",\"name\":\"Andreia Ferreira | Lusa\",\"image\":{\"@type\":\"ImageObject\",\"inLanguage\":\"pt-PT\",\"@id\":\"https:\\\/\\\/www.altominho.tv\\\/site\\\/wp-content\\\/uploads\\\/2018\\\/04\\\/Andreia-150x150.jpg\",\"url\":\"https:\\\/\\\/www.altominho.tv\\\/site\\\/wp-content\\\/uploads\\\/2018\\\/04\\\/Andreia-150x150.jpg\",\"contentUrl\":\"https:\\\/\\\/www.altominho.tv\\\/site\\\/wp-content\\\/uploads\\\/2018\\\/04\\\/Andreia-150x150.jpg\",\"caption\":\"Andreia Ferreira | Lusa\"},\"sameAs\":[\"https:\\\/\\\/www.altominho.tv\\\/site\"],\"url\":\"https:\\\/\\\/www.altominho.tv\\\/site\\\/author\\\/andreiaferreiralusa\\\/\"}]}<\/script>\n<!-- \/ Yoast SEO Premium plugin. -->","yoast_head_json":{"title":"Festival de Teatro regressa em novembro com mais de uma dezena de espet\u00e1culos","robots":{"index":"index","follow":"follow","max-snippet":"max-snippet:-1","max-image-preview":"max-image-preview:large","max-video-preview":"max-video-preview:-1"},"canonical":"https:\/\/www.altominho.tv\/site\/2019\/10\/02\/festival-de-teatro-regressa-em-novembro-com-mais-de-uma-dezena-de-espetaculos\/","og_locale":"pt_PT","og_type":"article","og_title":"Festival de Teatro regressa em novembro com mais de uma dezena de espet\u00e1culos","og_description":"O Teatro Municipal S\u00e1 de Miranda vai ser palco de mais de uma dezena de espet\u00e1culos durante a terceira edi\u00e7\u00e3o do festival de Teatro de Viana do Castelo, que decorre entre os dias 10 e 18 de novembro. A pe\u00e7a &#8220;O Circo Rataplan apresenta: A Farsa do Mestre Pathelin&#8221; tem estreia nacional, em Viana do [&hellip;]","og_url":"https:\/\/www.altominho.tv\/site\/2019\/10\/02\/festival-de-teatro-regressa-em-novembro-com-mais-de-uma-dezena-de-espetaculos\/","og_site_name":"Altominho.tv","article_publisher":"https:\/\/www.facebook.com\/altominhotv","article_published_time":"2019-10-02T11:17:36+00:00","article_modified_time":"2019-10-02T11:20:59+00:00","og_image":[{"width":5760,"height":3840,"url":"https:\/\/www.altominho.tv\/site\/wp-content\/uploads\/2019\/10\/Teatro.jpg","type":"image\/jpeg"}],"author":"Andreia Ferreira | Lusa","twitter_card":"summary_large_image","twitter_creator":"@altominhoTV","twitter_site":"@altominhoTV","twitter_misc":{"Escrito por":"Andreia Ferreira | Lusa","Tempo estimado de leitura":"3 minutos"},"schema":{"@context":"https:\/\/schema.org","@graph":[{"@type":"Article","@id":"https:\/\/www.altominho.tv\/site\/2019\/10\/02\/festival-de-teatro-regressa-em-novembro-com-mais-de-uma-dezena-de-espetaculos\/#article","isPartOf":{"@id":"https:\/\/www.altominho.tv\/site\/2019\/10\/02\/festival-de-teatro-regressa-em-novembro-com-mais-de-uma-dezena-de-espetaculos\/"},"author":{"name":"Andreia Ferreira | Lusa","@id":"https:\/\/www.altominho.tv\/site\/#\/schema\/person\/a0bff6dc1041aadd46fa81887444b017"},"headline":"Festival de Teatro regressa em novembro com mais de uma dezena de espet\u00e1culos","datePublished":"2019-10-02T11:17:36+00:00","dateModified":"2019-10-02T11:20:59+00:00","mainEntityOfPage":{"@id":"https:\/\/www.altominho.tv\/site\/2019\/10\/02\/festival-de-teatro-regressa-em-novembro-com-mais-de-uma-dezena-de-espetaculos\/"},"wordCount":597,"image":{"@id":"https:\/\/www.altominho.tv\/site\/2019\/10\/02\/festival-de-teatro-regressa-em-novembro-com-mais-de-uma-dezena-de-espetaculos\/#primaryimage"},"thumbnailUrl":"https:\/\/www.altominho.tv\/site\/wp-content\/uploads\/2019\/10\/Teatro.jpg","keywords":["Cultura"],"articleSection":["Viana do Castelo"],"inLanguage":"pt-PT","copyrightYear":"2019","copyrightHolder":{"@id":"https:\/\/www.altominho.tv\/site\/#organization"}},{"@type":"WebPage","@id":"https:\/\/www.altominho.tv\/site\/2019\/10\/02\/festival-de-teatro-regressa-em-novembro-com-mais-de-uma-dezena-de-espetaculos\/","url":"https:\/\/www.altominho.tv\/site\/2019\/10\/02\/festival-de-teatro-regressa-em-novembro-com-mais-de-uma-dezena-de-espetaculos\/","name":"Festival de Teatro regressa em novembro com mais de uma dezena de espet\u00e1culos","isPartOf":{"@id":"https:\/\/www.altominho.tv\/site\/#website"},"primaryImageOfPage":{"@id":"https:\/\/www.altominho.tv\/site\/2019\/10\/02\/festival-de-teatro-regressa-em-novembro-com-mais-de-uma-dezena-de-espetaculos\/#primaryimage"},"image":{"@id":"https:\/\/www.altominho.tv\/site\/2019\/10\/02\/festival-de-teatro-regressa-em-novembro-com-mais-de-uma-dezena-de-espetaculos\/#primaryimage"},"thumbnailUrl":"https:\/\/www.altominho.tv\/site\/wp-content\/uploads\/2019\/10\/Teatro.jpg","datePublished":"2019-10-02T11:17:36+00:00","dateModified":"2019-10-02T11:20:59+00:00","author":{"@id":"https:\/\/www.altominho.tv\/site\/#\/schema\/person\/a0bff6dc1041aadd46fa81887444b017"},"breadcrumb":{"@id":"https:\/\/www.altominho.tv\/site\/2019\/10\/02\/festival-de-teatro-regressa-em-novembro-com-mais-de-uma-dezena-de-espetaculos\/#breadcrumb"},"inLanguage":"pt-PT","potentialAction":[{"@type":"ReadAction","target":["https:\/\/www.altominho.tv\/site\/2019\/10\/02\/festival-de-teatro-regressa-em-novembro-com-mais-de-uma-dezena-de-espetaculos\/"]}]},{"@type":"ImageObject","inLanguage":"pt-PT","@id":"https:\/\/www.altominho.tv\/site\/2019\/10\/02\/festival-de-teatro-regressa-em-novembro-com-mais-de-uma-dezena-de-espetaculos\/#primaryimage","url":"https:\/\/www.altominho.tv\/site\/wp-content\/uploads\/2019\/10\/Teatro.jpg","contentUrl":"https:\/\/www.altominho.tv\/site\/wp-content\/uploads\/2019\/10\/Teatro.jpg","width":5760,"height":3840,"caption":"CDV"},{"@type":"BreadcrumbList","@id":"https:\/\/www.altominho.tv\/site\/2019\/10\/02\/festival-de-teatro-regressa-em-novembro-com-mais-de-uma-dezena-de-espetaculos\/#breadcrumb","itemListElement":[{"@type":"ListItem","position":1,"name":"In\u00edcio","item":"https:\/\/www.altominho.tv\/site\/"},{"@type":"ListItem","position":2,"name":"Festival de Teatro regressa em novembro com mais de uma dezena de espet\u00e1culos"}]},{"@type":"WebSite","@id":"https:\/\/www.altominho.tv\/site\/#website","url":"https:\/\/www.altominho.tv\/site\/","name":"Altominho.tv","description":"A sua regi\u00e3o \u00e0 dist\u00e2ncia de um clique...","potentialAction":[{"@type":"SearchAction","target":{"@type":"EntryPoint","urlTemplate":"https:\/\/www.altominho.tv\/site\/?s={search_term_string}"},"query-input":{"@type":"PropertyValueSpecification","valueRequired":true,"valueName":"search_term_string"}}],"inLanguage":"pt-PT"},{"@type":"Person","@id":"https:\/\/www.altominho.tv\/site\/#\/schema\/person\/a0bff6dc1041aadd46fa81887444b017","name":"Andreia Ferreira | Lusa","image":{"@type":"ImageObject","inLanguage":"pt-PT","@id":"https:\/\/www.altominho.tv\/site\/wp-content\/uploads\/2018\/04\/Andreia-150x150.jpg","url":"https:\/\/www.altominho.tv\/site\/wp-content\/uploads\/2018\/04\/Andreia-150x150.jpg","contentUrl":"https:\/\/www.altominho.tv\/site\/wp-content\/uploads\/2018\/04\/Andreia-150x150.jpg","caption":"Andreia Ferreira | Lusa"},"sameAs":["https:\/\/www.altominho.tv\/site"],"url":"https:\/\/www.altominho.tv\/site\/author\/andreiaferreiralusa\/"}]}},"_links":{"self":[{"href":"https:\/\/www.altominho.tv\/site\/wp-json\/wp\/v2\/posts\/34818","targetHints":{"allow":["GET"]}}],"collection":[{"href":"https:\/\/www.altominho.tv\/site\/wp-json\/wp\/v2\/posts"}],"about":[{"href":"https:\/\/www.altominho.tv\/site\/wp-json\/wp\/v2\/types\/post"}],"author":[{"embeddable":true,"href":"https:\/\/www.altominho.tv\/site\/wp-json\/wp\/v2\/users\/15"}],"replies":[{"embeddable":true,"href":"https:\/\/www.altominho.tv\/site\/wp-json\/wp\/v2\/comments?post=34818"}],"version-history":[{"count":0,"href":"https:\/\/www.altominho.tv\/site\/wp-json\/wp\/v2\/posts\/34818\/revisions"}],"wp:featuredmedia":[{"embeddable":true,"href":"https:\/\/www.altominho.tv\/site\/wp-json\/wp\/v2\/media\/34819"}],"wp:attachment":[{"href":"https:\/\/www.altominho.tv\/site\/wp-json\/wp\/v2\/media?parent=34818"}],"wp:term":[{"taxonomy":"category","embeddable":true,"href":"https:\/\/www.altominho.tv\/site\/wp-json\/wp\/v2\/categories?post=34818"},{"taxonomy":"post_tag","embeddable":true,"href":"https:\/\/www.altominho.tv\/site\/wp-json\/wp\/v2\/tags?post=34818"}],"curies":[{"name":"wp","href":"https:\/\/api.w.org\/{rel}","templated":true}]}}