{"id":34766,"date":"2019-10-01T17:57:34","date_gmt":"2019-10-01T16:57:34","guid":{"rendered":"http:\/\/www.altominho.tv\/site\/?p=34766"},"modified":"2019-10-01T18:19:29","modified_gmt":"2019-10-01T17:19:29","slug":"capitania-de-viana-deteta-pescadores-indonesios-alojados-em-armazens-de-aprestos","status":"publish","type":"post","link":"https:\/\/www.altominho.tv\/site\/2019\/10\/01\/capitania-de-viana-deteta-pescadores-indonesios-alojados-em-armazens-de-aprestos\/","title":{"rendered":"Capitania de Viana deteta pescadores indon\u00e9sios alojados em armaz\u00e9ns de aprestos"},"content":{"rendered":"<p>A capitania de Viana do Castelo elaborou o auto de not\u00edcia de um caso que envolve pescadores indon\u00e9sios alojados em armaz\u00e9ns constru\u00eddos na frente ribeirinha da cidade com fundos comunit\u00e1rios, destinados a guardar aprestos de pesca.<\/p>\n<p>O capit\u00e3o do porto e comandante da Pol\u00edcia Mar\u00edtima (PM) de Viana do Castelo, Sameiro Matias, adiantou \u00e0 Lusa que o &#8220;auto de not\u00edcia hoje elaborado foi remetido para as entidades competentes em raz\u00e3o da mat\u00e9ria e do espa\u00e7o&#8221;.<\/p>\n<p>Em causa est\u00e3o 20 armaz\u00e9ns de aprestos da cidade, or\u00e7ados em 2,2 milh\u00f5es de euros, inaugurados em 2016 e reclamados durante mais de uma d\u00e9cada pela comunidade piscat\u00f3ria local.<\/p>\n<p>O capit\u00e3o acrescentou que o caso surgiu de &#8220;uma den\u00fancia&#8221; feita na segunda-feira \u00e0 noite, tendo os meios da PM, que se deslocaram ent\u00e3o ao local, detetado que estavam alojados naqueles armaz\u00e9ns sete cidad\u00e3os de nacionalidade indon\u00e9sia, em situa\u00e7\u00e3o regular no pa\u00eds, possuindo passaporte e T\u00edtulo de Resid\u00eancia.<\/p>\n<p>Segundo Sameiro Matias, aquela situa\u00e7\u00e3o foi detetada &#8220;em seis armaz\u00e9ns de aprestos&#8221;, envolvendo, no total, &#8220;cerca de duas dezenas de trabalhadores indon\u00e9sios&#8221;, n\u00e3o tendo sido todos identificados por, \u00e0quela hora, &#8220;estarem no mar&#8221;.<\/p>\n<p>O presidente VianaPesca, Jos\u00e9 da Guia, admitiu, esta ter\u00e7a-feira, que os armaz\u00e9ns de aprestos constru\u00eddos pela cooperativa de pescadores na frente ribeirinha de Viana do Castelo &#8220;n\u00e3o est\u00e3o licenciados para acolher pessoas&#8221;, mas que a situa\u00e7\u00e3o &#8220;est\u00e1 a ser regularizada&#8221;.<\/p>\n<p>&#8220;N\u00e3o est\u00e3o licenciados para acolher pessoas, mas estamos a tentar resolver a situa\u00e7\u00e3o. \u00c9 uma situa\u00e7\u00e3o que j\u00e1 se arrasta h\u00e1 um ano. Esteve l\u00e1 a ASAE e, na altura, ficou assim parado. A Docapesca sabe. Aquilo \u00e9 s\u00f3 para os trabalhadores descansarem um bocadinho, em vez de descansarem no barco, mas, de facto, os armaz\u00e9ns n\u00e3o t\u00eam licen\u00e7a para isso&#8221;, afirmou Jos\u00e9 da Guia.<\/p>\n<p>O presidente da dire\u00e7\u00e3o da VianaPesca adiantou ter ocorrido, hoje, uma reuni\u00e3o com o presidente da C\u00e2mara de Viana do Castelo para, com a Docapesca, resolver a situa\u00e7\u00e3o&#8221;.<\/p>\n<p>A Lusa tentou ouvir o presidente da C\u00e2mara de Viana do Castelo, Jos\u00e9 Maria Costa, mas sem sucesso.<\/p>\n<p>Segundo Jos\u00e9 da Guia, os armaz\u00e9ns &#8220;foram constru\u00eddos pela VianaPesca, em \u00e1rea concessionada pela Administra\u00e7\u00e3o dos Portos do Douro, Leix\u00f5es e Viana do Castelo (APDL), \u00e0 DocaPesca&#8221;.<\/p>\n<p>&#8220;N\u00f3s estamos a pagar \u00e0 Docapesca o aluguer do terreno onde est\u00e3o instalados os armaz\u00e9ns. Sabemos quem fez a den\u00fancia, mas est\u00e1-se a tratar de tudo. Est\u00e1 tudo a correr bem&#8221;, sublinhou, admitindo que, &#8220;neste momento&#8221;, o alojamento disponibilizado aos trabalhadores indon\u00e9sios &#8220;\u00e9 ilegal&#8221;.<\/p>\n<p>De acordo com o respons\u00e1vel, &#8220;n\u00e3o h\u00e1 porto de mar no pa\u00eds onde n\u00e3o aconte\u00e7am casos semelhantes&#8221;. &#8220;H\u00e1 fam\u00edlias inteiras alojadas em armaz\u00e9ns de aprestos, de norte a sul do pa\u00eds&#8221;, referiu.<\/p>\n<p>O investimento na constru\u00e7\u00e3o dos armaz\u00e9ns resultou de uma candidatura apresentada em 2013 pela cooperativa de pescadores VianaPesca, com mais de 560 empresas de pesca associadas, ao Programa Operacional da Pesca (PROMAR), e aprovada em abril de 2015.<\/p>\n<p>Os armaz\u00e9ns foram inaugurados em fevereiro de 2016 pela ministra do Mar, Ana Paula Vitorino. A interven\u00e7\u00e3o foi comparticipada por fundos comunit\u00e1rios e nacionais em cerca de 1,7 milh\u00f5es de euros, cabendo \u00e0 cooperativa de pescadores assegurar o montante restante.<\/p>\n<p>A empreitada incluiu a constru\u00e7\u00e3o de 20 novas estruturas, em terrenos situados junto ao novo porto de pesca da cidade, gerido pela Docapesca, bem como os acessos rodovi\u00e1rios, e as infraestruturas de apoio.<\/p>\n<p>Com cerca de meia centena de embarca\u00e7\u00f5es, a comunidade piscat\u00f3ria &#8220;h\u00e1 muito&#8221; que reclamava a constru\u00e7\u00e3o dos novos armaz\u00e9ns que permitiram a reabilita\u00e7\u00e3o da zona junto \u00e0s instala\u00e7\u00f5es da Docapesca, dando cumprimento ao estabelecido no Plano de Pormenor da Frente Ribeirinha.<\/p>\n<p><strong><em>Not\u00edcia atualizada \u00e0s 18h15<\/em><\/strong><\/p>\n\n\n<p><\/p>\n","protected":false},"excerpt":{"rendered":"<p>A capitania de Viana do Castelo elaborou o auto de not\u00edcia de um caso que envolve pescadores indon\u00e9sios alojados em armaz\u00e9ns constru\u00eddos na frente ribeirinha da cidade com fundos comunit\u00e1rios, destinados a guardar aprestos de pesca. O capit\u00e3o do porto e comandante da Pol\u00edcia Mar\u00edtima (PM) de Viana do Castelo, Sameiro Matias, adiantou \u00e0 Lusa [&hellip;]<\/p>\n","protected":false},"author":13,"featured_media":34767,"comment_status":"closed","ping_status":"closed","sticky":false,"template":"","format":"standard","meta":{"_exactmetrics_skip_tracking":false,"_exactmetrics_sitenote_active":false,"_exactmetrics_sitenote_note":"","_exactmetrics_sitenote_category":0,"footnotes":""},"categories":[14],"tags":[27],"class_list":["post-34766","post","type-post","status-publish","format-standard","has-post-thumbnail","hentry","category-viana-do-castelo","tag-sociedade"],"yoast_head":"<!-- This site is optimized with the Yoast SEO Premium plugin v27.5 (Yoast SEO v27.5) - https:\/\/yoast.com\/product\/yoast-seo-premium-wordpress\/ -->\n<title>Capitania de Viana deteta pescadores indon\u00e9sios alojados em armaz\u00e9ns de aprestos<\/title>\n<meta name=\"robots\" content=\"index, follow, max-snippet:-1, max-image-preview:large, max-video-preview:-1\" \/>\n<link rel=\"canonical\" href=\"https:\/\/www.altominho.tv\/site\/2019\/10\/01\/capitania-de-viana-deteta-pescadores-indonesios-alojados-em-armazens-de-aprestos\/\" \/>\n<meta property=\"og:locale\" content=\"pt_PT\" \/>\n<meta property=\"og:type\" content=\"article\" \/>\n<meta property=\"og:title\" content=\"Capitania de Viana deteta pescadores indon\u00e9sios alojados em armaz\u00e9ns de aprestos\" \/>\n<meta property=\"og:description\" content=\"A capitania de Viana do Castelo elaborou o auto de not\u00edcia de um caso que envolve pescadores indon\u00e9sios alojados em armaz\u00e9ns constru\u00eddos na frente ribeirinha da cidade com fundos comunit\u00e1rios, destinados a guardar aprestos de pesca. O capit\u00e3o do porto e comandante da Pol\u00edcia Mar\u00edtima (PM) de Viana do Castelo, Sameiro Matias, adiantou \u00e0 Lusa [&hellip;]\" \/>\n<meta property=\"og:url\" content=\"https:\/\/www.altominho.tv\/site\/2019\/10\/01\/capitania-de-viana-deteta-pescadores-indonesios-alojados-em-armazens-de-aprestos\/\" \/>\n<meta property=\"og:site_name\" content=\"Altominho.tv\" \/>\n<meta property=\"article:publisher\" content=\"https:\/\/www.facebook.com\/altominhotv\" \/>\n<meta property=\"article:published_time\" content=\"2019-10-01T16:57:34+00:00\" \/>\n<meta property=\"article:modified_time\" content=\"2019-10-01T17:19:29+00:00\" \/>\n<meta property=\"og:image\" content=\"https:\/\/www.altominho.tv\/site\/wp-content\/uploads\/2019\/10\/Capitania.jpg\" \/>\n\t<meta property=\"og:image:width\" content=\"1123\" \/>\n\t<meta property=\"og:image:height\" content=\"758\" \/>\n\t<meta property=\"og:image:type\" content=\"image\/jpeg\" \/>\n<meta name=\"author\" content=\"Lusa\" \/>\n<meta name=\"twitter:card\" content=\"summary_large_image\" \/>\n<meta name=\"twitter:creator\" content=\"@altominhoTV\" \/>\n<meta name=\"twitter:site\" content=\"@altominhoTV\" \/>\n<meta name=\"twitter:label1\" content=\"Escrito por\" \/>\n\t<meta name=\"twitter:data1\" content=\"Lusa\" \/>\n\t<meta name=\"twitter:label2\" content=\"Tempo estimado de leitura\" \/>\n\t<meta name=\"twitter:data2\" content=\"3 minutos\" \/>\n<script type=\"application\/ld+json\" class=\"yoast-schema-graph\">{\"@context\":\"https:\\\/\\\/schema.org\",\"@graph\":[{\"@type\":\"Article\",\"@id\":\"https:\\\/\\\/www.altominho.tv\\\/site\\\/2019\\\/10\\\/01\\\/capitania-de-viana-deteta-pescadores-indonesios-alojados-em-armazens-de-aprestos\\\/#article\",\"isPartOf\":{\"@id\":\"https:\\\/\\\/www.altominho.tv\\\/site\\\/2019\\\/10\\\/01\\\/capitania-de-viana-deteta-pescadores-indonesios-alojados-em-armazens-de-aprestos\\\/\"},\"author\":{\"name\":\"Lusa\",\"@id\":\"https:\\\/\\\/www.altominho.tv\\\/site\\\/#\\\/schema\\\/person\\\/63f693da3e1899361cbe955c46f3232e\"},\"headline\":\"Capitania de Viana deteta pescadores indon\u00e9sios alojados em armaz\u00e9ns de aprestos\",\"datePublished\":\"2019-10-01T16:57:34+00:00\",\"dateModified\":\"2019-10-01T17:19:29+00:00\",\"mainEntityOfPage\":{\"@id\":\"https:\\\/\\\/www.altominho.tv\\\/site\\\/2019\\\/10\\\/01\\\/capitania-de-viana-deteta-pescadores-indonesios-alojados-em-armazens-de-aprestos\\\/\"},\"wordCount\":675,\"image\":{\"@id\":\"https:\\\/\\\/www.altominho.tv\\\/site\\\/2019\\\/10\\\/01\\\/capitania-de-viana-deteta-pescadores-indonesios-alojados-em-armazens-de-aprestos\\\/#primaryimage\"},\"thumbnailUrl\":\"https:\\\/\\\/www.altominho.tv\\\/site\\\/wp-content\\\/uploads\\\/2019\\\/10\\\/Capitania.jpg\",\"keywords\":[\"Sociedade\"],\"articleSection\":[\"Viana do Castelo\"],\"inLanguage\":\"pt-PT\",\"copyrightYear\":\"2019\",\"copyrightHolder\":{\"@id\":\"https:\\\/\\\/www.altominho.tv\\\/site\\\/#organization\"}},{\"@type\":\"WebPage\",\"@id\":\"https:\\\/\\\/www.altominho.tv\\\/site\\\/2019\\\/10\\\/01\\\/capitania-de-viana-deteta-pescadores-indonesios-alojados-em-armazens-de-aprestos\\\/\",\"url\":\"https:\\\/\\\/www.altominho.tv\\\/site\\\/2019\\\/10\\\/01\\\/capitania-de-viana-deteta-pescadores-indonesios-alojados-em-armazens-de-aprestos\\\/\",\"name\":\"Capitania de Viana deteta pescadores indon\u00e9sios alojados em armaz\u00e9ns de aprestos\",\"isPartOf\":{\"@id\":\"https:\\\/\\\/www.altominho.tv\\\/site\\\/#website\"},\"primaryImageOfPage\":{\"@id\":\"https:\\\/\\\/www.altominho.tv\\\/site\\\/2019\\\/10\\\/01\\\/capitania-de-viana-deteta-pescadores-indonesios-alojados-em-armazens-de-aprestos\\\/#primaryimage\"},\"image\":{\"@id\":\"https:\\\/\\\/www.altominho.tv\\\/site\\\/2019\\\/10\\\/01\\\/capitania-de-viana-deteta-pescadores-indonesios-alojados-em-armazens-de-aprestos\\\/#primaryimage\"},\"thumbnailUrl\":\"https:\\\/\\\/www.altominho.tv\\\/site\\\/wp-content\\\/uploads\\\/2019\\\/10\\\/Capitania.jpg\",\"datePublished\":\"2019-10-01T16:57:34+00:00\",\"dateModified\":\"2019-10-01T17:19:29+00:00\",\"author\":{\"@id\":\"https:\\\/\\\/www.altominho.tv\\\/site\\\/#\\\/schema\\\/person\\\/63f693da3e1899361cbe955c46f3232e\"},\"breadcrumb\":{\"@id\":\"https:\\\/\\\/www.altominho.tv\\\/site\\\/2019\\\/10\\\/01\\\/capitania-de-viana-deteta-pescadores-indonesios-alojados-em-armazens-de-aprestos\\\/#breadcrumb\"},\"inLanguage\":\"pt-PT\",\"potentialAction\":[{\"@type\":\"ReadAction\",\"target\":[\"https:\\\/\\\/www.altominho.tv\\\/site\\\/2019\\\/10\\\/01\\\/capitania-de-viana-deteta-pescadores-indonesios-alojados-em-armazens-de-aprestos\\\/\"]}]},{\"@type\":\"ImageObject\",\"inLanguage\":\"pt-PT\",\"@id\":\"https:\\\/\\\/www.altominho.tv\\\/site\\\/2019\\\/10\\\/01\\\/capitania-de-viana-deteta-pescadores-indonesios-alojados-em-armazens-de-aprestos\\\/#primaryimage\",\"url\":\"https:\\\/\\\/www.altominho.tv\\\/site\\\/wp-content\\\/uploads\\\/2019\\\/10\\\/Capitania.jpg\",\"contentUrl\":\"https:\\\/\\\/www.altominho.tv\\\/site\\\/wp-content\\\/uploads\\\/2019\\\/10\\\/Capitania.jpg\",\"width\":1123,\"height\":758},{\"@type\":\"BreadcrumbList\",\"@id\":\"https:\\\/\\\/www.altominho.tv\\\/site\\\/2019\\\/10\\\/01\\\/capitania-de-viana-deteta-pescadores-indonesios-alojados-em-armazens-de-aprestos\\\/#breadcrumb\",\"itemListElement\":[{\"@type\":\"ListItem\",\"position\":1,\"name\":\"In\u00edcio\",\"item\":\"https:\\\/\\\/www.altominho.tv\\\/site\\\/\"},{\"@type\":\"ListItem\",\"position\":2,\"name\":\"Capitania de Viana deteta pescadores indon\u00e9sios alojados em armaz\u00e9ns de aprestos\"}]},{\"@type\":\"WebSite\",\"@id\":\"https:\\\/\\\/www.altominho.tv\\\/site\\\/#website\",\"url\":\"https:\\\/\\\/www.altominho.tv\\\/site\\\/\",\"name\":\"Altominho.tv\",\"description\":\"A sua regi\u00e3o \u00e0 dist\u00e2ncia de um clique...\",\"potentialAction\":[{\"@type\":\"SearchAction\",\"target\":{\"@type\":\"EntryPoint\",\"urlTemplate\":\"https:\\\/\\\/www.altominho.tv\\\/site\\\/?s={search_term_string}\"},\"query-input\":{\"@type\":\"PropertyValueSpecification\",\"valueRequired\":true,\"valueName\":\"search_term_string\"}}],\"inLanguage\":\"pt-PT\"},{\"@type\":\"Person\",\"@id\":\"https:\\\/\\\/www.altominho.tv\\\/site\\\/#\\\/schema\\\/person\\\/63f693da3e1899361cbe955c46f3232e\",\"name\":\"Lusa\",\"image\":{\"@type\":\"ImageObject\",\"inLanguage\":\"pt-PT\",\"@id\":\"https:\\\/\\\/www.altominho.tv\\\/site\\\/wp-content\\\/uploads\\\/2019\\\/08\\\/LUSA_Logo.gif\",\"url\":\"https:\\\/\\\/www.altominho.tv\\\/site\\\/wp-content\\\/uploads\\\/2019\\\/08\\\/LUSA_Logo.gif\",\"contentUrl\":\"https:\\\/\\\/www.altominho.tv\\\/site\\\/wp-content\\\/uploads\\\/2019\\\/08\\\/LUSA_Logo.gif\",\"caption\":\"Lusa\"},\"sameAs\":[\"http:\\\/\\\/\\\/\\\/www.altominho.tv\\\/site\"],\"url\":\"https:\\\/\\\/www.altominho.tv\\\/site\\\/author\\\/lusa\\\/\"}]}<\/script>\n<!-- \/ Yoast SEO Premium plugin. -->","yoast_head_json":{"title":"Capitania de Viana deteta pescadores indon\u00e9sios alojados em armaz\u00e9ns de aprestos","robots":{"index":"index","follow":"follow","max-snippet":"max-snippet:-1","max-image-preview":"max-image-preview:large","max-video-preview":"max-video-preview:-1"},"canonical":"https:\/\/www.altominho.tv\/site\/2019\/10\/01\/capitania-de-viana-deteta-pescadores-indonesios-alojados-em-armazens-de-aprestos\/","og_locale":"pt_PT","og_type":"article","og_title":"Capitania de Viana deteta pescadores indon\u00e9sios alojados em armaz\u00e9ns de aprestos","og_description":"A capitania de Viana do Castelo elaborou o auto de not\u00edcia de um caso que envolve pescadores indon\u00e9sios alojados em armaz\u00e9ns constru\u00eddos na frente ribeirinha da cidade com fundos comunit\u00e1rios, destinados a guardar aprestos de pesca. O capit\u00e3o do porto e comandante da Pol\u00edcia Mar\u00edtima (PM) de Viana do Castelo, Sameiro Matias, adiantou \u00e0 Lusa [&hellip;]","og_url":"https:\/\/www.altominho.tv\/site\/2019\/10\/01\/capitania-de-viana-deteta-pescadores-indonesios-alojados-em-armazens-de-aprestos\/","og_site_name":"Altominho.tv","article_publisher":"https:\/\/www.facebook.com\/altominhotv","article_published_time":"2019-10-01T16:57:34+00:00","article_modified_time":"2019-10-01T17:19:29+00:00","og_image":[{"width":1123,"height":758,"url":"https:\/\/www.altominho.tv\/site\/wp-content\/uploads\/2019\/10\/Capitania.jpg","type":"image\/jpeg"}],"author":"Lusa","twitter_card":"summary_large_image","twitter_creator":"@altominhoTV","twitter_site":"@altominhoTV","twitter_misc":{"Escrito por":"Lusa","Tempo estimado de leitura":"3 minutos"},"schema":{"@context":"https:\/\/schema.org","@graph":[{"@type":"Article","@id":"https:\/\/www.altominho.tv\/site\/2019\/10\/01\/capitania-de-viana-deteta-pescadores-indonesios-alojados-em-armazens-de-aprestos\/#article","isPartOf":{"@id":"https:\/\/www.altominho.tv\/site\/2019\/10\/01\/capitania-de-viana-deteta-pescadores-indonesios-alojados-em-armazens-de-aprestos\/"},"author":{"name":"Lusa","@id":"https:\/\/www.altominho.tv\/site\/#\/schema\/person\/63f693da3e1899361cbe955c46f3232e"},"headline":"Capitania de Viana deteta pescadores indon\u00e9sios alojados em armaz\u00e9ns de aprestos","datePublished":"2019-10-01T16:57:34+00:00","dateModified":"2019-10-01T17:19:29+00:00","mainEntityOfPage":{"@id":"https:\/\/www.altominho.tv\/site\/2019\/10\/01\/capitania-de-viana-deteta-pescadores-indonesios-alojados-em-armazens-de-aprestos\/"},"wordCount":675,"image":{"@id":"https:\/\/www.altominho.tv\/site\/2019\/10\/01\/capitania-de-viana-deteta-pescadores-indonesios-alojados-em-armazens-de-aprestos\/#primaryimage"},"thumbnailUrl":"https:\/\/www.altominho.tv\/site\/wp-content\/uploads\/2019\/10\/Capitania.jpg","keywords":["Sociedade"],"articleSection":["Viana do Castelo"],"inLanguage":"pt-PT","copyrightYear":"2019","copyrightHolder":{"@id":"https:\/\/www.altominho.tv\/site\/#organization"}},{"@type":"WebPage","@id":"https:\/\/www.altominho.tv\/site\/2019\/10\/01\/capitania-de-viana-deteta-pescadores-indonesios-alojados-em-armazens-de-aprestos\/","url":"https:\/\/www.altominho.tv\/site\/2019\/10\/01\/capitania-de-viana-deteta-pescadores-indonesios-alojados-em-armazens-de-aprestos\/","name":"Capitania de Viana deteta pescadores indon\u00e9sios alojados em armaz\u00e9ns de aprestos","isPartOf":{"@id":"https:\/\/www.altominho.tv\/site\/#website"},"primaryImageOfPage":{"@id":"https:\/\/www.altominho.tv\/site\/2019\/10\/01\/capitania-de-viana-deteta-pescadores-indonesios-alojados-em-armazens-de-aprestos\/#primaryimage"},"image":{"@id":"https:\/\/www.altominho.tv\/site\/2019\/10\/01\/capitania-de-viana-deteta-pescadores-indonesios-alojados-em-armazens-de-aprestos\/#primaryimage"},"thumbnailUrl":"https:\/\/www.altominho.tv\/site\/wp-content\/uploads\/2019\/10\/Capitania.jpg","datePublished":"2019-10-01T16:57:34+00:00","dateModified":"2019-10-01T17:19:29+00:00","author":{"@id":"https:\/\/www.altominho.tv\/site\/#\/schema\/person\/63f693da3e1899361cbe955c46f3232e"},"breadcrumb":{"@id":"https:\/\/www.altominho.tv\/site\/2019\/10\/01\/capitania-de-viana-deteta-pescadores-indonesios-alojados-em-armazens-de-aprestos\/#breadcrumb"},"inLanguage":"pt-PT","potentialAction":[{"@type":"ReadAction","target":["https:\/\/www.altominho.tv\/site\/2019\/10\/01\/capitania-de-viana-deteta-pescadores-indonesios-alojados-em-armazens-de-aprestos\/"]}]},{"@type":"ImageObject","inLanguage":"pt-PT","@id":"https:\/\/www.altominho.tv\/site\/2019\/10\/01\/capitania-de-viana-deteta-pescadores-indonesios-alojados-em-armazens-de-aprestos\/#primaryimage","url":"https:\/\/www.altominho.tv\/site\/wp-content\/uploads\/2019\/10\/Capitania.jpg","contentUrl":"https:\/\/www.altominho.tv\/site\/wp-content\/uploads\/2019\/10\/Capitania.jpg","width":1123,"height":758},{"@type":"BreadcrumbList","@id":"https:\/\/www.altominho.tv\/site\/2019\/10\/01\/capitania-de-viana-deteta-pescadores-indonesios-alojados-em-armazens-de-aprestos\/#breadcrumb","itemListElement":[{"@type":"ListItem","position":1,"name":"In\u00edcio","item":"https:\/\/www.altominho.tv\/site\/"},{"@type":"ListItem","position":2,"name":"Capitania de Viana deteta pescadores indon\u00e9sios alojados em armaz\u00e9ns de aprestos"}]},{"@type":"WebSite","@id":"https:\/\/www.altominho.tv\/site\/#website","url":"https:\/\/www.altominho.tv\/site\/","name":"Altominho.tv","description":"A sua regi\u00e3o \u00e0 dist\u00e2ncia de um clique...","potentialAction":[{"@type":"SearchAction","target":{"@type":"EntryPoint","urlTemplate":"https:\/\/www.altominho.tv\/site\/?s={search_term_string}"},"query-input":{"@type":"PropertyValueSpecification","valueRequired":true,"valueName":"search_term_string"}}],"inLanguage":"pt-PT"},{"@type":"Person","@id":"https:\/\/www.altominho.tv\/site\/#\/schema\/person\/63f693da3e1899361cbe955c46f3232e","name":"Lusa","image":{"@type":"ImageObject","inLanguage":"pt-PT","@id":"https:\/\/www.altominho.tv\/site\/wp-content\/uploads\/2019\/08\/LUSA_Logo.gif","url":"https:\/\/www.altominho.tv\/site\/wp-content\/uploads\/2019\/08\/LUSA_Logo.gif","contentUrl":"https:\/\/www.altominho.tv\/site\/wp-content\/uploads\/2019\/08\/LUSA_Logo.gif","caption":"Lusa"},"sameAs":["http:\/\/\/\/www.altominho.tv\/site"],"url":"https:\/\/www.altominho.tv\/site\/author\/lusa\/"}]}},"_links":{"self":[{"href":"https:\/\/www.altominho.tv\/site\/wp-json\/wp\/v2\/posts\/34766","targetHints":{"allow":["GET"]}}],"collection":[{"href":"https:\/\/www.altominho.tv\/site\/wp-json\/wp\/v2\/posts"}],"about":[{"href":"https:\/\/www.altominho.tv\/site\/wp-json\/wp\/v2\/types\/post"}],"author":[{"embeddable":true,"href":"https:\/\/www.altominho.tv\/site\/wp-json\/wp\/v2\/users\/13"}],"replies":[{"embeddable":true,"href":"https:\/\/www.altominho.tv\/site\/wp-json\/wp\/v2\/comments?post=34766"}],"version-history":[{"count":0,"href":"https:\/\/www.altominho.tv\/site\/wp-json\/wp\/v2\/posts\/34766\/revisions"}],"wp:featuredmedia":[{"embeddable":true,"href":"https:\/\/www.altominho.tv\/site\/wp-json\/wp\/v2\/media\/34767"}],"wp:attachment":[{"href":"https:\/\/www.altominho.tv\/site\/wp-json\/wp\/v2\/media?parent=34766"}],"wp:term":[{"taxonomy":"category","embeddable":true,"href":"https:\/\/www.altominho.tv\/site\/wp-json\/wp\/v2\/categories?post=34766"},{"taxonomy":"post_tag","embeddable":true,"href":"https:\/\/www.altominho.tv\/site\/wp-json\/wp\/v2\/tags?post=34766"}],"curies":[{"name":"wp","href":"https:\/\/api.w.org\/{rel}","templated":true}]}}