{"id":34617,"date":"2019-09-26T09:40:18","date_gmt":"2019-09-26T08:40:18","guid":{"rendered":"http:\/\/www.altominho.tv\/site\/?p=34617"},"modified":"2019-09-26T09:43:07","modified_gmt":"2019-09-26T08:43:07","slug":"viana-dassinala-dia-mundial-do-turismo-com-diversas-iniciativas-e-entradas-gratuitas","status":"publish","type":"post","link":"https:\/\/www.altominho.tv\/site\/2019\/09\/26\/viana-dassinala-dia-mundial-do-turismo-com-diversas-iniciativas-e-entradas-gratuitas\/","title":{"rendered":"Viana assinala Dia Mundial do Turismo com diversas iniciativas e entradas gratuitas"},"content":{"rendered":"\n<p class=\"wp-block-paragraph\">A 27 de setembro, assinala-se o Dia Mundial do Turismo.<\/p>\n\n\n\n<p class=\"wp-block-paragraph\">O Munic\u00edpio de Viana do Castelo preparou uma programa\u00e7\u00e3o variada para assinalar a efem\u00e9ride, com diversas iniciativas e entradas gratuitas.<\/p>\n\n\n\n<p class=\"wp-block-paragraph\">A autarquia informou que, neste dia, a entrada ser\u00e1 livre nos museus municipais, sendo poss\u00edvel visitar as exposi\u00e7\u00f5es permanentes e tempor\u00e1rias no hor\u00e1rio normal de funcionamento (10h00 \u00e0s 18h00). <\/p>\n\n\n\n<p class=\"wp-block-paragraph\">A entrada ser\u00e1 tamb\u00e9m livre no Museu de Artes Decorativas, Museu do Traje, Casa dos Nichos &#8211; N\u00facleo de Arqueologia e ainda no Centro de Mar, Centro de Monitoriza\u00e7\u00e3o e Interpreta\u00e7\u00e3o Ambiental (CMIA) e Centro Interpretativo do Caminho Portugu\u00eas da Costa.<\/p>\n\n\n\n<p class=\"wp-block-paragraph\">Tamb\u00e9m a visita \u00e0 Cit\u00e2nia de Santa Luzia, conhecida localmente como &#8220;cidade velha&#8221;, ser\u00e1 gratuita neste dia. <\/p>\n\n\n\n<p class=\"wp-block-paragraph\">A Cit\u00e2nia de Santa Luzia \u00e9 um dos castros mais conhecidos do Norte de Portugal e um dos mais importantes para o estudo da Proto-Hist\u00f3ria e da Romaniza\u00e7\u00e3o do Alto Minho.<\/p>\n\n\n\n<p class=\"wp-block-paragraph\">As viagens no Funicular de Santa Luzia, entre as 9h00 e as 20h00, ter\u00e3o um desconto de 50%.<\/p>\n\n\n\n<p class=\"wp-block-paragraph\">Tamb\u00e9m as visitas ao Navio-hospital Gil Eannes ter\u00e3o um desconto de 50%, tendo o visitante a oportunidade de fazer o reconhecimento e \u201cnavegar\u201d pelos diversos espa\u00e7os do navio, como a ponte de comando, cozinha, padaria, casa das m\u00e1quinas, consult\u00f3rio m\u00e9dico, sala de tratamentos, gabinete de radiologia, enfermarias, bloco operat\u00f3rio, camarotes, capela, entre outros espa\u00e7os.<\/p>\n\n\n\n<p class=\"wp-block-paragraph\">Os passeios de barco no rio Lima, com sa\u00eddas a partir das 10h15, tamb\u00e9m ter\u00e3o desconto de metade do valor neste dia, com sa\u00eddas de hora a hora, e as visitas guiadas \u00e0 cidade de Viana do Castelo v\u00e3o ter um desconto de 50%, com visita pedonal guiada \u00e0s 10h30 e visita guiada nas bicicletas \u201cBianinhas\u201d \u00e0s 14h30.<\/p>\n\n\n\n<p class=\"wp-block-paragraph\">Desde 1980 que o dia 27 de setembro celebra o Turismo, e este ano o tema \u00e9 \u201cTurismo e emprego: um futuro melhor para todos\u201d.<\/p>\n\n\n\n<p class=\"wp-block-paragraph\">O turismo tem registado um crescimento cont\u00ednuo por todo o Alto Minho.<\/p>\n\n\n\n<p class=\"wp-block-paragraph\"><br><\/p>\n","protected":false},"excerpt":{"rendered":"<p>A 27 de setembro, assinala-se o Dia Mundial do Turismo. O Munic\u00edpio de Viana do Castelo preparou uma programa\u00e7\u00e3o variada para assinalar a efem\u00e9ride, com diversas iniciativas e entradas gratuitas. A autarquia informou que, neste dia, a entrada ser\u00e1 livre nos museus municipais, sendo poss\u00edvel visitar as exposi\u00e7\u00f5es permanentes e tempor\u00e1rias no hor\u00e1rio normal de [&hellip;]<\/p>\n","protected":false},"author":7,"featured_media":34619,"comment_status":"closed","ping_status":"closed","sticky":false,"template":"","format":"standard","meta":{"_exactmetrics_skip_tracking":false,"footnotes":""},"categories":[14],"tags":[19,24],"class_list":["post-34617","post","type-post","status-publish","format-standard","has-post-thumbnail","hentry","category-viana-do-castelo","tag-cultura","tag-lazer"],"yoast_head":"<!-- This site is optimized with the Yoast SEO Premium plugin v28.3 (Yoast SEO v28.3) - https:\/\/yoast.com\/product\/yoast-seo-premium-wordpress\/ -->\n<title>Viana assinala Dia Mundial do Turismo com diversas iniciativas e entradas gratuitas<\/title>\n<meta name=\"robots\" content=\"index, follow, max-snippet:-1, max-image-preview:large, max-video-preview:-1\" \/>\n<link rel=\"canonical\" href=\"https:\/\/www.altominho.tv\/site\/2019\/09\/26\/viana-dassinala-dia-mundial-do-turismo-com-diversas-iniciativas-e-entradas-gratuitas\/\" \/>\n<meta property=\"og:locale\" content=\"pt_PT\" \/>\n<meta property=\"og:type\" content=\"article\" \/>\n<meta property=\"og:title\" content=\"Viana assinala Dia Mundial do Turismo com diversas iniciativas e entradas gratuitas\" \/>\n<meta property=\"og:description\" content=\"A 27 de setembro, assinala-se o Dia Mundial do Turismo. O Munic\u00edpio de Viana do Castelo preparou uma programa\u00e7\u00e3o variada para assinalar a efem\u00e9ride, com diversas iniciativas e entradas gratuitas. A autarquia informou que, neste dia, a entrada ser\u00e1 livre nos museus municipais, sendo poss\u00edvel visitar as exposi\u00e7\u00f5es permanentes e tempor\u00e1rias no hor\u00e1rio normal de [&hellip;]\" \/>\n<meta property=\"og:url\" content=\"https:\/\/www.altominho.tv\/site\/2019\/09\/26\/viana-dassinala-dia-mundial-do-turismo-com-diversas-iniciativas-e-entradas-gratuitas\/\" \/>\n<meta property=\"og:site_name\" content=\"Altominho.tv\" \/>\n<meta property=\"article:publisher\" content=\"https:\/\/www.facebook.com\/altominhotv\" \/>\n<meta property=\"article:published_time\" content=\"2019-09-26T08:40:18+00:00\" \/>\n<meta property=\"article:modified_time\" content=\"2019-09-26T08:43:07+00:00\" \/>\n<meta property=\"og:image\" content=\"https:\/\/www.altominho.tv\/site\/wp-content\/uploads\/2019\/09\/cropped-vianaa-740x491.jpg\" \/>\n\t<meta property=\"og:image:width\" content=\"740\" \/>\n\t<meta property=\"og:image:height\" content=\"416\" \/>\n\t<meta property=\"og:image:type\" content=\"image\/jpeg\" \/>\n<meta name=\"author\" content=\"Andreia Cunha\" \/>\n<meta name=\"twitter:card\" content=\"summary_large_image\" \/>\n<meta name=\"twitter:creator\" content=\"@altominhoTV\" \/>\n<meta name=\"twitter:site\" content=\"@altominhoTV\" \/>\n<meta name=\"twitter:label1\" content=\"Escrito por\" \/>\n\t<meta name=\"twitter:data1\" content=\"Andreia Cunha\" \/>\n\t<meta name=\"twitter:label2\" content=\"Tempo estimado de leitura\" \/>\n\t<meta name=\"twitter:data2\" content=\"2 minutos\" \/>\n<script type=\"application\/ld+json\" class=\"yoast-schema-graph\">{\"@context\":\"https:\\\/\\\/schema.org\",\"@graph\":[{\"@type\":\"Article\",\"@id\":\"https:\\\/\\\/www.altominho.tv\\\/site\\\/2019\\\/09\\\/26\\\/viana-dassinala-dia-mundial-do-turismo-com-diversas-iniciativas-e-entradas-gratuitas\\\/#article\",\"isPartOf\":{\"@id\":\"https:\\\/\\\/www.altominho.tv\\\/site\\\/2019\\\/09\\\/26\\\/viana-dassinala-dia-mundial-do-turismo-com-diversas-iniciativas-e-entradas-gratuitas\\\/\"},\"author\":{\"name\":\"Andreia Cunha\",\"@id\":\"https:\\\/\\\/www.altominho.tv\\\/site\\\/#\\\/schema\\\/person\\\/a0e4ef6d041f98ca284393d8f1d97153\"},\"headline\":\"Viana assinala Dia Mundial do Turismo com diversas iniciativas e entradas gratuitas\",\"datePublished\":\"2019-09-26T08:40:18+00:00\",\"dateModified\":\"2019-09-26T08:43:07+00:00\",\"mainEntityOfPage\":{\"@id\":\"https:\\\/\\\/www.altominho.tv\\\/site\\\/2019\\\/09\\\/26\\\/viana-dassinala-dia-mundial-do-turismo-com-diversas-iniciativas-e-entradas-gratuitas\\\/\"},\"wordCount\":349,\"image\":{\"@id\":\"https:\\\/\\\/www.altominho.tv\\\/site\\\/2019\\\/09\\\/26\\\/viana-dassinala-dia-mundial-do-turismo-com-diversas-iniciativas-e-entradas-gratuitas\\\/#primaryimage\"},\"thumbnailUrl\":\"https:\\\/\\\/www.altominho.tv\\\/site\\\/wp-content\\\/uploads\\\/2019\\\/09\\\/cropped-vianaa-740x491.jpg\",\"keywords\":[\"Cultura\",\"Lazer\"],\"articleSection\":[\"Viana do Castelo\"],\"inLanguage\":\"pt-PT\",\"copyrightYear\":\"2019\",\"copyrightHolder\":{\"@id\":\"https:\\\/\\\/www.altominho.tv\\\/site\\\/#organization\"}},{\"@type\":\"WebPage\",\"@id\":\"https:\\\/\\\/www.altominho.tv\\\/site\\\/2019\\\/09\\\/26\\\/viana-dassinala-dia-mundial-do-turismo-com-diversas-iniciativas-e-entradas-gratuitas\\\/\",\"url\":\"https:\\\/\\\/www.altominho.tv\\\/site\\\/2019\\\/09\\\/26\\\/viana-dassinala-dia-mundial-do-turismo-com-diversas-iniciativas-e-entradas-gratuitas\\\/\",\"name\":\"Viana assinala Dia Mundial do Turismo com diversas iniciativas e entradas gratuitas\",\"isPartOf\":{\"@id\":\"https:\\\/\\\/www.altominho.tv\\\/site\\\/#website\"},\"primaryImageOfPage\":{\"@id\":\"https:\\\/\\\/www.altominho.tv\\\/site\\\/2019\\\/09\\\/26\\\/viana-dassinala-dia-mundial-do-turismo-com-diversas-iniciativas-e-entradas-gratuitas\\\/#primaryimage\"},\"image\":{\"@id\":\"https:\\\/\\\/www.altominho.tv\\\/site\\\/2019\\\/09\\\/26\\\/viana-dassinala-dia-mundial-do-turismo-com-diversas-iniciativas-e-entradas-gratuitas\\\/#primaryimage\"},\"thumbnailUrl\":\"https:\\\/\\\/www.altominho.tv\\\/site\\\/wp-content\\\/uploads\\\/2019\\\/09\\\/cropped-vianaa-740x491.jpg\",\"datePublished\":\"2019-09-26T08:40:18+00:00\",\"dateModified\":\"2019-09-26T08:43:07+00:00\",\"author\":{\"@id\":\"https:\\\/\\\/www.altominho.tv\\\/site\\\/#\\\/schema\\\/person\\\/a0e4ef6d041f98ca284393d8f1d97153\"},\"breadcrumb\":{\"@id\":\"https:\\\/\\\/www.altominho.tv\\\/site\\\/2019\\\/09\\\/26\\\/viana-dassinala-dia-mundial-do-turismo-com-diversas-iniciativas-e-entradas-gratuitas\\\/#breadcrumb\"},\"inLanguage\":\"pt-PT\",\"potentialAction\":[{\"@type\":\"ReadAction\",\"target\":[\"https:\\\/\\\/www.altominho.tv\\\/site\\\/2019\\\/09\\\/26\\\/viana-dassinala-dia-mundial-do-turismo-com-diversas-iniciativas-e-entradas-gratuitas\\\/\"]}]},{\"@type\":\"ImageObject\",\"inLanguage\":\"pt-PT\",\"@id\":\"https:\\\/\\\/www.altominho.tv\\\/site\\\/2019\\\/09\\\/26\\\/viana-dassinala-dia-mundial-do-turismo-com-diversas-iniciativas-e-entradas-gratuitas\\\/#primaryimage\",\"url\":\"https:\\\/\\\/www.altominho.tv\\\/site\\\/wp-content\\\/uploads\\\/2019\\\/09\\\/cropped-vianaa-740x491.jpg\",\"contentUrl\":\"https:\\\/\\\/www.altominho.tv\\\/site\\\/wp-content\\\/uploads\\\/2019\\\/09\\\/cropped-vianaa-740x491.jpg\",\"width\":740,\"height\":416},{\"@type\":\"BreadcrumbList\",\"@id\":\"https:\\\/\\\/www.altominho.tv\\\/site\\\/2019\\\/09\\\/26\\\/viana-dassinala-dia-mundial-do-turismo-com-diversas-iniciativas-e-entradas-gratuitas\\\/#breadcrumb\",\"itemListElement\":[{\"@type\":\"ListItem\",\"position\":1,\"name\":\"In\u00edcio\",\"item\":\"https:\\\/\\\/www.altominho.tv\\\/site\\\/\"},{\"@type\":\"ListItem\",\"position\":2,\"name\":\"Viana assinala Dia Mundial do Turismo com diversas iniciativas e entradas gratuitas\"}]},{\"@type\":\"WebSite\",\"@id\":\"https:\\\/\\\/www.altominho.tv\\\/site\\\/#website\",\"url\":\"https:\\\/\\\/www.altominho.tv\\\/site\\\/\",\"name\":\"Altominho.tv\",\"description\":\"A sua regi\u00e3o \u00e0 dist\u00e2ncia de um clique...\",\"potentialAction\":[{\"@type\":\"SearchAction\",\"target\":{\"@type\":\"EntryPoint\",\"urlTemplate\":\"https:\\\/\\\/www.altominho.tv\\\/site\\\/?s={search_term_string}\"},\"query-input\":{\"@type\":\"PropertyValueSpecification\",\"valueRequired\":true,\"valueName\":\"search_term_string\"}}],\"inLanguage\":\"pt-PT\"},{\"@type\":\"Person\",\"@id\":\"https:\\\/\\\/www.altominho.tv\\\/site\\\/#\\\/schema\\\/person\\\/a0e4ef6d041f98ca284393d8f1d97153\",\"name\":\"Andreia Cunha\",\"image\":{\"@type\":\"ImageObject\",\"inLanguage\":\"pt-PT\",\"@id\":\"https:\\\/\\\/www.altominho.tv\\\/site\\\/wp-content\\\/uploads\\\/2017\\\/11\\\/Andreia_Cunha-1-150x150.jpg\",\"url\":\"https:\\\/\\\/www.altominho.tv\\\/site\\\/wp-content\\\/uploads\\\/2017\\\/11\\\/Andreia_Cunha-1-150x150.jpg\",\"contentUrl\":\"https:\\\/\\\/www.altominho.tv\\\/site\\\/wp-content\\\/uploads\\\/2017\\\/11\\\/Andreia_Cunha-1-150x150.jpg\",\"caption\":\"Andreia Cunha\"},\"url\":\"https:\\\/\\\/www.altominho.tv\\\/site\\\/author\\\/andreiacunha\\\/\"}]}<\/script>\n<!-- \/ Yoast SEO Premium plugin. -->","yoast_head_json":{"title":"Viana assinala Dia Mundial do Turismo com diversas iniciativas e entradas gratuitas","robots":{"index":"index","follow":"follow","max-snippet":"max-snippet:-1","max-image-preview":"max-image-preview:large","max-video-preview":"max-video-preview:-1"},"canonical":"https:\/\/www.altominho.tv\/site\/2019\/09\/26\/viana-dassinala-dia-mundial-do-turismo-com-diversas-iniciativas-e-entradas-gratuitas\/","og_locale":"pt_PT","og_type":"article","og_title":"Viana assinala Dia Mundial do Turismo com diversas iniciativas e entradas gratuitas","og_description":"A 27 de setembro, assinala-se o Dia Mundial do Turismo. O Munic\u00edpio de Viana do Castelo preparou uma programa\u00e7\u00e3o variada para assinalar a efem\u00e9ride, com diversas iniciativas e entradas gratuitas. A autarquia informou que, neste dia, a entrada ser\u00e1 livre nos museus municipais, sendo poss\u00edvel visitar as exposi\u00e7\u00f5es permanentes e tempor\u00e1rias no hor\u00e1rio normal de [&hellip;]","og_url":"https:\/\/www.altominho.tv\/site\/2019\/09\/26\/viana-dassinala-dia-mundial-do-turismo-com-diversas-iniciativas-e-entradas-gratuitas\/","og_site_name":"Altominho.tv","article_publisher":"https:\/\/www.facebook.com\/altominhotv","article_published_time":"2019-09-26T08:40:18+00:00","article_modified_time":"2019-09-26T08:43:07+00:00","og_image":[{"width":740,"height":416,"url":"https:\/\/www.altominho.tv\/site\/wp-content\/uploads\/2019\/09\/cropped-vianaa-740x491.jpg","type":"image\/jpeg"}],"author":"Andreia Cunha","twitter_card":"summary_large_image","twitter_creator":"@altominhoTV","twitter_site":"@altominhoTV","twitter_misc":{"Escrito por":"Andreia Cunha","Tempo estimado de leitura":"2 minutos"},"schema":{"@context":"https:\/\/schema.org","@graph":[{"@type":"Article","@id":"https:\/\/www.altominho.tv\/site\/2019\/09\/26\/viana-dassinala-dia-mundial-do-turismo-com-diversas-iniciativas-e-entradas-gratuitas\/#article","isPartOf":{"@id":"https:\/\/www.altominho.tv\/site\/2019\/09\/26\/viana-dassinala-dia-mundial-do-turismo-com-diversas-iniciativas-e-entradas-gratuitas\/"},"author":{"name":"Andreia Cunha","@id":"https:\/\/www.altominho.tv\/site\/#\/schema\/person\/a0e4ef6d041f98ca284393d8f1d97153"},"headline":"Viana assinala Dia Mundial do Turismo com diversas iniciativas e entradas gratuitas","datePublished":"2019-09-26T08:40:18+00:00","dateModified":"2019-09-26T08:43:07+00:00","mainEntityOfPage":{"@id":"https:\/\/www.altominho.tv\/site\/2019\/09\/26\/viana-dassinala-dia-mundial-do-turismo-com-diversas-iniciativas-e-entradas-gratuitas\/"},"wordCount":349,"image":{"@id":"https:\/\/www.altominho.tv\/site\/2019\/09\/26\/viana-dassinala-dia-mundial-do-turismo-com-diversas-iniciativas-e-entradas-gratuitas\/#primaryimage"},"thumbnailUrl":"https:\/\/www.altominho.tv\/site\/wp-content\/uploads\/2019\/09\/cropped-vianaa-740x491.jpg","keywords":["Cultura","Lazer"],"articleSection":["Viana do Castelo"],"inLanguage":"pt-PT","copyrightYear":"2019","copyrightHolder":{"@id":"https:\/\/www.altominho.tv\/site\/#organization"}},{"@type":"WebPage","@id":"https:\/\/www.altominho.tv\/site\/2019\/09\/26\/viana-dassinala-dia-mundial-do-turismo-com-diversas-iniciativas-e-entradas-gratuitas\/","url":"https:\/\/www.altominho.tv\/site\/2019\/09\/26\/viana-dassinala-dia-mundial-do-turismo-com-diversas-iniciativas-e-entradas-gratuitas\/","name":"Viana assinala Dia Mundial do Turismo com diversas iniciativas e entradas gratuitas","isPartOf":{"@id":"https:\/\/www.altominho.tv\/site\/#website"},"primaryImageOfPage":{"@id":"https:\/\/www.altominho.tv\/site\/2019\/09\/26\/viana-dassinala-dia-mundial-do-turismo-com-diversas-iniciativas-e-entradas-gratuitas\/#primaryimage"},"image":{"@id":"https:\/\/www.altominho.tv\/site\/2019\/09\/26\/viana-dassinala-dia-mundial-do-turismo-com-diversas-iniciativas-e-entradas-gratuitas\/#primaryimage"},"thumbnailUrl":"https:\/\/www.altominho.tv\/site\/wp-content\/uploads\/2019\/09\/cropped-vianaa-740x491.jpg","datePublished":"2019-09-26T08:40:18+00:00","dateModified":"2019-09-26T08:43:07+00:00","author":{"@id":"https:\/\/www.altominho.tv\/site\/#\/schema\/person\/a0e4ef6d041f98ca284393d8f1d97153"},"breadcrumb":{"@id":"https:\/\/www.altominho.tv\/site\/2019\/09\/26\/viana-dassinala-dia-mundial-do-turismo-com-diversas-iniciativas-e-entradas-gratuitas\/#breadcrumb"},"inLanguage":"pt-PT","potentialAction":[{"@type":"ReadAction","target":["https:\/\/www.altominho.tv\/site\/2019\/09\/26\/viana-dassinala-dia-mundial-do-turismo-com-diversas-iniciativas-e-entradas-gratuitas\/"]}]},{"@type":"ImageObject","inLanguage":"pt-PT","@id":"https:\/\/www.altominho.tv\/site\/2019\/09\/26\/viana-dassinala-dia-mundial-do-turismo-com-diversas-iniciativas-e-entradas-gratuitas\/#primaryimage","url":"https:\/\/www.altominho.tv\/site\/wp-content\/uploads\/2019\/09\/cropped-vianaa-740x491.jpg","contentUrl":"https:\/\/www.altominho.tv\/site\/wp-content\/uploads\/2019\/09\/cropped-vianaa-740x491.jpg","width":740,"height":416},{"@type":"BreadcrumbList","@id":"https:\/\/www.altominho.tv\/site\/2019\/09\/26\/viana-dassinala-dia-mundial-do-turismo-com-diversas-iniciativas-e-entradas-gratuitas\/#breadcrumb","itemListElement":[{"@type":"ListItem","position":1,"name":"In\u00edcio","item":"https:\/\/www.altominho.tv\/site\/"},{"@type":"ListItem","position":2,"name":"Viana assinala Dia Mundial do Turismo com diversas iniciativas e entradas gratuitas"}]},{"@type":"WebSite","@id":"https:\/\/www.altominho.tv\/site\/#website","url":"https:\/\/www.altominho.tv\/site\/","name":"Altominho.tv","description":"A sua regi\u00e3o \u00e0 dist\u00e2ncia de um clique...","potentialAction":[{"@type":"SearchAction","target":{"@type":"EntryPoint","urlTemplate":"https:\/\/www.altominho.tv\/site\/?s={search_term_string}"},"query-input":{"@type":"PropertyValueSpecification","valueRequired":true,"valueName":"search_term_string"}}],"inLanguage":"pt-PT"},{"@type":"Person","@id":"https:\/\/www.altominho.tv\/site\/#\/schema\/person\/a0e4ef6d041f98ca284393d8f1d97153","name":"Andreia Cunha","image":{"@type":"ImageObject","inLanguage":"pt-PT","@id":"https:\/\/www.altominho.tv\/site\/wp-content\/uploads\/2017\/11\/Andreia_Cunha-1-150x150.jpg","url":"https:\/\/www.altominho.tv\/site\/wp-content\/uploads\/2017\/11\/Andreia_Cunha-1-150x150.jpg","contentUrl":"https:\/\/www.altominho.tv\/site\/wp-content\/uploads\/2017\/11\/Andreia_Cunha-1-150x150.jpg","caption":"Andreia Cunha"},"url":"https:\/\/www.altominho.tv\/site\/author\/andreiacunha\/"}]}},"_links":{"self":[{"href":"https:\/\/www.altominho.tv\/site\/wp-json\/wp\/v2\/posts\/34617","targetHints":{"allow":["GET"]}}],"collection":[{"href":"https:\/\/www.altominho.tv\/site\/wp-json\/wp\/v2\/posts"}],"about":[{"href":"https:\/\/www.altominho.tv\/site\/wp-json\/wp\/v2\/types\/post"}],"author":[{"embeddable":true,"href":"https:\/\/www.altominho.tv\/site\/wp-json\/wp\/v2\/users\/7"}],"replies":[{"embeddable":true,"href":"https:\/\/www.altominho.tv\/site\/wp-json\/wp\/v2\/comments?post=34617"}],"version-history":[{"count":0,"href":"https:\/\/www.altominho.tv\/site\/wp-json\/wp\/v2\/posts\/34617\/revisions"}],"wp:featuredmedia":[{"embeddable":true,"href":"https:\/\/www.altominho.tv\/site\/wp-json\/wp\/v2\/media\/34619"}],"wp:attachment":[{"href":"https:\/\/www.altominho.tv\/site\/wp-json\/wp\/v2\/media?parent=34617"}],"wp:term":[{"taxonomy":"category","embeddable":true,"href":"https:\/\/www.altominho.tv\/site\/wp-json\/wp\/v2\/categories?post=34617"},{"taxonomy":"post_tag","embeddable":true,"href":"https:\/\/www.altominho.tv\/site\/wp-json\/wp\/v2\/tags?post=34617"}],"curies":[{"name":"wp","href":"https:\/\/api.w.org\/{rel}","templated":true}]}}