{"id":34604,"date":"2019-09-25T16:22:05","date_gmt":"2019-09-25T15:22:05","guid":{"rendered":"http:\/\/www.altominho.tv\/site\/?p=34604"},"modified":"2019-09-25T16:29:07","modified_gmt":"2019-09-25T15:29:07","slug":"psp-detem-homem-que-ameacou-agentes-com-arma-branca","status":"publish","type":"post","link":"https:\/\/www.altominho.tv\/site\/2019\/09\/25\/psp-detem-homem-que-ameacou-agentes-com-arma-branca\/","title":{"rendered":"PSP det\u00e9m homem que amea\u00e7ou agentes com arma branca"},"content":{"rendered":"<p>A PSP deteve um homem por amea\u00e7ar agentes policiais com uma arma branca na freguesia da Meadela, em Viana do Castelo.<\/p>\n<p>Em comunicado, a PSP de Viana do Castelo adiantou que na sequ\u00eancia da deten\u00e7\u00e3o, na ter\u00e7a-feira, foi encontrado na posse do homem \u201cdiverso material furtado em v\u00e1rios locais e ainda um telem\u00f3vel roubado na cidade\u201d.<\/p>\n<p>\u201cForam-lhe apreendidos, entre outro material, um martelo pneum\u00e1tico, um berbequim, uma m\u00e1quina de aeroterapia, produtos de cabeleireiro, jogos e dinheiro\u201d, especifica a nota.<\/p>\n<p>Segundo a PSP, \u201co material apreendido foi associado a processos de furto em investiga\u00e7\u00e3o no comando distrital de Viana do Castelo\u201d.<\/p>\n\n\n<p><\/p>\n","protected":false},"excerpt":{"rendered":"<p>A PSP deteve um homem por amea\u00e7ar agentes policiais com uma arma branca na freguesia da Meadela, em Viana do Castelo. Em comunicado, a PSP de Viana do Castelo adiantou que na sequ\u00eancia da deten\u00e7\u00e3o, na ter\u00e7a-feira, foi encontrado na posse do homem \u201cdiverso material furtado em v\u00e1rios locais e ainda um telem\u00f3vel roubado na [&hellip;]<\/p>\n","protected":false},"author":13,"featured_media":34605,"comment_status":"closed","ping_status":"closed","sticky":false,"template":"","format":"standard","meta":{"_exactmetrics_skip_tracking":false,"_exactmetrics_sitenote_active":false,"_exactmetrics_sitenote_note":"","_exactmetrics_sitenote_category":0,"footnotes":""},"categories":[14],"tags":[27],"class_list":["post-34604","post","type-post","status-publish","format-standard","has-post-thumbnail","hentry","category-viana-do-castelo","tag-sociedade"],"yoast_head":"<!-- This site is optimized with the Yoast SEO Premium plugin v27.5 (Yoast SEO v27.5) - https:\/\/yoast.com\/product\/yoast-seo-premium-wordpress\/ -->\n<title>PSP det\u00e9m homem que amea\u00e7ou agentes com arma branca<\/title>\n<meta name=\"robots\" content=\"index, follow, max-snippet:-1, max-image-preview:large, max-video-preview:-1\" \/>\n<link rel=\"canonical\" href=\"https:\/\/www.altominho.tv\/site\/2019\/09\/25\/psp-detem-homem-que-ameacou-agentes-com-arma-branca\/\" \/>\n<meta property=\"og:locale\" content=\"pt_PT\" \/>\n<meta property=\"og:type\" content=\"article\" \/>\n<meta property=\"og:title\" content=\"PSP det\u00e9m homem que amea\u00e7ou agentes com arma branca\" \/>\n<meta property=\"og:description\" content=\"A PSP deteve um homem por amea\u00e7ar agentes policiais com uma arma branca na freguesia da Meadela, em Viana do Castelo. Em comunicado, a PSP de Viana do Castelo adiantou que na sequ\u00eancia da deten\u00e7\u00e3o, na ter\u00e7a-feira, foi encontrado na posse do homem \u201cdiverso material furtado em v\u00e1rios locais e ainda um telem\u00f3vel roubado na [&hellip;]\" \/>\n<meta property=\"og:url\" content=\"https:\/\/www.altominho.tv\/site\/2019\/09\/25\/psp-detem-homem-que-ameacou-agentes-com-arma-branca\/\" \/>\n<meta property=\"og:site_name\" content=\"Altominho.tv\" \/>\n<meta property=\"article:publisher\" content=\"https:\/\/www.facebook.com\/altominhotv\" \/>\n<meta property=\"article:published_time\" content=\"2019-09-25T15:22:05+00:00\" \/>\n<meta property=\"article:modified_time\" content=\"2019-09-25T15:29:07+00:00\" \/>\n<meta property=\"og:image\" content=\"https:\/\/www.altominho.tv\/site\/wp-content\/uploads\/2019\/09\/Deten\u00e7\u00e3o-740x416-1.jpg\" \/>\n\t<meta property=\"og:image:width\" content=\"740\" \/>\n\t<meta property=\"og:image:height\" content=\"416\" \/>\n\t<meta property=\"og:image:type\" content=\"image\/jpeg\" \/>\n<meta name=\"author\" content=\"Lusa\" \/>\n<meta name=\"twitter:card\" content=\"summary_large_image\" \/>\n<meta name=\"twitter:creator\" content=\"@altominhoTV\" \/>\n<meta name=\"twitter:site\" content=\"@altominhoTV\" \/>\n<meta name=\"twitter:label1\" content=\"Escrito por\" \/>\n\t<meta name=\"twitter:data1\" content=\"Lusa\" \/>\n\t<meta name=\"twitter:label2\" content=\"Tempo estimado de leitura\" \/>\n\t<meta name=\"twitter:data2\" content=\"1 minuto\" \/>\n<script type=\"application\/ld+json\" class=\"yoast-schema-graph\">{\"@context\":\"https:\\\/\\\/schema.org\",\"@graph\":[{\"@type\":\"Article\",\"@id\":\"https:\\\/\\\/www.altominho.tv\\\/site\\\/2019\\\/09\\\/25\\\/psp-detem-homem-que-ameacou-agentes-com-arma-branca\\\/#article\",\"isPartOf\":{\"@id\":\"https:\\\/\\\/www.altominho.tv\\\/site\\\/2019\\\/09\\\/25\\\/psp-detem-homem-que-ameacou-agentes-com-arma-branca\\\/\"},\"author\":{\"name\":\"Lusa\",\"@id\":\"https:\\\/\\\/www.altominho.tv\\\/site\\\/#\\\/schema\\\/person\\\/63f693da3e1899361cbe955c46f3232e\"},\"headline\":\"PSP det\u00e9m homem que amea\u00e7ou agentes com arma branca\",\"datePublished\":\"2019-09-25T15:22:05+00:00\",\"dateModified\":\"2019-09-25T15:29:07+00:00\",\"mainEntityOfPage\":{\"@id\":\"https:\\\/\\\/www.altominho.tv\\\/site\\\/2019\\\/09\\\/25\\\/psp-detem-homem-que-ameacou-agentes-com-arma-branca\\\/\"},\"wordCount\":120,\"image\":{\"@id\":\"https:\\\/\\\/www.altominho.tv\\\/site\\\/2019\\\/09\\\/25\\\/psp-detem-homem-que-ameacou-agentes-com-arma-branca\\\/#primaryimage\"},\"thumbnailUrl\":\"https:\\\/\\\/www.altominho.tv\\\/site\\\/wp-content\\\/uploads\\\/2019\\\/09\\\/Deten\u00e7\u00e3o-740x416-1.jpg\",\"keywords\":[\"Sociedade\"],\"articleSection\":[\"Viana do Castelo\"],\"inLanguage\":\"pt-PT\",\"copyrightYear\":\"2019\",\"copyrightHolder\":{\"@id\":\"https:\\\/\\\/www.altominho.tv\\\/site\\\/#organization\"}},{\"@type\":\"WebPage\",\"@id\":\"https:\\\/\\\/www.altominho.tv\\\/site\\\/2019\\\/09\\\/25\\\/psp-detem-homem-que-ameacou-agentes-com-arma-branca\\\/\",\"url\":\"https:\\\/\\\/www.altominho.tv\\\/site\\\/2019\\\/09\\\/25\\\/psp-detem-homem-que-ameacou-agentes-com-arma-branca\\\/\",\"name\":\"PSP det\u00e9m homem que amea\u00e7ou agentes com arma branca\",\"isPartOf\":{\"@id\":\"https:\\\/\\\/www.altominho.tv\\\/site\\\/#website\"},\"primaryImageOfPage\":{\"@id\":\"https:\\\/\\\/www.altominho.tv\\\/site\\\/2019\\\/09\\\/25\\\/psp-detem-homem-que-ameacou-agentes-com-arma-branca\\\/#primaryimage\"},\"image\":{\"@id\":\"https:\\\/\\\/www.altominho.tv\\\/site\\\/2019\\\/09\\\/25\\\/psp-detem-homem-que-ameacou-agentes-com-arma-branca\\\/#primaryimage\"},\"thumbnailUrl\":\"https:\\\/\\\/www.altominho.tv\\\/site\\\/wp-content\\\/uploads\\\/2019\\\/09\\\/Deten\u00e7\u00e3o-740x416-1.jpg\",\"datePublished\":\"2019-09-25T15:22:05+00:00\",\"dateModified\":\"2019-09-25T15:29:07+00:00\",\"author\":{\"@id\":\"https:\\\/\\\/www.altominho.tv\\\/site\\\/#\\\/schema\\\/person\\\/63f693da3e1899361cbe955c46f3232e\"},\"breadcrumb\":{\"@id\":\"https:\\\/\\\/www.altominho.tv\\\/site\\\/2019\\\/09\\\/25\\\/psp-detem-homem-que-ameacou-agentes-com-arma-branca\\\/#breadcrumb\"},\"inLanguage\":\"pt-PT\",\"potentialAction\":[{\"@type\":\"ReadAction\",\"target\":[\"https:\\\/\\\/www.altominho.tv\\\/site\\\/2019\\\/09\\\/25\\\/psp-detem-homem-que-ameacou-agentes-com-arma-branca\\\/\"]}]},{\"@type\":\"ImageObject\",\"inLanguage\":\"pt-PT\",\"@id\":\"https:\\\/\\\/www.altominho.tv\\\/site\\\/2019\\\/09\\\/25\\\/psp-detem-homem-que-ameacou-agentes-com-arma-branca\\\/#primaryimage\",\"url\":\"https:\\\/\\\/www.altominho.tv\\\/site\\\/wp-content\\\/uploads\\\/2019\\\/09\\\/Deten\u00e7\u00e3o-740x416-1.jpg\",\"contentUrl\":\"https:\\\/\\\/www.altominho.tv\\\/site\\\/wp-content\\\/uploads\\\/2019\\\/09\\\/Deten\u00e7\u00e3o-740x416-1.jpg\",\"width\":740,\"height\":416},{\"@type\":\"BreadcrumbList\",\"@id\":\"https:\\\/\\\/www.altominho.tv\\\/site\\\/2019\\\/09\\\/25\\\/psp-detem-homem-que-ameacou-agentes-com-arma-branca\\\/#breadcrumb\",\"itemListElement\":[{\"@type\":\"ListItem\",\"position\":1,\"name\":\"In\u00edcio\",\"item\":\"https:\\\/\\\/www.altominho.tv\\\/site\\\/\"},{\"@type\":\"ListItem\",\"position\":2,\"name\":\"PSP det\u00e9m homem que amea\u00e7ou agentes com arma branca\"}]},{\"@type\":\"WebSite\",\"@id\":\"https:\\\/\\\/www.altominho.tv\\\/site\\\/#website\",\"url\":\"https:\\\/\\\/www.altominho.tv\\\/site\\\/\",\"name\":\"Altominho.tv\",\"description\":\"A sua regi\u00e3o \u00e0 dist\u00e2ncia de um clique...\",\"potentialAction\":[{\"@type\":\"SearchAction\",\"target\":{\"@type\":\"EntryPoint\",\"urlTemplate\":\"https:\\\/\\\/www.altominho.tv\\\/site\\\/?s={search_term_string}\"},\"query-input\":{\"@type\":\"PropertyValueSpecification\",\"valueRequired\":true,\"valueName\":\"search_term_string\"}}],\"inLanguage\":\"pt-PT\"},{\"@type\":\"Person\",\"@id\":\"https:\\\/\\\/www.altominho.tv\\\/site\\\/#\\\/schema\\\/person\\\/63f693da3e1899361cbe955c46f3232e\",\"name\":\"Lusa\",\"image\":{\"@type\":\"ImageObject\",\"inLanguage\":\"pt-PT\",\"@id\":\"https:\\\/\\\/www.altominho.tv\\\/site\\\/wp-content\\\/uploads\\\/2019\\\/08\\\/LUSA_Logo.gif\",\"url\":\"https:\\\/\\\/www.altominho.tv\\\/site\\\/wp-content\\\/uploads\\\/2019\\\/08\\\/LUSA_Logo.gif\",\"contentUrl\":\"https:\\\/\\\/www.altominho.tv\\\/site\\\/wp-content\\\/uploads\\\/2019\\\/08\\\/LUSA_Logo.gif\",\"caption\":\"Lusa\"},\"sameAs\":[\"http:\\\/\\\/\\\/\\\/www.altominho.tv\\\/site\"],\"url\":\"https:\\\/\\\/www.altominho.tv\\\/site\\\/author\\\/lusa\\\/\"}]}<\/script>\n<!-- \/ Yoast SEO Premium plugin. -->","yoast_head_json":{"title":"PSP det\u00e9m homem que amea\u00e7ou agentes com arma branca","robots":{"index":"index","follow":"follow","max-snippet":"max-snippet:-1","max-image-preview":"max-image-preview:large","max-video-preview":"max-video-preview:-1"},"canonical":"https:\/\/www.altominho.tv\/site\/2019\/09\/25\/psp-detem-homem-que-ameacou-agentes-com-arma-branca\/","og_locale":"pt_PT","og_type":"article","og_title":"PSP det\u00e9m homem que amea\u00e7ou agentes com arma branca","og_description":"A PSP deteve um homem por amea\u00e7ar agentes policiais com uma arma branca na freguesia da Meadela, em Viana do Castelo. Em comunicado, a PSP de Viana do Castelo adiantou que na sequ\u00eancia da deten\u00e7\u00e3o, na ter\u00e7a-feira, foi encontrado na posse do homem \u201cdiverso material furtado em v\u00e1rios locais e ainda um telem\u00f3vel roubado na [&hellip;]","og_url":"https:\/\/www.altominho.tv\/site\/2019\/09\/25\/psp-detem-homem-que-ameacou-agentes-com-arma-branca\/","og_site_name":"Altominho.tv","article_publisher":"https:\/\/www.facebook.com\/altominhotv","article_published_time":"2019-09-25T15:22:05+00:00","article_modified_time":"2019-09-25T15:29:07+00:00","og_image":[{"width":740,"height":416,"url":"https:\/\/www.altominho.tv\/site\/wp-content\/uploads\/2019\/09\/Deten\u00e7\u00e3o-740x416-1.jpg","type":"image\/jpeg"}],"author":"Lusa","twitter_card":"summary_large_image","twitter_creator":"@altominhoTV","twitter_site":"@altominhoTV","twitter_misc":{"Escrito por":"Lusa","Tempo estimado de leitura":"1 minuto"},"schema":{"@context":"https:\/\/schema.org","@graph":[{"@type":"Article","@id":"https:\/\/www.altominho.tv\/site\/2019\/09\/25\/psp-detem-homem-que-ameacou-agentes-com-arma-branca\/#article","isPartOf":{"@id":"https:\/\/www.altominho.tv\/site\/2019\/09\/25\/psp-detem-homem-que-ameacou-agentes-com-arma-branca\/"},"author":{"name":"Lusa","@id":"https:\/\/www.altominho.tv\/site\/#\/schema\/person\/63f693da3e1899361cbe955c46f3232e"},"headline":"PSP det\u00e9m homem que amea\u00e7ou agentes com arma branca","datePublished":"2019-09-25T15:22:05+00:00","dateModified":"2019-09-25T15:29:07+00:00","mainEntityOfPage":{"@id":"https:\/\/www.altominho.tv\/site\/2019\/09\/25\/psp-detem-homem-que-ameacou-agentes-com-arma-branca\/"},"wordCount":120,"image":{"@id":"https:\/\/www.altominho.tv\/site\/2019\/09\/25\/psp-detem-homem-que-ameacou-agentes-com-arma-branca\/#primaryimage"},"thumbnailUrl":"https:\/\/www.altominho.tv\/site\/wp-content\/uploads\/2019\/09\/Deten\u00e7\u00e3o-740x416-1.jpg","keywords":["Sociedade"],"articleSection":["Viana do Castelo"],"inLanguage":"pt-PT","copyrightYear":"2019","copyrightHolder":{"@id":"https:\/\/www.altominho.tv\/site\/#organization"}},{"@type":"WebPage","@id":"https:\/\/www.altominho.tv\/site\/2019\/09\/25\/psp-detem-homem-que-ameacou-agentes-com-arma-branca\/","url":"https:\/\/www.altominho.tv\/site\/2019\/09\/25\/psp-detem-homem-que-ameacou-agentes-com-arma-branca\/","name":"PSP det\u00e9m homem que amea\u00e7ou agentes com arma branca","isPartOf":{"@id":"https:\/\/www.altominho.tv\/site\/#website"},"primaryImageOfPage":{"@id":"https:\/\/www.altominho.tv\/site\/2019\/09\/25\/psp-detem-homem-que-ameacou-agentes-com-arma-branca\/#primaryimage"},"image":{"@id":"https:\/\/www.altominho.tv\/site\/2019\/09\/25\/psp-detem-homem-que-ameacou-agentes-com-arma-branca\/#primaryimage"},"thumbnailUrl":"https:\/\/www.altominho.tv\/site\/wp-content\/uploads\/2019\/09\/Deten\u00e7\u00e3o-740x416-1.jpg","datePublished":"2019-09-25T15:22:05+00:00","dateModified":"2019-09-25T15:29:07+00:00","author":{"@id":"https:\/\/www.altominho.tv\/site\/#\/schema\/person\/63f693da3e1899361cbe955c46f3232e"},"breadcrumb":{"@id":"https:\/\/www.altominho.tv\/site\/2019\/09\/25\/psp-detem-homem-que-ameacou-agentes-com-arma-branca\/#breadcrumb"},"inLanguage":"pt-PT","potentialAction":[{"@type":"ReadAction","target":["https:\/\/www.altominho.tv\/site\/2019\/09\/25\/psp-detem-homem-que-ameacou-agentes-com-arma-branca\/"]}]},{"@type":"ImageObject","inLanguage":"pt-PT","@id":"https:\/\/www.altominho.tv\/site\/2019\/09\/25\/psp-detem-homem-que-ameacou-agentes-com-arma-branca\/#primaryimage","url":"https:\/\/www.altominho.tv\/site\/wp-content\/uploads\/2019\/09\/Deten\u00e7\u00e3o-740x416-1.jpg","contentUrl":"https:\/\/www.altominho.tv\/site\/wp-content\/uploads\/2019\/09\/Deten\u00e7\u00e3o-740x416-1.jpg","width":740,"height":416},{"@type":"BreadcrumbList","@id":"https:\/\/www.altominho.tv\/site\/2019\/09\/25\/psp-detem-homem-que-ameacou-agentes-com-arma-branca\/#breadcrumb","itemListElement":[{"@type":"ListItem","position":1,"name":"In\u00edcio","item":"https:\/\/www.altominho.tv\/site\/"},{"@type":"ListItem","position":2,"name":"PSP det\u00e9m homem que amea\u00e7ou agentes com arma branca"}]},{"@type":"WebSite","@id":"https:\/\/www.altominho.tv\/site\/#website","url":"https:\/\/www.altominho.tv\/site\/","name":"Altominho.tv","description":"A sua regi\u00e3o \u00e0 dist\u00e2ncia de um clique...","potentialAction":[{"@type":"SearchAction","target":{"@type":"EntryPoint","urlTemplate":"https:\/\/www.altominho.tv\/site\/?s={search_term_string}"},"query-input":{"@type":"PropertyValueSpecification","valueRequired":true,"valueName":"search_term_string"}}],"inLanguage":"pt-PT"},{"@type":"Person","@id":"https:\/\/www.altominho.tv\/site\/#\/schema\/person\/63f693da3e1899361cbe955c46f3232e","name":"Lusa","image":{"@type":"ImageObject","inLanguage":"pt-PT","@id":"https:\/\/www.altominho.tv\/site\/wp-content\/uploads\/2019\/08\/LUSA_Logo.gif","url":"https:\/\/www.altominho.tv\/site\/wp-content\/uploads\/2019\/08\/LUSA_Logo.gif","contentUrl":"https:\/\/www.altominho.tv\/site\/wp-content\/uploads\/2019\/08\/LUSA_Logo.gif","caption":"Lusa"},"sameAs":["http:\/\/\/\/www.altominho.tv\/site"],"url":"https:\/\/www.altominho.tv\/site\/author\/lusa\/"}]}},"_links":{"self":[{"href":"https:\/\/www.altominho.tv\/site\/wp-json\/wp\/v2\/posts\/34604","targetHints":{"allow":["GET"]}}],"collection":[{"href":"https:\/\/www.altominho.tv\/site\/wp-json\/wp\/v2\/posts"}],"about":[{"href":"https:\/\/www.altominho.tv\/site\/wp-json\/wp\/v2\/types\/post"}],"author":[{"embeddable":true,"href":"https:\/\/www.altominho.tv\/site\/wp-json\/wp\/v2\/users\/13"}],"replies":[{"embeddable":true,"href":"https:\/\/www.altominho.tv\/site\/wp-json\/wp\/v2\/comments?post=34604"}],"version-history":[{"count":0,"href":"https:\/\/www.altominho.tv\/site\/wp-json\/wp\/v2\/posts\/34604\/revisions"}],"wp:featuredmedia":[{"embeddable":true,"href":"https:\/\/www.altominho.tv\/site\/wp-json\/wp\/v2\/media\/34605"}],"wp:attachment":[{"href":"https:\/\/www.altominho.tv\/site\/wp-json\/wp\/v2\/media?parent=34604"}],"wp:term":[{"taxonomy":"category","embeddable":true,"href":"https:\/\/www.altominho.tv\/site\/wp-json\/wp\/v2\/categories?post=34604"},{"taxonomy":"post_tag","embeddable":true,"href":"https:\/\/www.altominho.tv\/site\/wp-json\/wp\/v2\/tags?post=34604"}],"curies":[{"name":"wp","href":"https:\/\/api.w.org\/{rel}","templated":true}]}}