{"id":34597,"date":"2019-09-25T15:15:25","date_gmt":"2019-09-25T14:15:25","guid":{"rendered":"http:\/\/www.altominho.tv\/site\/?p=34597"},"modified":"2019-09-25T15:15:35","modified_gmt":"2019-09-25T14:15:35","slug":"gnr-detem-homem-de-37-anos-por-trafico-de-droga","status":"publish","type":"post","link":"https:\/\/www.altominho.tv\/site\/2019\/09\/25\/gnr-detem-homem-de-37-anos-por-trafico-de-droga\/","title":{"rendered":"GNR det\u00e9m homem de 37 anos por tr\u00e1fico de droga"},"content":{"rendered":"<p>Um homem de 37 anos foi detido em flagrante, no concelho de Viana do Castelo, por <span class=\"il\">tr\u00e1fico<\/span>\u00a0de\u00a0<span class=\"il\">droga, tendo-lhe sido apreendidas mais de 500 doses de haxixe.<\/span><u><\/u><\/p>\n<p>Segundo um comunicado do Comando Territorial da GNR de Viana do Castelo, a deten\u00e7\u00e3o ocorreu esta ter\u00e7a-feira, durante &#8220;uma a\u00e7\u00e3o de patrulhamento e vigil\u00e2ncia&#8221;.<\/p>\n<p>&#8220;Os militares observaram uma viatura que se encontrava estacionada em local suspeito, tendo abordado o condutor, verificando que o mesmo era detentor de produto estupefaciente&#8221;, adianta a nota.<\/p>\n<p>Na sequ\u00eancia das dilig\u00eancias, a GNR realizou uma busca\u00a0<span class=\"il\">domicili\u00e1ria<\/span>\u00a0e outra a um\u00a0<span class=\"il\">ve\u00edculo<\/span>, tendo apreendido 577 doses de haxixe,\u00a04.020 euros<span style=\"font-size: inherit\"> em numer\u00e1rio, d<\/span>ois moinhos e dois telem\u00f3veis.<u><\/u><u><\/u><\/p>\n<p>O detido foi constitu\u00eddo arguido e apresentou-se, esta quarta-feira, no Tribunal Judicial de Viana do Castelo, para lhe serem aplicadas as medidas de coa\u00e7\u00e3o.<u><\/u><u><\/u><\/p>\n<p>A a\u00e7\u00e3o contou com a colabora\u00e7\u00e3o do N\u00facleo de investiga\u00e7\u00e3o Criminal de Viana de Castelo.<\/p>\n","protected":false},"excerpt":{"rendered":"<p>Um homem de 37 anos foi detido em flagrante, no concelho de Viana do Castelo, por tr\u00e1fico\u00a0de\u00a0droga, tendo-lhe sido apreendidas mais de 500 doses de haxixe. Segundo um comunicado do Comando Territorial da GNR de Viana do Castelo, a deten\u00e7\u00e3o ocorreu esta ter\u00e7a-feira, durante &#8220;uma a\u00e7\u00e3o de patrulhamento e vigil\u00e2ncia&#8221;. &#8220;Os militares observaram uma viatura [&hellip;]<\/p>\n","protected":false},"author":12,"featured_media":34598,"comment_status":"closed","ping_status":"closed","sticky":false,"template":"","format":"standard","meta":{"_exactmetrics_skip_tracking":false,"_exactmetrics_sitenote_active":false,"_exactmetrics_sitenote_note":"","_exactmetrics_sitenote_category":0,"footnotes":""},"categories":[14],"tags":[27],"class_list":["post-34597","post","type-post","status-publish","format-standard","has-post-thumbnail","hentry","category-viana-do-castelo","tag-sociedade"],"yoast_head":"<!-- This site is optimized with the Yoast SEO Premium plugin v27.5 (Yoast SEO v27.5) - https:\/\/yoast.com\/product\/yoast-seo-premium-wordpress\/ -->\n<title>GNR det\u00e9m homem de 37 anos por tr\u00e1fico de droga<\/title>\n<meta name=\"robots\" content=\"index, follow, max-snippet:-1, max-image-preview:large, max-video-preview:-1\" \/>\n<link rel=\"canonical\" href=\"https:\/\/www.altominho.tv\/site\/2019\/09\/25\/gnr-detem-homem-de-37-anos-por-trafico-de-droga\/\" \/>\n<meta property=\"og:locale\" content=\"pt_PT\" \/>\n<meta property=\"og:type\" content=\"article\" \/>\n<meta property=\"og:title\" content=\"GNR det\u00e9m homem de 37 anos por tr\u00e1fico de droga\" \/>\n<meta property=\"og:description\" content=\"Um homem de 37 anos foi detido em flagrante, no concelho de Viana do Castelo, por tr\u00e1fico\u00a0de\u00a0droga, tendo-lhe sido apreendidas mais de 500 doses de haxixe. Segundo um comunicado do Comando Territorial da GNR de Viana do Castelo, a deten\u00e7\u00e3o ocorreu esta ter\u00e7a-feira, durante &#8220;uma a\u00e7\u00e3o de patrulhamento e vigil\u00e2ncia&#8221;. &#8220;Os militares observaram uma viatura [&hellip;]\" \/>\n<meta property=\"og:url\" content=\"https:\/\/www.altominho.tv\/site\/2019\/09\/25\/gnr-detem-homem-de-37-anos-por-trafico-de-droga\/\" \/>\n<meta property=\"og:site_name\" content=\"Altominho.tv\" \/>\n<meta property=\"article:publisher\" content=\"https:\/\/www.facebook.com\/altominhotv\" \/>\n<meta property=\"article:published_time\" content=\"2019-09-25T14:15:25+00:00\" \/>\n<meta property=\"article:modified_time\" content=\"2019-09-25T14:15:35+00:00\" \/>\n<meta property=\"og:image\" content=\"https:\/\/www.altominho.tv\/site\/wp-content\/uploads\/2019\/09\/GNR-V-Castelo-Apreens\u00e3o.jpg\" \/>\n\t<meta property=\"og:image:width\" content=\"1474\" \/>\n\t<meta property=\"og:image:height\" content=\"1125\" \/>\n\t<meta property=\"og:image:type\" content=\"image\/jpeg\" \/>\n<meta name=\"author\" content=\"Andreia Ferreira\" \/>\n<meta name=\"twitter:card\" content=\"summary_large_image\" \/>\n<meta name=\"twitter:creator\" content=\"@altominhoTV\" \/>\n<meta name=\"twitter:site\" content=\"@altominhoTV\" \/>\n<meta name=\"twitter:label1\" content=\"Escrito por\" \/>\n\t<meta name=\"twitter:data1\" content=\"Andreia Ferreira\" \/>\n\t<meta name=\"twitter:label2\" content=\"Tempo estimado de leitura\" \/>\n\t<meta name=\"twitter:data2\" content=\"1 minuto\" \/>\n<script type=\"application\/ld+json\" class=\"yoast-schema-graph\">{\"@context\":\"https:\\\/\\\/schema.org\",\"@graph\":[{\"@type\":\"Article\",\"@id\":\"https:\\\/\\\/www.altominho.tv\\\/site\\\/2019\\\/09\\\/25\\\/gnr-detem-homem-de-37-anos-por-trafico-de-droga\\\/#article\",\"isPartOf\":{\"@id\":\"https:\\\/\\\/www.altominho.tv\\\/site\\\/2019\\\/09\\\/25\\\/gnr-detem-homem-de-37-anos-por-trafico-de-droga\\\/\"},\"author\":{\"name\":\"Andreia Ferreira\",\"@id\":\"https:\\\/\\\/www.altominho.tv\\\/site\\\/#\\\/schema\\\/person\\\/d9be4265364723f14ea8e0d56a1d38cd\"},\"headline\":\"GNR det\u00e9m homem de 37 anos por tr\u00e1fico de droga\",\"datePublished\":\"2019-09-25T14:15:25+00:00\",\"dateModified\":\"2019-09-25T14:15:35+00:00\",\"mainEntityOfPage\":{\"@id\":\"https:\\\/\\\/www.altominho.tv\\\/site\\\/2019\\\/09\\\/25\\\/gnr-detem-homem-de-37-anos-por-trafico-de-droga\\\/\"},\"wordCount\":173,\"image\":{\"@id\":\"https:\\\/\\\/www.altominho.tv\\\/site\\\/2019\\\/09\\\/25\\\/gnr-detem-homem-de-37-anos-por-trafico-de-droga\\\/#primaryimage\"},\"thumbnailUrl\":\"https:\\\/\\\/www.altominho.tv\\\/site\\\/wp-content\\\/uploads\\\/2019\\\/09\\\/GNR-V-Castelo-Apreens\u00e3o.jpg\",\"keywords\":[\"Sociedade\"],\"articleSection\":[\"Viana do Castelo\"],\"inLanguage\":\"pt-PT\",\"copyrightYear\":\"2019\",\"copyrightHolder\":{\"@id\":\"https:\\\/\\\/www.altominho.tv\\\/site\\\/#organization\"}},{\"@type\":\"WebPage\",\"@id\":\"https:\\\/\\\/www.altominho.tv\\\/site\\\/2019\\\/09\\\/25\\\/gnr-detem-homem-de-37-anos-por-trafico-de-droga\\\/\",\"url\":\"https:\\\/\\\/www.altominho.tv\\\/site\\\/2019\\\/09\\\/25\\\/gnr-detem-homem-de-37-anos-por-trafico-de-droga\\\/\",\"name\":\"GNR det\u00e9m homem de 37 anos por tr\u00e1fico de droga\",\"isPartOf\":{\"@id\":\"https:\\\/\\\/www.altominho.tv\\\/site\\\/#website\"},\"primaryImageOfPage\":{\"@id\":\"https:\\\/\\\/www.altominho.tv\\\/site\\\/2019\\\/09\\\/25\\\/gnr-detem-homem-de-37-anos-por-trafico-de-droga\\\/#primaryimage\"},\"image\":{\"@id\":\"https:\\\/\\\/www.altominho.tv\\\/site\\\/2019\\\/09\\\/25\\\/gnr-detem-homem-de-37-anos-por-trafico-de-droga\\\/#primaryimage\"},\"thumbnailUrl\":\"https:\\\/\\\/www.altominho.tv\\\/site\\\/wp-content\\\/uploads\\\/2019\\\/09\\\/GNR-V-Castelo-Apreens\u00e3o.jpg\",\"datePublished\":\"2019-09-25T14:15:25+00:00\",\"dateModified\":\"2019-09-25T14:15:35+00:00\",\"author\":{\"@id\":\"https:\\\/\\\/www.altominho.tv\\\/site\\\/#\\\/schema\\\/person\\\/d9be4265364723f14ea8e0d56a1d38cd\"},\"breadcrumb\":{\"@id\":\"https:\\\/\\\/www.altominho.tv\\\/site\\\/2019\\\/09\\\/25\\\/gnr-detem-homem-de-37-anos-por-trafico-de-droga\\\/#breadcrumb\"},\"inLanguage\":\"pt-PT\",\"potentialAction\":[{\"@type\":\"ReadAction\",\"target\":[\"https:\\\/\\\/www.altominho.tv\\\/site\\\/2019\\\/09\\\/25\\\/gnr-detem-homem-de-37-anos-por-trafico-de-droga\\\/\"]}]},{\"@type\":\"ImageObject\",\"inLanguage\":\"pt-PT\",\"@id\":\"https:\\\/\\\/www.altominho.tv\\\/site\\\/2019\\\/09\\\/25\\\/gnr-detem-homem-de-37-anos-por-trafico-de-droga\\\/#primaryimage\",\"url\":\"https:\\\/\\\/www.altominho.tv\\\/site\\\/wp-content\\\/uploads\\\/2019\\\/09\\\/GNR-V-Castelo-Apreens\u00e3o.jpg\",\"contentUrl\":\"https:\\\/\\\/www.altominho.tv\\\/site\\\/wp-content\\\/uploads\\\/2019\\\/09\\\/GNR-V-Castelo-Apreens\u00e3o.jpg\",\"width\":1474,\"height\":1125},{\"@type\":\"BreadcrumbList\",\"@id\":\"https:\\\/\\\/www.altominho.tv\\\/site\\\/2019\\\/09\\\/25\\\/gnr-detem-homem-de-37-anos-por-trafico-de-droga\\\/#breadcrumb\",\"itemListElement\":[{\"@type\":\"ListItem\",\"position\":1,\"name\":\"In\u00edcio\",\"item\":\"https:\\\/\\\/www.altominho.tv\\\/site\\\/\"},{\"@type\":\"ListItem\",\"position\":2,\"name\":\"GNR det\u00e9m homem de 37 anos por tr\u00e1fico de droga\"}]},{\"@type\":\"WebSite\",\"@id\":\"https:\\\/\\\/www.altominho.tv\\\/site\\\/#website\",\"url\":\"https:\\\/\\\/www.altominho.tv\\\/site\\\/\",\"name\":\"Altominho.tv\",\"description\":\"A sua regi\u00e3o \u00e0 dist\u00e2ncia de um clique...\",\"potentialAction\":[{\"@type\":\"SearchAction\",\"target\":{\"@type\":\"EntryPoint\",\"urlTemplate\":\"https:\\\/\\\/www.altominho.tv\\\/site\\\/?s={search_term_string}\"},\"query-input\":{\"@type\":\"PropertyValueSpecification\",\"valueRequired\":true,\"valueName\":\"search_term_string\"}}],\"inLanguage\":\"pt-PT\"},{\"@type\":\"Person\",\"@id\":\"https:\\\/\\\/www.altominho.tv\\\/site\\\/#\\\/schema\\\/person\\\/d9be4265364723f14ea8e0d56a1d38cd\",\"name\":\"Andreia Ferreira\",\"image\":{\"@type\":\"ImageObject\",\"inLanguage\":\"pt-PT\",\"@id\":\"https:\\\/\\\/www.altominho.tv\\\/site\\\/wp-content\\\/uploads\\\/2021\\\/01\\\/AndreiaFerreira-150x150.jpg\",\"url\":\"https:\\\/\\\/www.altominho.tv\\\/site\\\/wp-content\\\/uploads\\\/2021\\\/01\\\/AndreiaFerreira-150x150.jpg\",\"contentUrl\":\"https:\\\/\\\/www.altominho.tv\\\/site\\\/wp-content\\\/uploads\\\/2021\\\/01\\\/AndreiaFerreira-150x150.jpg\",\"caption\":\"Andreia Ferreira\"},\"url\":\"https:\\\/\\\/www.altominho.tv\\\/site\\\/author\\\/andreiaferreira\\\/\"}]}<\/script>\n<!-- \/ Yoast SEO Premium plugin. -->","yoast_head_json":{"title":"GNR det\u00e9m homem de 37 anos por tr\u00e1fico de droga","robots":{"index":"index","follow":"follow","max-snippet":"max-snippet:-1","max-image-preview":"max-image-preview:large","max-video-preview":"max-video-preview:-1"},"canonical":"https:\/\/www.altominho.tv\/site\/2019\/09\/25\/gnr-detem-homem-de-37-anos-por-trafico-de-droga\/","og_locale":"pt_PT","og_type":"article","og_title":"GNR det\u00e9m homem de 37 anos por tr\u00e1fico de droga","og_description":"Um homem de 37 anos foi detido em flagrante, no concelho de Viana do Castelo, por tr\u00e1fico\u00a0de\u00a0droga, tendo-lhe sido apreendidas mais de 500 doses de haxixe. Segundo um comunicado do Comando Territorial da GNR de Viana do Castelo, a deten\u00e7\u00e3o ocorreu esta ter\u00e7a-feira, durante &#8220;uma a\u00e7\u00e3o de patrulhamento e vigil\u00e2ncia&#8221;. &#8220;Os militares observaram uma viatura [&hellip;]","og_url":"https:\/\/www.altominho.tv\/site\/2019\/09\/25\/gnr-detem-homem-de-37-anos-por-trafico-de-droga\/","og_site_name":"Altominho.tv","article_publisher":"https:\/\/www.facebook.com\/altominhotv","article_published_time":"2019-09-25T14:15:25+00:00","article_modified_time":"2019-09-25T14:15:35+00:00","og_image":[{"width":1474,"height":1125,"url":"https:\/\/www.altominho.tv\/site\/wp-content\/uploads\/2019\/09\/GNR-V-Castelo-Apreens\u00e3o.jpg","type":"image\/jpeg"}],"author":"Andreia Ferreira","twitter_card":"summary_large_image","twitter_creator":"@altominhoTV","twitter_site":"@altominhoTV","twitter_misc":{"Escrito por":"Andreia Ferreira","Tempo estimado de leitura":"1 minuto"},"schema":{"@context":"https:\/\/schema.org","@graph":[{"@type":"Article","@id":"https:\/\/www.altominho.tv\/site\/2019\/09\/25\/gnr-detem-homem-de-37-anos-por-trafico-de-droga\/#article","isPartOf":{"@id":"https:\/\/www.altominho.tv\/site\/2019\/09\/25\/gnr-detem-homem-de-37-anos-por-trafico-de-droga\/"},"author":{"name":"Andreia Ferreira","@id":"https:\/\/www.altominho.tv\/site\/#\/schema\/person\/d9be4265364723f14ea8e0d56a1d38cd"},"headline":"GNR det\u00e9m homem de 37 anos por tr\u00e1fico de droga","datePublished":"2019-09-25T14:15:25+00:00","dateModified":"2019-09-25T14:15:35+00:00","mainEntityOfPage":{"@id":"https:\/\/www.altominho.tv\/site\/2019\/09\/25\/gnr-detem-homem-de-37-anos-por-trafico-de-droga\/"},"wordCount":173,"image":{"@id":"https:\/\/www.altominho.tv\/site\/2019\/09\/25\/gnr-detem-homem-de-37-anos-por-trafico-de-droga\/#primaryimage"},"thumbnailUrl":"https:\/\/www.altominho.tv\/site\/wp-content\/uploads\/2019\/09\/GNR-V-Castelo-Apreens\u00e3o.jpg","keywords":["Sociedade"],"articleSection":["Viana do Castelo"],"inLanguage":"pt-PT","copyrightYear":"2019","copyrightHolder":{"@id":"https:\/\/www.altominho.tv\/site\/#organization"}},{"@type":"WebPage","@id":"https:\/\/www.altominho.tv\/site\/2019\/09\/25\/gnr-detem-homem-de-37-anos-por-trafico-de-droga\/","url":"https:\/\/www.altominho.tv\/site\/2019\/09\/25\/gnr-detem-homem-de-37-anos-por-trafico-de-droga\/","name":"GNR det\u00e9m homem de 37 anos por tr\u00e1fico de droga","isPartOf":{"@id":"https:\/\/www.altominho.tv\/site\/#website"},"primaryImageOfPage":{"@id":"https:\/\/www.altominho.tv\/site\/2019\/09\/25\/gnr-detem-homem-de-37-anos-por-trafico-de-droga\/#primaryimage"},"image":{"@id":"https:\/\/www.altominho.tv\/site\/2019\/09\/25\/gnr-detem-homem-de-37-anos-por-trafico-de-droga\/#primaryimage"},"thumbnailUrl":"https:\/\/www.altominho.tv\/site\/wp-content\/uploads\/2019\/09\/GNR-V-Castelo-Apreens\u00e3o.jpg","datePublished":"2019-09-25T14:15:25+00:00","dateModified":"2019-09-25T14:15:35+00:00","author":{"@id":"https:\/\/www.altominho.tv\/site\/#\/schema\/person\/d9be4265364723f14ea8e0d56a1d38cd"},"breadcrumb":{"@id":"https:\/\/www.altominho.tv\/site\/2019\/09\/25\/gnr-detem-homem-de-37-anos-por-trafico-de-droga\/#breadcrumb"},"inLanguage":"pt-PT","potentialAction":[{"@type":"ReadAction","target":["https:\/\/www.altominho.tv\/site\/2019\/09\/25\/gnr-detem-homem-de-37-anos-por-trafico-de-droga\/"]}]},{"@type":"ImageObject","inLanguage":"pt-PT","@id":"https:\/\/www.altominho.tv\/site\/2019\/09\/25\/gnr-detem-homem-de-37-anos-por-trafico-de-droga\/#primaryimage","url":"https:\/\/www.altominho.tv\/site\/wp-content\/uploads\/2019\/09\/GNR-V-Castelo-Apreens\u00e3o.jpg","contentUrl":"https:\/\/www.altominho.tv\/site\/wp-content\/uploads\/2019\/09\/GNR-V-Castelo-Apreens\u00e3o.jpg","width":1474,"height":1125},{"@type":"BreadcrumbList","@id":"https:\/\/www.altominho.tv\/site\/2019\/09\/25\/gnr-detem-homem-de-37-anos-por-trafico-de-droga\/#breadcrumb","itemListElement":[{"@type":"ListItem","position":1,"name":"In\u00edcio","item":"https:\/\/www.altominho.tv\/site\/"},{"@type":"ListItem","position":2,"name":"GNR det\u00e9m homem de 37 anos por tr\u00e1fico de droga"}]},{"@type":"WebSite","@id":"https:\/\/www.altominho.tv\/site\/#website","url":"https:\/\/www.altominho.tv\/site\/","name":"Altominho.tv","description":"A sua regi\u00e3o \u00e0 dist\u00e2ncia de um clique...","potentialAction":[{"@type":"SearchAction","target":{"@type":"EntryPoint","urlTemplate":"https:\/\/www.altominho.tv\/site\/?s={search_term_string}"},"query-input":{"@type":"PropertyValueSpecification","valueRequired":true,"valueName":"search_term_string"}}],"inLanguage":"pt-PT"},{"@type":"Person","@id":"https:\/\/www.altominho.tv\/site\/#\/schema\/person\/d9be4265364723f14ea8e0d56a1d38cd","name":"Andreia Ferreira","image":{"@type":"ImageObject","inLanguage":"pt-PT","@id":"https:\/\/www.altominho.tv\/site\/wp-content\/uploads\/2021\/01\/AndreiaFerreira-150x150.jpg","url":"https:\/\/www.altominho.tv\/site\/wp-content\/uploads\/2021\/01\/AndreiaFerreira-150x150.jpg","contentUrl":"https:\/\/www.altominho.tv\/site\/wp-content\/uploads\/2021\/01\/AndreiaFerreira-150x150.jpg","caption":"Andreia Ferreira"},"url":"https:\/\/www.altominho.tv\/site\/author\/andreiaferreira\/"}]}},"_links":{"self":[{"href":"https:\/\/www.altominho.tv\/site\/wp-json\/wp\/v2\/posts\/34597","targetHints":{"allow":["GET"]}}],"collection":[{"href":"https:\/\/www.altominho.tv\/site\/wp-json\/wp\/v2\/posts"}],"about":[{"href":"https:\/\/www.altominho.tv\/site\/wp-json\/wp\/v2\/types\/post"}],"author":[{"embeddable":true,"href":"https:\/\/www.altominho.tv\/site\/wp-json\/wp\/v2\/users\/12"}],"replies":[{"embeddable":true,"href":"https:\/\/www.altominho.tv\/site\/wp-json\/wp\/v2\/comments?post=34597"}],"version-history":[{"count":0,"href":"https:\/\/www.altominho.tv\/site\/wp-json\/wp\/v2\/posts\/34597\/revisions"}],"wp:featuredmedia":[{"embeddable":true,"href":"https:\/\/www.altominho.tv\/site\/wp-json\/wp\/v2\/media\/34598"}],"wp:attachment":[{"href":"https:\/\/www.altominho.tv\/site\/wp-json\/wp\/v2\/media?parent=34597"}],"wp:term":[{"taxonomy":"category","embeddable":true,"href":"https:\/\/www.altominho.tv\/site\/wp-json\/wp\/v2\/categories?post=34597"},{"taxonomy":"post_tag","embeddable":true,"href":"https:\/\/www.altominho.tv\/site\/wp-json\/wp\/v2\/tags?post=34597"}],"curies":[{"name":"wp","href":"https:\/\/api.w.org\/{rel}","templated":true}]}}