{"id":34488,"date":"2019-09-24T10:05:15","date_gmt":"2019-09-24T09:05:15","guid":{"rendered":"http:\/\/www.altominho.tv\/site\/?p=34488"},"modified":"2019-09-24T10:05:18","modified_gmt":"2019-09-24T09:05:18","slug":"congresso-nacional-de-hotelaria-e-turismo-reune-cerca-de-400-participantes-em-viana-do-castelo","status":"publish","type":"post","link":"https:\/\/www.altominho.tv\/site\/2019\/09\/24\/congresso-nacional-de-hotelaria-e-turismo-reune-cerca-de-400-participantes-em-viana-do-castelo\/","title":{"rendered":"Congresso Nacional de Hotelaria e Turismo re\u00fane cerca de 400 participantes em Viana do Castelo"},"content":{"rendered":"<p>Cerca de 400 congressistas de todo o pa\u00eds s\u00e3o esperados no 31.\u00ba Congresso Nacional de Hotelaria e Turismo, que vai realizar-se entre 20 e 22 de novembro, em Viana do Castelo.<\/p>\n<p>O encontro foi apresentado, esta segunda-feira, em confer\u00eancia de imprensa, na C\u00e2mara de Viana do Castelo.<\/p>\n<p>O presidente da Associa\u00e7\u00e3o da Hotelaria de Portugal (AHP), Raul Martins, afirmou que &#8220;em 2014, Braga foi palco deste congresso, pelo que, cinco anos depois, faz todo o sentido voltar ao Norte e realiz\u00e1-lo, pela primeira vez, nesta cidade&#8221;.<\/p>\n<p>&#8220;Nestes \u00faltimos anos, muita coisa mudou, o turismo cresceu, surgiram projetos inovadores e o Norte tornou-se num dos destinos de prefer\u00eancia e refer\u00eancia do nosso pa\u00eds, tendo sido o destino que mais cresceu em 2018, com quatro milh\u00f5es de h\u00f3spedes e quatro milh\u00f5es de dormidas&#8221;, destacou.<\/p>\n<p>Organizado pela AHP, a maior associa\u00e7\u00e3o hoteleira nacional, o congresso, que tem o apoio da C\u00e2mara de Viana do Castelo, tem como tema &#8220;Portugal: Preparar o Amanh\u00e3&#8221;.<\/p>\n<p>O programa inclui seis pain\u00e9is e juntar\u00e1, entre outros, os cinco principais grupos hoteleiros portugueses que representam cerca de 140 hot\u00e9is, mais de 20 mil quartos em Portugal.<\/p>\n<p>Raul Martins sublinhou a import\u00e2ncia do debate em torno das perspetivas de um setor que &#8220;tem ciclos de expans\u00e3o e contra\u00e7\u00e3o, est\u00e1dios de matura\u00e7\u00e3o, concorr\u00eancia e afirma\u00e7\u00e3o de modas, tend\u00eancias e destinos.<\/p>\n<p>&#8220;Os anos mais recentes em Portugal foram os do ciclo de expans\u00e3o. Que sinais h\u00e1 no horizonte? Continuaremos a crescer? Como, onde, em que mercados e em que segmentos? Que indicadores temos hoje que nos permitem antecipar o que ser\u00e1 o amanh\u00e3?&#8221; questionou.<\/p>\n<p>O congresso come\u00e7a no dia 20 de novembro, pelas 19h00, com uma mostra de produtos regionais. Os dias 20 e 21 de novembro ser\u00e3o dedicados a debater temas como &#8220;Crescer a Norte&#8221;, &#8220;A Converg\u00eancia Ib\u00e9rica&#8221;, &#8220;O Investimento Hoteleiro em Portugal&#8221;, e &#8220;A transforma\u00e7\u00e3o da ind\u00fastria da avia\u00e7\u00e3o&#8221;, com a presen\u00e7a prevista do ministro Adjunto e da Economia.<\/p>\n<p>O protocolo para a realiza\u00e7\u00e3o do 31.\u00ba congresso promovido pela associa\u00e7\u00e3o e a capital do Alto Minho foi assinado em mar\u00e7o, na BTL, em Lisboa, entre a AHP e a C\u00e2mara de Viana do Castelo.<\/p>\n\n\n<p><\/p>\n","protected":false},"excerpt":{"rendered":"<p>Cerca de 400 congressistas de todo o pa\u00eds s\u00e3o esperados no 31.\u00ba Congresso Nacional de Hotelaria e Turismo, que vai realizar-se entre 20 e 22 de novembro, em Viana do Castelo. O encontro foi apresentado, esta segunda-feira, em confer\u00eancia de imprensa, na C\u00e2mara de Viana do Castelo. O presidente da Associa\u00e7\u00e3o da Hotelaria de Portugal [&hellip;]<\/p>\n","protected":false},"author":15,"featured_media":34490,"comment_status":"closed","ping_status":"closed","sticky":false,"template":"","format":"standard","meta":{"_exactmetrics_skip_tracking":false,"_exactmetrics_sitenote_active":false,"_exactmetrics_sitenote_note":"","_exactmetrics_sitenote_category":0,"footnotes":""},"categories":[14],"tags":[27],"class_list":["post-34488","post","type-post","status-publish","format-standard","has-post-thumbnail","hentry","category-viana-do-castelo","tag-sociedade"],"yoast_head":"<!-- This site is optimized with the Yoast SEO Premium plugin v27.5 (Yoast SEO v27.5) - https:\/\/yoast.com\/product\/yoast-seo-premium-wordpress\/ -->\n<title>Congresso Nacional de Hotelaria e Turismo re\u00fane cerca de 400 participantes em Viana do Castelo<\/title>\n<meta name=\"robots\" content=\"index, follow, max-snippet:-1, max-image-preview:large, max-video-preview:-1\" \/>\n<link rel=\"canonical\" href=\"https:\/\/www.altominho.tv\/site\/2019\/09\/24\/congresso-nacional-de-hotelaria-e-turismo-reune-cerca-de-400-participantes-em-viana-do-castelo\/\" \/>\n<meta property=\"og:locale\" content=\"pt_PT\" \/>\n<meta property=\"og:type\" content=\"article\" \/>\n<meta property=\"og:title\" content=\"Congresso Nacional de Hotelaria e Turismo re\u00fane cerca de 400 participantes em Viana do Castelo\" \/>\n<meta property=\"og:description\" content=\"Cerca de 400 congressistas de todo o pa\u00eds s\u00e3o esperados no 31.\u00ba Congresso Nacional de Hotelaria e Turismo, que vai realizar-se entre 20 e 22 de novembro, em Viana do Castelo. O encontro foi apresentado, esta segunda-feira, em confer\u00eancia de imprensa, na C\u00e2mara de Viana do Castelo. O presidente da Associa\u00e7\u00e3o da Hotelaria de Portugal [&hellip;]\" \/>\n<meta property=\"og:url\" content=\"https:\/\/www.altominho.tv\/site\/2019\/09\/24\/congresso-nacional-de-hotelaria-e-turismo-reune-cerca-de-400-participantes-em-viana-do-castelo\/\" \/>\n<meta property=\"og:site_name\" content=\"Altominho.tv\" \/>\n<meta property=\"article:publisher\" content=\"https:\/\/www.facebook.com\/altominhotv\" \/>\n<meta property=\"article:published_time\" content=\"2019-09-24T09:05:15+00:00\" \/>\n<meta property=\"article:modified_time\" content=\"2019-09-24T09:05:18+00:00\" \/>\n<meta property=\"og:image\" content=\"https:\/\/www.altominho.tv\/site\/wp-content\/uploads\/2019\/09\/cropped-a9.png\" \/>\n\t<meta property=\"og:image:width\" content=\"795\" \/>\n\t<meta property=\"og:image:height\" content=\"447\" \/>\n\t<meta property=\"og:image:type\" content=\"image\/png\" \/>\n<meta name=\"author\" content=\"Andreia Ferreira | Lusa\" \/>\n<meta name=\"twitter:card\" content=\"summary_large_image\" \/>\n<meta name=\"twitter:creator\" content=\"@altominhoTV\" \/>\n<meta name=\"twitter:site\" content=\"@altominhoTV\" \/>\n<meta name=\"twitter:label1\" content=\"Escrito por\" \/>\n\t<meta name=\"twitter:data1\" content=\"Andreia Ferreira | Lusa\" \/>\n\t<meta name=\"twitter:label2\" content=\"Tempo estimado de leitura\" \/>\n\t<meta name=\"twitter:data2\" content=\"2 minutos\" \/>\n<script type=\"application\/ld+json\" class=\"yoast-schema-graph\">{\"@context\":\"https:\\\/\\\/schema.org\",\"@graph\":[{\"@type\":\"Article\",\"@id\":\"https:\\\/\\\/www.altominho.tv\\\/site\\\/2019\\\/09\\\/24\\\/congresso-nacional-de-hotelaria-e-turismo-reune-cerca-de-400-participantes-em-viana-do-castelo\\\/#article\",\"isPartOf\":{\"@id\":\"https:\\\/\\\/www.altominho.tv\\\/site\\\/2019\\\/09\\\/24\\\/congresso-nacional-de-hotelaria-e-turismo-reune-cerca-de-400-participantes-em-viana-do-castelo\\\/\"},\"author\":{\"name\":\"Andreia Ferreira | Lusa\",\"@id\":\"https:\\\/\\\/www.altominho.tv\\\/site\\\/#\\\/schema\\\/person\\\/a0bff6dc1041aadd46fa81887444b017\"},\"headline\":\"Congresso Nacional de Hotelaria e Turismo re\u00fane cerca de 400 participantes em Viana do Castelo\",\"datePublished\":\"2019-09-24T09:05:15+00:00\",\"dateModified\":\"2019-09-24T09:05:18+00:00\",\"mainEntityOfPage\":{\"@id\":\"https:\\\/\\\/www.altominho.tv\\\/site\\\/2019\\\/09\\\/24\\\/congresso-nacional-de-hotelaria-e-turismo-reune-cerca-de-400-participantes-em-viana-do-castelo\\\/\"},\"wordCount\":394,\"image\":{\"@id\":\"https:\\\/\\\/www.altominho.tv\\\/site\\\/2019\\\/09\\\/24\\\/congresso-nacional-de-hotelaria-e-turismo-reune-cerca-de-400-participantes-em-viana-do-castelo\\\/#primaryimage\"},\"thumbnailUrl\":\"https:\\\/\\\/www.altominho.tv\\\/site\\\/wp-content\\\/uploads\\\/2019\\\/09\\\/cropped-a9.png\",\"keywords\":[\"Sociedade\"],\"articleSection\":[\"Viana do Castelo\"],\"inLanguage\":\"pt-PT\",\"copyrightYear\":\"2019\",\"copyrightHolder\":{\"@id\":\"https:\\\/\\\/www.altominho.tv\\\/site\\\/#organization\"}},{\"@type\":\"WebPage\",\"@id\":\"https:\\\/\\\/www.altominho.tv\\\/site\\\/2019\\\/09\\\/24\\\/congresso-nacional-de-hotelaria-e-turismo-reune-cerca-de-400-participantes-em-viana-do-castelo\\\/\",\"url\":\"https:\\\/\\\/www.altominho.tv\\\/site\\\/2019\\\/09\\\/24\\\/congresso-nacional-de-hotelaria-e-turismo-reune-cerca-de-400-participantes-em-viana-do-castelo\\\/\",\"name\":\"Congresso Nacional de Hotelaria e Turismo re\u00fane cerca de 400 participantes em Viana do Castelo\",\"isPartOf\":{\"@id\":\"https:\\\/\\\/www.altominho.tv\\\/site\\\/#website\"},\"primaryImageOfPage\":{\"@id\":\"https:\\\/\\\/www.altominho.tv\\\/site\\\/2019\\\/09\\\/24\\\/congresso-nacional-de-hotelaria-e-turismo-reune-cerca-de-400-participantes-em-viana-do-castelo\\\/#primaryimage\"},\"image\":{\"@id\":\"https:\\\/\\\/www.altominho.tv\\\/site\\\/2019\\\/09\\\/24\\\/congresso-nacional-de-hotelaria-e-turismo-reune-cerca-de-400-participantes-em-viana-do-castelo\\\/#primaryimage\"},\"thumbnailUrl\":\"https:\\\/\\\/www.altominho.tv\\\/site\\\/wp-content\\\/uploads\\\/2019\\\/09\\\/cropped-a9.png\",\"datePublished\":\"2019-09-24T09:05:15+00:00\",\"dateModified\":\"2019-09-24T09:05:18+00:00\",\"author\":{\"@id\":\"https:\\\/\\\/www.altominho.tv\\\/site\\\/#\\\/schema\\\/person\\\/a0bff6dc1041aadd46fa81887444b017\"},\"breadcrumb\":{\"@id\":\"https:\\\/\\\/www.altominho.tv\\\/site\\\/2019\\\/09\\\/24\\\/congresso-nacional-de-hotelaria-e-turismo-reune-cerca-de-400-participantes-em-viana-do-castelo\\\/#breadcrumb\"},\"inLanguage\":\"pt-PT\",\"potentialAction\":[{\"@type\":\"ReadAction\",\"target\":[\"https:\\\/\\\/www.altominho.tv\\\/site\\\/2019\\\/09\\\/24\\\/congresso-nacional-de-hotelaria-e-turismo-reune-cerca-de-400-participantes-em-viana-do-castelo\\\/\"]}]},{\"@type\":\"ImageObject\",\"inLanguage\":\"pt-PT\",\"@id\":\"https:\\\/\\\/www.altominho.tv\\\/site\\\/2019\\\/09\\\/24\\\/congresso-nacional-de-hotelaria-e-turismo-reune-cerca-de-400-participantes-em-viana-do-castelo\\\/#primaryimage\",\"url\":\"https:\\\/\\\/www.altominho.tv\\\/site\\\/wp-content\\\/uploads\\\/2019\\\/09\\\/cropped-a9.png\",\"contentUrl\":\"https:\\\/\\\/www.altominho.tv\\\/site\\\/wp-content\\\/uploads\\\/2019\\\/09\\\/cropped-a9.png\",\"width\":795,\"height\":447},{\"@type\":\"BreadcrumbList\",\"@id\":\"https:\\\/\\\/www.altominho.tv\\\/site\\\/2019\\\/09\\\/24\\\/congresso-nacional-de-hotelaria-e-turismo-reune-cerca-de-400-participantes-em-viana-do-castelo\\\/#breadcrumb\",\"itemListElement\":[{\"@type\":\"ListItem\",\"position\":1,\"name\":\"In\u00edcio\",\"item\":\"https:\\\/\\\/www.altominho.tv\\\/site\\\/\"},{\"@type\":\"ListItem\",\"position\":2,\"name\":\"Congresso Nacional de Hotelaria e Turismo re\u00fane cerca de 400 participantes em Viana do Castelo\"}]},{\"@type\":\"WebSite\",\"@id\":\"https:\\\/\\\/www.altominho.tv\\\/site\\\/#website\",\"url\":\"https:\\\/\\\/www.altominho.tv\\\/site\\\/\",\"name\":\"Altominho.tv\",\"description\":\"A sua regi\u00e3o \u00e0 dist\u00e2ncia de um clique...\",\"potentialAction\":[{\"@type\":\"SearchAction\",\"target\":{\"@type\":\"EntryPoint\",\"urlTemplate\":\"https:\\\/\\\/www.altominho.tv\\\/site\\\/?s={search_term_string}\"},\"query-input\":{\"@type\":\"PropertyValueSpecification\",\"valueRequired\":true,\"valueName\":\"search_term_string\"}}],\"inLanguage\":\"pt-PT\"},{\"@type\":\"Person\",\"@id\":\"https:\\\/\\\/www.altominho.tv\\\/site\\\/#\\\/schema\\\/person\\\/a0bff6dc1041aadd46fa81887444b017\",\"name\":\"Andreia Ferreira | Lusa\",\"image\":{\"@type\":\"ImageObject\",\"inLanguage\":\"pt-PT\",\"@id\":\"https:\\\/\\\/www.altominho.tv\\\/site\\\/wp-content\\\/uploads\\\/2018\\\/04\\\/Andreia-150x150.jpg\",\"url\":\"https:\\\/\\\/www.altominho.tv\\\/site\\\/wp-content\\\/uploads\\\/2018\\\/04\\\/Andreia-150x150.jpg\",\"contentUrl\":\"https:\\\/\\\/www.altominho.tv\\\/site\\\/wp-content\\\/uploads\\\/2018\\\/04\\\/Andreia-150x150.jpg\",\"caption\":\"Andreia Ferreira | Lusa\"},\"sameAs\":[\"https:\\\/\\\/www.altominho.tv\\\/site\"],\"url\":\"https:\\\/\\\/www.altominho.tv\\\/site\\\/author\\\/andreiaferreiralusa\\\/\"}]}<\/script>\n<!-- \/ Yoast SEO Premium plugin. -->","yoast_head_json":{"title":"Congresso Nacional de Hotelaria e Turismo re\u00fane cerca de 400 participantes em Viana do Castelo","robots":{"index":"index","follow":"follow","max-snippet":"max-snippet:-1","max-image-preview":"max-image-preview:large","max-video-preview":"max-video-preview:-1"},"canonical":"https:\/\/www.altominho.tv\/site\/2019\/09\/24\/congresso-nacional-de-hotelaria-e-turismo-reune-cerca-de-400-participantes-em-viana-do-castelo\/","og_locale":"pt_PT","og_type":"article","og_title":"Congresso Nacional de Hotelaria e Turismo re\u00fane cerca de 400 participantes em Viana do Castelo","og_description":"Cerca de 400 congressistas de todo o pa\u00eds s\u00e3o esperados no 31.\u00ba Congresso Nacional de Hotelaria e Turismo, que vai realizar-se entre 20 e 22 de novembro, em Viana do Castelo. O encontro foi apresentado, esta segunda-feira, em confer\u00eancia de imprensa, na C\u00e2mara de Viana do Castelo. O presidente da Associa\u00e7\u00e3o da Hotelaria de Portugal [&hellip;]","og_url":"https:\/\/www.altominho.tv\/site\/2019\/09\/24\/congresso-nacional-de-hotelaria-e-turismo-reune-cerca-de-400-participantes-em-viana-do-castelo\/","og_site_name":"Altominho.tv","article_publisher":"https:\/\/www.facebook.com\/altominhotv","article_published_time":"2019-09-24T09:05:15+00:00","article_modified_time":"2019-09-24T09:05:18+00:00","og_image":[{"width":795,"height":447,"url":"https:\/\/www.altominho.tv\/site\/wp-content\/uploads\/2019\/09\/cropped-a9.png","type":"image\/png"}],"author":"Andreia Ferreira | Lusa","twitter_card":"summary_large_image","twitter_creator":"@altominhoTV","twitter_site":"@altominhoTV","twitter_misc":{"Escrito por":"Andreia Ferreira | Lusa","Tempo estimado de leitura":"2 minutos"},"schema":{"@context":"https:\/\/schema.org","@graph":[{"@type":"Article","@id":"https:\/\/www.altominho.tv\/site\/2019\/09\/24\/congresso-nacional-de-hotelaria-e-turismo-reune-cerca-de-400-participantes-em-viana-do-castelo\/#article","isPartOf":{"@id":"https:\/\/www.altominho.tv\/site\/2019\/09\/24\/congresso-nacional-de-hotelaria-e-turismo-reune-cerca-de-400-participantes-em-viana-do-castelo\/"},"author":{"name":"Andreia Ferreira | Lusa","@id":"https:\/\/www.altominho.tv\/site\/#\/schema\/person\/a0bff6dc1041aadd46fa81887444b017"},"headline":"Congresso Nacional de Hotelaria e Turismo re\u00fane cerca de 400 participantes em Viana do Castelo","datePublished":"2019-09-24T09:05:15+00:00","dateModified":"2019-09-24T09:05:18+00:00","mainEntityOfPage":{"@id":"https:\/\/www.altominho.tv\/site\/2019\/09\/24\/congresso-nacional-de-hotelaria-e-turismo-reune-cerca-de-400-participantes-em-viana-do-castelo\/"},"wordCount":394,"image":{"@id":"https:\/\/www.altominho.tv\/site\/2019\/09\/24\/congresso-nacional-de-hotelaria-e-turismo-reune-cerca-de-400-participantes-em-viana-do-castelo\/#primaryimage"},"thumbnailUrl":"https:\/\/www.altominho.tv\/site\/wp-content\/uploads\/2019\/09\/cropped-a9.png","keywords":["Sociedade"],"articleSection":["Viana do Castelo"],"inLanguage":"pt-PT","copyrightYear":"2019","copyrightHolder":{"@id":"https:\/\/www.altominho.tv\/site\/#organization"}},{"@type":"WebPage","@id":"https:\/\/www.altominho.tv\/site\/2019\/09\/24\/congresso-nacional-de-hotelaria-e-turismo-reune-cerca-de-400-participantes-em-viana-do-castelo\/","url":"https:\/\/www.altominho.tv\/site\/2019\/09\/24\/congresso-nacional-de-hotelaria-e-turismo-reune-cerca-de-400-participantes-em-viana-do-castelo\/","name":"Congresso Nacional de Hotelaria e Turismo re\u00fane cerca de 400 participantes em Viana do Castelo","isPartOf":{"@id":"https:\/\/www.altominho.tv\/site\/#website"},"primaryImageOfPage":{"@id":"https:\/\/www.altominho.tv\/site\/2019\/09\/24\/congresso-nacional-de-hotelaria-e-turismo-reune-cerca-de-400-participantes-em-viana-do-castelo\/#primaryimage"},"image":{"@id":"https:\/\/www.altominho.tv\/site\/2019\/09\/24\/congresso-nacional-de-hotelaria-e-turismo-reune-cerca-de-400-participantes-em-viana-do-castelo\/#primaryimage"},"thumbnailUrl":"https:\/\/www.altominho.tv\/site\/wp-content\/uploads\/2019\/09\/cropped-a9.png","datePublished":"2019-09-24T09:05:15+00:00","dateModified":"2019-09-24T09:05:18+00:00","author":{"@id":"https:\/\/www.altominho.tv\/site\/#\/schema\/person\/a0bff6dc1041aadd46fa81887444b017"},"breadcrumb":{"@id":"https:\/\/www.altominho.tv\/site\/2019\/09\/24\/congresso-nacional-de-hotelaria-e-turismo-reune-cerca-de-400-participantes-em-viana-do-castelo\/#breadcrumb"},"inLanguage":"pt-PT","potentialAction":[{"@type":"ReadAction","target":["https:\/\/www.altominho.tv\/site\/2019\/09\/24\/congresso-nacional-de-hotelaria-e-turismo-reune-cerca-de-400-participantes-em-viana-do-castelo\/"]}]},{"@type":"ImageObject","inLanguage":"pt-PT","@id":"https:\/\/www.altominho.tv\/site\/2019\/09\/24\/congresso-nacional-de-hotelaria-e-turismo-reune-cerca-de-400-participantes-em-viana-do-castelo\/#primaryimage","url":"https:\/\/www.altominho.tv\/site\/wp-content\/uploads\/2019\/09\/cropped-a9.png","contentUrl":"https:\/\/www.altominho.tv\/site\/wp-content\/uploads\/2019\/09\/cropped-a9.png","width":795,"height":447},{"@type":"BreadcrumbList","@id":"https:\/\/www.altominho.tv\/site\/2019\/09\/24\/congresso-nacional-de-hotelaria-e-turismo-reune-cerca-de-400-participantes-em-viana-do-castelo\/#breadcrumb","itemListElement":[{"@type":"ListItem","position":1,"name":"In\u00edcio","item":"https:\/\/www.altominho.tv\/site\/"},{"@type":"ListItem","position":2,"name":"Congresso Nacional de Hotelaria e Turismo re\u00fane cerca de 400 participantes em Viana do Castelo"}]},{"@type":"WebSite","@id":"https:\/\/www.altominho.tv\/site\/#website","url":"https:\/\/www.altominho.tv\/site\/","name":"Altominho.tv","description":"A sua regi\u00e3o \u00e0 dist\u00e2ncia de um clique...","potentialAction":[{"@type":"SearchAction","target":{"@type":"EntryPoint","urlTemplate":"https:\/\/www.altominho.tv\/site\/?s={search_term_string}"},"query-input":{"@type":"PropertyValueSpecification","valueRequired":true,"valueName":"search_term_string"}}],"inLanguage":"pt-PT"},{"@type":"Person","@id":"https:\/\/www.altominho.tv\/site\/#\/schema\/person\/a0bff6dc1041aadd46fa81887444b017","name":"Andreia Ferreira | Lusa","image":{"@type":"ImageObject","inLanguage":"pt-PT","@id":"https:\/\/www.altominho.tv\/site\/wp-content\/uploads\/2018\/04\/Andreia-150x150.jpg","url":"https:\/\/www.altominho.tv\/site\/wp-content\/uploads\/2018\/04\/Andreia-150x150.jpg","contentUrl":"https:\/\/www.altominho.tv\/site\/wp-content\/uploads\/2018\/04\/Andreia-150x150.jpg","caption":"Andreia Ferreira | Lusa"},"sameAs":["https:\/\/www.altominho.tv\/site"],"url":"https:\/\/www.altominho.tv\/site\/author\/andreiaferreiralusa\/"}]}},"_links":{"self":[{"href":"https:\/\/www.altominho.tv\/site\/wp-json\/wp\/v2\/posts\/34488","targetHints":{"allow":["GET"]}}],"collection":[{"href":"https:\/\/www.altominho.tv\/site\/wp-json\/wp\/v2\/posts"}],"about":[{"href":"https:\/\/www.altominho.tv\/site\/wp-json\/wp\/v2\/types\/post"}],"author":[{"embeddable":true,"href":"https:\/\/www.altominho.tv\/site\/wp-json\/wp\/v2\/users\/15"}],"replies":[{"embeddable":true,"href":"https:\/\/www.altominho.tv\/site\/wp-json\/wp\/v2\/comments?post=34488"}],"version-history":[{"count":0,"href":"https:\/\/www.altominho.tv\/site\/wp-json\/wp\/v2\/posts\/34488\/revisions"}],"wp:featuredmedia":[{"embeddable":true,"href":"https:\/\/www.altominho.tv\/site\/wp-json\/wp\/v2\/media\/34490"}],"wp:attachment":[{"href":"https:\/\/www.altominho.tv\/site\/wp-json\/wp\/v2\/media?parent=34488"}],"wp:term":[{"taxonomy":"category","embeddable":true,"href":"https:\/\/www.altominho.tv\/site\/wp-json\/wp\/v2\/categories?post=34488"},{"taxonomy":"post_tag","embeddable":true,"href":"https:\/\/www.altominho.tv\/site\/wp-json\/wp\/v2\/tags?post=34488"}],"curies":[{"name":"wp","href":"https:\/\/api.w.org\/{rel}","templated":true}]}}