{"id":3447,"date":"2017-11-16T14:30:54","date_gmt":"2017-11-16T14:30:54","guid":{"rendered":"http:\/\/www.altominho.tv\/site\/?p=3447"},"modified":"2017-11-20T15:46:42","modified_gmt":"2017-11-20T15:46:42","slug":"cpcj-promove-seminario-a-crianca-exposta-a-violencia-domestica-que-implicacoes","status":"publish","type":"post","link":"https:\/\/www.altominho.tv\/site\/2017\/11\/16\/cpcj-promove-seminario-a-crianca-exposta-a-violencia-domestica-que-implicacoes\/","title":{"rendered":"CPCJ promove semin\u00e1rio \u201cA Crian\u00e7a Exposta \u00e0 Viol\u00eancia Dom\u00e9stica: Que Implica\u00e7\u00f5es?\u201d"},"content":{"rendered":"<p>&nbsp;<\/p>\n<p>A Comiss\u00e3o de Prote\u00e7\u00e3o de Crian\u00e7as e Jovens &#8211; CPCJ vai promover no dia 21 de novembro um semin\u00e1rio subordinado ao tema \u201cA Crian\u00e7a Exposta \u00e0 Viol\u00eancia Dom\u00e9stica: Que Implica\u00e7\u00f5es?\u201d.<\/p>\n<div class=\"summary widget_field\">\n<div class=\"widget_value\">\n<div class=\"writer_text\">\n<p>Com o apoio do Munic\u00edpio de Ponte de Lima, e integrado no plano de A\u00e7\u00e3o da Comiss\u00e3o de Prote\u00e7\u00e3o de Crian\u00e7as e Jovens, o semin\u00e1rio vai decorrer no Audit\u00f3rio Rio Lima.<\/p>\n<\/div>\n<\/div>\n<\/div>\n<div class=\"text widget_field\">\n<div class=\"widget_value\">\n<div class=\"writer_text\">\n<p>O Semin\u00e1rio est\u00e1 dividido em tr\u00eas confer\u00eancias:<\/p>\n<p>Confer\u00eancia 1:\u00a0Per\u00edcias forenses no \u00e2mbito da viol\u00eancia dom\u00e9stica (Dr. Agostinho Santos, Diretor do Servi\u00e7o de Cl\u00ednica e Patologia Forense do Instituto Nacional de Medicina Legal e Ci\u00eancias Forenses \u2013 Delega\u00e7\u00e3o Norte);<\/p>\n<p>Confer\u00eancia 2:\u00a0A exposi\u00e7\u00e3o \u00e0 viol\u00eancia dom\u00e9stica como forma de mau trato (Dr.\u00aa Margarida Matias, Psic\u00f3loga e Perita Forense do Gabinete de Estudos e Atendimento a Agressores e V\u00edtimas -Faculdade de Psicologia e Ci\u00eancias da Educa\u00e7\u00e3o da Universidade do Porto);<\/p>\n<p>Confer\u00eancia 3:\u00a0A articula\u00e7\u00e3o entre as Comiss\u00f5es de Prote\u00e7\u00e3o de Crian\u00e7as e Jovens e outras entidades envolvidas na prote\u00e7\u00e3o da crian\u00e7a (Cabo Eva, N\u00facleo de Investiga\u00e7\u00e3o e de Apoio a V\u00edtimas Espec\u00edficas de Viana do Castelo \/ Subcomiss\u00e1rio Jer\u00f3nimo Sousa, PSP de Ponte de Lima; Dr.\u00aa S\u00f3nia Carvalho, Dire\u00e7\u00e3o-Geral de Reinser\u00e7\u00e3o e Servi\u00e7os Prisionais da Delega\u00e7\u00e3o Regional Norte \u2013 Equipa Minho Lima; Dr.\u00aa T\u00e2nia Carvalho, Psic\u00f3loga do Centro de Atendimento a V\u00edtimas de Viol\u00eancia Dom\u00e9stica \u2013 Centro Social e Cultural de Vila Praia de \u00c2ncora).<\/p>\n<p>O Semin\u00e1rio tem entrada gratuita mas a inscri\u00e7\u00e3o \u00e9 obrigat\u00f3ria, informou ainda o Munic\u00edpio.<\/p>\n<p>&nbsp;<\/p>\n<\/div>\n<\/div>\n<\/div>\n","protected":false},"excerpt":{"rendered":"<p>&nbsp; A Comiss\u00e3o de Prote\u00e7\u00e3o de Crian\u00e7as e Jovens &#8211; CPCJ vai promover no dia 21 de novembro um semin\u00e1rio subordinado ao tema \u201cA Crian\u00e7a Exposta \u00e0 Viol\u00eancia Dom\u00e9stica: Que Implica\u00e7\u00f5es?\u201d. Com o apoio do Munic\u00edpio de Ponte de Lima, e integrado no plano de A\u00e7\u00e3o da Comiss\u00e3o de Prote\u00e7\u00e3o de Crian\u00e7as e Jovens, o [&hellip;]<\/p>\n","protected":false},"author":7,"featured_media":3450,"comment_status":"open","ping_status":"closed","sticky":false,"template":"","format":"standard","meta":{"_exactmetrics_skip_tracking":false,"_exactmetrics_sitenote_active":false,"_exactmetrics_sitenote_note":"","_exactmetrics_sitenote_category":0,"footnotes":""},"categories":[12],"tags":[22,27],"class_list":["post-3447","post","type-post","status-publish","format-standard","has-post-thumbnail","hentry","category-ponte-de-lima","tag-educacao","tag-sociedade"],"yoast_head":"<!-- This site is optimized with the Yoast SEO Premium plugin v27.5 (Yoast SEO v27.5) - https:\/\/yoast.com\/product\/yoast-seo-premium-wordpress\/ -->\n<title>CPCJ promove semin\u00e1rio \u201cA Crian\u00e7a Exposta \u00e0 Viol\u00eancia Dom\u00e9stica: Que Implica\u00e7\u00f5es?\u201d<\/title>\n<meta name=\"robots\" content=\"index, follow, max-snippet:-1, max-image-preview:large, max-video-preview:-1\" \/>\n<link rel=\"canonical\" href=\"https:\/\/www.altominho.tv\/site\/2017\/11\/16\/cpcj-promove-seminario-a-crianca-exposta-a-violencia-domestica-que-implicacoes\/\" \/>\n<meta property=\"og:locale\" content=\"pt_PT\" \/>\n<meta property=\"og:type\" content=\"article\" \/>\n<meta property=\"og:title\" content=\"CPCJ promove semin\u00e1rio \u201cA Crian\u00e7a Exposta \u00e0 Viol\u00eancia Dom\u00e9stica: Que Implica\u00e7\u00f5es?\u201d\" \/>\n<meta property=\"og:description\" content=\"&nbsp; A Comiss\u00e3o de Prote\u00e7\u00e3o de Crian\u00e7as e Jovens &#8211; CPCJ vai promover no dia 21 de novembro um semin\u00e1rio subordinado ao tema \u201cA Crian\u00e7a Exposta \u00e0 Viol\u00eancia Dom\u00e9stica: Que Implica\u00e7\u00f5es?\u201d. Com o apoio do Munic\u00edpio de Ponte de Lima, e integrado no plano de A\u00e7\u00e3o da Comiss\u00e3o de Prote\u00e7\u00e3o de Crian\u00e7as e Jovens, o [&hellip;]\" \/>\n<meta property=\"og:url\" content=\"https:\/\/www.altominho.tv\/site\/2017\/11\/16\/cpcj-promove-seminario-a-crianca-exposta-a-violencia-domestica-que-implicacoes\/\" \/>\n<meta property=\"og:site_name\" content=\"Altominho.tv\" \/>\n<meta property=\"article:publisher\" content=\"https:\/\/www.facebook.com\/altominhotv\" \/>\n<meta property=\"article:published_time\" content=\"2017-11-16T14:30:54+00:00\" \/>\n<meta property=\"article:modified_time\" content=\"2017-11-20T15:46:42+00:00\" \/>\n<meta property=\"og:image\" content=\"https:\/\/www.altominho.tv\/site\/wp-content\/uploads\/2017\/11\/cpcj.jpg\" \/>\n\t<meta property=\"og:image:width\" content=\"930\" \/>\n\t<meta property=\"og:image:height\" content=\"443\" \/>\n\t<meta property=\"og:image:type\" content=\"image\/jpeg\" \/>\n<meta name=\"author\" content=\"Andreia Cunha\" \/>\n<meta name=\"twitter:card\" content=\"summary_large_image\" \/>\n<meta name=\"twitter:creator\" content=\"@altominhoTV\" \/>\n<meta name=\"twitter:site\" content=\"@altominhoTV\" \/>\n<meta name=\"twitter:label1\" content=\"Escrito por\" \/>\n\t<meta name=\"twitter:data1\" content=\"Andreia Cunha\" \/>\n\t<meta name=\"twitter:label2\" content=\"Tempo estimado de leitura\" \/>\n\t<meta name=\"twitter:data2\" content=\"1 minuto\" \/>\n<script type=\"application\/ld+json\" class=\"yoast-schema-graph\">{\"@context\":\"https:\\\/\\\/schema.org\",\"@graph\":[{\"@type\":\"Article\",\"@id\":\"https:\\\/\\\/www.altominho.tv\\\/site\\\/2017\\\/11\\\/16\\\/cpcj-promove-seminario-a-crianca-exposta-a-violencia-domestica-que-implicacoes\\\/#article\",\"isPartOf\":{\"@id\":\"https:\\\/\\\/www.altominho.tv\\\/site\\\/2017\\\/11\\\/16\\\/cpcj-promove-seminario-a-crianca-exposta-a-violencia-domestica-que-implicacoes\\\/\"},\"author\":{\"name\":\"Andreia Cunha\",\"@id\":\"https:\\\/\\\/www.altominho.tv\\\/site\\\/#\\\/schema\\\/person\\\/a0e4ef6d041f98ca284393d8f1d97153\"},\"headline\":\"CPCJ promove semin\u00e1rio \u201cA Crian\u00e7a Exposta \u00e0 Viol\u00eancia Dom\u00e9stica: Que Implica\u00e7\u00f5es?\u201d\",\"datePublished\":\"2017-11-16T14:30:54+00:00\",\"dateModified\":\"2017-11-20T15:46:42+00:00\",\"mainEntityOfPage\":{\"@id\":\"https:\\\/\\\/www.altominho.tv\\\/site\\\/2017\\\/11\\\/16\\\/cpcj-promove-seminario-a-crianca-exposta-a-violencia-domestica-que-implicacoes\\\/\"},\"wordCount\":306,\"commentCount\":0,\"image\":{\"@id\":\"https:\\\/\\\/www.altominho.tv\\\/site\\\/2017\\\/11\\\/16\\\/cpcj-promove-seminario-a-crianca-exposta-a-violencia-domestica-que-implicacoes\\\/#primaryimage\"},\"thumbnailUrl\":\"https:\\\/\\\/www.altominho.tv\\\/site\\\/wp-content\\\/uploads\\\/2017\\\/11\\\/cpcj.jpg\",\"keywords\":[\"Educa\u00e7\u00e3o\",\"Sociedade\"],\"articleSection\":[\"Ponte de Lima\"],\"inLanguage\":\"pt-PT\",\"potentialAction\":[{\"@type\":\"CommentAction\",\"name\":\"Comment\",\"target\":[\"https:\\\/\\\/www.altominho.tv\\\/site\\\/2017\\\/11\\\/16\\\/cpcj-promove-seminario-a-crianca-exposta-a-violencia-domestica-que-implicacoes\\\/#respond\"]}],\"copyrightYear\":\"2017\",\"copyrightHolder\":{\"@id\":\"https:\\\/\\\/www.altominho.tv\\\/site\\\/#organization\"}},{\"@type\":\"WebPage\",\"@id\":\"https:\\\/\\\/www.altominho.tv\\\/site\\\/2017\\\/11\\\/16\\\/cpcj-promove-seminario-a-crianca-exposta-a-violencia-domestica-que-implicacoes\\\/\",\"url\":\"https:\\\/\\\/www.altominho.tv\\\/site\\\/2017\\\/11\\\/16\\\/cpcj-promove-seminario-a-crianca-exposta-a-violencia-domestica-que-implicacoes\\\/\",\"name\":\"CPCJ promove semin\u00e1rio \u201cA Crian\u00e7a Exposta \u00e0 Viol\u00eancia Dom\u00e9stica: Que Implica\u00e7\u00f5es?\u201d\",\"isPartOf\":{\"@id\":\"https:\\\/\\\/www.altominho.tv\\\/site\\\/#website\"},\"primaryImageOfPage\":{\"@id\":\"https:\\\/\\\/www.altominho.tv\\\/site\\\/2017\\\/11\\\/16\\\/cpcj-promove-seminario-a-crianca-exposta-a-violencia-domestica-que-implicacoes\\\/#primaryimage\"},\"image\":{\"@id\":\"https:\\\/\\\/www.altominho.tv\\\/site\\\/2017\\\/11\\\/16\\\/cpcj-promove-seminario-a-crianca-exposta-a-violencia-domestica-que-implicacoes\\\/#primaryimage\"},\"thumbnailUrl\":\"https:\\\/\\\/www.altominho.tv\\\/site\\\/wp-content\\\/uploads\\\/2017\\\/11\\\/cpcj.jpg\",\"datePublished\":\"2017-11-16T14:30:54+00:00\",\"dateModified\":\"2017-11-20T15:46:42+00:00\",\"author\":{\"@id\":\"https:\\\/\\\/www.altominho.tv\\\/site\\\/#\\\/schema\\\/person\\\/a0e4ef6d041f98ca284393d8f1d97153\"},\"breadcrumb\":{\"@id\":\"https:\\\/\\\/www.altominho.tv\\\/site\\\/2017\\\/11\\\/16\\\/cpcj-promove-seminario-a-crianca-exposta-a-violencia-domestica-que-implicacoes\\\/#breadcrumb\"},\"inLanguage\":\"pt-PT\",\"potentialAction\":[{\"@type\":\"ReadAction\",\"target\":[\"https:\\\/\\\/www.altominho.tv\\\/site\\\/2017\\\/11\\\/16\\\/cpcj-promove-seminario-a-crianca-exposta-a-violencia-domestica-que-implicacoes\\\/\"]}]},{\"@type\":\"ImageObject\",\"inLanguage\":\"pt-PT\",\"@id\":\"https:\\\/\\\/www.altominho.tv\\\/site\\\/2017\\\/11\\\/16\\\/cpcj-promove-seminario-a-crianca-exposta-a-violencia-domestica-que-implicacoes\\\/#primaryimage\",\"url\":\"https:\\\/\\\/www.altominho.tv\\\/site\\\/wp-content\\\/uploads\\\/2017\\\/11\\\/cpcj.jpg\",\"contentUrl\":\"https:\\\/\\\/www.altominho.tv\\\/site\\\/wp-content\\\/uploads\\\/2017\\\/11\\\/cpcj.jpg\",\"width\":930,\"height\":443},{\"@type\":\"BreadcrumbList\",\"@id\":\"https:\\\/\\\/www.altominho.tv\\\/site\\\/2017\\\/11\\\/16\\\/cpcj-promove-seminario-a-crianca-exposta-a-violencia-domestica-que-implicacoes\\\/#breadcrumb\",\"itemListElement\":[{\"@type\":\"ListItem\",\"position\":1,\"name\":\"In\u00edcio\",\"item\":\"https:\\\/\\\/www.altominho.tv\\\/site\\\/\"},{\"@type\":\"ListItem\",\"position\":2,\"name\":\"CPCJ promove semin\u00e1rio \u201cA Crian\u00e7a Exposta \u00e0 Viol\u00eancia Dom\u00e9stica: Que Implica\u00e7\u00f5es?\u201d\"}]},{\"@type\":\"WebSite\",\"@id\":\"https:\\\/\\\/www.altominho.tv\\\/site\\\/#website\",\"url\":\"https:\\\/\\\/www.altominho.tv\\\/site\\\/\",\"name\":\"Altominho.tv\",\"description\":\"A sua regi\u00e3o \u00e0 dist\u00e2ncia de um clique...\",\"potentialAction\":[{\"@type\":\"SearchAction\",\"target\":{\"@type\":\"EntryPoint\",\"urlTemplate\":\"https:\\\/\\\/www.altominho.tv\\\/site\\\/?s={search_term_string}\"},\"query-input\":{\"@type\":\"PropertyValueSpecification\",\"valueRequired\":true,\"valueName\":\"search_term_string\"}}],\"inLanguage\":\"pt-PT\"},{\"@type\":\"Person\",\"@id\":\"https:\\\/\\\/www.altominho.tv\\\/site\\\/#\\\/schema\\\/person\\\/a0e4ef6d041f98ca284393d8f1d97153\",\"name\":\"Andreia Cunha\",\"image\":{\"@type\":\"ImageObject\",\"inLanguage\":\"pt-PT\",\"@id\":\"https:\\\/\\\/www.altominho.tv\\\/site\\\/wp-content\\\/uploads\\\/2017\\\/11\\\/Andreia_Cunha-1-150x150.jpg\",\"url\":\"https:\\\/\\\/www.altominho.tv\\\/site\\\/wp-content\\\/uploads\\\/2017\\\/11\\\/Andreia_Cunha-1-150x150.jpg\",\"contentUrl\":\"https:\\\/\\\/www.altominho.tv\\\/site\\\/wp-content\\\/uploads\\\/2017\\\/11\\\/Andreia_Cunha-1-150x150.jpg\",\"caption\":\"Andreia Cunha\"},\"url\":\"https:\\\/\\\/www.altominho.tv\\\/site\\\/author\\\/andreiacunha\\\/\"}]}<\/script>\n<!-- \/ Yoast SEO Premium plugin. -->","yoast_head_json":{"title":"CPCJ promove semin\u00e1rio \u201cA Crian\u00e7a Exposta \u00e0 Viol\u00eancia Dom\u00e9stica: Que Implica\u00e7\u00f5es?\u201d","robots":{"index":"index","follow":"follow","max-snippet":"max-snippet:-1","max-image-preview":"max-image-preview:large","max-video-preview":"max-video-preview:-1"},"canonical":"https:\/\/www.altominho.tv\/site\/2017\/11\/16\/cpcj-promove-seminario-a-crianca-exposta-a-violencia-domestica-que-implicacoes\/","og_locale":"pt_PT","og_type":"article","og_title":"CPCJ promove semin\u00e1rio \u201cA Crian\u00e7a Exposta \u00e0 Viol\u00eancia Dom\u00e9stica: Que Implica\u00e7\u00f5es?\u201d","og_description":"&nbsp; A Comiss\u00e3o de Prote\u00e7\u00e3o de Crian\u00e7as e Jovens &#8211; CPCJ vai promover no dia 21 de novembro um semin\u00e1rio subordinado ao tema \u201cA Crian\u00e7a Exposta \u00e0 Viol\u00eancia Dom\u00e9stica: Que Implica\u00e7\u00f5es?\u201d. Com o apoio do Munic\u00edpio de Ponte de Lima, e integrado no plano de A\u00e7\u00e3o da Comiss\u00e3o de Prote\u00e7\u00e3o de Crian\u00e7as e Jovens, o [&hellip;]","og_url":"https:\/\/www.altominho.tv\/site\/2017\/11\/16\/cpcj-promove-seminario-a-crianca-exposta-a-violencia-domestica-que-implicacoes\/","og_site_name":"Altominho.tv","article_publisher":"https:\/\/www.facebook.com\/altominhotv","article_published_time":"2017-11-16T14:30:54+00:00","article_modified_time":"2017-11-20T15:46:42+00:00","og_image":[{"width":930,"height":443,"url":"https:\/\/www.altominho.tv\/site\/wp-content\/uploads\/2017\/11\/cpcj.jpg","type":"image\/jpeg"}],"author":"Andreia Cunha","twitter_card":"summary_large_image","twitter_creator":"@altominhoTV","twitter_site":"@altominhoTV","twitter_misc":{"Escrito por":"Andreia Cunha","Tempo estimado de leitura":"1 minuto"},"schema":{"@context":"https:\/\/schema.org","@graph":[{"@type":"Article","@id":"https:\/\/www.altominho.tv\/site\/2017\/11\/16\/cpcj-promove-seminario-a-crianca-exposta-a-violencia-domestica-que-implicacoes\/#article","isPartOf":{"@id":"https:\/\/www.altominho.tv\/site\/2017\/11\/16\/cpcj-promove-seminario-a-crianca-exposta-a-violencia-domestica-que-implicacoes\/"},"author":{"name":"Andreia Cunha","@id":"https:\/\/www.altominho.tv\/site\/#\/schema\/person\/a0e4ef6d041f98ca284393d8f1d97153"},"headline":"CPCJ promove semin\u00e1rio \u201cA Crian\u00e7a Exposta \u00e0 Viol\u00eancia Dom\u00e9stica: Que Implica\u00e7\u00f5es?\u201d","datePublished":"2017-11-16T14:30:54+00:00","dateModified":"2017-11-20T15:46:42+00:00","mainEntityOfPage":{"@id":"https:\/\/www.altominho.tv\/site\/2017\/11\/16\/cpcj-promove-seminario-a-crianca-exposta-a-violencia-domestica-que-implicacoes\/"},"wordCount":306,"commentCount":0,"image":{"@id":"https:\/\/www.altominho.tv\/site\/2017\/11\/16\/cpcj-promove-seminario-a-crianca-exposta-a-violencia-domestica-que-implicacoes\/#primaryimage"},"thumbnailUrl":"https:\/\/www.altominho.tv\/site\/wp-content\/uploads\/2017\/11\/cpcj.jpg","keywords":["Educa\u00e7\u00e3o","Sociedade"],"articleSection":["Ponte de Lima"],"inLanguage":"pt-PT","potentialAction":[{"@type":"CommentAction","name":"Comment","target":["https:\/\/www.altominho.tv\/site\/2017\/11\/16\/cpcj-promove-seminario-a-crianca-exposta-a-violencia-domestica-que-implicacoes\/#respond"]}],"copyrightYear":"2017","copyrightHolder":{"@id":"https:\/\/www.altominho.tv\/site\/#organization"}},{"@type":"WebPage","@id":"https:\/\/www.altominho.tv\/site\/2017\/11\/16\/cpcj-promove-seminario-a-crianca-exposta-a-violencia-domestica-que-implicacoes\/","url":"https:\/\/www.altominho.tv\/site\/2017\/11\/16\/cpcj-promove-seminario-a-crianca-exposta-a-violencia-domestica-que-implicacoes\/","name":"CPCJ promove semin\u00e1rio \u201cA Crian\u00e7a Exposta \u00e0 Viol\u00eancia Dom\u00e9stica: Que Implica\u00e7\u00f5es?\u201d","isPartOf":{"@id":"https:\/\/www.altominho.tv\/site\/#website"},"primaryImageOfPage":{"@id":"https:\/\/www.altominho.tv\/site\/2017\/11\/16\/cpcj-promove-seminario-a-crianca-exposta-a-violencia-domestica-que-implicacoes\/#primaryimage"},"image":{"@id":"https:\/\/www.altominho.tv\/site\/2017\/11\/16\/cpcj-promove-seminario-a-crianca-exposta-a-violencia-domestica-que-implicacoes\/#primaryimage"},"thumbnailUrl":"https:\/\/www.altominho.tv\/site\/wp-content\/uploads\/2017\/11\/cpcj.jpg","datePublished":"2017-11-16T14:30:54+00:00","dateModified":"2017-11-20T15:46:42+00:00","author":{"@id":"https:\/\/www.altominho.tv\/site\/#\/schema\/person\/a0e4ef6d041f98ca284393d8f1d97153"},"breadcrumb":{"@id":"https:\/\/www.altominho.tv\/site\/2017\/11\/16\/cpcj-promove-seminario-a-crianca-exposta-a-violencia-domestica-que-implicacoes\/#breadcrumb"},"inLanguage":"pt-PT","potentialAction":[{"@type":"ReadAction","target":["https:\/\/www.altominho.tv\/site\/2017\/11\/16\/cpcj-promove-seminario-a-crianca-exposta-a-violencia-domestica-que-implicacoes\/"]}]},{"@type":"ImageObject","inLanguage":"pt-PT","@id":"https:\/\/www.altominho.tv\/site\/2017\/11\/16\/cpcj-promove-seminario-a-crianca-exposta-a-violencia-domestica-que-implicacoes\/#primaryimage","url":"https:\/\/www.altominho.tv\/site\/wp-content\/uploads\/2017\/11\/cpcj.jpg","contentUrl":"https:\/\/www.altominho.tv\/site\/wp-content\/uploads\/2017\/11\/cpcj.jpg","width":930,"height":443},{"@type":"BreadcrumbList","@id":"https:\/\/www.altominho.tv\/site\/2017\/11\/16\/cpcj-promove-seminario-a-crianca-exposta-a-violencia-domestica-que-implicacoes\/#breadcrumb","itemListElement":[{"@type":"ListItem","position":1,"name":"In\u00edcio","item":"https:\/\/www.altominho.tv\/site\/"},{"@type":"ListItem","position":2,"name":"CPCJ promove semin\u00e1rio \u201cA Crian\u00e7a Exposta \u00e0 Viol\u00eancia Dom\u00e9stica: Que Implica\u00e7\u00f5es?\u201d"}]},{"@type":"WebSite","@id":"https:\/\/www.altominho.tv\/site\/#website","url":"https:\/\/www.altominho.tv\/site\/","name":"Altominho.tv","description":"A sua regi\u00e3o \u00e0 dist\u00e2ncia de um clique...","potentialAction":[{"@type":"SearchAction","target":{"@type":"EntryPoint","urlTemplate":"https:\/\/www.altominho.tv\/site\/?s={search_term_string}"},"query-input":{"@type":"PropertyValueSpecification","valueRequired":true,"valueName":"search_term_string"}}],"inLanguage":"pt-PT"},{"@type":"Person","@id":"https:\/\/www.altominho.tv\/site\/#\/schema\/person\/a0e4ef6d041f98ca284393d8f1d97153","name":"Andreia Cunha","image":{"@type":"ImageObject","inLanguage":"pt-PT","@id":"https:\/\/www.altominho.tv\/site\/wp-content\/uploads\/2017\/11\/Andreia_Cunha-1-150x150.jpg","url":"https:\/\/www.altominho.tv\/site\/wp-content\/uploads\/2017\/11\/Andreia_Cunha-1-150x150.jpg","contentUrl":"https:\/\/www.altominho.tv\/site\/wp-content\/uploads\/2017\/11\/Andreia_Cunha-1-150x150.jpg","caption":"Andreia Cunha"},"url":"https:\/\/www.altominho.tv\/site\/author\/andreiacunha\/"}]}},"_links":{"self":[{"href":"https:\/\/www.altominho.tv\/site\/wp-json\/wp\/v2\/posts\/3447","targetHints":{"allow":["GET"]}}],"collection":[{"href":"https:\/\/www.altominho.tv\/site\/wp-json\/wp\/v2\/posts"}],"about":[{"href":"https:\/\/www.altominho.tv\/site\/wp-json\/wp\/v2\/types\/post"}],"author":[{"embeddable":true,"href":"https:\/\/www.altominho.tv\/site\/wp-json\/wp\/v2\/users\/7"}],"replies":[{"embeddable":true,"href":"https:\/\/www.altominho.tv\/site\/wp-json\/wp\/v2\/comments?post=3447"}],"version-history":[{"count":0,"href":"https:\/\/www.altominho.tv\/site\/wp-json\/wp\/v2\/posts\/3447\/revisions"}],"wp:featuredmedia":[{"embeddable":true,"href":"https:\/\/www.altominho.tv\/site\/wp-json\/wp\/v2\/media\/3450"}],"wp:attachment":[{"href":"https:\/\/www.altominho.tv\/site\/wp-json\/wp\/v2\/media?parent=3447"}],"wp:term":[{"taxonomy":"category","embeddable":true,"href":"https:\/\/www.altominho.tv\/site\/wp-json\/wp\/v2\/categories?post=3447"},{"taxonomy":"post_tag","embeddable":true,"href":"https:\/\/www.altominho.tv\/site\/wp-json\/wp\/v2\/tags?post=3447"}],"curies":[{"name":"wp","href":"https:\/\/api.w.org\/{rel}","templated":true}]}}