{"id":34426,"date":"2019-09-23T14:16:18","date_gmt":"2019-09-23T13:16:18","guid":{"rendered":"http:\/\/www.altominho.tv\/site\/?p=34426"},"modified":"2019-09-23T19:30:51","modified_gmt":"2019-09-23T18:30:51","slug":"rampa-de-santa-luzia-regressa-no-fim-de-semana-com-mais-de-200-inscritos","status":"publish","type":"post","link":"https:\/\/www.altominho.tv\/site\/2019\/09\/23\/rampa-de-santa-luzia-regressa-no-fim-de-semana-com-mais-de-200-inscritos\/","title":{"rendered":"Rampa de Santa Luzia regressa no fim de semana com mais de 200 inscritos"},"content":{"rendered":"<p>A edi\u00e7\u00e3o 2019 da Rampa de Santa Luzia, que vai decorrer nos dias 28 e 29 de setembro, em Viana do Castelo, conta com mais de 200 inscritos.<\/p>\n<p>Dedicada aos autom\u00f3veis cl\u00e1ssicos e desportivos, a Rampa de Santa Luzia trata-se de um &#8220;evento sem qualquer cariz desportivo&#8221; que, segundo a organiza\u00e7\u00e3o, pretende \u201creviver os anos de gl\u00f3ria daquele tra\u00e7ado sobranceiro \u00e0 cidade\u201d.<\/p>\n<p>A edi\u00e7\u00e3o deste ano conta com o habitual programa de subidas para as quatro s\u00e9ries da prova, que inclui subidas noturnas no s\u00e1bado, com in\u00edcio \u00e0s 21h00, e uma concentra\u00e7\u00e3o de cl\u00e1ssicos.<\/p>\n<p>No s\u00e1bado, dia 28, a Rampa de Santa Luzia d\u00e1 destaque aos autom\u00f3veis cl\u00e1ssicos de s\u00e9rie e aos cl\u00e1ssicos desportivos e de competi\u00e7\u00e3o. J\u00e1 no domingo, \u00e9 a vez dos carros desportivos modernos.<\/p>\n<p>Uma das novidades do evento \u00e9 a s\u00e9rie <em>Ladies First<\/em>, exclusivamente destinada a participantes femininas, que ter\u00e1 lugar no s\u00e1bado pelas 10h00 e 15h00.<\/p>\n<p>Organizada pelo Viana Motor Clube, em parceria com a C\u00e2mara de Viana do Castelo, a Rampa de Santa Luzia teve a sua primeira edi\u00e7\u00e3o em 1950. Durante muitos anos, foi uma das principais rampas do campeonato nacional e teve a sua \u00faltima edi\u00e7\u00e3o de competi\u00e7\u00e3o em 1986.<\/p>\n","protected":false},"excerpt":{"rendered":"<p>A edi\u00e7\u00e3o 2019 da Rampa de Santa Luzia, que vai decorrer nos dias 28 e 29 de setembro, em Viana do Castelo, conta com mais de 200 inscritos. Dedicada aos autom\u00f3veis cl\u00e1ssicos e desportivos, a Rampa de Santa Luzia trata-se de um &#8220;evento sem qualquer cariz desportivo&#8221; que, segundo a organiza\u00e7\u00e3o, pretende \u201creviver os anos [&hellip;]<\/p>\n","protected":false},"author":12,"featured_media":34427,"comment_status":"closed","ping_status":"closed","sticky":false,"template":"","format":"standard","meta":{"_exactmetrics_skip_tracking":false,"footnotes":""},"categories":[14],"tags":[20],"class_list":["post-34426","post","type-post","status-publish","format-standard","has-post-thumbnail","hentry","category-viana-do-castelo","tag-desporto"],"yoast_head":"<!-- This site is optimized with the Yoast SEO Premium plugin v28.3 (Yoast SEO v28.3) - https:\/\/yoast.com\/product\/yoast-seo-premium-wordpress\/ -->\n<title>Rampa de Santa Luzia regressa no fim de semana com mais de 200 inscritos<\/title>\n<meta name=\"robots\" content=\"index, follow, max-snippet:-1, max-image-preview:large, max-video-preview:-1\" \/>\n<link rel=\"canonical\" href=\"https:\/\/www.altominho.tv\/site\/2019\/09\/23\/rampa-de-santa-luzia-regressa-no-fim-de-semana-com-mais-de-200-inscritos\/\" \/>\n<meta property=\"og:locale\" content=\"pt_PT\" \/>\n<meta property=\"og:type\" content=\"article\" \/>\n<meta property=\"og:title\" content=\"Rampa de Santa Luzia regressa no fim de semana com mais de 200 inscritos\" \/>\n<meta property=\"og:description\" content=\"A edi\u00e7\u00e3o 2019 da Rampa de Santa Luzia, que vai decorrer nos dias 28 e 29 de setembro, em Viana do Castelo, conta com mais de 200 inscritos. Dedicada aos autom\u00f3veis cl\u00e1ssicos e desportivos, a Rampa de Santa Luzia trata-se de um &#8220;evento sem qualquer cariz desportivo&#8221; que, segundo a organiza\u00e7\u00e3o, pretende \u201creviver os anos [&hellip;]\" \/>\n<meta property=\"og:url\" content=\"https:\/\/www.altominho.tv\/site\/2019\/09\/23\/rampa-de-santa-luzia-regressa-no-fim-de-semana-com-mais-de-200-inscritos\/\" \/>\n<meta property=\"og:site_name\" content=\"Altominho.tv\" \/>\n<meta property=\"article:publisher\" content=\"https:\/\/www.facebook.com\/altominhotv\" \/>\n<meta property=\"article:published_time\" content=\"2019-09-23T13:16:18+00:00\" \/>\n<meta property=\"article:modified_time\" content=\"2019-09-23T18:30:51+00:00\" \/>\n<meta property=\"og:image\" content=\"https:\/\/www.altominho.tv\/site\/wp-content\/uploads\/2019\/09\/61522274_2447468261981990_1146124448277987328_o.jpg\" \/>\n\t<meta property=\"og:image:width\" content=\"1439\" \/>\n\t<meta property=\"og:image:height\" content=\"960\" \/>\n\t<meta property=\"og:image:type\" content=\"image\/jpeg\" \/>\n<meta name=\"author\" content=\"Andreia Ferreira\" \/>\n<meta name=\"twitter:card\" content=\"summary_large_image\" \/>\n<meta name=\"twitter:creator\" content=\"@altominhoTV\" \/>\n<meta name=\"twitter:site\" content=\"@altominhoTV\" \/>\n<meta name=\"twitter:label1\" content=\"Escrito por\" \/>\n\t<meta name=\"twitter:data1\" content=\"Andreia Ferreira\" \/>\n\t<meta name=\"twitter:label2\" content=\"Tempo estimado de leitura\" \/>\n\t<meta name=\"twitter:data2\" content=\"1 minuto\" \/>\n<script type=\"application\/ld+json\" class=\"yoast-schema-graph\">{\"@context\":\"https:\\\/\\\/schema.org\",\"@graph\":[{\"@type\":\"Article\",\"@id\":\"https:\\\/\\\/www.altominho.tv\\\/site\\\/2019\\\/09\\\/23\\\/rampa-de-santa-luzia-regressa-no-fim-de-semana-com-mais-de-200-inscritos\\\/#article\",\"isPartOf\":{\"@id\":\"https:\\\/\\\/www.altominho.tv\\\/site\\\/2019\\\/09\\\/23\\\/rampa-de-santa-luzia-regressa-no-fim-de-semana-com-mais-de-200-inscritos\\\/\"},\"author\":{\"name\":\"Andreia Ferreira\",\"@id\":\"https:\\\/\\\/www.altominho.tv\\\/site\\\/#\\\/schema\\\/person\\\/d9be4265364723f14ea8e0d56a1d38cd\"},\"headline\":\"Rampa de Santa Luzia regressa no fim de semana com mais de 200 inscritos\",\"datePublished\":\"2019-09-23T13:16:18+00:00\",\"dateModified\":\"2019-09-23T18:30:51+00:00\",\"mainEntityOfPage\":{\"@id\":\"https:\\\/\\\/www.altominho.tv\\\/site\\\/2019\\\/09\\\/23\\\/rampa-de-santa-luzia-regressa-no-fim-de-semana-com-mais-de-200-inscritos\\\/\"},\"wordCount\":225,\"image\":{\"@id\":\"https:\\\/\\\/www.altominho.tv\\\/site\\\/2019\\\/09\\\/23\\\/rampa-de-santa-luzia-regressa-no-fim-de-semana-com-mais-de-200-inscritos\\\/#primaryimage\"},\"thumbnailUrl\":\"https:\\\/\\\/www.altominho.tv\\\/site\\\/wp-content\\\/uploads\\\/2019\\\/09\\\/61522274_2447468261981990_1146124448277987328_o.jpg\",\"keywords\":[\"Desporto\"],\"articleSection\":[\"Viana do Castelo\"],\"inLanguage\":\"pt-PT\",\"copyrightYear\":\"2019\",\"copyrightHolder\":{\"@id\":\"https:\\\/\\\/www.altominho.tv\\\/site\\\/#organization\"}},{\"@type\":\"WebPage\",\"@id\":\"https:\\\/\\\/www.altominho.tv\\\/site\\\/2019\\\/09\\\/23\\\/rampa-de-santa-luzia-regressa-no-fim-de-semana-com-mais-de-200-inscritos\\\/\",\"url\":\"https:\\\/\\\/www.altominho.tv\\\/site\\\/2019\\\/09\\\/23\\\/rampa-de-santa-luzia-regressa-no-fim-de-semana-com-mais-de-200-inscritos\\\/\",\"name\":\"Rampa de Santa Luzia regressa no fim de semana com mais de 200 inscritos\",\"isPartOf\":{\"@id\":\"https:\\\/\\\/www.altominho.tv\\\/site\\\/#website\"},\"primaryImageOfPage\":{\"@id\":\"https:\\\/\\\/www.altominho.tv\\\/site\\\/2019\\\/09\\\/23\\\/rampa-de-santa-luzia-regressa-no-fim-de-semana-com-mais-de-200-inscritos\\\/#primaryimage\"},\"image\":{\"@id\":\"https:\\\/\\\/www.altominho.tv\\\/site\\\/2019\\\/09\\\/23\\\/rampa-de-santa-luzia-regressa-no-fim-de-semana-com-mais-de-200-inscritos\\\/#primaryimage\"},\"thumbnailUrl\":\"https:\\\/\\\/www.altominho.tv\\\/site\\\/wp-content\\\/uploads\\\/2019\\\/09\\\/61522274_2447468261981990_1146124448277987328_o.jpg\",\"datePublished\":\"2019-09-23T13:16:18+00:00\",\"dateModified\":\"2019-09-23T18:30:51+00:00\",\"author\":{\"@id\":\"https:\\\/\\\/www.altominho.tv\\\/site\\\/#\\\/schema\\\/person\\\/d9be4265364723f14ea8e0d56a1d38cd\"},\"breadcrumb\":{\"@id\":\"https:\\\/\\\/www.altominho.tv\\\/site\\\/2019\\\/09\\\/23\\\/rampa-de-santa-luzia-regressa-no-fim-de-semana-com-mais-de-200-inscritos\\\/#breadcrumb\"},\"inLanguage\":\"pt-PT\",\"potentialAction\":[{\"@type\":\"ReadAction\",\"target\":[\"https:\\\/\\\/www.altominho.tv\\\/site\\\/2019\\\/09\\\/23\\\/rampa-de-santa-luzia-regressa-no-fim-de-semana-com-mais-de-200-inscritos\\\/\"]}]},{\"@type\":\"ImageObject\",\"inLanguage\":\"pt-PT\",\"@id\":\"https:\\\/\\\/www.altominho.tv\\\/site\\\/2019\\\/09\\\/23\\\/rampa-de-santa-luzia-regressa-no-fim-de-semana-com-mais-de-200-inscritos\\\/#primaryimage\",\"url\":\"https:\\\/\\\/www.altominho.tv\\\/site\\\/wp-content\\\/uploads\\\/2019\\\/09\\\/61522274_2447468261981990_1146124448277987328_o.jpg\",\"contentUrl\":\"https:\\\/\\\/www.altominho.tv\\\/site\\\/wp-content\\\/uploads\\\/2019\\\/09\\\/61522274_2447468261981990_1146124448277987328_o.jpg\",\"width\":1439,\"height\":960,\"caption\":\"FACEBOOK VIANA MOTOR CLUBE\"},{\"@type\":\"BreadcrumbList\",\"@id\":\"https:\\\/\\\/www.altominho.tv\\\/site\\\/2019\\\/09\\\/23\\\/rampa-de-santa-luzia-regressa-no-fim-de-semana-com-mais-de-200-inscritos\\\/#breadcrumb\",\"itemListElement\":[{\"@type\":\"ListItem\",\"position\":1,\"name\":\"In\u00edcio\",\"item\":\"https:\\\/\\\/www.altominho.tv\\\/site\\\/\"},{\"@type\":\"ListItem\",\"position\":2,\"name\":\"Rampa de Santa Luzia regressa no fim de semana com mais de 200 inscritos\"}]},{\"@type\":\"WebSite\",\"@id\":\"https:\\\/\\\/www.altominho.tv\\\/site\\\/#website\",\"url\":\"https:\\\/\\\/www.altominho.tv\\\/site\\\/\",\"name\":\"Altominho.tv\",\"description\":\"A sua regi\u00e3o \u00e0 dist\u00e2ncia de um clique...\",\"potentialAction\":[{\"@type\":\"SearchAction\",\"target\":{\"@type\":\"EntryPoint\",\"urlTemplate\":\"https:\\\/\\\/www.altominho.tv\\\/site\\\/?s={search_term_string}\"},\"query-input\":{\"@type\":\"PropertyValueSpecification\",\"valueRequired\":true,\"valueName\":\"search_term_string\"}}],\"inLanguage\":\"pt-PT\"},{\"@type\":\"Person\",\"@id\":\"https:\\\/\\\/www.altominho.tv\\\/site\\\/#\\\/schema\\\/person\\\/d9be4265364723f14ea8e0d56a1d38cd\",\"name\":\"Andreia Ferreira\",\"image\":{\"@type\":\"ImageObject\",\"inLanguage\":\"pt-PT\",\"@id\":\"https:\\\/\\\/www.altominho.tv\\\/site\\\/wp-content\\\/uploads\\\/2021\\\/01\\\/AndreiaFerreira-150x150.jpg\",\"url\":\"https:\\\/\\\/www.altominho.tv\\\/site\\\/wp-content\\\/uploads\\\/2021\\\/01\\\/AndreiaFerreira-150x150.jpg\",\"contentUrl\":\"https:\\\/\\\/www.altominho.tv\\\/site\\\/wp-content\\\/uploads\\\/2021\\\/01\\\/AndreiaFerreira-150x150.jpg\",\"caption\":\"Andreia Ferreira\"},\"url\":\"https:\\\/\\\/www.altominho.tv\\\/site\\\/author\\\/andreiaferreira\\\/\"}]}<\/script>\n<!-- \/ Yoast SEO Premium plugin. -->","yoast_head_json":{"title":"Rampa de Santa Luzia regressa no fim de semana com mais de 200 inscritos","robots":{"index":"index","follow":"follow","max-snippet":"max-snippet:-1","max-image-preview":"max-image-preview:large","max-video-preview":"max-video-preview:-1"},"canonical":"https:\/\/www.altominho.tv\/site\/2019\/09\/23\/rampa-de-santa-luzia-regressa-no-fim-de-semana-com-mais-de-200-inscritos\/","og_locale":"pt_PT","og_type":"article","og_title":"Rampa de Santa Luzia regressa no fim de semana com mais de 200 inscritos","og_description":"A edi\u00e7\u00e3o 2019 da Rampa de Santa Luzia, que vai decorrer nos dias 28 e 29 de setembro, em Viana do Castelo, conta com mais de 200 inscritos. Dedicada aos autom\u00f3veis cl\u00e1ssicos e desportivos, a Rampa de Santa Luzia trata-se de um &#8220;evento sem qualquer cariz desportivo&#8221; que, segundo a organiza\u00e7\u00e3o, pretende \u201creviver os anos [&hellip;]","og_url":"https:\/\/www.altominho.tv\/site\/2019\/09\/23\/rampa-de-santa-luzia-regressa-no-fim-de-semana-com-mais-de-200-inscritos\/","og_site_name":"Altominho.tv","article_publisher":"https:\/\/www.facebook.com\/altominhotv","article_published_time":"2019-09-23T13:16:18+00:00","article_modified_time":"2019-09-23T18:30:51+00:00","og_image":[{"width":1439,"height":960,"url":"https:\/\/www.altominho.tv\/site\/wp-content\/uploads\/2019\/09\/61522274_2447468261981990_1146124448277987328_o.jpg","type":"image\/jpeg"}],"author":"Andreia Ferreira","twitter_card":"summary_large_image","twitter_creator":"@altominhoTV","twitter_site":"@altominhoTV","twitter_misc":{"Escrito por":"Andreia Ferreira","Tempo estimado de leitura":"1 minuto"},"schema":{"@context":"https:\/\/schema.org","@graph":[{"@type":"Article","@id":"https:\/\/www.altominho.tv\/site\/2019\/09\/23\/rampa-de-santa-luzia-regressa-no-fim-de-semana-com-mais-de-200-inscritos\/#article","isPartOf":{"@id":"https:\/\/www.altominho.tv\/site\/2019\/09\/23\/rampa-de-santa-luzia-regressa-no-fim-de-semana-com-mais-de-200-inscritos\/"},"author":{"name":"Andreia Ferreira","@id":"https:\/\/www.altominho.tv\/site\/#\/schema\/person\/d9be4265364723f14ea8e0d56a1d38cd"},"headline":"Rampa de Santa Luzia regressa no fim de semana com mais de 200 inscritos","datePublished":"2019-09-23T13:16:18+00:00","dateModified":"2019-09-23T18:30:51+00:00","mainEntityOfPage":{"@id":"https:\/\/www.altominho.tv\/site\/2019\/09\/23\/rampa-de-santa-luzia-regressa-no-fim-de-semana-com-mais-de-200-inscritos\/"},"wordCount":225,"image":{"@id":"https:\/\/www.altominho.tv\/site\/2019\/09\/23\/rampa-de-santa-luzia-regressa-no-fim-de-semana-com-mais-de-200-inscritos\/#primaryimage"},"thumbnailUrl":"https:\/\/www.altominho.tv\/site\/wp-content\/uploads\/2019\/09\/61522274_2447468261981990_1146124448277987328_o.jpg","keywords":["Desporto"],"articleSection":["Viana do Castelo"],"inLanguage":"pt-PT","copyrightYear":"2019","copyrightHolder":{"@id":"https:\/\/www.altominho.tv\/site\/#organization"}},{"@type":"WebPage","@id":"https:\/\/www.altominho.tv\/site\/2019\/09\/23\/rampa-de-santa-luzia-regressa-no-fim-de-semana-com-mais-de-200-inscritos\/","url":"https:\/\/www.altominho.tv\/site\/2019\/09\/23\/rampa-de-santa-luzia-regressa-no-fim-de-semana-com-mais-de-200-inscritos\/","name":"Rampa de Santa Luzia regressa no fim de semana com mais de 200 inscritos","isPartOf":{"@id":"https:\/\/www.altominho.tv\/site\/#website"},"primaryImageOfPage":{"@id":"https:\/\/www.altominho.tv\/site\/2019\/09\/23\/rampa-de-santa-luzia-regressa-no-fim-de-semana-com-mais-de-200-inscritos\/#primaryimage"},"image":{"@id":"https:\/\/www.altominho.tv\/site\/2019\/09\/23\/rampa-de-santa-luzia-regressa-no-fim-de-semana-com-mais-de-200-inscritos\/#primaryimage"},"thumbnailUrl":"https:\/\/www.altominho.tv\/site\/wp-content\/uploads\/2019\/09\/61522274_2447468261981990_1146124448277987328_o.jpg","datePublished":"2019-09-23T13:16:18+00:00","dateModified":"2019-09-23T18:30:51+00:00","author":{"@id":"https:\/\/www.altominho.tv\/site\/#\/schema\/person\/d9be4265364723f14ea8e0d56a1d38cd"},"breadcrumb":{"@id":"https:\/\/www.altominho.tv\/site\/2019\/09\/23\/rampa-de-santa-luzia-regressa-no-fim-de-semana-com-mais-de-200-inscritos\/#breadcrumb"},"inLanguage":"pt-PT","potentialAction":[{"@type":"ReadAction","target":["https:\/\/www.altominho.tv\/site\/2019\/09\/23\/rampa-de-santa-luzia-regressa-no-fim-de-semana-com-mais-de-200-inscritos\/"]}]},{"@type":"ImageObject","inLanguage":"pt-PT","@id":"https:\/\/www.altominho.tv\/site\/2019\/09\/23\/rampa-de-santa-luzia-regressa-no-fim-de-semana-com-mais-de-200-inscritos\/#primaryimage","url":"https:\/\/www.altominho.tv\/site\/wp-content\/uploads\/2019\/09\/61522274_2447468261981990_1146124448277987328_o.jpg","contentUrl":"https:\/\/www.altominho.tv\/site\/wp-content\/uploads\/2019\/09\/61522274_2447468261981990_1146124448277987328_o.jpg","width":1439,"height":960,"caption":"FACEBOOK VIANA MOTOR CLUBE"},{"@type":"BreadcrumbList","@id":"https:\/\/www.altominho.tv\/site\/2019\/09\/23\/rampa-de-santa-luzia-regressa-no-fim-de-semana-com-mais-de-200-inscritos\/#breadcrumb","itemListElement":[{"@type":"ListItem","position":1,"name":"In\u00edcio","item":"https:\/\/www.altominho.tv\/site\/"},{"@type":"ListItem","position":2,"name":"Rampa de Santa Luzia regressa no fim de semana com mais de 200 inscritos"}]},{"@type":"WebSite","@id":"https:\/\/www.altominho.tv\/site\/#website","url":"https:\/\/www.altominho.tv\/site\/","name":"Altominho.tv","description":"A sua regi\u00e3o \u00e0 dist\u00e2ncia de um clique...","potentialAction":[{"@type":"SearchAction","target":{"@type":"EntryPoint","urlTemplate":"https:\/\/www.altominho.tv\/site\/?s={search_term_string}"},"query-input":{"@type":"PropertyValueSpecification","valueRequired":true,"valueName":"search_term_string"}}],"inLanguage":"pt-PT"},{"@type":"Person","@id":"https:\/\/www.altominho.tv\/site\/#\/schema\/person\/d9be4265364723f14ea8e0d56a1d38cd","name":"Andreia Ferreira","image":{"@type":"ImageObject","inLanguage":"pt-PT","@id":"https:\/\/www.altominho.tv\/site\/wp-content\/uploads\/2021\/01\/AndreiaFerreira-150x150.jpg","url":"https:\/\/www.altominho.tv\/site\/wp-content\/uploads\/2021\/01\/AndreiaFerreira-150x150.jpg","contentUrl":"https:\/\/www.altominho.tv\/site\/wp-content\/uploads\/2021\/01\/AndreiaFerreira-150x150.jpg","caption":"Andreia Ferreira"},"url":"https:\/\/www.altominho.tv\/site\/author\/andreiaferreira\/"}]}},"_links":{"self":[{"href":"https:\/\/www.altominho.tv\/site\/wp-json\/wp\/v2\/posts\/34426","targetHints":{"allow":["GET"]}}],"collection":[{"href":"https:\/\/www.altominho.tv\/site\/wp-json\/wp\/v2\/posts"}],"about":[{"href":"https:\/\/www.altominho.tv\/site\/wp-json\/wp\/v2\/types\/post"}],"author":[{"embeddable":true,"href":"https:\/\/www.altominho.tv\/site\/wp-json\/wp\/v2\/users\/12"}],"replies":[{"embeddable":true,"href":"https:\/\/www.altominho.tv\/site\/wp-json\/wp\/v2\/comments?post=34426"}],"version-history":[{"count":0,"href":"https:\/\/www.altominho.tv\/site\/wp-json\/wp\/v2\/posts\/34426\/revisions"}],"wp:featuredmedia":[{"embeddable":true,"href":"https:\/\/www.altominho.tv\/site\/wp-json\/wp\/v2\/media\/34427"}],"wp:attachment":[{"href":"https:\/\/www.altominho.tv\/site\/wp-json\/wp\/v2\/media?parent=34426"}],"wp:term":[{"taxonomy":"category","embeddable":true,"href":"https:\/\/www.altominho.tv\/site\/wp-json\/wp\/v2\/categories?post=34426"},{"taxonomy":"post_tag","embeddable":true,"href":"https:\/\/www.altominho.tv\/site\/wp-json\/wp\/v2\/tags?post=34426"}],"curies":[{"name":"wp","href":"https:\/\/api.w.org\/{rel}","templated":true}]}}