{"id":34424,"date":"2019-09-23T12:43:49","date_gmt":"2019-09-23T11:43:49","guid":{"rendered":"http:\/\/www.altominho.tv\/site\/?p=34424"},"modified":"2019-09-23T19:32:59","modified_gmt":"2019-09-23T18:32:59","slug":"viana-do-castelo-quer-florir-o-centro-historico","status":"publish","type":"post","link":"https:\/\/www.altominho.tv\/site\/2019\/09\/23\/viana-do-castelo-quer-florir-o-centro-historico\/","title":{"rendered":"Viana do Castelo quer &#8220;florir o centro hist\u00f3rico&#8221;"},"content":{"rendered":"<p>A C\u00e2mara de Viana do Castelo informou que vai come\u00e7ar, em fevereiro de 2020, a plantar flores nas varandas e fachadas de edif\u00edcios que confrontem com o espa\u00e7o p\u00fablico para &#8220;valorizar est\u00e9tica e ambientalmente&#8221; o centro hist\u00f3rico da cidade.<\/p>\n<p>O vereador do Ambiente, Ricardo Carvalhido, adiantou \u00e0 Lusa que o novo projeto municipal &#8220;Florir o Centro Hist\u00f3rico &#8211; Refor\u00e7ar a Identidade e a Perten\u00e7a dos Vianenses&#8221; &#8220;come\u00e7ar\u00e1, em fevereiro de 2020, nas principais art\u00e9rias do centro hist\u00f3rico.<\/p>\n<p>&#8220;Nesta fase estimamos abranger cerca de 300 habita\u00e7\u00f5es e colocar aproximadamente 2.000 vasos de flores&#8221;, especificou o respons\u00e1vel, adiantando que, numa segunda fase, a executar em fevereiro de 2021, ser\u00e3o contemplados outros arruamentos emblem\u00e1ticos&#8221; do casco hist\u00f3rico da cidade.<\/p>\n<p>Segundo Ricardo Carvalhido, o horto municipal &#8220;j\u00e1 est\u00e1 a semear as plantas que v\u00e3o ser usadas no programa, esfor\u00e7o que implica a produ\u00e7\u00e3o de mais de 2.000 esp\u00e9cimes vegetais, que acrescem aos 80 mil que s\u00e3o anualmente semeados e tratados pelos jardineiros municipais&#8221;.<\/p>\n<p>&#8220;A primeira marca do programa Florir o Centro Hist\u00f3rico j\u00e1 est\u00e1 instalada. Trata-se de um arranjo floral patente no chafariz quinhentista da Pra\u00e7a da Rep\u00fablica, que ficar\u00e1 em perman\u00eancia&#8221;, destacou o vereador.<\/p>\n<p>Ricardo carvalhido sublinhou que a nova aposta de &#8220;valoriza\u00e7\u00e3o est\u00e9tica e ambiental&#8221; da cidade &#8220;pretende materializar a indissociabilidade da cultura identit\u00e1ria do concelho ao nosso fundo gen\u00e9tico aut\u00f3ctone, que influenciou profundamente a evolu\u00e7\u00e3o social&#8221;.<\/p>\n<p>&#8220;A materializa\u00e7\u00e3o desta liga\u00e7\u00e3o &#8211; o chafariz e as flores &#8211; coloca em relevo, de forma art\u00edstica, um aspeto fundamental para as nossas vidas: quem fomos e como nos queremos projetar num futuro presente&#8221;, referiu.<\/p>\n<p>O novo projeto, aprovado na quinta-feira em reuni\u00e3o do executivo municipal, por unanimidade, prev\u00ea que &#8220;as instala\u00e7\u00f5es florais sejam colocadas nas varandas de propriet\u00e1rios e arrendat\u00e1rios de fra\u00e7\u00f5es das ruas abrangidas pelo programa&#8221;.<\/p>\n<p>A autarquia &#8220;celebrar\u00e1 um protocolo em que o mun\u00edcipe cede o espa\u00e7o de varanda para que os servi\u00e7os municipais instalem os conjuntos florais em vasos&#8221;. &#8220;Cabe ao munic\u00edpio, para os aderentes que assim o desejem, a responsabilidade da rega e aduba\u00e7\u00e3o, bem como outras interven\u00e7\u00f5es necess\u00e1rias a garantir o estado adequado das flores&#8221;, referiu.<\/p>\n<p>O respons\u00e1vel adiantou que &#8220;a identifica\u00e7\u00e3o dos propriet\u00e1rios ou arrendat\u00e1rios das fra\u00e7\u00f5es est\u00e1 praticamente conclu\u00edda&#8221;, estimando que &#8220;a partir de novembro e at\u00e9 janeiro, sejam contactados diretamente todos os moradores para uma explica\u00e7\u00e3o detalhada do programa e a elabora\u00e7\u00e3o do protocolo de parceria para os que pretendam aderir&#8221;.<\/p>\n<p>O programa municipal tem como objetivos &#8220;contribuir para a valoriza\u00e7\u00e3o est\u00e9tica e ambiental da cidade e para a tradi\u00e7\u00e3o portuguesa de decorar as varandas que confrontem com o espa\u00e7o p\u00fablico, potenciando o aparecimento de recantos de grande beleza, resultantes da jun\u00e7\u00e3o da arquitetura urbana com os conjuntos de flores&#8221;.<\/p>\n<p>A equipa que &#8220;ir\u00e1 funcionalizar o programa \u00e9 a mesma que foi criada e est\u00e1 afeta \u00e0 manuten\u00e7\u00e3o da ecovia do Litoral Norte, e que tamb\u00e9m \u00e9 respons\u00e1vel pela rega e manuten\u00e7\u00e3o das mais de 200 ta\u00e7as e floreiras dispostas no espa\u00e7o p\u00fablico do centro hist\u00f3rico de Viana do Castelo&#8221;.<\/p>\n<p>O novo projeto vem juntar-se ao &#8220;Viana Florida&#8221; que a C\u00e2mara promove h\u00e1 seis anos, no m\u00eas de maio. Al\u00e9m &#8220;projetar a tradi\u00e7\u00e3o da arte floral como atra\u00e7\u00e3o tur\u00edstica&#8221;, o &#8220;Viana Florida&#8221; pretende promover as festas e romarias associadas \u00e0 flor das freguesias de Vila Mou, Vila Franca e Alvar\u00e3es.<\/p>\n\n\n<p class=\"wp-block-paragraph\"><\/p>\n","protected":false},"excerpt":{"rendered":"<p>A C\u00e2mara de Viana do Castelo informou que vai come\u00e7ar, em fevereiro de 2020, a plantar flores nas varandas e fachadas de edif\u00edcios que confrontem com o espa\u00e7o p\u00fablico para &#8220;valorizar est\u00e9tica e ambientalmente&#8221; o centro hist\u00f3rico da cidade. O vereador do Ambiente, Ricardo Carvalhido, adiantou \u00e0 Lusa que o novo projeto municipal &#8220;Florir o [&hellip;]<\/p>\n","protected":false},"author":15,"featured_media":34429,"comment_status":"closed","ping_status":"closed","sticky":false,"template":"","format":"standard","meta":{"_exactmetrics_skip_tracking":false,"footnotes":""},"categories":[14],"tags":[27],"class_list":["post-34424","post","type-post","status-publish","format-standard","has-post-thumbnail","hentry","category-viana-do-castelo","tag-sociedade"],"yoast_head":"<!-- This site is optimized with the Yoast SEO Premium plugin v28.3 (Yoast SEO v28.3) - https:\/\/yoast.com\/product\/yoast-seo-premium-wordpress\/ -->\n<title>Viana do Castelo quer &quot;florir o centro hist\u00f3rico&quot;<\/title>\n<meta name=\"robots\" content=\"index, follow, max-snippet:-1, max-image-preview:large, max-video-preview:-1\" \/>\n<link rel=\"canonical\" href=\"https:\/\/www.altominho.tv\/site\/2019\/09\/23\/viana-do-castelo-quer-florir-o-centro-historico\/\" \/>\n<meta property=\"og:locale\" content=\"pt_PT\" \/>\n<meta property=\"og:type\" content=\"article\" \/>\n<meta property=\"og:title\" content=\"Viana do Castelo quer &quot;florir o centro hist\u00f3rico&quot;\" \/>\n<meta property=\"og:description\" content=\"A C\u00e2mara de Viana do Castelo informou que vai come\u00e7ar, em fevereiro de 2020, a plantar flores nas varandas e fachadas de edif\u00edcios que confrontem com o espa\u00e7o p\u00fablico para &#8220;valorizar est\u00e9tica e ambientalmente&#8221; o centro hist\u00f3rico da cidade. O vereador do Ambiente, Ricardo Carvalhido, adiantou \u00e0 Lusa que o novo projeto municipal &#8220;Florir o [&hellip;]\" \/>\n<meta property=\"og:url\" content=\"https:\/\/www.altominho.tv\/site\/2019\/09\/23\/viana-do-castelo-quer-florir-o-centro-historico\/\" \/>\n<meta property=\"og:site_name\" content=\"Altominho.tv\" \/>\n<meta property=\"article:publisher\" content=\"https:\/\/www.facebook.com\/altominhotv\" \/>\n<meta property=\"article:published_time\" content=\"2019-09-23T11:43:49+00:00\" \/>\n<meta property=\"article:modified_time\" content=\"2019-09-23T18:32:59+00:00\" \/>\n<meta property=\"og:image\" content=\"https:\/\/www.altominho.tv\/site\/wp-content\/uploads\/2019\/09\/abelo0061.jpg\" \/>\n\t<meta property=\"og:image:width\" content=\"6000\" \/>\n\t<meta property=\"og:image:height\" content=\"4000\" \/>\n\t<meta property=\"og:image:type\" content=\"image\/jpeg\" \/>\n<meta name=\"author\" content=\"Andreia Ferreira | Lusa\" \/>\n<meta name=\"twitter:card\" content=\"summary_large_image\" \/>\n<meta name=\"twitter:creator\" content=\"@altominhoTV\" \/>\n<meta name=\"twitter:site\" content=\"@altominhoTV\" \/>\n<meta name=\"twitter:label1\" content=\"Escrito por\" \/>\n\t<meta name=\"twitter:data1\" content=\"Andreia Ferreira | Lusa\" \/>\n\t<meta name=\"twitter:label2\" content=\"Tempo estimado de leitura\" \/>\n\t<meta name=\"twitter:data2\" content=\"3 minutos\" \/>\n<script type=\"application\/ld+json\" class=\"yoast-schema-graph\">{\"@context\":\"https:\\\/\\\/schema.org\",\"@graph\":[{\"@type\":\"Article\",\"@id\":\"https:\\\/\\\/www.altominho.tv\\\/site\\\/2019\\\/09\\\/23\\\/viana-do-castelo-quer-florir-o-centro-historico\\\/#article\",\"isPartOf\":{\"@id\":\"https:\\\/\\\/www.altominho.tv\\\/site\\\/2019\\\/09\\\/23\\\/viana-do-castelo-quer-florir-o-centro-historico\\\/\"},\"author\":{\"name\":\"Andreia Ferreira | Lusa\",\"@id\":\"https:\\\/\\\/www.altominho.tv\\\/site\\\/#\\\/schema\\\/person\\\/a0bff6dc1041aadd46fa81887444b017\"},\"headline\":\"Viana do Castelo quer &#8220;florir o centro hist\u00f3rico&#8221;\",\"datePublished\":\"2019-09-23T11:43:49+00:00\",\"dateModified\":\"2019-09-23T18:32:59+00:00\",\"mainEntityOfPage\":{\"@id\":\"https:\\\/\\\/www.altominho.tv\\\/site\\\/2019\\\/09\\\/23\\\/viana-do-castelo-quer-florir-o-centro-historico\\\/\"},\"wordCount\":617,\"image\":{\"@id\":\"https:\\\/\\\/www.altominho.tv\\\/site\\\/2019\\\/09\\\/23\\\/viana-do-castelo-quer-florir-o-centro-historico\\\/#primaryimage\"},\"thumbnailUrl\":\"https:\\\/\\\/www.altominho.tv\\\/site\\\/wp-content\\\/uploads\\\/2019\\\/09\\\/abelo0061.jpg\",\"keywords\":[\"Sociedade\"],\"articleSection\":[\"Viana do Castelo\"],\"inLanguage\":\"pt-PT\",\"copyrightYear\":\"2019\",\"copyrightHolder\":{\"@id\":\"https:\\\/\\\/www.altominho.tv\\\/site\\\/#organization\"}},{\"@type\":\"WebPage\",\"@id\":\"https:\\\/\\\/www.altominho.tv\\\/site\\\/2019\\\/09\\\/23\\\/viana-do-castelo-quer-florir-o-centro-historico\\\/\",\"url\":\"https:\\\/\\\/www.altominho.tv\\\/site\\\/2019\\\/09\\\/23\\\/viana-do-castelo-quer-florir-o-centro-historico\\\/\",\"name\":\"Viana do Castelo quer \\\"florir o centro hist\u00f3rico\\\"\",\"isPartOf\":{\"@id\":\"https:\\\/\\\/www.altominho.tv\\\/site\\\/#website\"},\"primaryImageOfPage\":{\"@id\":\"https:\\\/\\\/www.altominho.tv\\\/site\\\/2019\\\/09\\\/23\\\/viana-do-castelo-quer-florir-o-centro-historico\\\/#primaryimage\"},\"image\":{\"@id\":\"https:\\\/\\\/www.altominho.tv\\\/site\\\/2019\\\/09\\\/23\\\/viana-do-castelo-quer-florir-o-centro-historico\\\/#primaryimage\"},\"thumbnailUrl\":\"https:\\\/\\\/www.altominho.tv\\\/site\\\/wp-content\\\/uploads\\\/2019\\\/09\\\/abelo0061.jpg\",\"datePublished\":\"2019-09-23T11:43:49+00:00\",\"dateModified\":\"2019-09-23T18:32:59+00:00\",\"author\":{\"@id\":\"https:\\\/\\\/www.altominho.tv\\\/site\\\/#\\\/schema\\\/person\\\/a0bff6dc1041aadd46fa81887444b017\"},\"breadcrumb\":{\"@id\":\"https:\\\/\\\/www.altominho.tv\\\/site\\\/2019\\\/09\\\/23\\\/viana-do-castelo-quer-florir-o-centro-historico\\\/#breadcrumb\"},\"inLanguage\":\"pt-PT\",\"potentialAction\":[{\"@type\":\"ReadAction\",\"target\":[\"https:\\\/\\\/www.altominho.tv\\\/site\\\/2019\\\/09\\\/23\\\/viana-do-castelo-quer-florir-o-centro-historico\\\/\"]}]},{\"@type\":\"ImageObject\",\"inLanguage\":\"pt-PT\",\"@id\":\"https:\\\/\\\/www.altominho.tv\\\/site\\\/2019\\\/09\\\/23\\\/viana-do-castelo-quer-florir-o-centro-historico\\\/#primaryimage\",\"url\":\"https:\\\/\\\/www.altominho.tv\\\/site\\\/wp-content\\\/uploads\\\/2019\\\/09\\\/abelo0061.jpg\",\"contentUrl\":\"https:\\\/\\\/www.altominho.tv\\\/site\\\/wp-content\\\/uploads\\\/2019\\\/09\\\/abelo0061.jpg\",\"width\":6000,\"height\":4000,\"caption\":\"CM VIANA DO CASTELO\"},{\"@type\":\"BreadcrumbList\",\"@id\":\"https:\\\/\\\/www.altominho.tv\\\/site\\\/2019\\\/09\\\/23\\\/viana-do-castelo-quer-florir-o-centro-historico\\\/#breadcrumb\",\"itemListElement\":[{\"@type\":\"ListItem\",\"position\":1,\"name\":\"In\u00edcio\",\"item\":\"https:\\\/\\\/www.altominho.tv\\\/site\\\/\"},{\"@type\":\"ListItem\",\"position\":2,\"name\":\"Viana do Castelo quer &#8220;florir o centro hist\u00f3rico&#8221;\"}]},{\"@type\":\"WebSite\",\"@id\":\"https:\\\/\\\/www.altominho.tv\\\/site\\\/#website\",\"url\":\"https:\\\/\\\/www.altominho.tv\\\/site\\\/\",\"name\":\"Altominho.tv\",\"description\":\"A sua regi\u00e3o \u00e0 dist\u00e2ncia de um clique...\",\"potentialAction\":[{\"@type\":\"SearchAction\",\"target\":{\"@type\":\"EntryPoint\",\"urlTemplate\":\"https:\\\/\\\/www.altominho.tv\\\/site\\\/?s={search_term_string}\"},\"query-input\":{\"@type\":\"PropertyValueSpecification\",\"valueRequired\":true,\"valueName\":\"search_term_string\"}}],\"inLanguage\":\"pt-PT\"},{\"@type\":\"Person\",\"@id\":\"https:\\\/\\\/www.altominho.tv\\\/site\\\/#\\\/schema\\\/person\\\/a0bff6dc1041aadd46fa81887444b017\",\"name\":\"Andreia Ferreira | Lusa\",\"image\":{\"@type\":\"ImageObject\",\"inLanguage\":\"pt-PT\",\"@id\":\"https:\\\/\\\/www.altominho.tv\\\/site\\\/wp-content\\\/uploads\\\/2018\\\/04\\\/Andreia-150x150.jpg\",\"url\":\"https:\\\/\\\/www.altominho.tv\\\/site\\\/wp-content\\\/uploads\\\/2018\\\/04\\\/Andreia-150x150.jpg\",\"contentUrl\":\"https:\\\/\\\/www.altominho.tv\\\/site\\\/wp-content\\\/uploads\\\/2018\\\/04\\\/Andreia-150x150.jpg\",\"caption\":\"Andreia Ferreira | Lusa\"},\"sameAs\":[\"https:\\\/\\\/www.altominho.tv\\\/site\"],\"url\":\"https:\\\/\\\/www.altominho.tv\\\/site\\\/author\\\/andreiaferreiralusa\\\/\"}]}<\/script>\n<!-- \/ Yoast SEO Premium plugin. -->","yoast_head_json":{"title":"Viana do Castelo quer \"florir o centro hist\u00f3rico\"","robots":{"index":"index","follow":"follow","max-snippet":"max-snippet:-1","max-image-preview":"max-image-preview:large","max-video-preview":"max-video-preview:-1"},"canonical":"https:\/\/www.altominho.tv\/site\/2019\/09\/23\/viana-do-castelo-quer-florir-o-centro-historico\/","og_locale":"pt_PT","og_type":"article","og_title":"Viana do Castelo quer \"florir o centro hist\u00f3rico\"","og_description":"A C\u00e2mara de Viana do Castelo informou que vai come\u00e7ar, em fevereiro de 2020, a plantar flores nas varandas e fachadas de edif\u00edcios que confrontem com o espa\u00e7o p\u00fablico para &#8220;valorizar est\u00e9tica e ambientalmente&#8221; o centro hist\u00f3rico da cidade. O vereador do Ambiente, Ricardo Carvalhido, adiantou \u00e0 Lusa que o novo projeto municipal &#8220;Florir o [&hellip;]","og_url":"https:\/\/www.altominho.tv\/site\/2019\/09\/23\/viana-do-castelo-quer-florir-o-centro-historico\/","og_site_name":"Altominho.tv","article_publisher":"https:\/\/www.facebook.com\/altominhotv","article_published_time":"2019-09-23T11:43:49+00:00","article_modified_time":"2019-09-23T18:32:59+00:00","og_image":[{"width":6000,"height":4000,"url":"https:\/\/www.altominho.tv\/site\/wp-content\/uploads\/2019\/09\/abelo0061.jpg","type":"image\/jpeg"}],"author":"Andreia Ferreira | Lusa","twitter_card":"summary_large_image","twitter_creator":"@altominhoTV","twitter_site":"@altominhoTV","twitter_misc":{"Escrito por":"Andreia Ferreira | Lusa","Tempo estimado de leitura":"3 minutos"},"schema":{"@context":"https:\/\/schema.org","@graph":[{"@type":"Article","@id":"https:\/\/www.altominho.tv\/site\/2019\/09\/23\/viana-do-castelo-quer-florir-o-centro-historico\/#article","isPartOf":{"@id":"https:\/\/www.altominho.tv\/site\/2019\/09\/23\/viana-do-castelo-quer-florir-o-centro-historico\/"},"author":{"name":"Andreia Ferreira | Lusa","@id":"https:\/\/www.altominho.tv\/site\/#\/schema\/person\/a0bff6dc1041aadd46fa81887444b017"},"headline":"Viana do Castelo quer &#8220;florir o centro hist\u00f3rico&#8221;","datePublished":"2019-09-23T11:43:49+00:00","dateModified":"2019-09-23T18:32:59+00:00","mainEntityOfPage":{"@id":"https:\/\/www.altominho.tv\/site\/2019\/09\/23\/viana-do-castelo-quer-florir-o-centro-historico\/"},"wordCount":617,"image":{"@id":"https:\/\/www.altominho.tv\/site\/2019\/09\/23\/viana-do-castelo-quer-florir-o-centro-historico\/#primaryimage"},"thumbnailUrl":"https:\/\/www.altominho.tv\/site\/wp-content\/uploads\/2019\/09\/abelo0061.jpg","keywords":["Sociedade"],"articleSection":["Viana do Castelo"],"inLanguage":"pt-PT","copyrightYear":"2019","copyrightHolder":{"@id":"https:\/\/www.altominho.tv\/site\/#organization"}},{"@type":"WebPage","@id":"https:\/\/www.altominho.tv\/site\/2019\/09\/23\/viana-do-castelo-quer-florir-o-centro-historico\/","url":"https:\/\/www.altominho.tv\/site\/2019\/09\/23\/viana-do-castelo-quer-florir-o-centro-historico\/","name":"Viana do Castelo quer \"florir o centro hist\u00f3rico\"","isPartOf":{"@id":"https:\/\/www.altominho.tv\/site\/#website"},"primaryImageOfPage":{"@id":"https:\/\/www.altominho.tv\/site\/2019\/09\/23\/viana-do-castelo-quer-florir-o-centro-historico\/#primaryimage"},"image":{"@id":"https:\/\/www.altominho.tv\/site\/2019\/09\/23\/viana-do-castelo-quer-florir-o-centro-historico\/#primaryimage"},"thumbnailUrl":"https:\/\/www.altominho.tv\/site\/wp-content\/uploads\/2019\/09\/abelo0061.jpg","datePublished":"2019-09-23T11:43:49+00:00","dateModified":"2019-09-23T18:32:59+00:00","author":{"@id":"https:\/\/www.altominho.tv\/site\/#\/schema\/person\/a0bff6dc1041aadd46fa81887444b017"},"breadcrumb":{"@id":"https:\/\/www.altominho.tv\/site\/2019\/09\/23\/viana-do-castelo-quer-florir-o-centro-historico\/#breadcrumb"},"inLanguage":"pt-PT","potentialAction":[{"@type":"ReadAction","target":["https:\/\/www.altominho.tv\/site\/2019\/09\/23\/viana-do-castelo-quer-florir-o-centro-historico\/"]}]},{"@type":"ImageObject","inLanguage":"pt-PT","@id":"https:\/\/www.altominho.tv\/site\/2019\/09\/23\/viana-do-castelo-quer-florir-o-centro-historico\/#primaryimage","url":"https:\/\/www.altominho.tv\/site\/wp-content\/uploads\/2019\/09\/abelo0061.jpg","contentUrl":"https:\/\/www.altominho.tv\/site\/wp-content\/uploads\/2019\/09\/abelo0061.jpg","width":6000,"height":4000,"caption":"CM VIANA DO CASTELO"},{"@type":"BreadcrumbList","@id":"https:\/\/www.altominho.tv\/site\/2019\/09\/23\/viana-do-castelo-quer-florir-o-centro-historico\/#breadcrumb","itemListElement":[{"@type":"ListItem","position":1,"name":"In\u00edcio","item":"https:\/\/www.altominho.tv\/site\/"},{"@type":"ListItem","position":2,"name":"Viana do Castelo quer &#8220;florir o centro hist\u00f3rico&#8221;"}]},{"@type":"WebSite","@id":"https:\/\/www.altominho.tv\/site\/#website","url":"https:\/\/www.altominho.tv\/site\/","name":"Altominho.tv","description":"A sua regi\u00e3o \u00e0 dist\u00e2ncia de um clique...","potentialAction":[{"@type":"SearchAction","target":{"@type":"EntryPoint","urlTemplate":"https:\/\/www.altominho.tv\/site\/?s={search_term_string}"},"query-input":{"@type":"PropertyValueSpecification","valueRequired":true,"valueName":"search_term_string"}}],"inLanguage":"pt-PT"},{"@type":"Person","@id":"https:\/\/www.altominho.tv\/site\/#\/schema\/person\/a0bff6dc1041aadd46fa81887444b017","name":"Andreia Ferreira | Lusa","image":{"@type":"ImageObject","inLanguage":"pt-PT","@id":"https:\/\/www.altominho.tv\/site\/wp-content\/uploads\/2018\/04\/Andreia-150x150.jpg","url":"https:\/\/www.altominho.tv\/site\/wp-content\/uploads\/2018\/04\/Andreia-150x150.jpg","contentUrl":"https:\/\/www.altominho.tv\/site\/wp-content\/uploads\/2018\/04\/Andreia-150x150.jpg","caption":"Andreia Ferreira | Lusa"},"sameAs":["https:\/\/www.altominho.tv\/site"],"url":"https:\/\/www.altominho.tv\/site\/author\/andreiaferreiralusa\/"}]}},"_links":{"self":[{"href":"https:\/\/www.altominho.tv\/site\/wp-json\/wp\/v2\/posts\/34424","targetHints":{"allow":["GET"]}}],"collection":[{"href":"https:\/\/www.altominho.tv\/site\/wp-json\/wp\/v2\/posts"}],"about":[{"href":"https:\/\/www.altominho.tv\/site\/wp-json\/wp\/v2\/types\/post"}],"author":[{"embeddable":true,"href":"https:\/\/www.altominho.tv\/site\/wp-json\/wp\/v2\/users\/15"}],"replies":[{"embeddable":true,"href":"https:\/\/www.altominho.tv\/site\/wp-json\/wp\/v2\/comments?post=34424"}],"version-history":[{"count":0,"href":"https:\/\/www.altominho.tv\/site\/wp-json\/wp\/v2\/posts\/34424\/revisions"}],"wp:featuredmedia":[{"embeddable":true,"href":"https:\/\/www.altominho.tv\/site\/wp-json\/wp\/v2\/media\/34429"}],"wp:attachment":[{"href":"https:\/\/www.altominho.tv\/site\/wp-json\/wp\/v2\/media?parent=34424"}],"wp:term":[{"taxonomy":"category","embeddable":true,"href":"https:\/\/www.altominho.tv\/site\/wp-json\/wp\/v2\/categories?post=34424"},{"taxonomy":"post_tag","embeddable":true,"href":"https:\/\/www.altominho.tv\/site\/wp-json\/wp\/v2\/tags?post=34424"}],"curies":[{"name":"wp","href":"https:\/\/api.w.org\/{rel}","templated":true}]}}