{"id":34382,"date":"2019-09-20T13:39:35","date_gmt":"2019-09-20T12:39:35","guid":{"rendered":"http:\/\/www.altominho.tv\/site\/?p=34382"},"modified":"2022-01-17T14:31:57","modified_gmt":"2022-01-17T14:31:57","slug":"eleicoes-inscricao-para-voto-antecipado-comeca-no-domingo","status":"publish","type":"post","link":"https:\/\/www.altominho.tv\/site\/2019\/09\/20\/eleicoes-inscricao-para-voto-antecipado-comeca-no-domingo\/","title":{"rendered":"Elei\u00e7\u00f5es: Inscri\u00e7\u00e3o para voto antecipado come\u00e7a no domingo"},"content":{"rendered":"\n<p>Os eleitores que n\u00e3o puderem ir \u00e0s urnas em 06 de outubro podem, a partir de domingo, pedir o voto antecipado em mobilidade nas legislativas e exercer o seu direito uma semana antes, em 29 de setembro.<\/p>\n\n\n\n<p>De domingo at\u00e9 quinta-feira, os eleitores residentes em territ\u00f3rio nacional devem manifestar a vontade de votar antes atrav\u00e9s da plataforma (<a rel=\"noreferrer noopener\" href=\"https:\/\/www.votoantecipado.mai.gov.pt\/\" target=\"_blank\">https:\/\/www.votoantecipado.mai.gov.pt\/<\/a>) ou pedir por via postal, enviada \u00e0 Secretaria-Geral do Minist\u00e9rio da Administra\u00e7\u00e3o Interna, Pra\u00e7a do Com\u00e9rcio, Ala Oriental, 1149-015 Lisboa.<\/p>\n\n\n\n<p>No caso de ser usado o portal, o preenchimento \u00e9 eletr\u00f3nico e se o pedido seguir por carta o \u201csite\u201d da Comiss\u00e3o Nacional de Elei\u00e7\u00f5es tem um folheto explicativo (<a rel=\"noreferrer noopener\" href=\"https:\/\/www.portaldoeleitor.pt\/Documents\/Legislativas%202019\/Voto%20Antecipado_Mobilidade.pdf\" target=\"_blank\">https:\/\/www.portaldoeleitor.pt\/Documents\/Legislativas%202019\/Voto%20Antecipado_Mobilidade.pdf<\/a>) em que disponibiliza uma minuta para fazer o pedido.<\/p>\n\n\n\n<p>A possibilidade de voto antecipado foi aberta com a mais recente altera\u00e7\u00e3o \u00e0 lei que permite essa possibilidade uma semana antes da data de uma elei\u00e7\u00e3o.<\/p>\n\n\n\n<p>Se, por exemplo, um eleitor de Viana do Castelo n\u00e3o puder votar em 06 de outubro &#8211; e n\u00e3o precisa de dar justifica\u00e7\u00e3o &#8211; pode pedir para votar na semana anterior e escolher onde pretende faz\u00ea-lo, no seu c\u00edrculo eleitoral ou em qualquer outro \u00e0 sua escolha. O boletim de voto corresponder\u00e1 ao do seu c\u00edrculo.<\/p>\n\n\n\n<p>A primeira vez que este mecanismo foi usado, nas elei\u00e7\u00f5es europeias de 26 de maio, mais e 19.500 pessoas inscreveram-se para votar antecipadamente e 85% exerceram o seu direito de voto, segundo afirmou \u00e0 Lusa a secret\u00e1rio da Estado adjunta e da Administra\u00e7\u00e3o Interna, Isabel Oneto.<\/p>\n\n\n\n<p>Quem estiver inscrito e n\u00e3o votar nesse domingo, pode faz\u00ea-lo normalmente no dia das elei\u00e7\u00f5es, no caso, 06 de outubro.<\/p>\n\n\n\n<p>Nas europeias, em especial em Lisboa e no Porto, formaram-se filas, com tempos de espera, por vezes, de 40 minutos, o que originou protestos dos eleitores e depois cr\u00edticas de v\u00e1rios partidos.\u00a0<\/p>\n\n\n\n<p>Na semana passada, o Governo, atrav\u00e9s de Isabel Oneto, anunciou que para tentar evitar problemas id\u00eanticos das europeias as mesas de voto v\u00e3o funcionar em locais maiores, a Reitoria da Universidade de Lisboa e o pavilh\u00e3o do Centro Cultural e Desportivo dos Trabalhadores da C\u00e2mara Municipal do Porto.\u00a0<\/p>\n\n\n\n<p>Al\u00e9m do mais, para evitar a forma\u00e7\u00e3o de filas, cada mesa 500 eleitores em vez dos habituais 1.500.\u00a0<\/p>\n\n\n\n<p>No caso dos doentes internados e presos, o pedido para vota\u00e7\u00e3o antecipada deve ser feito ao presidente da c\u00e2mara, tendo o prazo terminado em 16 de setembro.<\/p>\n\n\n\n<p>Entre segunda-feira e quinta-feira, o presidente da c\u00e2mara municipal desloca-se ao estabelecimento hospitalar\/prisional e recolhe o voto.<\/p>\n\n\n\n<p>As legislativas para eleger os 230 deputados \u00e0 Assembleia da Rep\u00fablica est\u00e3o marcadas para 06 de outubro. Concorrem a esta elei\u00e7\u00e3o, a 16.\u00aa em democracia, um n\u00famero recorde de for\u00e7as pol\u00edticas &#8211; 20 partidos e uma coliga\u00e7\u00e3o.<\/p>\n","protected":false},"excerpt":{"rendered":"<p>Os eleitores que n\u00e3o puderem ir \u00e0s urnas em 06 de outubro podem, a partir de domingo, pedir o voto antecipado em mobilidade nas legislativas e exercer o seu direito uma semana antes, em 29 de setembro. De domingo at\u00e9 quinta-feira, os eleitores residentes em territ\u00f3rio nacional devem manifestar a vontade de votar antes atrav\u00e9s [&hellip;]<\/p>\n","protected":false},"author":7,"featured_media":34384,"comment_status":"closed","ping_status":"closed","sticky":false,"template":"","format":"standard","meta":{"_exactmetrics_skip_tracking":false,"_exactmetrics_sitenote_active":false,"_exactmetrics_sitenote_note":"","_exactmetrics_sitenote_category":0,"footnotes":""},"categories":[73],"tags":[56326],"class_list":["post-34382","post","type-post","status-publish","format-standard","has-post-thumbnail","hentry","category-alto-minho","tag-politica"],"yoast_head":"<!-- This site is optimized with the Yoast SEO Premium plugin v27.4 (Yoast SEO v27.4) - https:\/\/yoast.com\/product\/yoast-seo-premium-wordpress\/ -->\n<title>Elei\u00e7\u00f5es: Inscri\u00e7\u00e3o para voto antecipado come\u00e7a no domingo<\/title>\n<meta name=\"robots\" content=\"index, follow, max-snippet:-1, max-image-preview:large, max-video-preview:-1\" \/>\n<link rel=\"canonical\" href=\"https:\/\/www.altominho.tv\/site\/2019\/09\/20\/eleicoes-inscricao-para-voto-antecipado-comeca-no-domingo\/\" \/>\n<meta property=\"og:locale\" content=\"pt_PT\" \/>\n<meta property=\"og:type\" content=\"article\" \/>\n<meta property=\"og:title\" content=\"Elei\u00e7\u00f5es: Inscri\u00e7\u00e3o para voto antecipado come\u00e7a no domingo\" \/>\n<meta property=\"og:description\" content=\"Os eleitores que n\u00e3o puderem ir \u00e0s urnas em 06 de outubro podem, a partir de domingo, pedir o voto antecipado em mobilidade nas legislativas e exercer o seu direito uma semana antes, em 29 de setembro. De domingo at\u00e9 quinta-feira, os eleitores residentes em territ\u00f3rio nacional devem manifestar a vontade de votar antes atrav\u00e9s [&hellip;]\" \/>\n<meta property=\"og:url\" content=\"https:\/\/www.altominho.tv\/site\/2019\/09\/20\/eleicoes-inscricao-para-voto-antecipado-comeca-no-domingo\/\" \/>\n<meta property=\"og:site_name\" content=\"Altominho.tv\" \/>\n<meta property=\"article:publisher\" content=\"https:\/\/www.facebook.com\/altominhotv\" \/>\n<meta property=\"article:published_time\" content=\"2019-09-20T12:39:35+00:00\" \/>\n<meta property=\"article:modified_time\" content=\"2022-01-17T14:31:57+00:00\" \/>\n<meta property=\"og:image\" content=\"https:\/\/www.altominho.tv\/site\/wp-content\/uploads\/2019\/09\/cropped-caixa-voto.jpg\" \/>\n\t<meta property=\"og:image:width\" content=\"960\" \/>\n\t<meta property=\"og:image:height\" content=\"540\" \/>\n\t<meta property=\"og:image:type\" content=\"image\/jpeg\" \/>\n<meta name=\"author\" content=\"Andreia Cunha\" \/>\n<meta name=\"twitter:card\" content=\"summary_large_image\" \/>\n<meta name=\"twitter:creator\" content=\"@altominhoTV\" \/>\n<meta name=\"twitter:site\" content=\"@altominhoTV\" \/>\n<meta name=\"twitter:label1\" content=\"Escrito por\" \/>\n\t<meta name=\"twitter:data1\" content=\"Andreia Cunha\" \/>\n\t<meta name=\"twitter:label2\" content=\"Tempo estimado de leitura\" \/>\n\t<meta name=\"twitter:data2\" content=\"2 minutos\" \/>\n<script type=\"application\/ld+json\" class=\"yoast-schema-graph\">{\"@context\":\"https:\\\/\\\/schema.org\",\"@graph\":[{\"@type\":\"Article\",\"@id\":\"https:\\\/\\\/www.altominho.tv\\\/site\\\/2019\\\/09\\\/20\\\/eleicoes-inscricao-para-voto-antecipado-comeca-no-domingo\\\/#article\",\"isPartOf\":{\"@id\":\"https:\\\/\\\/www.altominho.tv\\\/site\\\/2019\\\/09\\\/20\\\/eleicoes-inscricao-para-voto-antecipado-comeca-no-domingo\\\/\"},\"author\":{\"name\":\"Andreia Cunha\",\"@id\":\"https:\\\/\\\/www.altominho.tv\\\/site\\\/#\\\/schema\\\/person\\\/a0e4ef6d041f98ca284393d8f1d97153\"},\"headline\":\"Elei\u00e7\u00f5es: Inscri\u00e7\u00e3o para voto antecipado come\u00e7a no domingo\",\"datePublished\":\"2019-09-20T12:39:35+00:00\",\"dateModified\":\"2022-01-17T14:31:57+00:00\",\"mainEntityOfPage\":{\"@id\":\"https:\\\/\\\/www.altominho.tv\\\/site\\\/2019\\\/09\\\/20\\\/eleicoes-inscricao-para-voto-antecipado-comeca-no-domingo\\\/\"},\"wordCount\":492,\"image\":{\"@id\":\"https:\\\/\\\/www.altominho.tv\\\/site\\\/2019\\\/09\\\/20\\\/eleicoes-inscricao-para-voto-antecipado-comeca-no-domingo\\\/#primaryimage\"},\"thumbnailUrl\":\"https:\\\/\\\/www.altominho.tv\\\/site\\\/wp-content\\\/uploads\\\/2019\\\/09\\\/cropped-caixa-voto.jpg\",\"keywords\":[\"Pol\u00edtica\"],\"articleSection\":[\"Alto Minho\"],\"inLanguage\":\"pt-PT\",\"copyrightYear\":\"2019\",\"copyrightHolder\":{\"@id\":\"https:\\\/\\\/www.altominho.tv\\\/site\\\/#organization\"}},{\"@type\":\"WebPage\",\"@id\":\"https:\\\/\\\/www.altominho.tv\\\/site\\\/2019\\\/09\\\/20\\\/eleicoes-inscricao-para-voto-antecipado-comeca-no-domingo\\\/\",\"url\":\"https:\\\/\\\/www.altominho.tv\\\/site\\\/2019\\\/09\\\/20\\\/eleicoes-inscricao-para-voto-antecipado-comeca-no-domingo\\\/\",\"name\":\"Elei\u00e7\u00f5es: Inscri\u00e7\u00e3o para voto antecipado come\u00e7a no domingo\",\"isPartOf\":{\"@id\":\"https:\\\/\\\/www.altominho.tv\\\/site\\\/#website\"},\"primaryImageOfPage\":{\"@id\":\"https:\\\/\\\/www.altominho.tv\\\/site\\\/2019\\\/09\\\/20\\\/eleicoes-inscricao-para-voto-antecipado-comeca-no-domingo\\\/#primaryimage\"},\"image\":{\"@id\":\"https:\\\/\\\/www.altominho.tv\\\/site\\\/2019\\\/09\\\/20\\\/eleicoes-inscricao-para-voto-antecipado-comeca-no-domingo\\\/#primaryimage\"},\"thumbnailUrl\":\"https:\\\/\\\/www.altominho.tv\\\/site\\\/wp-content\\\/uploads\\\/2019\\\/09\\\/cropped-caixa-voto.jpg\",\"datePublished\":\"2019-09-20T12:39:35+00:00\",\"dateModified\":\"2022-01-17T14:31:57+00:00\",\"author\":{\"@id\":\"https:\\\/\\\/www.altominho.tv\\\/site\\\/#\\\/schema\\\/person\\\/a0e4ef6d041f98ca284393d8f1d97153\"},\"breadcrumb\":{\"@id\":\"https:\\\/\\\/www.altominho.tv\\\/site\\\/2019\\\/09\\\/20\\\/eleicoes-inscricao-para-voto-antecipado-comeca-no-domingo\\\/#breadcrumb\"},\"inLanguage\":\"pt-PT\",\"potentialAction\":[{\"@type\":\"ReadAction\",\"target\":[\"https:\\\/\\\/www.altominho.tv\\\/site\\\/2019\\\/09\\\/20\\\/eleicoes-inscricao-para-voto-antecipado-comeca-no-domingo\\\/\"]}]},{\"@type\":\"ImageObject\",\"inLanguage\":\"pt-PT\",\"@id\":\"https:\\\/\\\/www.altominho.tv\\\/site\\\/2019\\\/09\\\/20\\\/eleicoes-inscricao-para-voto-antecipado-comeca-no-domingo\\\/#primaryimage\",\"url\":\"https:\\\/\\\/www.altominho.tv\\\/site\\\/wp-content\\\/uploads\\\/2019\\\/09\\\/cropped-caixa-voto.jpg\",\"contentUrl\":\"https:\\\/\\\/www.altominho.tv\\\/site\\\/wp-content\\\/uploads\\\/2019\\\/09\\\/cropped-caixa-voto.jpg\",\"width\":960,\"height\":540},{\"@type\":\"BreadcrumbList\",\"@id\":\"https:\\\/\\\/www.altominho.tv\\\/site\\\/2019\\\/09\\\/20\\\/eleicoes-inscricao-para-voto-antecipado-comeca-no-domingo\\\/#breadcrumb\",\"itemListElement\":[{\"@type\":\"ListItem\",\"position\":1,\"name\":\"In\u00edcio\",\"item\":\"https:\\\/\\\/www.altominho.tv\\\/site\\\/\"},{\"@type\":\"ListItem\",\"position\":2,\"name\":\"Elei\u00e7\u00f5es: Inscri\u00e7\u00e3o para voto antecipado come\u00e7a no domingo\"}]},{\"@type\":\"WebSite\",\"@id\":\"https:\\\/\\\/www.altominho.tv\\\/site\\\/#website\",\"url\":\"https:\\\/\\\/www.altominho.tv\\\/site\\\/\",\"name\":\"Altominho.tv\",\"description\":\"A sua regi\u00e3o \u00e0 dist\u00e2ncia de um clique...\",\"potentialAction\":[{\"@type\":\"SearchAction\",\"target\":{\"@type\":\"EntryPoint\",\"urlTemplate\":\"https:\\\/\\\/www.altominho.tv\\\/site\\\/?s={search_term_string}\"},\"query-input\":{\"@type\":\"PropertyValueSpecification\",\"valueRequired\":true,\"valueName\":\"search_term_string\"}}],\"inLanguage\":\"pt-PT\"},{\"@type\":\"Person\",\"@id\":\"https:\\\/\\\/www.altominho.tv\\\/site\\\/#\\\/schema\\\/person\\\/a0e4ef6d041f98ca284393d8f1d97153\",\"name\":\"Andreia Cunha\",\"image\":{\"@type\":\"ImageObject\",\"inLanguage\":\"pt-PT\",\"@id\":\"https:\\\/\\\/www.altominho.tv\\\/site\\\/wp-content\\\/uploads\\\/2017\\\/11\\\/Andreia_Cunha-1-150x150.jpg\",\"url\":\"https:\\\/\\\/www.altominho.tv\\\/site\\\/wp-content\\\/uploads\\\/2017\\\/11\\\/Andreia_Cunha-1-150x150.jpg\",\"contentUrl\":\"https:\\\/\\\/www.altominho.tv\\\/site\\\/wp-content\\\/uploads\\\/2017\\\/11\\\/Andreia_Cunha-1-150x150.jpg\",\"caption\":\"Andreia Cunha\"},\"url\":\"https:\\\/\\\/www.altominho.tv\\\/site\\\/author\\\/andreiacunha\\\/\"}]}<\/script>\n<!-- \/ Yoast SEO Premium plugin. -->","yoast_head_json":{"title":"Elei\u00e7\u00f5es: Inscri\u00e7\u00e3o para voto antecipado come\u00e7a no domingo","robots":{"index":"index","follow":"follow","max-snippet":"max-snippet:-1","max-image-preview":"max-image-preview:large","max-video-preview":"max-video-preview:-1"},"canonical":"https:\/\/www.altominho.tv\/site\/2019\/09\/20\/eleicoes-inscricao-para-voto-antecipado-comeca-no-domingo\/","og_locale":"pt_PT","og_type":"article","og_title":"Elei\u00e7\u00f5es: Inscri\u00e7\u00e3o para voto antecipado come\u00e7a no domingo","og_description":"Os eleitores que n\u00e3o puderem ir \u00e0s urnas em 06 de outubro podem, a partir de domingo, pedir o voto antecipado em mobilidade nas legislativas e exercer o seu direito uma semana antes, em 29 de setembro. De domingo at\u00e9 quinta-feira, os eleitores residentes em territ\u00f3rio nacional devem manifestar a vontade de votar antes atrav\u00e9s [&hellip;]","og_url":"https:\/\/www.altominho.tv\/site\/2019\/09\/20\/eleicoes-inscricao-para-voto-antecipado-comeca-no-domingo\/","og_site_name":"Altominho.tv","article_publisher":"https:\/\/www.facebook.com\/altominhotv","article_published_time":"2019-09-20T12:39:35+00:00","article_modified_time":"2022-01-17T14:31:57+00:00","og_image":[{"width":960,"height":540,"url":"https:\/\/www.altominho.tv\/site\/wp-content\/uploads\/2019\/09\/cropped-caixa-voto.jpg","type":"image\/jpeg"}],"author":"Andreia Cunha","twitter_card":"summary_large_image","twitter_creator":"@altominhoTV","twitter_site":"@altominhoTV","twitter_misc":{"Escrito por":"Andreia Cunha","Tempo estimado de leitura":"2 minutos"},"schema":{"@context":"https:\/\/schema.org","@graph":[{"@type":"Article","@id":"https:\/\/www.altominho.tv\/site\/2019\/09\/20\/eleicoes-inscricao-para-voto-antecipado-comeca-no-domingo\/#article","isPartOf":{"@id":"https:\/\/www.altominho.tv\/site\/2019\/09\/20\/eleicoes-inscricao-para-voto-antecipado-comeca-no-domingo\/"},"author":{"name":"Andreia Cunha","@id":"https:\/\/www.altominho.tv\/site\/#\/schema\/person\/a0e4ef6d041f98ca284393d8f1d97153"},"headline":"Elei\u00e7\u00f5es: Inscri\u00e7\u00e3o para voto antecipado come\u00e7a no domingo","datePublished":"2019-09-20T12:39:35+00:00","dateModified":"2022-01-17T14:31:57+00:00","mainEntityOfPage":{"@id":"https:\/\/www.altominho.tv\/site\/2019\/09\/20\/eleicoes-inscricao-para-voto-antecipado-comeca-no-domingo\/"},"wordCount":492,"image":{"@id":"https:\/\/www.altominho.tv\/site\/2019\/09\/20\/eleicoes-inscricao-para-voto-antecipado-comeca-no-domingo\/#primaryimage"},"thumbnailUrl":"https:\/\/www.altominho.tv\/site\/wp-content\/uploads\/2019\/09\/cropped-caixa-voto.jpg","keywords":["Pol\u00edtica"],"articleSection":["Alto Minho"],"inLanguage":"pt-PT","copyrightYear":"2019","copyrightHolder":{"@id":"https:\/\/www.altominho.tv\/site\/#organization"}},{"@type":"WebPage","@id":"https:\/\/www.altominho.tv\/site\/2019\/09\/20\/eleicoes-inscricao-para-voto-antecipado-comeca-no-domingo\/","url":"https:\/\/www.altominho.tv\/site\/2019\/09\/20\/eleicoes-inscricao-para-voto-antecipado-comeca-no-domingo\/","name":"Elei\u00e7\u00f5es: Inscri\u00e7\u00e3o para voto antecipado come\u00e7a no domingo","isPartOf":{"@id":"https:\/\/www.altominho.tv\/site\/#website"},"primaryImageOfPage":{"@id":"https:\/\/www.altominho.tv\/site\/2019\/09\/20\/eleicoes-inscricao-para-voto-antecipado-comeca-no-domingo\/#primaryimage"},"image":{"@id":"https:\/\/www.altominho.tv\/site\/2019\/09\/20\/eleicoes-inscricao-para-voto-antecipado-comeca-no-domingo\/#primaryimage"},"thumbnailUrl":"https:\/\/www.altominho.tv\/site\/wp-content\/uploads\/2019\/09\/cropped-caixa-voto.jpg","datePublished":"2019-09-20T12:39:35+00:00","dateModified":"2022-01-17T14:31:57+00:00","author":{"@id":"https:\/\/www.altominho.tv\/site\/#\/schema\/person\/a0e4ef6d041f98ca284393d8f1d97153"},"breadcrumb":{"@id":"https:\/\/www.altominho.tv\/site\/2019\/09\/20\/eleicoes-inscricao-para-voto-antecipado-comeca-no-domingo\/#breadcrumb"},"inLanguage":"pt-PT","potentialAction":[{"@type":"ReadAction","target":["https:\/\/www.altominho.tv\/site\/2019\/09\/20\/eleicoes-inscricao-para-voto-antecipado-comeca-no-domingo\/"]}]},{"@type":"ImageObject","inLanguage":"pt-PT","@id":"https:\/\/www.altominho.tv\/site\/2019\/09\/20\/eleicoes-inscricao-para-voto-antecipado-comeca-no-domingo\/#primaryimage","url":"https:\/\/www.altominho.tv\/site\/wp-content\/uploads\/2019\/09\/cropped-caixa-voto.jpg","contentUrl":"https:\/\/www.altominho.tv\/site\/wp-content\/uploads\/2019\/09\/cropped-caixa-voto.jpg","width":960,"height":540},{"@type":"BreadcrumbList","@id":"https:\/\/www.altominho.tv\/site\/2019\/09\/20\/eleicoes-inscricao-para-voto-antecipado-comeca-no-domingo\/#breadcrumb","itemListElement":[{"@type":"ListItem","position":1,"name":"In\u00edcio","item":"https:\/\/www.altominho.tv\/site\/"},{"@type":"ListItem","position":2,"name":"Elei\u00e7\u00f5es: Inscri\u00e7\u00e3o para voto antecipado come\u00e7a no domingo"}]},{"@type":"WebSite","@id":"https:\/\/www.altominho.tv\/site\/#website","url":"https:\/\/www.altominho.tv\/site\/","name":"Altominho.tv","description":"A sua regi\u00e3o \u00e0 dist\u00e2ncia de um clique...","potentialAction":[{"@type":"SearchAction","target":{"@type":"EntryPoint","urlTemplate":"https:\/\/www.altominho.tv\/site\/?s={search_term_string}"},"query-input":{"@type":"PropertyValueSpecification","valueRequired":true,"valueName":"search_term_string"}}],"inLanguage":"pt-PT"},{"@type":"Person","@id":"https:\/\/www.altominho.tv\/site\/#\/schema\/person\/a0e4ef6d041f98ca284393d8f1d97153","name":"Andreia Cunha","image":{"@type":"ImageObject","inLanguage":"pt-PT","@id":"https:\/\/www.altominho.tv\/site\/wp-content\/uploads\/2017\/11\/Andreia_Cunha-1-150x150.jpg","url":"https:\/\/www.altominho.tv\/site\/wp-content\/uploads\/2017\/11\/Andreia_Cunha-1-150x150.jpg","contentUrl":"https:\/\/www.altominho.tv\/site\/wp-content\/uploads\/2017\/11\/Andreia_Cunha-1-150x150.jpg","caption":"Andreia Cunha"},"url":"https:\/\/www.altominho.tv\/site\/author\/andreiacunha\/"}]}},"_links":{"self":[{"href":"https:\/\/www.altominho.tv\/site\/wp-json\/wp\/v2\/posts\/34382","targetHints":{"allow":["GET"]}}],"collection":[{"href":"https:\/\/www.altominho.tv\/site\/wp-json\/wp\/v2\/posts"}],"about":[{"href":"https:\/\/www.altominho.tv\/site\/wp-json\/wp\/v2\/types\/post"}],"author":[{"embeddable":true,"href":"https:\/\/www.altominho.tv\/site\/wp-json\/wp\/v2\/users\/7"}],"replies":[{"embeddable":true,"href":"https:\/\/www.altominho.tv\/site\/wp-json\/wp\/v2\/comments?post=34382"}],"version-history":[{"count":0,"href":"https:\/\/www.altominho.tv\/site\/wp-json\/wp\/v2\/posts\/34382\/revisions"}],"wp:featuredmedia":[{"embeddable":true,"href":"https:\/\/www.altominho.tv\/site\/wp-json\/wp\/v2\/media\/34384"}],"wp:attachment":[{"href":"https:\/\/www.altominho.tv\/site\/wp-json\/wp\/v2\/media?parent=34382"}],"wp:term":[{"taxonomy":"category","embeddable":true,"href":"https:\/\/www.altominho.tv\/site\/wp-json\/wp\/v2\/categories?post=34382"},{"taxonomy":"post_tag","embeddable":true,"href":"https:\/\/www.altominho.tv\/site\/wp-json\/wp\/v2\/tags?post=34382"}],"curies":[{"name":"wp","href":"https:\/\/api.w.org\/{rel}","templated":true}]}}