{"id":34373,"date":"2019-09-20T13:11:12","date_gmt":"2019-09-20T12:11:12","guid":{"rendered":"http:\/\/www.altominho.tv\/site\/?p=34373"},"modified":"2019-09-20T13:11:18","modified_gmt":"2019-09-20T12:11:18","slug":"praga-da-vespa-asiatica-e-problema-nacional-porque-chegou-a-lisboa","status":"publish","type":"post","link":"https:\/\/www.altominho.tv\/site\/2019\/09\/20\/praga-da-vespa-asiatica-e-problema-nacional-porque-chegou-a-lisboa\/","title":{"rendered":"Praga da vespa asi\u00e1tica \u201c\u00e9 problema nacional porque chegou a Lisboa&#8221;"},"content":{"rendered":"\n<p>A Associa\u00e7\u00e3o Ap\u00edcola de Entre Minho e Lima lamentou hoje que a vespa asi\u00e1tica s\u00f3 ntenha sido considerada um problema nacional \u201cpor ter chegado a Lisboa\u201d, lembrando que em 2012 o Alto Minho iniciou &#8220;sozinho&#8221; o combate \u00e0quela praga.<br><\/p>\n\n\n\n<p>&#8220;Neste momento percebemos que o problema j\u00e1 \u00e9 de Portugal. Pode ser que, dentro em breve, se possa juntar uns parceiros e fazer alguma coisa com princ\u00edpio, meio e fim&#8221;, disse hoje \u00e0 ag\u00eancia Lusa o presidente da APIMIL (Associa\u00e7\u00e3o Ap\u00edcola de Entre Minho e Lima), Alberto Dias.<br><\/p>\n\n\n\n<p>A vespa velutina \u00e9 uma esp\u00e9cie asi\u00e1tica com uma \u00e1rea de distribui\u00e7\u00e3o natural pelas regi\u00f5es tropicais e subtropicais do Norte da \u00cdndia ao leste da China, Indochina e ao arquip\u00e9lago da Indon\u00e9sia, sendo a sua exist\u00eancia reportada desde 2011 no distrito de Viana do Castelo.<br><\/p>\n\n\n\n<p>O presidente da APIMIL, associa\u00e7\u00e3o com sede em Vila Nova de Cerveira, no Alto Minho, disse que &#8220;Portugal \u00e9 Lisboa e o resto \u00e9 o resto do pa\u00eds&#8221;.<br><\/p>\n\n\n\n<p>&#8220;Desde 2011 que andamos a puxar a carro\u00e7a, sozinhos. \u00c9ramos uns coitadinhos, uns anormais. Est\u00e1vamos a levantar problemas onde n\u00e3o existiam&#8221;, frisou.<br><\/p>\n\n\n\n<p>Em fevereiro, um despacho do Governo refere que a &#8220;presen\u00e7a da vespa velutina tem vindo a aumentar no territ\u00f3rio nacional ao longo dos anos, afetando diversos setores, em particular o da apicultura, mas tamb\u00e9m o agr\u00edcola e o florestal, nomeadamente pela diminui\u00e7\u00e3o da quantidade de insetos polinizadores e \u00f3bvios efeitos que podem vir a causar a sustentabilidade dos respetivos ecossistemas&#8221;. No documento, o Governo atribuiu um apoio de um milh\u00e3o de euros para uma campanha nacional de destrui\u00e7\u00e3o da vespa velutina.<br><\/p>\n\n\n\n<p>Alberto Dias alerta que a &#8220;realidade est\u00e1 a mostrar que a praga vai crescer, evoluir, expandir e criar muitos problemas&#8221;.<br><\/p>\n\n\n\n<p>&#8220;N\u00e3o ser\u00e1 s\u00f3 na parte ap\u00edcola e frut\u00edcola. Tamb\u00e9m o ser humano vai ser afetado porque a vespa vai conviver nos nossos locais, da\u00ed as mortes que tem havido at\u00e9. Efetivamente percebermos que a vespa se est\u00e1 a adaptar lindamente a tudo&#8221;, refor\u00e7ou.<br><\/p>\n\n\n\n<p>Os principais efeitos da presen\u00e7a desta esp\u00e9cie n\u00e3o ind\u00edgena manifestam-se n\u00e3o s\u00f3 na apicultura, por se tratar de uma esp\u00e9cie carn\u00edvora e predadora das abelhas, mas tamb\u00e9m para a sa\u00fade p\u00fablica, porque, embora n\u00e3o sendo mais agressivas do que a esp\u00e9cie europeia, reagem de modo mais agressivo se sentirem os ninhos amea\u00e7ados, podendo fazer persegui\u00e7\u00f5es at\u00e9 algumas centenas de metros.<br><\/p>\n\n\n\n<p>Esta esp\u00e9cie predadora foi introduzida na Europa atrav\u00e9s do porto de Bord\u00e9us, em Fran\u00e7a, em 2004. Os primeiros ind\u00edcios da sua presen\u00e7a em Portugal surgiram em 2011, mas a situa\u00e7\u00e3o s\u00f3 se agravou a partir do final do ano seguinte.<br><\/p>\n\n\n\n<p>Viana do Castelo \u00e9 o concelho do Alto Minho com maior n\u00famero de casos de ninhos daquela esp\u00e9cie. Segundo n\u00fameros avan\u00e7ados \u00e0 Lusa pela Companhia de Bombeiros Sapadores de Viana do Castelo, desde 2012 foram destru\u00eddos 2.551 ninhos desta esp\u00e9cie, 263 s\u00f3 em 2019.<br><\/p>\n\n\n\n<p>A destrui\u00e7\u00e3o ocorre sempre quando cai a noite, per\u00edodo em que as vespas fundadoras est\u00e3o no interior das colmeias.<br><\/p>\n\n\n\n<p>O presidente respons\u00e1vel pela associa\u00e7\u00e3o mais interventiva do distrito de Viana do Castelo aquando da chegada desta esp\u00e9cie invasora e dos preju\u00edzos que causou na produ\u00e7\u00e3o de mel da regi\u00e3o, lamentou que a regi\u00e3o tenha sido &#8220;ignorada&#8221; e criticou &#8220;a falta de maturidade para perceber que esta praga \u00e9 um problema global&#8221;.<br><\/p>\n\n\n\n<p>&#8220;Isso acontece quando as pessoas n\u00e3o percebem nada. N\u00e3o percebem o que \u00e9 trabalhar em grupo para um fim comum. Por isso \u00e9 que tudo o que sejam pragas neste desgra\u00e7ado deste pa\u00eds ser\u00e3o sempre grandes pragas&#8221;, observou.<br>Alberto Dias destacou que o Alto Minho foi &#8220;pioneiro&#8221; na cria\u00e7\u00e3o e equipas multidisciplinares para &#8220;controlar&#8221;, a praga.<br><\/p>\n\n\n\n<p>Mais do que &#8220;queimar&#8221; os ninhos alertou para a necessidade de &#8220;apostar na preven\u00e7\u00e3o, na primavera, altura do ano em que as vespas fundadoras d\u00e3o in\u00edcio aos ninhos&#8221;.<br><\/p>\n\n\n\n<p>Alberto Dias explicou que a preven\u00e7\u00e3o \u00e9 &#8220;simples&#8221;, recorrendo a armadilhas artesanais, feitas a partir de garrafas de pl\u00e1stico de 1,5 litros.<br><\/p>\n\n\n\n<p>&#8220;Corta-se a garrafa a meio, o gargalo \u00e9 colocado no sentido inverso. No interior, coloca-se mel ou cerveja. Elas entram na garrafa, mas j\u00e1 n\u00e3o conseguem sair&#8221;, explicou, garantindo que com este m\u00e9todo &#8220;caseiro \u00e9 poss\u00edvel reduzir consideravelmente o n\u00famero de ninhos&#8221;.<\/p>\n","protected":false},"excerpt":{"rendered":"<p>A Associa\u00e7\u00e3o Ap\u00edcola de Entre Minho e Lima lamentou hoje que a vespa asi\u00e1tica s\u00f3 ntenha sido considerada um problema nacional \u201cpor ter chegado a Lisboa\u201d, lembrando que em 2012 o Alto Minho iniciou &#8220;sozinho&#8221; o combate \u00e0quela praga. &#8220;Neste momento percebemos que o problema j\u00e1 \u00e9 de Portugal. Pode ser que, dentro em breve, [&hellip;]<\/p>\n","protected":false},"author":7,"featured_media":34375,"comment_status":"closed","ping_status":"closed","sticky":false,"template":"","format":"standard","meta":{"_exactmetrics_skip_tracking":false,"_exactmetrics_sitenote_active":false,"_exactmetrics_sitenote_note":"","_exactmetrics_sitenote_category":0,"footnotes":""},"categories":[73],"tags":[27],"class_list":["post-34373","post","type-post","status-publish","format-standard","has-post-thumbnail","hentry","category-alto-minho","tag-sociedade"],"yoast_head":"<!-- This site is optimized with the Yoast SEO Premium plugin v27.4 (Yoast SEO v27.4) - https:\/\/yoast.com\/product\/yoast-seo-premium-wordpress\/ -->\n<title>Praga da vespa asi\u00e1tica \u201c\u00e9 problema nacional porque chegou a Lisboa&quot;<\/title>\n<meta name=\"robots\" content=\"index, follow, max-snippet:-1, max-image-preview:large, max-video-preview:-1\" \/>\n<link rel=\"canonical\" href=\"https:\/\/www.altominho.tv\/site\/2019\/09\/20\/praga-da-vespa-asiatica-e-problema-nacional-porque-chegou-a-lisboa\/\" \/>\n<meta property=\"og:locale\" content=\"pt_PT\" \/>\n<meta property=\"og:type\" content=\"article\" \/>\n<meta property=\"og:title\" content=\"Praga da vespa asi\u00e1tica \u201c\u00e9 problema nacional porque chegou a Lisboa&quot;\" \/>\n<meta property=\"og:description\" content=\"A Associa\u00e7\u00e3o Ap\u00edcola de Entre Minho e Lima lamentou hoje que a vespa asi\u00e1tica s\u00f3 ntenha sido considerada um problema nacional \u201cpor ter chegado a Lisboa\u201d, lembrando que em 2012 o Alto Minho iniciou &#8220;sozinho&#8221; o combate \u00e0quela praga. &#8220;Neste momento percebemos que o problema j\u00e1 \u00e9 de Portugal. Pode ser que, dentro em breve, [&hellip;]\" \/>\n<meta property=\"og:url\" content=\"https:\/\/www.altominho.tv\/site\/2019\/09\/20\/praga-da-vespa-asiatica-e-problema-nacional-porque-chegou-a-lisboa\/\" \/>\n<meta property=\"og:site_name\" content=\"Altominho.tv\" \/>\n<meta property=\"article:publisher\" content=\"https:\/\/www.facebook.com\/altominhotv\" \/>\n<meta property=\"article:published_time\" content=\"2019-09-20T12:11:12+00:00\" \/>\n<meta property=\"article:modified_time\" content=\"2019-09-20T12:11:18+00:00\" \/>\n<meta property=\"og:image\" content=\"https:\/\/www.altominho.tv\/site\/wp-content\/uploads\/2019\/09\/cropped-abelhas.png\" \/>\n\t<meta property=\"og:image:width\" content=\"830\" \/>\n\t<meta property=\"og:image:height\" content=\"467\" \/>\n\t<meta property=\"og:image:type\" content=\"image\/png\" \/>\n<meta name=\"author\" content=\"Andreia Cunha\" \/>\n<meta name=\"twitter:card\" content=\"summary_large_image\" \/>\n<meta name=\"twitter:creator\" content=\"@altominhoTV\" \/>\n<meta name=\"twitter:site\" content=\"@altominhoTV\" \/>\n<meta name=\"twitter:label1\" content=\"Escrito por\" \/>\n\t<meta name=\"twitter:data1\" content=\"Andreia Cunha\" \/>\n\t<meta name=\"twitter:label2\" content=\"Tempo estimado de leitura\" \/>\n\t<meta name=\"twitter:data2\" content=\"4 minutos\" \/>\n<script type=\"application\/ld+json\" class=\"yoast-schema-graph\">{\"@context\":\"https:\\\/\\\/schema.org\",\"@graph\":[{\"@type\":\"Article\",\"@id\":\"https:\\\/\\\/www.altominho.tv\\\/site\\\/2019\\\/09\\\/20\\\/praga-da-vespa-asiatica-e-problema-nacional-porque-chegou-a-lisboa\\\/#article\",\"isPartOf\":{\"@id\":\"https:\\\/\\\/www.altominho.tv\\\/site\\\/2019\\\/09\\\/20\\\/praga-da-vespa-asiatica-e-problema-nacional-porque-chegou-a-lisboa\\\/\"},\"author\":{\"name\":\"Andreia Cunha\",\"@id\":\"https:\\\/\\\/www.altominho.tv\\\/site\\\/#\\\/schema\\\/person\\\/a0e4ef6d041f98ca284393d8f1d97153\"},\"headline\":\"Praga da vespa asi\u00e1tica \u201c\u00e9 problema nacional porque chegou a Lisboa&#8221;\",\"datePublished\":\"2019-09-20T12:11:12+00:00\",\"dateModified\":\"2019-09-20T12:11:18+00:00\",\"mainEntityOfPage\":{\"@id\":\"https:\\\/\\\/www.altominho.tv\\\/site\\\/2019\\\/09\\\/20\\\/praga-da-vespa-asiatica-e-problema-nacional-porque-chegou-a-lisboa\\\/\"},\"wordCount\":760,\"image\":{\"@id\":\"https:\\\/\\\/www.altominho.tv\\\/site\\\/2019\\\/09\\\/20\\\/praga-da-vespa-asiatica-e-problema-nacional-porque-chegou-a-lisboa\\\/#primaryimage\"},\"thumbnailUrl\":\"https:\\\/\\\/www.altominho.tv\\\/site\\\/wp-content\\\/uploads\\\/2019\\\/09\\\/cropped-abelhas.png\",\"keywords\":[\"Sociedade\"],\"articleSection\":[\"Alto Minho\"],\"inLanguage\":\"pt-PT\",\"copyrightYear\":\"2019\",\"copyrightHolder\":{\"@id\":\"https:\\\/\\\/www.altominho.tv\\\/site\\\/#organization\"}},{\"@type\":\"WebPage\",\"@id\":\"https:\\\/\\\/www.altominho.tv\\\/site\\\/2019\\\/09\\\/20\\\/praga-da-vespa-asiatica-e-problema-nacional-porque-chegou-a-lisboa\\\/\",\"url\":\"https:\\\/\\\/www.altominho.tv\\\/site\\\/2019\\\/09\\\/20\\\/praga-da-vespa-asiatica-e-problema-nacional-porque-chegou-a-lisboa\\\/\",\"name\":\"Praga da vespa asi\u00e1tica \u201c\u00e9 problema nacional porque chegou a Lisboa\\\"\",\"isPartOf\":{\"@id\":\"https:\\\/\\\/www.altominho.tv\\\/site\\\/#website\"},\"primaryImageOfPage\":{\"@id\":\"https:\\\/\\\/www.altominho.tv\\\/site\\\/2019\\\/09\\\/20\\\/praga-da-vespa-asiatica-e-problema-nacional-porque-chegou-a-lisboa\\\/#primaryimage\"},\"image\":{\"@id\":\"https:\\\/\\\/www.altominho.tv\\\/site\\\/2019\\\/09\\\/20\\\/praga-da-vespa-asiatica-e-problema-nacional-porque-chegou-a-lisboa\\\/#primaryimage\"},\"thumbnailUrl\":\"https:\\\/\\\/www.altominho.tv\\\/site\\\/wp-content\\\/uploads\\\/2019\\\/09\\\/cropped-abelhas.png\",\"datePublished\":\"2019-09-20T12:11:12+00:00\",\"dateModified\":\"2019-09-20T12:11:18+00:00\",\"author\":{\"@id\":\"https:\\\/\\\/www.altominho.tv\\\/site\\\/#\\\/schema\\\/person\\\/a0e4ef6d041f98ca284393d8f1d97153\"},\"breadcrumb\":{\"@id\":\"https:\\\/\\\/www.altominho.tv\\\/site\\\/2019\\\/09\\\/20\\\/praga-da-vespa-asiatica-e-problema-nacional-porque-chegou-a-lisboa\\\/#breadcrumb\"},\"inLanguage\":\"pt-PT\",\"potentialAction\":[{\"@type\":\"ReadAction\",\"target\":[\"https:\\\/\\\/www.altominho.tv\\\/site\\\/2019\\\/09\\\/20\\\/praga-da-vespa-asiatica-e-problema-nacional-porque-chegou-a-lisboa\\\/\"]}]},{\"@type\":\"ImageObject\",\"inLanguage\":\"pt-PT\",\"@id\":\"https:\\\/\\\/www.altominho.tv\\\/site\\\/2019\\\/09\\\/20\\\/praga-da-vespa-asiatica-e-problema-nacional-porque-chegou-a-lisboa\\\/#primaryimage\",\"url\":\"https:\\\/\\\/www.altominho.tv\\\/site\\\/wp-content\\\/uploads\\\/2019\\\/09\\\/cropped-abelhas.png\",\"contentUrl\":\"https:\\\/\\\/www.altominho.tv\\\/site\\\/wp-content\\\/uploads\\\/2019\\\/09\\\/cropped-abelhas.png\",\"width\":830,\"height\":467},{\"@type\":\"BreadcrumbList\",\"@id\":\"https:\\\/\\\/www.altominho.tv\\\/site\\\/2019\\\/09\\\/20\\\/praga-da-vespa-asiatica-e-problema-nacional-porque-chegou-a-lisboa\\\/#breadcrumb\",\"itemListElement\":[{\"@type\":\"ListItem\",\"position\":1,\"name\":\"In\u00edcio\",\"item\":\"https:\\\/\\\/www.altominho.tv\\\/site\\\/\"},{\"@type\":\"ListItem\",\"position\":2,\"name\":\"Praga da vespa asi\u00e1tica \u201c\u00e9 problema nacional porque chegou a Lisboa&#8221;\"}]},{\"@type\":\"WebSite\",\"@id\":\"https:\\\/\\\/www.altominho.tv\\\/site\\\/#website\",\"url\":\"https:\\\/\\\/www.altominho.tv\\\/site\\\/\",\"name\":\"Altominho.tv\",\"description\":\"A sua regi\u00e3o \u00e0 dist\u00e2ncia de um clique...\",\"potentialAction\":[{\"@type\":\"SearchAction\",\"target\":{\"@type\":\"EntryPoint\",\"urlTemplate\":\"https:\\\/\\\/www.altominho.tv\\\/site\\\/?s={search_term_string}\"},\"query-input\":{\"@type\":\"PropertyValueSpecification\",\"valueRequired\":true,\"valueName\":\"search_term_string\"}}],\"inLanguage\":\"pt-PT\"},{\"@type\":\"Person\",\"@id\":\"https:\\\/\\\/www.altominho.tv\\\/site\\\/#\\\/schema\\\/person\\\/a0e4ef6d041f98ca284393d8f1d97153\",\"name\":\"Andreia Cunha\",\"image\":{\"@type\":\"ImageObject\",\"inLanguage\":\"pt-PT\",\"@id\":\"https:\\\/\\\/www.altominho.tv\\\/site\\\/wp-content\\\/uploads\\\/2017\\\/11\\\/Andreia_Cunha-1-150x150.jpg\",\"url\":\"https:\\\/\\\/www.altominho.tv\\\/site\\\/wp-content\\\/uploads\\\/2017\\\/11\\\/Andreia_Cunha-1-150x150.jpg\",\"contentUrl\":\"https:\\\/\\\/www.altominho.tv\\\/site\\\/wp-content\\\/uploads\\\/2017\\\/11\\\/Andreia_Cunha-1-150x150.jpg\",\"caption\":\"Andreia Cunha\"},\"url\":\"https:\\\/\\\/www.altominho.tv\\\/site\\\/author\\\/andreiacunha\\\/\"}]}<\/script>\n<!-- \/ Yoast SEO Premium plugin. -->","yoast_head_json":{"title":"Praga da vespa asi\u00e1tica \u201c\u00e9 problema nacional porque chegou a Lisboa\"","robots":{"index":"index","follow":"follow","max-snippet":"max-snippet:-1","max-image-preview":"max-image-preview:large","max-video-preview":"max-video-preview:-1"},"canonical":"https:\/\/www.altominho.tv\/site\/2019\/09\/20\/praga-da-vespa-asiatica-e-problema-nacional-porque-chegou-a-lisboa\/","og_locale":"pt_PT","og_type":"article","og_title":"Praga da vespa asi\u00e1tica \u201c\u00e9 problema nacional porque chegou a Lisboa\"","og_description":"A Associa\u00e7\u00e3o Ap\u00edcola de Entre Minho e Lima lamentou hoje que a vespa asi\u00e1tica s\u00f3 ntenha sido considerada um problema nacional \u201cpor ter chegado a Lisboa\u201d, lembrando que em 2012 o Alto Minho iniciou &#8220;sozinho&#8221; o combate \u00e0quela praga. &#8220;Neste momento percebemos que o problema j\u00e1 \u00e9 de Portugal. Pode ser que, dentro em breve, [&hellip;]","og_url":"https:\/\/www.altominho.tv\/site\/2019\/09\/20\/praga-da-vespa-asiatica-e-problema-nacional-porque-chegou-a-lisboa\/","og_site_name":"Altominho.tv","article_publisher":"https:\/\/www.facebook.com\/altominhotv","article_published_time":"2019-09-20T12:11:12+00:00","article_modified_time":"2019-09-20T12:11:18+00:00","og_image":[{"width":830,"height":467,"url":"https:\/\/www.altominho.tv\/site\/wp-content\/uploads\/2019\/09\/cropped-abelhas.png","type":"image\/png"}],"author":"Andreia Cunha","twitter_card":"summary_large_image","twitter_creator":"@altominhoTV","twitter_site":"@altominhoTV","twitter_misc":{"Escrito por":"Andreia Cunha","Tempo estimado de leitura":"4 minutos"},"schema":{"@context":"https:\/\/schema.org","@graph":[{"@type":"Article","@id":"https:\/\/www.altominho.tv\/site\/2019\/09\/20\/praga-da-vespa-asiatica-e-problema-nacional-porque-chegou-a-lisboa\/#article","isPartOf":{"@id":"https:\/\/www.altominho.tv\/site\/2019\/09\/20\/praga-da-vespa-asiatica-e-problema-nacional-porque-chegou-a-lisboa\/"},"author":{"name":"Andreia Cunha","@id":"https:\/\/www.altominho.tv\/site\/#\/schema\/person\/a0e4ef6d041f98ca284393d8f1d97153"},"headline":"Praga da vespa asi\u00e1tica \u201c\u00e9 problema nacional porque chegou a Lisboa&#8221;","datePublished":"2019-09-20T12:11:12+00:00","dateModified":"2019-09-20T12:11:18+00:00","mainEntityOfPage":{"@id":"https:\/\/www.altominho.tv\/site\/2019\/09\/20\/praga-da-vespa-asiatica-e-problema-nacional-porque-chegou-a-lisboa\/"},"wordCount":760,"image":{"@id":"https:\/\/www.altominho.tv\/site\/2019\/09\/20\/praga-da-vespa-asiatica-e-problema-nacional-porque-chegou-a-lisboa\/#primaryimage"},"thumbnailUrl":"https:\/\/www.altominho.tv\/site\/wp-content\/uploads\/2019\/09\/cropped-abelhas.png","keywords":["Sociedade"],"articleSection":["Alto Minho"],"inLanguage":"pt-PT","copyrightYear":"2019","copyrightHolder":{"@id":"https:\/\/www.altominho.tv\/site\/#organization"}},{"@type":"WebPage","@id":"https:\/\/www.altominho.tv\/site\/2019\/09\/20\/praga-da-vespa-asiatica-e-problema-nacional-porque-chegou-a-lisboa\/","url":"https:\/\/www.altominho.tv\/site\/2019\/09\/20\/praga-da-vespa-asiatica-e-problema-nacional-porque-chegou-a-lisboa\/","name":"Praga da vespa asi\u00e1tica \u201c\u00e9 problema nacional porque chegou a Lisboa\"","isPartOf":{"@id":"https:\/\/www.altominho.tv\/site\/#website"},"primaryImageOfPage":{"@id":"https:\/\/www.altominho.tv\/site\/2019\/09\/20\/praga-da-vespa-asiatica-e-problema-nacional-porque-chegou-a-lisboa\/#primaryimage"},"image":{"@id":"https:\/\/www.altominho.tv\/site\/2019\/09\/20\/praga-da-vespa-asiatica-e-problema-nacional-porque-chegou-a-lisboa\/#primaryimage"},"thumbnailUrl":"https:\/\/www.altominho.tv\/site\/wp-content\/uploads\/2019\/09\/cropped-abelhas.png","datePublished":"2019-09-20T12:11:12+00:00","dateModified":"2019-09-20T12:11:18+00:00","author":{"@id":"https:\/\/www.altominho.tv\/site\/#\/schema\/person\/a0e4ef6d041f98ca284393d8f1d97153"},"breadcrumb":{"@id":"https:\/\/www.altominho.tv\/site\/2019\/09\/20\/praga-da-vespa-asiatica-e-problema-nacional-porque-chegou-a-lisboa\/#breadcrumb"},"inLanguage":"pt-PT","potentialAction":[{"@type":"ReadAction","target":["https:\/\/www.altominho.tv\/site\/2019\/09\/20\/praga-da-vespa-asiatica-e-problema-nacional-porque-chegou-a-lisboa\/"]}]},{"@type":"ImageObject","inLanguage":"pt-PT","@id":"https:\/\/www.altominho.tv\/site\/2019\/09\/20\/praga-da-vespa-asiatica-e-problema-nacional-porque-chegou-a-lisboa\/#primaryimage","url":"https:\/\/www.altominho.tv\/site\/wp-content\/uploads\/2019\/09\/cropped-abelhas.png","contentUrl":"https:\/\/www.altominho.tv\/site\/wp-content\/uploads\/2019\/09\/cropped-abelhas.png","width":830,"height":467},{"@type":"BreadcrumbList","@id":"https:\/\/www.altominho.tv\/site\/2019\/09\/20\/praga-da-vespa-asiatica-e-problema-nacional-porque-chegou-a-lisboa\/#breadcrumb","itemListElement":[{"@type":"ListItem","position":1,"name":"In\u00edcio","item":"https:\/\/www.altominho.tv\/site\/"},{"@type":"ListItem","position":2,"name":"Praga da vespa asi\u00e1tica \u201c\u00e9 problema nacional porque chegou a Lisboa&#8221;"}]},{"@type":"WebSite","@id":"https:\/\/www.altominho.tv\/site\/#website","url":"https:\/\/www.altominho.tv\/site\/","name":"Altominho.tv","description":"A sua regi\u00e3o \u00e0 dist\u00e2ncia de um clique...","potentialAction":[{"@type":"SearchAction","target":{"@type":"EntryPoint","urlTemplate":"https:\/\/www.altominho.tv\/site\/?s={search_term_string}"},"query-input":{"@type":"PropertyValueSpecification","valueRequired":true,"valueName":"search_term_string"}}],"inLanguage":"pt-PT"},{"@type":"Person","@id":"https:\/\/www.altominho.tv\/site\/#\/schema\/person\/a0e4ef6d041f98ca284393d8f1d97153","name":"Andreia Cunha","image":{"@type":"ImageObject","inLanguage":"pt-PT","@id":"https:\/\/www.altominho.tv\/site\/wp-content\/uploads\/2017\/11\/Andreia_Cunha-1-150x150.jpg","url":"https:\/\/www.altominho.tv\/site\/wp-content\/uploads\/2017\/11\/Andreia_Cunha-1-150x150.jpg","contentUrl":"https:\/\/www.altominho.tv\/site\/wp-content\/uploads\/2017\/11\/Andreia_Cunha-1-150x150.jpg","caption":"Andreia Cunha"},"url":"https:\/\/www.altominho.tv\/site\/author\/andreiacunha\/"}]}},"_links":{"self":[{"href":"https:\/\/www.altominho.tv\/site\/wp-json\/wp\/v2\/posts\/34373","targetHints":{"allow":["GET"]}}],"collection":[{"href":"https:\/\/www.altominho.tv\/site\/wp-json\/wp\/v2\/posts"}],"about":[{"href":"https:\/\/www.altominho.tv\/site\/wp-json\/wp\/v2\/types\/post"}],"author":[{"embeddable":true,"href":"https:\/\/www.altominho.tv\/site\/wp-json\/wp\/v2\/users\/7"}],"replies":[{"embeddable":true,"href":"https:\/\/www.altominho.tv\/site\/wp-json\/wp\/v2\/comments?post=34373"}],"version-history":[{"count":0,"href":"https:\/\/www.altominho.tv\/site\/wp-json\/wp\/v2\/posts\/34373\/revisions"}],"wp:featuredmedia":[{"embeddable":true,"href":"https:\/\/www.altominho.tv\/site\/wp-json\/wp\/v2\/media\/34375"}],"wp:attachment":[{"href":"https:\/\/www.altominho.tv\/site\/wp-json\/wp\/v2\/media?parent=34373"}],"wp:term":[{"taxonomy":"category","embeddable":true,"href":"https:\/\/www.altominho.tv\/site\/wp-json\/wp\/v2\/categories?post=34373"},{"taxonomy":"post_tag","embeddable":true,"href":"https:\/\/www.altominho.tv\/site\/wp-json\/wp\/v2\/tags?post=34373"}],"curies":[{"name":"wp","href":"https:\/\/api.w.org\/{rel}","templated":true}]}}