{"id":34359,"date":"2019-09-20T00:46:51","date_gmt":"2019-09-19T23:46:51","guid":{"rendered":"http:\/\/www.altominho.tv\/site\/?p=34359"},"modified":"2019-09-20T00:46:55","modified_gmt":"2019-09-19T23:46:55","slug":"placas-de-incentivo-aos-ciclistas-do-moncao-e-melgaco-granfondo-utilizam-expressoes-locais","status":"publish","type":"post","link":"https:\/\/www.altominho.tv\/site\/2019\/09\/20\/placas-de-incentivo-aos-ciclistas-do-moncao-e-melgaco-granfondo-utilizam-expressoes-locais\/","title":{"rendered":"Placas de incentivo aos ciclistas do &#8220;Mon\u00e7\u00e3o e Melga\u00e7o Granfondo&#8221; utilizam express\u00f5es locais"},"content":{"rendered":"<p>A segunda edi\u00e7\u00e3o do Mon\u00e7\u00e3o e Melga\u00e7o Granfondo realiza-se no pr\u00f3ximo domingo dia 22 de setembro, onde os participantes ser\u00e3o desafiados pela dificuldade dos percursos e desn\u00edveis das diversas provas.<\/p>\n<p>Ao longo do percurso, grupos de bombos e concertinas v\u00e3o animar os participantes que, na esgotante subida a Santo Ant\u00f3nio de Vale do Poldros, <strong>poder\u00e3o visualizar v\u00e1rias placas com frases humor\u00edsticas de incentivo e motiva\u00e7\u00e3o, alertando-os para a dificuldade daquela inclina\u00e7\u00e3o de cortar a respira\u00e7\u00e3o<\/strong>. Umas vezes, pela paisagem. Outras, pelo esfor\u00e7o.\u00a0<\/p>\n<p>As frases est\u00e3o escritas \u00e0 moda de Riba de Mouro, tendo sido disponibilizadas pela Maria e pela Alda, ambas naturais desta freguesia, que est\u00e3o a trabalhar no sentido de recuperar aquele dialeto local, ouvindo testemunhos e apontando saberes das pessoas mais idosas da freguesia.\u00a0<\/p>\n<p>A Altominho.tv tem acompanhado esse trabalho espec\u00edfico em Riba do Mouro e divulga durante este ano, atrav\u00e9s da r\u00fabrica &#8220;Express\u00f5es&#8221; parte desse levantamento lingu\u00edstico, assim como express\u00f5es noutras zonas do Alto Minho, como Castro Laboreiro, Soajo e Paredes de Coura.<\/p>\n<h6>Exemplo de algumas placas que ser\u00e3o usadas na prova &#8220;Mon\u00e7\u00e3o e Melga\u00e7o Granfondo&#8221; deste fim de semana:<\/h6>\n<div id='gallery-1' class='gallery galleryid-34359 gallery-columns-3 gallery-size-gridlove-single'><figure class='gallery-item'>\n\t\t\t<div class='gallery-icon landscape'>\n\t\t\t\t<a class=\"gridlove-popup\" href='https:\/\/www.altominho.tv\/site\/wp-content\/uploads\/2019\/09\/Sinal_7.jpg'><img loading=\"lazy\" decoding=\"async\" width=\"740\" height=\"519\" src=\"https:\/\/www.altominho.tv\/site\/wp-content\/uploads\/2019\/09\/Sinal_7-740x519.jpg\" class=\"attachment-gridlove-single size-gridlove-single\" alt=\"\" srcset=\"https:\/\/www.altominho.tv\/site\/wp-content\/uploads\/2019\/09\/Sinal_7-740x519.jpg 740w, https:\/\/www.altominho.tv\/site\/wp-content\/uploads\/2019\/09\/Sinal_7-300x210.jpg 300w, https:\/\/www.altominho.tv\/site\/wp-content\/uploads\/2019\/09\/Sinal_7-768x539.jpg 768w, https:\/\/www.altominho.tv\/site\/wp-content\/uploads\/2019\/09\/Sinal_7-1024x718.jpg 1024w, https:\/\/www.altominho.tv\/site\/wp-content\/uploads\/2019\/09\/Sinal_7-370x260.jpg 370w, https:\/\/www.altominho.tv\/site\/wp-content\/uploads\/2019\/09\/Sinal_7-270x189.jpg 270w, https:\/\/www.altominho.tv\/site\/wp-content\/uploads\/2019\/09\/Sinal_7-570x400.jpg 570w, https:\/\/www.altominho.tv\/site\/wp-content\/uploads\/2019\/09\/Sinal_7.jpg 2020w\" sizes=\"auto, (max-width: 740px) 100vw, 740px\" \/><\/a>\n\t\t\t<\/div><\/figure><figure class='gallery-item'>\n\t\t\t<div class='gallery-icon landscape'>\n\t\t\t\t<a class=\"gridlove-popup\" href='https:\/\/www.altominho.tv\/site\/wp-content\/uploads\/2019\/09\/Sinal_1.jpg'><img loading=\"lazy\" decoding=\"async\" width=\"740\" height=\"502\" src=\"https:\/\/www.altominho.tv\/site\/wp-content\/uploads\/2019\/09\/Sinal_1-740x502.jpg\" class=\"attachment-gridlove-single size-gridlove-single\" alt=\"\" srcset=\"https:\/\/www.altominho.tv\/site\/wp-content\/uploads\/2019\/09\/Sinal_1-740x502.jpg 740w, https:\/\/www.altominho.tv\/site\/wp-content\/uploads\/2019\/09\/Sinal_1-300x204.jpg 300w, https:\/\/www.altominho.tv\/site\/wp-content\/uploads\/2019\/09\/Sinal_1-768x521.jpg 768w, https:\/\/www.altominho.tv\/site\/wp-content\/uploads\/2019\/09\/Sinal_1-1024x695.jpg 1024w, https:\/\/www.altominho.tv\/site\/wp-content\/uploads\/2019\/09\/Sinal_1-370x251.jpg 370w, https:\/\/www.altominho.tv\/site\/wp-content\/uploads\/2019\/09\/Sinal_1-270x183.jpg 270w, https:\/\/www.altominho.tv\/site\/wp-content\/uploads\/2019\/09\/Sinal_1-570x387.jpg 570w, https:\/\/www.altominho.tv\/site\/wp-content\/uploads\/2019\/09\/Sinal_1.jpg 1804w\" sizes=\"auto, (max-width: 740px) 100vw, 740px\" \/><\/a>\n\t\t\t<\/div><\/figure><figure class='gallery-item'>\n\t\t\t<div class='gallery-icon landscape'>\n\t\t\t\t<a class=\"gridlove-popup\" href='https:\/\/www.altominho.tv\/site\/wp-content\/uploads\/2019\/09\/Sinal_2.jpg'><img loading=\"lazy\" decoding=\"async\" width=\"740\" height=\"510\" src=\"https:\/\/www.altominho.tv\/site\/wp-content\/uploads\/2019\/09\/Sinal_2-740x510.jpg\" class=\"attachment-gridlove-single size-gridlove-single\" alt=\"\" srcset=\"https:\/\/www.altominho.tv\/site\/wp-content\/uploads\/2019\/09\/Sinal_2-740x510.jpg 740w, https:\/\/www.altominho.tv\/site\/wp-content\/uploads\/2019\/09\/Sinal_2-300x207.jpg 300w, https:\/\/www.altominho.tv\/site\/wp-content\/uploads\/2019\/09\/Sinal_2-768x530.jpg 768w, https:\/\/www.altominho.tv\/site\/wp-content\/uploads\/2019\/09\/Sinal_2-1024x706.jpg 1024w, https:\/\/www.altominho.tv\/site\/wp-content\/uploads\/2019\/09\/Sinal_2-370x255.jpg 370w, https:\/\/www.altominho.tv\/site\/wp-content\/uploads\/2019\/09\/Sinal_2-435x300.jpg 435w, https:\/\/www.altominho.tv\/site\/wp-content\/uploads\/2019\/09\/Sinal_2-270x186.jpg 270w, https:\/\/www.altominho.tv\/site\/wp-content\/uploads\/2019\/09\/Sinal_2-570x393.jpg 570w, https:\/\/www.altominho.tv\/site\/wp-content\/uploads\/2019\/09\/Sinal_2.jpg 2048w\" sizes=\"auto, (max-width: 740px) 100vw, 740px\" \/><\/a>\n\t\t\t<\/div><\/figure><figure class='gallery-item'>\n\t\t\t<div class='gallery-icon landscape'>\n\t\t\t\t<a class=\"gridlove-popup\" href='https:\/\/www.altominho.tv\/site\/wp-content\/uploads\/2019\/09\/Sinal_3.jpg'><img loading=\"lazy\" decoding=\"async\" width=\"740\" height=\"531\" src=\"https:\/\/www.altominho.tv\/site\/wp-content\/uploads\/2019\/09\/Sinal_3-740x531.jpg\" class=\"attachment-gridlove-single size-gridlove-single\" alt=\"\" srcset=\"https:\/\/www.altominho.tv\/site\/wp-content\/uploads\/2019\/09\/Sinal_3-740x531.jpg 740w, https:\/\/www.altominho.tv\/site\/wp-content\/uploads\/2019\/09\/Sinal_3-300x215.jpg 300w, https:\/\/www.altominho.tv\/site\/wp-content\/uploads\/2019\/09\/Sinal_3-768x551.jpg 768w, https:\/\/www.altominho.tv\/site\/wp-content\/uploads\/2019\/09\/Sinal_3-1024x735.jpg 1024w, https:\/\/www.altominho.tv\/site\/wp-content\/uploads\/2019\/09\/Sinal_3-370x265.jpg 370w, https:\/\/www.altominho.tv\/site\/wp-content\/uploads\/2019\/09\/Sinal_3-270x194.jpg 270w, https:\/\/www.altominho.tv\/site\/wp-content\/uploads\/2019\/09\/Sinal_3-570x409.jpg 570w, https:\/\/www.altominho.tv\/site\/wp-content\/uploads\/2019\/09\/Sinal_3.jpg 1965w\" sizes=\"auto, (max-width: 740px) 100vw, 740px\" \/><\/a>\n\t\t\t<\/div><\/figure><figure class='gallery-item'>\n\t\t\t<div class='gallery-icon landscape'>\n\t\t\t\t<a class=\"gridlove-popup\" href='https:\/\/www.altominho.tv\/site\/wp-content\/uploads\/2019\/09\/Sinal_4.jpg'><img loading=\"lazy\" decoding=\"async\" width=\"740\" height=\"502\" src=\"https:\/\/www.altominho.tv\/site\/wp-content\/uploads\/2019\/09\/Sinal_4-740x502.jpg\" class=\"attachment-gridlove-single size-gridlove-single\" alt=\"\" srcset=\"https:\/\/www.altominho.tv\/site\/wp-content\/uploads\/2019\/09\/Sinal_4-740x502.jpg 740w, https:\/\/www.altominho.tv\/site\/wp-content\/uploads\/2019\/09\/Sinal_4-300x203.jpg 300w, https:\/\/www.altominho.tv\/site\/wp-content\/uploads\/2019\/09\/Sinal_4-768x521.jpg 768w, https:\/\/www.altominho.tv\/site\/wp-content\/uploads\/2019\/09\/Sinal_4-1024x694.jpg 1024w, https:\/\/www.altominho.tv\/site\/wp-content\/uploads\/2019\/09\/Sinal_4-370x251.jpg 370w, https:\/\/www.altominho.tv\/site\/wp-content\/uploads\/2019\/09\/Sinal_4-270x183.jpg 270w, https:\/\/www.altominho.tv\/site\/wp-content\/uploads\/2019\/09\/Sinal_4-570x386.jpg 570w, https:\/\/www.altominho.tv\/site\/wp-content\/uploads\/2019\/09\/Sinal_4.jpg 1775w\" sizes=\"auto, (max-width: 740px) 100vw, 740px\" \/><\/a>\n\t\t\t<\/div><\/figure><figure class='gallery-item'>\n\t\t\t<div class='gallery-icon landscape'>\n\t\t\t\t<a class=\"gridlove-popup\" href='https:\/\/www.altominho.tv\/site\/wp-content\/uploads\/2019\/09\/Sinal_5.jpg'><img loading=\"lazy\" decoding=\"async\" width=\"740\" height=\"519\" src=\"https:\/\/www.altominho.tv\/site\/wp-content\/uploads\/2019\/09\/Sinal_5-740x519.jpg\" class=\"attachment-gridlove-single size-gridlove-single\" alt=\"\" srcset=\"https:\/\/www.altominho.tv\/site\/wp-content\/uploads\/2019\/09\/Sinal_5-740x519.jpg 740w, https:\/\/www.altominho.tv\/site\/wp-content\/uploads\/2019\/09\/Sinal_5-300x210.jpg 300w, https:\/\/www.altominho.tv\/site\/wp-content\/uploads\/2019\/09\/Sinal_5-768x539.jpg 768w, https:\/\/www.altominho.tv\/site\/wp-content\/uploads\/2019\/09\/Sinal_5-1024x718.jpg 1024w, https:\/\/www.altominho.tv\/site\/wp-content\/uploads\/2019\/09\/Sinal_5-370x260.jpg 370w, https:\/\/www.altominho.tv\/site\/wp-content\/uploads\/2019\/09\/Sinal_5-270x189.jpg 270w, https:\/\/www.altominho.tv\/site\/wp-content\/uploads\/2019\/09\/Sinal_5-570x400.jpg 570w, https:\/\/www.altominho.tv\/site\/wp-content\/uploads\/2019\/09\/Sinal_5.jpg 2020w\" sizes=\"auto, (max-width: 740px) 100vw, 740px\" \/><\/a>\n\t\t\t<\/div><\/figure><figure class='gallery-item'>\n\t\t\t<div class='gallery-icon landscape'>\n\t\t\t\t<a class=\"gridlove-popup\" href='https:\/\/www.altominho.tv\/site\/wp-content\/uploads\/2019\/09\/Sinal_6.jpg'><img loading=\"lazy\" decoding=\"async\" width=\"740\" height=\"499\" src=\"https:\/\/www.altominho.tv\/site\/wp-content\/uploads\/2019\/09\/Sinal_6-740x499.jpg\" class=\"attachment-gridlove-single size-gridlove-single\" alt=\"\" srcset=\"https:\/\/www.altominho.tv\/site\/wp-content\/uploads\/2019\/09\/Sinal_6-740x499.jpg 740w, https:\/\/www.altominho.tv\/site\/wp-content\/uploads\/2019\/09\/Sinal_6-300x202.jpg 300w, https:\/\/www.altominho.tv\/site\/wp-content\/uploads\/2019\/09\/Sinal_6-768x518.jpg 768w, https:\/\/www.altominho.tv\/site\/wp-content\/uploads\/2019\/09\/Sinal_6-1024x690.jpg 1024w, https:\/\/www.altominho.tv\/site\/wp-content\/uploads\/2019\/09\/Sinal_6-370x249.jpg 370w, https:\/\/www.altominho.tv\/site\/wp-content\/uploads\/2019\/09\/Sinal_6-270x182.jpg 270w, https:\/\/www.altominho.tv\/site\/wp-content\/uploads\/2019\/09\/Sinal_6-570x384.jpg 570w, https:\/\/www.altominho.tv\/site\/wp-content\/uploads\/2019\/09\/Sinal_6.jpg 1810w\" sizes=\"auto, (max-width: 740px) 100vw, 740px\" \/><\/a>\n\t\t\t<\/div><\/figure>\n\t\t<\/div>\n\n","protected":false},"excerpt":{"rendered":"<p>A segunda edi\u00e7\u00e3o do Mon\u00e7\u00e3o e Melga\u00e7o Granfondo realiza-se no pr\u00f3ximo domingo dia 22 de setembro, onde os participantes ser\u00e3o desafiados pela dificuldade dos percursos e desn\u00edveis das diversas provas. Ao longo do percurso, grupos de bombos e concertinas v\u00e3o animar os participantes que, na esgotante subida a Santo Ant\u00f3nio de Vale do Poldros, poder\u00e3o [&hellip;]<\/p>\n","protected":false},"author":1,"featured_media":34361,"comment_status":"closed","ping_status":"closed","sticky":false,"template":"","format":"standard","meta":{"_exactmetrics_skip_tracking":false,"_exactmetrics_sitenote_active":false,"_exactmetrics_sitenote_note":"","_exactmetrics_sitenote_category":0,"footnotes":""},"categories":[73],"tags":[20],"class_list":["post-34359","post","type-post","status-publish","format-standard","has-post-thumbnail","hentry","category-alto-minho","tag-desporto"],"yoast_head":"<!-- This site is optimized with the Yoast SEO Premium plugin v27.4 (Yoast SEO v27.4) - https:\/\/yoast.com\/product\/yoast-seo-premium-wordpress\/ -->\n<title>Placas de incentivo aos ciclistas do &quot;Mon\u00e7\u00e3o e Melga\u00e7o Granfondo&quot; utilizam express\u00f5es locais<\/title>\n<meta name=\"robots\" content=\"index, follow, max-snippet:-1, max-image-preview:large, max-video-preview:-1\" \/>\n<link rel=\"canonical\" href=\"https:\/\/www.altominho.tv\/site\/2019\/09\/20\/placas-de-incentivo-aos-ciclistas-do-moncao-e-melgaco-granfondo-utilizam-expressoes-locais\/\" \/>\n<meta property=\"og:locale\" content=\"pt_PT\" \/>\n<meta property=\"og:type\" content=\"article\" \/>\n<meta property=\"og:title\" content=\"Placas de incentivo aos ciclistas do &quot;Mon\u00e7\u00e3o e Melga\u00e7o Granfondo&quot; utilizam express\u00f5es locais\" \/>\n<meta property=\"og:description\" content=\"A segunda edi\u00e7\u00e3o do Mon\u00e7\u00e3o e Melga\u00e7o Granfondo realiza-se no pr\u00f3ximo domingo dia 22 de setembro, onde os participantes ser\u00e3o desafiados pela dificuldade dos percursos e desn\u00edveis das diversas provas. Ao longo do percurso, grupos de bombos e concertinas v\u00e3o animar os participantes que, na esgotante subida a Santo Ant\u00f3nio de Vale do Poldros, poder\u00e3o [&hellip;]\" \/>\n<meta property=\"og:url\" content=\"https:\/\/www.altominho.tv\/site\/2019\/09\/20\/placas-de-incentivo-aos-ciclistas-do-moncao-e-melgaco-granfondo-utilizam-expressoes-locais\/\" \/>\n<meta property=\"og:site_name\" content=\"Altominho.tv\" \/>\n<meta property=\"article:publisher\" content=\"https:\/\/www.facebook.com\/altominhotv\" \/>\n<meta property=\"article:published_time\" content=\"2019-09-19T23:46:51+00:00\" \/>\n<meta property=\"article:modified_time\" content=\"2019-09-19T23:46:55+00:00\" \/>\n<meta property=\"og:image\" content=\"https:\/\/www.altominho.tv\/site\/wp-content\/uploads\/2019\/09\/cropped-Capa_Frases_Granfondo.jpg\" \/>\n\t<meta property=\"og:image:width\" content=\"1054\" \/>\n\t<meta property=\"og:image:height\" content=\"592\" \/>\n\t<meta property=\"og:image:type\" content=\"image\/jpeg\" \/>\n<meta name=\"author\" content=\"Altominho.tv\" \/>\n<meta name=\"twitter:card\" content=\"summary_large_image\" \/>\n<meta name=\"twitter:creator\" content=\"@altominhoTV\" \/>\n<meta name=\"twitter:site\" content=\"@altominhoTV\" \/>\n<meta name=\"twitter:label1\" content=\"Escrito por\" \/>\n\t<meta name=\"twitter:data1\" content=\"Altominho.tv\" \/>\n\t<meta name=\"twitter:label2\" content=\"Tempo estimado de leitura\" \/>\n\t<meta name=\"twitter:data2\" content=\"1 minuto\" \/>\n<script type=\"application\/ld+json\" class=\"yoast-schema-graph\">{\"@context\":\"https:\\\/\\\/schema.org\",\"@graph\":[{\"@type\":\"Article\",\"@id\":\"https:\\\/\\\/www.altominho.tv\\\/site\\\/2019\\\/09\\\/20\\\/placas-de-incentivo-aos-ciclistas-do-moncao-e-melgaco-granfondo-utilizam-expressoes-locais\\\/#article\",\"isPartOf\":{\"@id\":\"https:\\\/\\\/www.altominho.tv\\\/site\\\/2019\\\/09\\\/20\\\/placas-de-incentivo-aos-ciclistas-do-moncao-e-melgaco-granfondo-utilizam-expressoes-locais\\\/\"},\"author\":{\"name\":\"Altominho.tv\",\"@id\":\"https:\\\/\\\/www.altominho.tv\\\/site\\\/#\\\/schema\\\/person\\\/4e536851627d7914baf3dac752b6af22\"},\"headline\":\"Placas de incentivo aos ciclistas do &#8220;Mon\u00e7\u00e3o e Melga\u00e7o Granfondo&#8221; utilizam express\u00f5es locais\",\"datePublished\":\"2019-09-19T23:46:51+00:00\",\"dateModified\":\"2019-09-19T23:46:55+00:00\",\"mainEntityOfPage\":{\"@id\":\"https:\\\/\\\/www.altominho.tv\\\/site\\\/2019\\\/09\\\/20\\\/placas-de-incentivo-aos-ciclistas-do-moncao-e-melgaco-granfondo-utilizam-expressoes-locais\\\/\"},\"wordCount\":224,\"image\":{\"@id\":\"https:\\\/\\\/www.altominho.tv\\\/site\\\/2019\\\/09\\\/20\\\/placas-de-incentivo-aos-ciclistas-do-moncao-e-melgaco-granfondo-utilizam-expressoes-locais\\\/#primaryimage\"},\"thumbnailUrl\":\"https:\\\/\\\/www.altominho.tv\\\/site\\\/wp-content\\\/uploads\\\/2019\\\/09\\\/cropped-Capa_Frases_Granfondo.jpg\",\"keywords\":[\"Desporto\"],\"articleSection\":[\"Alto Minho\"],\"inLanguage\":\"pt-PT\",\"copyrightYear\":\"2019\",\"copyrightHolder\":{\"@id\":\"https:\\\/\\\/www.altominho.tv\\\/site\\\/#organization\"}},{\"@type\":\"WebPage\",\"@id\":\"https:\\\/\\\/www.altominho.tv\\\/site\\\/2019\\\/09\\\/20\\\/placas-de-incentivo-aos-ciclistas-do-moncao-e-melgaco-granfondo-utilizam-expressoes-locais\\\/\",\"url\":\"https:\\\/\\\/www.altominho.tv\\\/site\\\/2019\\\/09\\\/20\\\/placas-de-incentivo-aos-ciclistas-do-moncao-e-melgaco-granfondo-utilizam-expressoes-locais\\\/\",\"name\":\"Placas de incentivo aos ciclistas do \\\"Mon\u00e7\u00e3o e Melga\u00e7o Granfondo\\\" utilizam express\u00f5es locais\",\"isPartOf\":{\"@id\":\"https:\\\/\\\/www.altominho.tv\\\/site\\\/#website\"},\"primaryImageOfPage\":{\"@id\":\"https:\\\/\\\/www.altominho.tv\\\/site\\\/2019\\\/09\\\/20\\\/placas-de-incentivo-aos-ciclistas-do-moncao-e-melgaco-granfondo-utilizam-expressoes-locais\\\/#primaryimage\"},\"image\":{\"@id\":\"https:\\\/\\\/www.altominho.tv\\\/site\\\/2019\\\/09\\\/20\\\/placas-de-incentivo-aos-ciclistas-do-moncao-e-melgaco-granfondo-utilizam-expressoes-locais\\\/#primaryimage\"},\"thumbnailUrl\":\"https:\\\/\\\/www.altominho.tv\\\/site\\\/wp-content\\\/uploads\\\/2019\\\/09\\\/cropped-Capa_Frases_Granfondo.jpg\",\"datePublished\":\"2019-09-19T23:46:51+00:00\",\"dateModified\":\"2019-09-19T23:46:55+00:00\",\"author\":{\"@id\":\"https:\\\/\\\/www.altominho.tv\\\/site\\\/#\\\/schema\\\/person\\\/4e536851627d7914baf3dac752b6af22\"},\"breadcrumb\":{\"@id\":\"https:\\\/\\\/www.altominho.tv\\\/site\\\/2019\\\/09\\\/20\\\/placas-de-incentivo-aos-ciclistas-do-moncao-e-melgaco-granfondo-utilizam-expressoes-locais\\\/#breadcrumb\"},\"inLanguage\":\"pt-PT\",\"potentialAction\":[{\"@type\":\"ReadAction\",\"target\":[\"https:\\\/\\\/www.altominho.tv\\\/site\\\/2019\\\/09\\\/20\\\/placas-de-incentivo-aos-ciclistas-do-moncao-e-melgaco-granfondo-utilizam-expressoes-locais\\\/\"]}]},{\"@type\":\"ImageObject\",\"inLanguage\":\"pt-PT\",\"@id\":\"https:\\\/\\\/www.altominho.tv\\\/site\\\/2019\\\/09\\\/20\\\/placas-de-incentivo-aos-ciclistas-do-moncao-e-melgaco-granfondo-utilizam-expressoes-locais\\\/#primaryimage\",\"url\":\"https:\\\/\\\/www.altominho.tv\\\/site\\\/wp-content\\\/uploads\\\/2019\\\/09\\\/cropped-Capa_Frases_Granfondo.jpg\",\"contentUrl\":\"https:\\\/\\\/www.altominho.tv\\\/site\\\/wp-content\\\/uploads\\\/2019\\\/09\\\/cropped-Capa_Frases_Granfondo.jpg\",\"width\":1054,\"height\":592},{\"@type\":\"BreadcrumbList\",\"@id\":\"https:\\\/\\\/www.altominho.tv\\\/site\\\/2019\\\/09\\\/20\\\/placas-de-incentivo-aos-ciclistas-do-moncao-e-melgaco-granfondo-utilizam-expressoes-locais\\\/#breadcrumb\",\"itemListElement\":[{\"@type\":\"ListItem\",\"position\":1,\"name\":\"In\u00edcio\",\"item\":\"https:\\\/\\\/www.altominho.tv\\\/site\\\/\"},{\"@type\":\"ListItem\",\"position\":2,\"name\":\"Placas de incentivo aos ciclistas do &#8220;Mon\u00e7\u00e3o e Melga\u00e7o Granfondo&#8221; utilizam express\u00f5es locais\"}]},{\"@type\":\"WebSite\",\"@id\":\"https:\\\/\\\/www.altominho.tv\\\/site\\\/#website\",\"url\":\"https:\\\/\\\/www.altominho.tv\\\/site\\\/\",\"name\":\"Altominho.tv\",\"description\":\"A sua regi\u00e3o \u00e0 dist\u00e2ncia de um clique...\",\"potentialAction\":[{\"@type\":\"SearchAction\",\"target\":{\"@type\":\"EntryPoint\",\"urlTemplate\":\"https:\\\/\\\/www.altominho.tv\\\/site\\\/?s={search_term_string}\"},\"query-input\":{\"@type\":\"PropertyValueSpecification\",\"valueRequired\":true,\"valueName\":\"search_term_string\"}}],\"inLanguage\":\"pt-PT\"},{\"@type\":\"Person\",\"@id\":\"https:\\\/\\\/www.altominho.tv\\\/site\\\/#\\\/schema\\\/person\\\/4e536851627d7914baf3dac752b6af22\",\"name\":\"Altominho.tv\",\"image\":{\"@type\":\"ImageObject\",\"inLanguage\":\"pt-PT\",\"@id\":\"https:\\\/\\\/www.altominho.tv\\\/site\\\/wp-content\\\/uploads\\\/2019\\\/11\\\/Logo_Avatar_2-150x150.jpg\",\"url\":\"https:\\\/\\\/www.altominho.tv\\\/site\\\/wp-content\\\/uploads\\\/2019\\\/11\\\/Logo_Avatar_2-150x150.jpg\",\"contentUrl\":\"https:\\\/\\\/www.altominho.tv\\\/site\\\/wp-content\\\/uploads\\\/2019\\\/11\\\/Logo_Avatar_2-150x150.jpg\",\"caption\":\"Altominho.tv\"},\"url\":\"https:\\\/\\\/www.altominho.tv\\\/site\\\/author\\\/altominhotv-tecnico\\\/\"}]}<\/script>\n<!-- \/ Yoast SEO Premium plugin. -->","yoast_head_json":{"title":"Placas de incentivo aos ciclistas do \"Mon\u00e7\u00e3o e Melga\u00e7o Granfondo\" utilizam express\u00f5es locais","robots":{"index":"index","follow":"follow","max-snippet":"max-snippet:-1","max-image-preview":"max-image-preview:large","max-video-preview":"max-video-preview:-1"},"canonical":"https:\/\/www.altominho.tv\/site\/2019\/09\/20\/placas-de-incentivo-aos-ciclistas-do-moncao-e-melgaco-granfondo-utilizam-expressoes-locais\/","og_locale":"pt_PT","og_type":"article","og_title":"Placas de incentivo aos ciclistas do \"Mon\u00e7\u00e3o e Melga\u00e7o Granfondo\" utilizam express\u00f5es locais","og_description":"A segunda edi\u00e7\u00e3o do Mon\u00e7\u00e3o e Melga\u00e7o Granfondo realiza-se no pr\u00f3ximo domingo dia 22 de setembro, onde os participantes ser\u00e3o desafiados pela dificuldade dos percursos e desn\u00edveis das diversas provas. Ao longo do percurso, grupos de bombos e concertinas v\u00e3o animar os participantes que, na esgotante subida a Santo Ant\u00f3nio de Vale do Poldros, poder\u00e3o [&hellip;]","og_url":"https:\/\/www.altominho.tv\/site\/2019\/09\/20\/placas-de-incentivo-aos-ciclistas-do-moncao-e-melgaco-granfondo-utilizam-expressoes-locais\/","og_site_name":"Altominho.tv","article_publisher":"https:\/\/www.facebook.com\/altominhotv","article_published_time":"2019-09-19T23:46:51+00:00","article_modified_time":"2019-09-19T23:46:55+00:00","og_image":[{"width":1054,"height":592,"url":"https:\/\/www.altominho.tv\/site\/wp-content\/uploads\/2019\/09\/cropped-Capa_Frases_Granfondo.jpg","type":"image\/jpeg"}],"author":"Altominho.tv","twitter_card":"summary_large_image","twitter_creator":"@altominhoTV","twitter_site":"@altominhoTV","twitter_misc":{"Escrito por":"Altominho.tv","Tempo estimado de leitura":"1 minuto"},"schema":{"@context":"https:\/\/schema.org","@graph":[{"@type":"Article","@id":"https:\/\/www.altominho.tv\/site\/2019\/09\/20\/placas-de-incentivo-aos-ciclistas-do-moncao-e-melgaco-granfondo-utilizam-expressoes-locais\/#article","isPartOf":{"@id":"https:\/\/www.altominho.tv\/site\/2019\/09\/20\/placas-de-incentivo-aos-ciclistas-do-moncao-e-melgaco-granfondo-utilizam-expressoes-locais\/"},"author":{"name":"Altominho.tv","@id":"https:\/\/www.altominho.tv\/site\/#\/schema\/person\/4e536851627d7914baf3dac752b6af22"},"headline":"Placas de incentivo aos ciclistas do &#8220;Mon\u00e7\u00e3o e Melga\u00e7o Granfondo&#8221; utilizam express\u00f5es locais","datePublished":"2019-09-19T23:46:51+00:00","dateModified":"2019-09-19T23:46:55+00:00","mainEntityOfPage":{"@id":"https:\/\/www.altominho.tv\/site\/2019\/09\/20\/placas-de-incentivo-aos-ciclistas-do-moncao-e-melgaco-granfondo-utilizam-expressoes-locais\/"},"wordCount":224,"image":{"@id":"https:\/\/www.altominho.tv\/site\/2019\/09\/20\/placas-de-incentivo-aos-ciclistas-do-moncao-e-melgaco-granfondo-utilizam-expressoes-locais\/#primaryimage"},"thumbnailUrl":"https:\/\/www.altominho.tv\/site\/wp-content\/uploads\/2019\/09\/cropped-Capa_Frases_Granfondo.jpg","keywords":["Desporto"],"articleSection":["Alto Minho"],"inLanguage":"pt-PT","copyrightYear":"2019","copyrightHolder":{"@id":"https:\/\/www.altominho.tv\/site\/#organization"}},{"@type":"WebPage","@id":"https:\/\/www.altominho.tv\/site\/2019\/09\/20\/placas-de-incentivo-aos-ciclistas-do-moncao-e-melgaco-granfondo-utilizam-expressoes-locais\/","url":"https:\/\/www.altominho.tv\/site\/2019\/09\/20\/placas-de-incentivo-aos-ciclistas-do-moncao-e-melgaco-granfondo-utilizam-expressoes-locais\/","name":"Placas de incentivo aos ciclistas do \"Mon\u00e7\u00e3o e Melga\u00e7o Granfondo\" utilizam express\u00f5es locais","isPartOf":{"@id":"https:\/\/www.altominho.tv\/site\/#website"},"primaryImageOfPage":{"@id":"https:\/\/www.altominho.tv\/site\/2019\/09\/20\/placas-de-incentivo-aos-ciclistas-do-moncao-e-melgaco-granfondo-utilizam-expressoes-locais\/#primaryimage"},"image":{"@id":"https:\/\/www.altominho.tv\/site\/2019\/09\/20\/placas-de-incentivo-aos-ciclistas-do-moncao-e-melgaco-granfondo-utilizam-expressoes-locais\/#primaryimage"},"thumbnailUrl":"https:\/\/www.altominho.tv\/site\/wp-content\/uploads\/2019\/09\/cropped-Capa_Frases_Granfondo.jpg","datePublished":"2019-09-19T23:46:51+00:00","dateModified":"2019-09-19T23:46:55+00:00","author":{"@id":"https:\/\/www.altominho.tv\/site\/#\/schema\/person\/4e536851627d7914baf3dac752b6af22"},"breadcrumb":{"@id":"https:\/\/www.altominho.tv\/site\/2019\/09\/20\/placas-de-incentivo-aos-ciclistas-do-moncao-e-melgaco-granfondo-utilizam-expressoes-locais\/#breadcrumb"},"inLanguage":"pt-PT","potentialAction":[{"@type":"ReadAction","target":["https:\/\/www.altominho.tv\/site\/2019\/09\/20\/placas-de-incentivo-aos-ciclistas-do-moncao-e-melgaco-granfondo-utilizam-expressoes-locais\/"]}]},{"@type":"ImageObject","inLanguage":"pt-PT","@id":"https:\/\/www.altominho.tv\/site\/2019\/09\/20\/placas-de-incentivo-aos-ciclistas-do-moncao-e-melgaco-granfondo-utilizam-expressoes-locais\/#primaryimage","url":"https:\/\/www.altominho.tv\/site\/wp-content\/uploads\/2019\/09\/cropped-Capa_Frases_Granfondo.jpg","contentUrl":"https:\/\/www.altominho.tv\/site\/wp-content\/uploads\/2019\/09\/cropped-Capa_Frases_Granfondo.jpg","width":1054,"height":592},{"@type":"BreadcrumbList","@id":"https:\/\/www.altominho.tv\/site\/2019\/09\/20\/placas-de-incentivo-aos-ciclistas-do-moncao-e-melgaco-granfondo-utilizam-expressoes-locais\/#breadcrumb","itemListElement":[{"@type":"ListItem","position":1,"name":"In\u00edcio","item":"https:\/\/www.altominho.tv\/site\/"},{"@type":"ListItem","position":2,"name":"Placas de incentivo aos ciclistas do &#8220;Mon\u00e7\u00e3o e Melga\u00e7o Granfondo&#8221; utilizam express\u00f5es locais"}]},{"@type":"WebSite","@id":"https:\/\/www.altominho.tv\/site\/#website","url":"https:\/\/www.altominho.tv\/site\/","name":"Altominho.tv","description":"A sua regi\u00e3o \u00e0 dist\u00e2ncia de um clique...","potentialAction":[{"@type":"SearchAction","target":{"@type":"EntryPoint","urlTemplate":"https:\/\/www.altominho.tv\/site\/?s={search_term_string}"},"query-input":{"@type":"PropertyValueSpecification","valueRequired":true,"valueName":"search_term_string"}}],"inLanguage":"pt-PT"},{"@type":"Person","@id":"https:\/\/www.altominho.tv\/site\/#\/schema\/person\/4e536851627d7914baf3dac752b6af22","name":"Altominho.tv","image":{"@type":"ImageObject","inLanguage":"pt-PT","@id":"https:\/\/www.altominho.tv\/site\/wp-content\/uploads\/2019\/11\/Logo_Avatar_2-150x150.jpg","url":"https:\/\/www.altominho.tv\/site\/wp-content\/uploads\/2019\/11\/Logo_Avatar_2-150x150.jpg","contentUrl":"https:\/\/www.altominho.tv\/site\/wp-content\/uploads\/2019\/11\/Logo_Avatar_2-150x150.jpg","caption":"Altominho.tv"},"url":"https:\/\/www.altominho.tv\/site\/author\/altominhotv-tecnico\/"}]}},"_links":{"self":[{"href":"https:\/\/www.altominho.tv\/site\/wp-json\/wp\/v2\/posts\/34359","targetHints":{"allow":["GET"]}}],"collection":[{"href":"https:\/\/www.altominho.tv\/site\/wp-json\/wp\/v2\/posts"}],"about":[{"href":"https:\/\/www.altominho.tv\/site\/wp-json\/wp\/v2\/types\/post"}],"author":[{"embeddable":true,"href":"https:\/\/www.altominho.tv\/site\/wp-json\/wp\/v2\/users\/1"}],"replies":[{"embeddable":true,"href":"https:\/\/www.altominho.tv\/site\/wp-json\/wp\/v2\/comments?post=34359"}],"version-history":[{"count":0,"href":"https:\/\/www.altominho.tv\/site\/wp-json\/wp\/v2\/posts\/34359\/revisions"}],"wp:featuredmedia":[{"embeddable":true,"href":"https:\/\/www.altominho.tv\/site\/wp-json\/wp\/v2\/media\/34361"}],"wp:attachment":[{"href":"https:\/\/www.altominho.tv\/site\/wp-json\/wp\/v2\/media?parent=34359"}],"wp:term":[{"taxonomy":"category","embeddable":true,"href":"https:\/\/www.altominho.tv\/site\/wp-json\/wp\/v2\/categories?post=34359"},{"taxonomy":"post_tag","embeddable":true,"href":"https:\/\/www.altominho.tv\/site\/wp-json\/wp\/v2\/tags?post=34359"}],"curies":[{"name":"wp","href":"https:\/\/api.w.org\/{rel}","templated":true}]}}